{"id":1223,"date":"2007-10-16T23:08:38","date_gmt":"2007-10-16T14:08:38","guid":{"rendered":"http:\/\/www.fgautron.com\/weblog\/archives\/2007\/10\/16\/la-collezione-en-ombres-et-lumieres\/"},"modified":"2020-01-30T08:04:08","modified_gmt":"2020-01-29T23:04:08","slug":"la-collezione-en-ombres-et-lumieres","status":"publish","type":"post","link":"https:\/\/www.fgautron.com\/weblog\/archives\/2007\/10\/16\/la-collezione-en-ombres-et-lumieres\/","title":{"rendered":"La Collezione en ombres et lumi\u00e8res"},"content":{"rendered":"<p><img loading=\"lazy\" decoding=\"async\" data-attachment-id=\"21432\" data-permalink=\"https:\/\/www.fgautron.com\/weblog\/archives\/2007\/10\/16\/la-collezione-en-ombres-et-lumieres\/crw_9016m\/\" data-orig-file=\"https:\/\/www.fgautron.com\/weblog\/wp-content\/\/CRW_9016m.jpg\" data-orig-size=\"600,900\" data-comments-opened=\"1\" data-image-meta=\"{&quot;aperture&quot;:&quot;0&quot;,&quot;credit&quot;:&quot;&quot;,&quot;camera&quot;:&quot;&quot;,&quot;caption&quot;:&quot;&quot;,&quot;created_timestamp&quot;:&quot;0&quot;,&quot;copyright&quot;:&quot;&quot;,&quot;focal_length&quot;:&quot;0&quot;,&quot;iso&quot;:&quot;0&quot;,&quot;shutter_speed&quot;:&quot;0&quot;,&quot;title&quot;:&quot;&quot;,&quot;orientation&quot;:&quot;1&quot;}\" data-image-title=\"CRW_9016m\" data-image-description=\"\" data-image-caption=\"\" data-large-file=\"https:\/\/www.fgautron.com\/weblog\/wp-content\/\/CRW_9016m.jpg\" src=\"https:\/\/www.fgautron.com\/weblog\/wp-content\/\/CRW_9016m.jpg\" alt=\"\" width=\"600\" height=\"900\" class=\"aligncenter size-full wp-image-21432\" srcset=\"https:\/\/www.fgautron.com\/weblog\/wp-content\/CRW_9016m.jpg 600w, https:\/\/www.fgautron.com\/weblog\/wp-content\/CRW_9016m-200x300.jpg 200w\" sizes=\"auto, (max-width: 600px) 100vw, 600px\" \/><\/p>\n<p><img loading=\"lazy\" decoding=\"async\" data-attachment-id=\"21433\" data-permalink=\"https:\/\/www.fgautron.com\/weblog\/archives\/2007\/10\/16\/la-collezione-en-ombres-et-lumieres\/crw_9023m\/\" data-orig-file=\"https:\/\/www.fgautron.com\/weblog\/wp-content\/\/CRW_9023m.jpg\" data-orig-size=\"922,614\" data-comments-opened=\"1\" data-image-meta=\"{&quot;aperture&quot;:&quot;0&quot;,&quot;credit&quot;:&quot;&quot;,&quot;camera&quot;:&quot;&quot;,&quot;caption&quot;:&quot;&quot;,&quot;created_timestamp&quot;:&quot;0&quot;,&quot;copyright&quot;:&quot;&quot;,&quot;focal_length&quot;:&quot;0&quot;,&quot;iso&quot;:&quot;0&quot;,&quot;shutter_speed&quot;:&quot;0&quot;,&quot;title&quot;:&quot;&quot;,&quot;orientation&quot;:&quot;1&quot;}\" data-image-title=\"CRW_9023m\" data-image-description=\"\" data-image-caption=\"\" data-large-file=\"https:\/\/www.fgautron.com\/weblog\/wp-content\/\/CRW_9023m-700x466.jpg\" src=\"https:\/\/www.fgautron.com\/weblog\/wp-content\/\/CRW_9023m.jpg\" alt=\"\" width=\"922\" height=\"614\" class=\"aligncenter size-full wp-image-21433\" srcset=\"https:\/\/www.fgautron.com\/weblog\/wp-content\/CRW_9023m.jpg 922w, https:\/\/www.fgautron.com\/weblog\/wp-content\/CRW_9023m-300x200.jpg 300w, https:\/\/www.fgautron.com\/weblog\/wp-content\/CRW_9023m-700x466.jpg 700w, https:\/\/www.fgautron.com\/weblog\/wp-content\/CRW_9023m-800x533.jpg 800w\" sizes=\"auto, (max-width: 922px) 100vw, 922px\" \/><\/p>\n<p><img loading=\"lazy\" decoding=\"async\" data-attachment-id=\"21434\" data-permalink=\"https:\/\/www.fgautron.com\/weblog\/archives\/2007\/10\/16\/la-collezione-en-ombres-et-lumieres\/crw_9018m\/\" data-orig-file=\"https:\/\/www.fgautron.com\/weblog\/wp-content\/\/CRW_9018m.jpg\" data-orig-size=\"600,900\" data-comments-opened=\"1\" data-image-meta=\"{&quot;aperture&quot;:&quot;0&quot;,&quot;credit&quot;:&quot;&quot;,&quot;camera&quot;:&quot;&quot;,&quot;caption&quot;:&quot;&quot;,&quot;created_timestamp&quot;:&quot;0&quot;,&quot;copyright&quot;:&quot;&quot;,&quot;focal_length&quot;:&quot;0&quot;,&quot;iso&quot;:&quot;0&quot;,&quot;shutter_speed&quot;:&quot;0&quot;,&quot;title&quot;:&quot;&quot;,&quot;orientation&quot;:&quot;1&quot;}\" data-image-title=\"CRW_9018m\" data-image-description=\"\" data-image-caption=\"\" data-large-file=\"https:\/\/www.fgautron.com\/weblog\/wp-content\/\/CRW_9018m.jpg\" src=\"https:\/\/www.fgautron.com\/weblog\/wp-content\/\/CRW_9018m.jpg\" alt=\"\" width=\"600\" height=\"900\" class=\"aligncenter size-full wp-image-21434\" srcset=\"https:\/\/www.fgautron.com\/weblog\/wp-content\/CRW_9018m.jpg 600w, https:\/\/www.fgautron.com\/weblog\/wp-content\/CRW_9018m-200x300.jpg 200w\" sizes=\"auto, (max-width: 600px) 100vw, 600px\" \/><\/p>\n<p><img loading=\"lazy\" decoding=\"async\" data-attachment-id=\"21435\" data-permalink=\"https:\/\/www.fgautron.com\/weblog\/archives\/2007\/10\/16\/la-collezione-en-ombres-et-lumieres\/crw_9013m\/\" data-orig-file=\"https:\/\/www.fgautron.com\/weblog\/wp-content\/\/CRW_9013m.jpg\" data-orig-size=\"922,614\" data-comments-opened=\"1\" data-image-meta=\"{&quot;aperture&quot;:&quot;0&quot;,&quot;credit&quot;:&quot;&quot;,&quot;camera&quot;:&quot;&quot;,&quot;caption&quot;:&quot;&quot;,&quot;created_timestamp&quot;:&quot;0&quot;,&quot;copyright&quot;:&quot;&quot;,&quot;focal_length&quot;:&quot;0&quot;,&quot;iso&quot;:&quot;0&quot;,&quot;shutter_speed&quot;:&quot;0&quot;,&quot;title&quot;:&quot;&quot;,&quot;orientation&quot;:&quot;1&quot;}\" data-image-title=\"CRW_9013m\" data-image-description=\"\" data-image-caption=\"\" data-large-file=\"https:\/\/www.fgautron.com\/weblog\/wp-content\/\/CRW_9013m-700x466.jpg\" src=\"https:\/\/www.fgautron.com\/weblog\/wp-content\/\/CRW_9013m.jpg\" alt=\"\" width=\"922\" height=\"614\" class=\"aligncenter size-full wp-image-21435\" srcset=\"https:\/\/www.fgautron.com\/weblog\/wp-content\/CRW_9013m.jpg 922w, https:\/\/www.fgautron.com\/weblog\/wp-content\/CRW_9013m-300x200.jpg 300w, https:\/\/www.fgautron.com\/weblog\/wp-content\/CRW_9013m-700x466.jpg 700w, https:\/\/www.fgautron.com\/weblog\/wp-content\/CRW_9013m-800x533.jpg 800w\" sizes=\"auto, (max-width: 922px) 100vw, 922px\" \/><\/p>\n<p>Je n&rsquo;avais pas pris de photos d&rsquo;architecture depuis quelques semaines. Ce ne sont pas les objets architecturaux qui manquent \u00e0 Tokyo mais plut\u00f4t le temps qui me manquait \u00e9norm\u00e9ment ces derniers week-ends pour partir \u00e0 leur recherche. Pr\u00e8s du carrefour de Omotesando, tout le monde passe devant l&rsquo;immeuble <a href=\"http:\/\/kwc.org\/blog\/archives\/2005\/2005-03-17.talk_tadao_ando.html\">La Collezione<\/a> sans soup\u00e7onner la complexit\u00e9 qui se cache \u00e0 l&rsquo;int\u00e9rieur. C&rsquo;\u00e9tait mon cas \u00e9galement, et je d\u00e9couvre l&rsquo;int\u00e9rieur arrondi de ce batiment en b\u00e9ton de <a href=\"http:\/\/en.wikipedia.org\/wiki\/Tadao_Ando\">Tadao Ando<\/a> pour la premi\u00e8re fois. Les fa\u00e7ades rectilignes cachent un cylindre entour\u00e9 d&rsquo;escaliers qui montent et descendent, on passe d&rsquo;espaces tr\u00e8s sombres \u00e0 la lumi\u00e8re se frayant un chemin \u00e0 travers les r\u00e9seaux de piliers crois\u00e9s.<\/p>\n","protected":false},"excerpt":{"rendered":"<p>Je n&rsquo;avais pas pris de photos d&rsquo;architecture depuis quelques semaines. Ce ne sont pas les objets architecturaux qui manquent \u00e0 Tokyo mais plut\u00f4t le temps qui me manquait \u00e9norm\u00e9ment ces derniers week-ends pour partir \u00e0 leur recherche. Pr\u00e8s du carrefour de Omotesando, tout le monde passe devant l&rsquo;immeuble La Collezione sans soup\u00e7onner la complexit\u00e9 qui&#8230;<\/p>\n","protected":false},"author":1,"featured_media":0,"comment_status":"open","ping_status":"open","sticky":false,"template":"","format":"standard","meta":{"_jetpack_memberships_contains_paid_content":false,"footnotes":"","jetpack_publicize_message":"","jetpack_publicize_feature_enabled":true,"jetpack_social_post_already_shared":false,"jetpack_social_options":{"image_generator_settings":{"template":"highway","default_image_id":0,"font":"","enabled":false},"version":2}},"categories":[17,3],"tags":[85],"class_list":["post-1223","post","type-post","status-publish","format-standard","hentry","category-architecture","category-tokyo","tag-tadao-ando"],"jetpack_publicize_connections":[],"jetpack_featured_media_url":"","jetpack_sharing_enabled":true,"jetpack_likes_enabled":true,"_links":{"self":[{"href":"https:\/\/www.fgautron.com\/weblog\/wp-json\/wp\/v2\/posts\/1223","targetHints":{"allow":["GET"]}}],"collection":[{"href":"https:\/\/www.fgautron.com\/weblog\/wp-json\/wp\/v2\/posts"}],"about":[{"href":"https:\/\/www.fgautron.com\/weblog\/wp-json\/wp\/v2\/types\/post"}],"author":[{"embeddable":true,"href":"https:\/\/www.fgautron.com\/weblog\/wp-json\/wp\/v2\/users\/1"}],"replies":[{"embeddable":true,"href":"https:\/\/www.fgautron.com\/weblog\/wp-json\/wp\/v2\/comments?post=1223"}],"version-history":[{"count":3,"href":"https:\/\/www.fgautron.com\/weblog\/wp-json\/wp\/v2\/posts\/1223\/revisions"}],"predecessor-version":[{"id":21437,"href":"https:\/\/www.fgautron.com\/weblog\/wp-json\/wp\/v2\/posts\/1223\/revisions\/21437"}],"wp:attachment":[{"href":"https:\/\/www.fgautron.com\/weblog\/wp-json\/wp\/v2\/media?parent=1223"}],"wp:term":[{"taxonomy":"category","embeddable":true,"href":"https:\/\/www.fgautron.com\/weblog\/wp-json\/wp\/v2\/categories?post=1223"},{"taxonomy":"post_tag","embeddable":true,"href":"https:\/\/www.fgautron.com\/weblog\/wp-json\/wp\/v2\/tags?post=1223"}],"curies":[{"name":"wp","href":"https:\/\/api.w.org\/{rel}","templated":true}]}}