{"id":1233,"date":"2007-11-03T23:31:14","date_gmt":"2007-11-03T14:31:14","guid":{"rendered":"http:\/\/www.fgautron.com\/weblog\/archives\/2007\/11\/03\/mobilite-personnelle\/"},"modified":"2020-01-30T08:07:16","modified_gmt":"2020-01-29T23:07:16","slug":"mobilite-personnelle","status":"publish","type":"post","link":"https:\/\/www.fgautron.com\/weblog\/archives\/2007\/11\/03\/mobilite-personnelle\/","title":{"rendered":"Mobilit\u00e9 personnelle"},"content":{"rendered":"<p><img loading=\"lazy\" decoding=\"async\" data-attachment-id=\"15167\" data-permalink=\"https:\/\/www.fgautron.com\/weblog\/archives\/2007\/11\/03\/mobilite-personnelle\/crw_9118m-2\/\" data-orig-file=\"https:\/\/www.fgautron.com\/weblog\/wp-content\/\/CRW_9118m1.jpg\" data-orig-size=\"600,900\" data-comments-opened=\"1\" data-image-meta=\"{&quot;aperture&quot;:&quot;0&quot;,&quot;credit&quot;:&quot;&quot;,&quot;camera&quot;:&quot;&quot;,&quot;caption&quot;:&quot;&quot;,&quot;created_timestamp&quot;:&quot;0&quot;,&quot;copyright&quot;:&quot;&quot;,&quot;focal_length&quot;:&quot;0&quot;,&quot;iso&quot;:&quot;0&quot;,&quot;shutter_speed&quot;:&quot;0&quot;,&quot;title&quot;:&quot;&quot;,&quot;orientation&quot;:&quot;1&quot;}\" data-image-title=\"Toyota Personal Mobility &amp;#8211; i-Real, \u00e0 Tokyo Mid-Town\" data-image-description=\"\" data-image-caption=\"\" data-large-file=\"https:\/\/www.fgautron.com\/weblog\/wp-content\/\/CRW_9118m1.jpg\" src=\"https:\/\/www.fgautron.com\/weblog\/wp-content\/\/CRW_9118m1.jpg\" alt=\"CRW_9118m\" width=\"600\" height=\"900\" class=\"aligncenter size-full wp-image-15167\" srcset=\"https:\/\/www.fgautron.com\/weblog\/wp-content\/CRW_9118m1.jpg 600w, https:\/\/www.fgautron.com\/weblog\/wp-content\/CRW_9118m1-200x300.jpg 200w\" sizes=\"auto, (max-width: 600px) 100vw, 600px\" \/><\/p>\n<p><img loading=\"lazy\" decoding=\"async\" data-attachment-id=\"15169\" data-permalink=\"https:\/\/www.fgautron.com\/weblog\/archives\/2007\/11\/03\/mobilite-personnelle\/crw_9120m-2\/\" data-orig-file=\"https:\/\/www.fgautron.com\/weblog\/wp-content\/\/CRW_9120m1.jpg\" data-orig-size=\"922,614\" data-comments-opened=\"1\" data-image-meta=\"{&quot;aperture&quot;:&quot;0&quot;,&quot;credit&quot;:&quot;&quot;,&quot;camera&quot;:&quot;&quot;,&quot;caption&quot;:&quot;&quot;,&quot;created_timestamp&quot;:&quot;0&quot;,&quot;copyright&quot;:&quot;&quot;,&quot;focal_length&quot;:&quot;0&quot;,&quot;iso&quot;:&quot;0&quot;,&quot;shutter_speed&quot;:&quot;0&quot;,&quot;title&quot;:&quot;&quot;,&quot;orientation&quot;:&quot;1&quot;}\" data-image-title=\"Toyota Personal Mobility &amp;#8211; i-Unit en vue arri\u00e8re, \u00e0 Tokyo Mid-Town\" data-image-description=\"\" data-image-caption=\"\" data-large-file=\"https:\/\/www.fgautron.com\/weblog\/wp-content\/\/CRW_9120m1.jpg\" src=\"https:\/\/www.fgautron.com\/weblog\/wp-content\/\/CRW_9120m1.jpg\" alt=\"CRW_9120m\" width=\"922\" height=\"614\" class=\"aligncenter size-full wp-image-15169\" srcset=\"https:\/\/www.fgautron.com\/weblog\/wp-content\/CRW_9120m1.jpg 922w, https:\/\/www.fgautron.com\/weblog\/wp-content\/CRW_9120m1-300x200.jpg 300w\" sizes=\"auto, (max-width: 922px) 100vw, 922px\" \/><\/p>\n<p>En mini-compl\u00e9ment au <a href=\"https:\/\/www.fgautron.com\/weblog\/archives\/2007\/11\/03\/tokyo-motor-show-2007\/\">Tokyo Motor Show 2007<\/a>, <a href=\"http:\/\/www.toyota.com\/vehicles\/future\/pm.html\">Toyota<\/a> exposait \u00e0 Tokyo Mid-Town les diff\u00e9rentes \u00e9volutions de son concept de mobilit\u00e9 personnelle (PM: Personal mobility). La derni\u00e8re \u00e9volution en date se nomme i-Real et est actuellement en pr\u00e9sentation au Tokyo Motor Show. Le v\u00e9hicule PM i-Real poss\u00e8de trois roues et 2 positions: une position debout utilis\u00e9e \u00e0 vitesse lente pour la navigation en zone p\u00e9destre et permet l&rsquo;interaction avec les pi\u00e9tons, et une position basse pour les vitesses plus \u00e9l\u00e9v\u00e9es sur route. Dans cette <a href=\"http:\/\/www.zercustoms.com\/photos\/Toyota-i-REAL.html\">deuxi\u00e8me position<\/a>, le centre de gravit\u00e9 du v\u00e9hicule s&rsquo;abaisse pour une meilleure exp\u00e9rience de conduite. i-Real est motoris\u00e9 \u00e9lectiquement et poss\u00e8de une s\u00e9rie de senseurs pour pr\u00e9venir les collisions. Il poss\u00e8de \u00e9galement un syst\u00e8me de leds pour pr\u00e9venir de ses mouvements.<\/p>\n<p>On pouvait \u00e9galement d\u00e9couvrir \u00e0 Tokyo Mid-Town, les versions pr\u00e9c\u00e9dentes du i-Real, \u00e0 savoir le i-Swing (pr\u00e9sent\u00e9 au <a href=\"https:\/\/www.fgautron.com\/weblog\/archives\/2005\/10\/25\/tokyo-motor-show-2005\/\">Tokyo Motor Show 2005<\/a>) et le pr\u00e9curseur <a href=\"http:\/\/en.wikipedia.org\/wiki\/Toyota_i-unit\">i-Unit<\/a> (pr\u00e9sent\u00e9 \u00e0 la <a href=\"http:\/\/en.wikipedia.org\/wiki\/World_Expo_2005\">World Expo 2005<\/a> \u00e0 Aichi, Japon). Le design a \u00e9volu\u00e9 \u00e0 travers les diff\u00e9rents mod\u00e8les vers un trait plus simple et sobre. Les lignes compliqu\u00e9es du i-unit tr\u00e8s science fiction auraient certainement fait peur aux passants.<\/p>\n<p>Suzuki surfe sur cette m\u00eame tendance en montrant au Tokyo Motor Show 2007, le SSC, un v\u00e9hicule personnel tr\u00e8s similaire \u00e0 ceux de Toyota. Il proj\u00e8te des images video sur la face avant. Je n&rsquo;ai malheureusement pas pu m&rsquo;asseoir dans l&rsquo;engin, il y avait au moins 1 heure d&rsquo;attente.<br \/>\n<center><br \/>\n<div data-carousel-extra='{&quot;blog_id&quot;:1,&quot;permalink&quot;:&quot;https:\/\/www.fgautron.com\/weblog\/archives\/2007\/11\/03\/mobilite-personnelle\/&quot;}' id='gallery-1' class='gallery galleryid-1233 gallery-columns-4 gallery-size-thumbnail'><figure class='gallery-item'>\n\t\t\t<div class='gallery-icon landscape'>\n\t\t\t\t<a href='https:\/\/www.fgautron.com\/weblog\/archives\/2007\/11\/03\/mobilite-personnelle\/crw_9120m-2\/'><img loading=\"lazy\" decoding=\"async\" width=\"150\" height=\"150\" src=\"https:\/\/www.fgautron.com\/weblog\/wp-content\/\/CRW_9120m1-150x150.jpg\" class=\"attachment-thumbnail size-thumbnail\" alt=\"\" data-attachment-id=\"15169\" data-permalink=\"https:\/\/www.fgautron.com\/weblog\/archives\/2007\/11\/03\/mobilite-personnelle\/crw_9120m-2\/\" data-orig-file=\"https:\/\/www.fgautron.com\/weblog\/wp-content\/\/CRW_9120m1.jpg\" data-orig-size=\"922,614\" data-comments-opened=\"1\" data-image-meta=\"{&quot;aperture&quot;:&quot;0&quot;,&quot;credit&quot;:&quot;&quot;,&quot;camera&quot;:&quot;&quot;,&quot;caption&quot;:&quot;&quot;,&quot;created_timestamp&quot;:&quot;0&quot;,&quot;copyright&quot;:&quot;&quot;,&quot;focal_length&quot;:&quot;0&quot;,&quot;iso&quot;:&quot;0&quot;,&quot;shutter_speed&quot;:&quot;0&quot;,&quot;title&quot;:&quot;&quot;,&quot;orientation&quot;:&quot;1&quot;}\" data-image-title=\"Toyota Personal Mobility &amp;#8211; i-Unit en vue arri\u00e8re, \u00e0 Tokyo Mid-Town\" data-image-description=\"\" data-image-caption=\"\" data-large-file=\"https:\/\/www.fgautron.com\/weblog\/wp-content\/\/CRW_9120m1.jpg\" \/><\/a>\n\t\t\t<\/div><\/figure><figure class='gallery-item'>\n\t\t\t<div class='gallery-icon landscape'>\n\t\t\t\t<a href='https:\/\/www.fgautron.com\/weblog\/archives\/2007\/11\/03\/mobilite-personnelle\/crw_9119m-2\/'><img loading=\"lazy\" decoding=\"async\" width=\"150\" height=\"150\" src=\"https:\/\/www.fgautron.com\/weblog\/wp-content\/\/CRW_9119m1-150x150.jpg\" class=\"attachment-thumbnail size-thumbnail\" alt=\"\" data-attachment-id=\"15168\" data-permalink=\"https:\/\/www.fgautron.com\/weblog\/archives\/2007\/11\/03\/mobilite-personnelle\/crw_9119m-2\/\" data-orig-file=\"https:\/\/www.fgautron.com\/weblog\/wp-content\/\/CRW_9119m1.jpg\" data-orig-size=\"922,614\" data-comments-opened=\"1\" data-image-meta=\"{&quot;aperture&quot;:&quot;0&quot;,&quot;credit&quot;:&quot;&quot;,&quot;camera&quot;:&quot;&quot;,&quot;caption&quot;:&quot;&quot;,&quot;created_timestamp&quot;:&quot;0&quot;,&quot;copyright&quot;:&quot;&quot;,&quot;focal_length&quot;:&quot;0&quot;,&quot;iso&quot;:&quot;0&quot;,&quot;shutter_speed&quot;:&quot;0&quot;,&quot;title&quot;:&quot;&quot;,&quot;orientation&quot;:&quot;1&quot;}\" data-image-title=\"Toyota Personal Mobility &amp;#8211; i-Real en vue arri\u00e8re, \u00e0 Tokyo Mid-Town\" data-image-description=\"\" data-image-caption=\"\" data-large-file=\"https:\/\/www.fgautron.com\/weblog\/wp-content\/\/CRW_9119m1.jpg\" \/><\/a>\n\t\t\t<\/div><\/figure><figure class='gallery-item'>\n\t\t\t<div class='gallery-icon portrait'>\n\t\t\t\t<a href='https:\/\/www.fgautron.com\/weblog\/archives\/2007\/11\/03\/mobilite-personnelle\/crw_9118m-2\/'><img loading=\"lazy\" decoding=\"async\" width=\"150\" height=\"150\" src=\"https:\/\/www.fgautron.com\/weblog\/wp-content\/\/CRW_9118m1-150x150.jpg\" class=\"attachment-thumbnail size-thumbnail\" alt=\"\" data-attachment-id=\"15167\" data-permalink=\"https:\/\/www.fgautron.com\/weblog\/archives\/2007\/11\/03\/mobilite-personnelle\/crw_9118m-2\/\" data-orig-file=\"https:\/\/www.fgautron.com\/weblog\/wp-content\/\/CRW_9118m1.jpg\" data-orig-size=\"600,900\" data-comments-opened=\"1\" data-image-meta=\"{&quot;aperture&quot;:&quot;0&quot;,&quot;credit&quot;:&quot;&quot;,&quot;camera&quot;:&quot;&quot;,&quot;caption&quot;:&quot;&quot;,&quot;created_timestamp&quot;:&quot;0&quot;,&quot;copyright&quot;:&quot;&quot;,&quot;focal_length&quot;:&quot;0&quot;,&quot;iso&quot;:&quot;0&quot;,&quot;shutter_speed&quot;:&quot;0&quot;,&quot;title&quot;:&quot;&quot;,&quot;orientation&quot;:&quot;1&quot;}\" data-image-title=\"Toyota Personal Mobility &amp;#8211; i-Real, \u00e0 Tokyo Mid-Town\" data-image-description=\"\" data-image-caption=\"\" data-large-file=\"https:\/\/www.fgautron.com\/weblog\/wp-content\/\/CRW_9118m1.jpg\" \/><\/a>\n\t\t\t<\/div><\/figure><figure class='gallery-item'>\n\t\t\t<div class='gallery-icon portrait'>\n\t\t\t\t<a href='https:\/\/www.fgautron.com\/weblog\/archives\/2007\/11\/03\/mobilite-personnelle\/crw_9117m-2\/'><img loading=\"lazy\" decoding=\"async\" width=\"150\" height=\"150\" src=\"https:\/\/www.fgautron.com\/weblog\/wp-content\/\/CRW_9117m1-150x150.jpg\" class=\"attachment-thumbnail size-thumbnail\" alt=\"\" data-attachment-id=\"15166\" data-permalink=\"https:\/\/www.fgautron.com\/weblog\/archives\/2007\/11\/03\/mobilite-personnelle\/crw_9117m-2\/\" data-orig-file=\"https:\/\/www.fgautron.com\/weblog\/wp-content\/\/CRW_9117m1.jpg\" data-orig-size=\"600,900\" data-comments-opened=\"1\" data-image-meta=\"{&quot;aperture&quot;:&quot;0&quot;,&quot;credit&quot;:&quot;&quot;,&quot;camera&quot;:&quot;&quot;,&quot;caption&quot;:&quot;&quot;,&quot;created_timestamp&quot;:&quot;0&quot;,&quot;copyright&quot;:&quot;&quot;,&quot;focal_length&quot;:&quot;0&quot;,&quot;iso&quot;:&quot;0&quot;,&quot;shutter_speed&quot;:&quot;0&quot;,&quot;title&quot;:&quot;&quot;,&quot;orientation&quot;:&quot;1&quot;}\" data-image-title=\"Toyota Personal Mobility &amp;#8211; i-Swing, \u00e0 Tokyo Mid-Town\" data-image-description=\"\" data-image-caption=\"\" data-large-file=\"https:\/\/www.fgautron.com\/weblog\/wp-content\/\/CRW_9117m1.jpg\" \/><\/a>\n\t\t\t<\/div><\/figure><figure class='gallery-item'>\n\t\t\t<div class='gallery-icon portrait'>\n\t\t\t\t<a href='https:\/\/www.fgautron.com\/weblog\/archives\/2007\/11\/03\/mobilite-personnelle\/crw_9116m-2\/'><img loading=\"lazy\" decoding=\"async\" width=\"150\" height=\"150\" src=\"https:\/\/www.fgautron.com\/weblog\/wp-content\/\/CRW_9116m1-150x150.jpg\" class=\"attachment-thumbnail size-thumbnail\" alt=\"\" data-attachment-id=\"15165\" data-permalink=\"https:\/\/www.fgautron.com\/weblog\/archives\/2007\/11\/03\/mobilite-personnelle\/crw_9116m-2\/\" data-orig-file=\"https:\/\/www.fgautron.com\/weblog\/wp-content\/\/CRW_9116m1.jpg\" data-orig-size=\"600,900\" data-comments-opened=\"1\" data-image-meta=\"{&quot;aperture&quot;:&quot;0&quot;,&quot;credit&quot;:&quot;&quot;,&quot;camera&quot;:&quot;&quot;,&quot;caption&quot;:&quot;&quot;,&quot;created_timestamp&quot;:&quot;0&quot;,&quot;copyright&quot;:&quot;&quot;,&quot;focal_length&quot;:&quot;0&quot;,&quot;iso&quot;:&quot;0&quot;,&quot;shutter_speed&quot;:&quot;0&quot;,&quot;title&quot;:&quot;&quot;,&quot;orientation&quot;:&quot;1&quot;}\" data-image-title=\"Toyota Personal Mobility &amp;#8211; i-Unit, \u00e0 Tokyo Mid-Town\" data-image-description=\"\" data-image-caption=\"\" data-large-file=\"https:\/\/www.fgautron.com\/weblog\/wp-content\/\/CRW_9116m1.jpg\" \/><\/a>\n\t\t\t<\/div><\/figure><figure class='gallery-item'>\n\t\t\t<div class='gallery-icon portrait'>\n\t\t\t\t<a href='https:\/\/www.fgautron.com\/weblog\/archives\/2007\/11\/03\/tokyo-motor-show-2007\/crw_9450m\/'><img loading=\"lazy\" decoding=\"async\" width=\"150\" height=\"150\" src=\"https:\/\/www.fgautron.com\/weblog\/wp-content\/\/CRW_9450m-150x150.jpg\" class=\"attachment-thumbnail size-thumbnail\" alt=\"\" data-attachment-id=\"15122\" data-permalink=\"https:\/\/www.fgautron.com\/weblog\/archives\/2007\/11\/03\/tokyo-motor-show-2007\/crw_9450m\/\" data-orig-file=\"https:\/\/www.fgautron.com\/weblog\/wp-content\/\/CRW_9450m.jpg\" data-orig-size=\"600,900\" data-comments-opened=\"1\" data-image-meta=\"{&quot;aperture&quot;:&quot;0&quot;,&quot;credit&quot;:&quot;&quot;,&quot;camera&quot;:&quot;&quot;,&quot;caption&quot;:&quot;&quot;,&quot;created_timestamp&quot;:&quot;0&quot;,&quot;copyright&quot;:&quot;&quot;,&quot;focal_length&quot;:&quot;0&quot;,&quot;iso&quot;:&quot;0&quot;,&quot;shutter_speed&quot;:&quot;0&quot;,&quot;title&quot;:&quot;&quot;,&quot;orientation&quot;:&quot;1&quot;}\" data-image-title=\"Suzuki SSC\" data-image-description=\"\" data-image-caption=\"\" data-large-file=\"https:\/\/www.fgautron.com\/weblog\/wp-content\/\/CRW_9450m.jpg\" \/><\/a>\n\t\t\t<\/div><\/figure>\n\t\t<\/div>\n<br \/>\n<\/center><\/p>\n","protected":false},"excerpt":{"rendered":"<p>En mini-compl\u00e9ment au Tokyo Motor Show 2007, Toyota exposait \u00e0 Tokyo Mid-Town les diff\u00e9rentes \u00e9volutions de son concept de mobilit\u00e9 personnelle (PM: Personal mobility). La derni\u00e8re \u00e9volution en date se nomme i-Real et est actuellement en pr\u00e9sentation au Tokyo Motor Show. Le v\u00e9hicule PM i-Real poss\u00e8de trois roues et 2 positions: une position debout utilis\u00e9e&#8230;<\/p>\n","protected":false},"author":1,"featured_media":0,"comment_status":"open","ping_status":"open","sticky":false,"template":"","format":"standard","meta":{"_jetpack_memberships_contains_paid_content":false,"footnotes":"","jetpack_publicize_message":"","jetpack_publicize_feature_enabled":true,"jetpack_social_post_already_shared":false,"jetpack_social_options":{"image_generator_settings":{"template":"highway","default_image_id":0,"font":"","enabled":false},"version":2}},"categories":[5,3],"tags":[750],"class_list":["post-1233","post","type-post","status-publish","format-standard","hentry","category-moto-auto","category-tokyo","tag-tokyo-motor-show"],"jetpack_publicize_connections":[],"jetpack_featured_media_url":"","jetpack_sharing_enabled":true,"jetpack_likes_enabled":true,"_links":{"self":[{"href":"https:\/\/www.fgautron.com\/weblog\/wp-json\/wp\/v2\/posts\/1233","targetHints":{"allow":["GET"]}}],"collection":[{"href":"https:\/\/www.fgautron.com\/weblog\/wp-json\/wp\/v2\/posts"}],"about":[{"href":"https:\/\/www.fgautron.com\/weblog\/wp-json\/wp\/v2\/types\/post"}],"author":[{"embeddable":true,"href":"https:\/\/www.fgautron.com\/weblog\/wp-json\/wp\/v2\/users\/1"}],"replies":[{"embeddable":true,"href":"https:\/\/www.fgautron.com\/weblog\/wp-json\/wp\/v2\/comments?post=1233"}],"version-history":[{"count":5,"href":"https:\/\/www.fgautron.com\/weblog\/wp-json\/wp\/v2\/posts\/1233\/revisions"}],"predecessor-version":[{"id":21486,"href":"https:\/\/www.fgautron.com\/weblog\/wp-json\/wp\/v2\/posts\/1233\/revisions\/21486"}],"wp:attachment":[{"href":"https:\/\/www.fgautron.com\/weblog\/wp-json\/wp\/v2\/media?parent=1233"}],"wp:term":[{"taxonomy":"category","embeddable":true,"href":"https:\/\/www.fgautron.com\/weblog\/wp-json\/wp\/v2\/categories?post=1233"},{"taxonomy":"post_tag","embeddable":true,"href":"https:\/\/www.fgautron.com\/weblog\/wp-json\/wp\/v2\/tags?post=1233"}],"curies":[{"name":"wp","href":"https:\/\/api.w.org\/{rel}","templated":true}]}}