{"id":1338,"date":"2008-02-12T23:54:03","date_gmt":"2008-02-12T14:54:03","guid":{"rendered":"http:\/\/www.fgautron.com\/weblog\/archives\/2008\/02\/12\/petits-moments-d%e2%80%99architecture-3\/"},"modified":"2017-09-17T23:33:56","modified_gmt":"2017-09-17T14:33:56","slug":"petits-moments-d%e2%80%99architecture-3","status":"publish","type":"post","link":"https:\/\/www.fgautron.com\/weblog\/archives\/2008\/02\/12\/petits-moments-d%e2%80%99architecture-3\/","title":{"rendered":"Petits moments d\u2019architecture (3)"},"content":{"rendered":"<p><img loading=\"lazy\" decoding=\"async\" data-attachment-id=\"21571\" data-permalink=\"https:\/\/www.fgautron.com\/weblog\/archives\/2008\/02\/12\/petits-moments-d%e2%80%99architecture-3\/crw_0071m\/\" data-orig-file=\"https:\/\/www.fgautron.com\/weblog\/wp-content\/\/CRW_0071m.jpg\" data-orig-size=\"922,614\" data-comments-opened=\"1\" data-image-meta=\"{&quot;aperture&quot;:&quot;0&quot;,&quot;credit&quot;:&quot;&quot;,&quot;camera&quot;:&quot;&quot;,&quot;caption&quot;:&quot;&quot;,&quot;created_timestamp&quot;:&quot;0&quot;,&quot;copyright&quot;:&quot;&quot;,&quot;focal_length&quot;:&quot;0&quot;,&quot;iso&quot;:&quot;0&quot;,&quot;shutter_speed&quot;:&quot;0&quot;,&quot;title&quot;:&quot;&quot;,&quot;orientation&quot;:&quot;1&quot;}\" data-image-title=\"CRW_0071m\" data-image-description=\"\" data-image-caption=\"\" data-large-file=\"https:\/\/www.fgautron.com\/weblog\/wp-content\/\/CRW_0071m-700x466.jpg\" src=\"https:\/\/www.fgautron.com\/weblog\/wp-content\/\/CRW_0071m.jpg\" alt=\"\" width=\"922\" height=\"614\" class=\"aligncenter size-full wp-image-21571\" srcset=\"https:\/\/www.fgautron.com\/weblog\/wp-content\/CRW_0071m.jpg 922w, https:\/\/www.fgautron.com\/weblog\/wp-content\/CRW_0071m-300x200.jpg 300w, https:\/\/www.fgautron.com\/weblog\/wp-content\/CRW_0071m-700x466.jpg 700w, https:\/\/www.fgautron.com\/weblog\/wp-content\/CRW_0071m-800x533.jpg 800w\" sizes=\"auto, (max-width: 922px) 100vw, 922px\" \/><\/p>\n<p>Il est clair que ces derniers temps, je n&rsquo;ai plus beaucoup le temps de me promener tranquillement dans les rues \u00e0 la recherche de photos \u00e0 prendre, mais entre deux courses au pas de course, je parviens tout de m\u00eame \u00e0 trouver quelques opportunit\u00e9es cach\u00e9es dans des quartiers que je connais pourtant assez bien. Les quelques photos du jour m&rsquo;inspirent ces petits moments d&rsquo;architecture, volet 3.<\/p>\n<p>Cette vieille baraque perch\u00e9e m&rsquo;avait auparavant inspir\u00e9e une <a href=\"https:\/\/www.fgautron.com\/weblog\/archives\/2006\/04\/25\/surelevee\/\">composition<\/a>, pr\u00e9misse d&rsquo;un assaut urbain moderne. Elle r\u00e9site admirablement aux assauts urbains venant de toutes parts, cette maison, pourtant encercl\u00e9e par des immeubles poussant dans cette zone dense de Daikanyama. Elle r\u00e9siste cette maison, elle en deviendrait presque un symbole. Elle s&rsquo;envolera peut \u00eatre un jour en forme <a href=\"https:\/\/www.fgautron.com\/weblog\/archives\/category\/urbano-vegetal\/\">urbano-v\u00e9g\u00e9tale<\/a> pour laisser place a un immeuble moderne.<\/p>\n<p><img loading=\"lazy\" decoding=\"async\" data-attachment-id=\"21572\" data-permalink=\"https:\/\/www.fgautron.com\/weblog\/archives\/2008\/02\/12\/petits-moments-d%e2%80%99architecture-3\/crw_0075m\/\" data-orig-file=\"https:\/\/www.fgautron.com\/weblog\/wp-content\/\/CRW_0075m.jpg\" data-orig-size=\"600,900\" data-comments-opened=\"1\" data-image-meta=\"{&quot;aperture&quot;:&quot;0&quot;,&quot;credit&quot;:&quot;&quot;,&quot;camera&quot;:&quot;&quot;,&quot;caption&quot;:&quot;&quot;,&quot;created_timestamp&quot;:&quot;0&quot;,&quot;copyright&quot;:&quot;&quot;,&quot;focal_length&quot;:&quot;0&quot;,&quot;iso&quot;:&quot;0&quot;,&quot;shutter_speed&quot;:&quot;0&quot;,&quot;title&quot;:&quot;&quot;,&quot;orientation&quot;:&quot;1&quot;}\" data-image-title=\"CRW_0075m\" data-image-description=\"\" data-image-caption=\"\" data-large-file=\"https:\/\/www.fgautron.com\/weblog\/wp-content\/\/CRW_0075m.jpg\" src=\"https:\/\/www.fgautron.com\/weblog\/wp-content\/\/CRW_0075m.jpg\" alt=\"\" width=\"600\" height=\"900\" class=\"aligncenter size-full wp-image-21572\" srcset=\"https:\/\/www.fgautron.com\/weblog\/wp-content\/CRW_0075m.jpg 600w, https:\/\/www.fgautron.com\/weblog\/wp-content\/CRW_0075m-200x300.jpg 200w\" sizes=\"auto, (max-width: 600px) 100vw, 600px\" \/><\/p>\n<p>Je suis souvent pass\u00e9 devant ce d\u00f4me de verre cercl\u00e9 de jaune, pr\u00e8s de la gare de Daikanyama, sans jamais m&rsquo;apercevoir qu&rsquo;il se nommait ROOB 2. Qu&rsquo;y a t&rsquo;il de sp\u00e9cial dans ce nom d&rsquo;immeuble? Il s&rsquo;agit en fait d&rsquo;une s\u00e9rie de petits immeubles qu&rsquo;on trouve \u00e9parpill\u00e9 dans les quartiers de Ebisu, Daikanyama. J&rsquo;ai d\u00e9j\u00e0 trouv\u00e9 le <a href=\"https:\/\/www.fgautron.com\/weblog\/archives\/2007\/07\/17\/brefs-moments-darchitecture-moderne-caches-dans-les-recoins-de-higashi-et-ebisu\/\">ROOB 7<\/a> et <a href=\"https:\/\/www.fgautron.com\/weblog\/archives\/2005\/08\/14\/aoyama-ebisu\/\">ROOB 5<\/a> \u00e0 Ebisu. ROOB 6 se trouve \u00e0 Daikanyama avec l&rsquo;\u00e9cole de cuisine francaise <a href=\"http:\/\/www.cordonbleu.co.jp\/\">Le Cordon Bleu<\/a> \u00e0 l&rsquo;int\u00e9rieur.<\/p>\n<p><img loading=\"lazy\" decoding=\"async\" data-attachment-id=\"21574\" data-permalink=\"https:\/\/www.fgautron.com\/weblog\/archives\/2008\/02\/12\/petits-moments-d%e2%80%99architecture-3\/crw_0079m\/\" data-orig-file=\"https:\/\/www.fgautron.com\/weblog\/wp-content\/\/CRW_0079m.jpg\" data-orig-size=\"922,614\" data-comments-opened=\"1\" data-image-meta=\"{&quot;aperture&quot;:&quot;0&quot;,&quot;credit&quot;:&quot;&quot;,&quot;camera&quot;:&quot;&quot;,&quot;caption&quot;:&quot;&quot;,&quot;created_timestamp&quot;:&quot;0&quot;,&quot;copyright&quot;:&quot;&quot;,&quot;focal_length&quot;:&quot;0&quot;,&quot;iso&quot;:&quot;0&quot;,&quot;shutter_speed&quot;:&quot;0&quot;,&quot;title&quot;:&quot;&quot;,&quot;orientation&quot;:&quot;1&quot;}\" data-image-title=\"CRW_0079m\" data-image-description=\"\" data-image-caption=\"\" data-large-file=\"https:\/\/www.fgautron.com\/weblog\/wp-content\/\/CRW_0079m-700x466.jpg\" src=\"https:\/\/www.fgautron.com\/weblog\/wp-content\/\/CRW_0079m.jpg\" alt=\"\" width=\"922\" height=\"614\" class=\"aligncenter size-full wp-image-21574\" srcset=\"https:\/\/www.fgautron.com\/weblog\/wp-content\/CRW_0079m.jpg 922w, https:\/\/www.fgautron.com\/weblog\/wp-content\/CRW_0079m-300x200.jpg 300w, https:\/\/www.fgautron.com\/weblog\/wp-content\/CRW_0079m-700x466.jpg 700w, https:\/\/www.fgautron.com\/weblog\/wp-content\/CRW_0079m-800x533.jpg 800w\" sizes=\"auto, (max-width: 922px) 100vw, 922px\" \/><\/p>\n<p>En me promenant un peu plus \u00e0 l&rsquo;int\u00e9rieur de Daikanyama, je retrouve la petite boutique <a href=\"https:\/\/www.fgautron.com\/weblog\/archives\/2007\/06\/17\/architecture-pour-consommer\/\">Alexandre Herchcovitch par l&rsquo;architecte Arthur Casas<\/a>. L&rsquo;architecte promettait que le d\u00e9cor ext\u00e9rieur changerait en fonction des collections de la marque, et c&rsquo;est bien le cas. Des <a href=\"https:\/\/www.fgautron.com\/weblog\/archives\/2007\/06\/17\/architecture-pour-consommer\/\">logos de lames de rasoir<\/a>, on passe a une surface verte \u00e0 motifs jaune.<\/p>\n<p><img loading=\"lazy\" decoding=\"async\" data-attachment-id=\"21575\" data-permalink=\"https:\/\/www.fgautron.com\/weblog\/archives\/2008\/02\/12\/petits-moments-d%e2%80%99architecture-3\/crw_0082m\/\" data-orig-file=\"https:\/\/www.fgautron.com\/weblog\/wp-content\/\/CRW_0082m.jpg\" data-orig-size=\"922,614\" data-comments-opened=\"1\" data-image-meta=\"{&quot;aperture&quot;:&quot;0&quot;,&quot;credit&quot;:&quot;&quot;,&quot;camera&quot;:&quot;&quot;,&quot;caption&quot;:&quot;&quot;,&quot;created_timestamp&quot;:&quot;0&quot;,&quot;copyright&quot;:&quot;&quot;,&quot;focal_length&quot;:&quot;0&quot;,&quot;iso&quot;:&quot;0&quot;,&quot;shutter_speed&quot;:&quot;0&quot;,&quot;title&quot;:&quot;&quot;,&quot;orientation&quot;:&quot;1&quot;}\" data-image-title=\"CRW_0082m\" data-image-description=\"\" data-image-caption=\"\" data-large-file=\"https:\/\/www.fgautron.com\/weblog\/wp-content\/\/CRW_0082m-700x466.jpg\" src=\"https:\/\/www.fgautron.com\/weblog\/wp-content\/\/CRW_0082m.jpg\" alt=\"\" width=\"922\" height=\"614\" class=\"aligncenter size-full wp-image-21575\" srcset=\"https:\/\/www.fgautron.com\/weblog\/wp-content\/CRW_0082m.jpg 922w, https:\/\/www.fgautron.com\/weblog\/wp-content\/CRW_0082m-300x200.jpg 300w, https:\/\/www.fgautron.com\/weblog\/wp-content\/CRW_0082m-700x466.jpg 700w, https:\/\/www.fgautron.com\/weblog\/wp-content\/CRW_0082m-800x533.jpg 800w\" sizes=\"auto, (max-width: 922px) 100vw, 922px\" \/><\/p>\n<p>Sur l&rsquo;avenue Kyu Yamate \u00e0 Daikanyama, on ne peut pas manquer le grand complexe Hills Terrace. Contrairement \u00e0 ce que pourrait sugg\u00e9rer le nom, il ne s&rsquo;agit pas d&rsquo;un projet de Mori Building, mais de <a href=\"http:\/\/www.maki-and-associates.co.jp\/e\/project\/1.html\">Fumihiko Maki<\/a>. Hills Terrace s&rsquo;est d\u00e9velopp\u00e9 en plusieurs phases au cours du temps, de 1969 \u00e0 1992. La photo ci-dessus doit correspondre \u00e0 la Phase 2, le <a href=\"http:\/\/www.hillsideterrace.com\/shop\/floor_c.html\">Hillside Terrace Complex C<\/a>.<\/p>\n<p><img loading=\"lazy\" decoding=\"async\" data-attachment-id=\"21576\" data-permalink=\"https:\/\/www.fgautron.com\/weblog\/archives\/2008\/02\/12\/petits-moments-d%e2%80%99architecture-3\/crw_0086m\/\" data-orig-file=\"https:\/\/www.fgautron.com\/weblog\/wp-content\/\/CRW_0086m.jpg\" data-orig-size=\"600,900\" data-comments-opened=\"1\" data-image-meta=\"{&quot;aperture&quot;:&quot;0&quot;,&quot;credit&quot;:&quot;&quot;,&quot;camera&quot;:&quot;&quot;,&quot;caption&quot;:&quot;&quot;,&quot;created_timestamp&quot;:&quot;0&quot;,&quot;copyright&quot;:&quot;&quot;,&quot;focal_length&quot;:&quot;0&quot;,&quot;iso&quot;:&quot;0&quot;,&quot;shutter_speed&quot;:&quot;0&quot;,&quot;title&quot;:&quot;&quot;,&quot;orientation&quot;:&quot;1&quot;}\" data-image-title=\"CRW_0086m\" data-image-description=\"\" data-image-caption=\"\" data-large-file=\"https:\/\/www.fgautron.com\/weblog\/wp-content\/\/CRW_0086m.jpg\" src=\"https:\/\/www.fgautron.com\/weblog\/wp-content\/\/CRW_0086m.jpg\" alt=\"\" width=\"600\" height=\"900\" class=\"aligncenter size-full wp-image-21576\" srcset=\"https:\/\/www.fgautron.com\/weblog\/wp-content\/CRW_0086m.jpg 600w, https:\/\/www.fgautron.com\/weblog\/wp-content\/CRW_0086m-200x300.jpg 200w\" sizes=\"auto, (max-width: 600px) 100vw, 600px\" \/><\/p>\n<p>Dans une petite rue un peu \u00e0 l&rsquo;\u00e9cart, le petit batiment boutique <a href=\"http:\/\/www.unitedbamboo.com\/\">United Bamboo<\/a> est assez atypique. C&rsquo;est un vieil immeuble <a href=\"http:\/\/www.acconci.com\/thread\/Japan\/\">r\u00e9-habill\u00e9<\/a> par l&rsquo;architecte new yorkais <a href=\"http:\/\/en.wikipedia.org\/wiki\/Vito_Acconci\">Vito Acconci<\/a> en 2003. Il est comme recouvert d&rsquo;une seconde peau, pos\u00e9e sur le vieil immeuble original et lui donnant une nouvelle forme. Ce filet m\u00e9tallique agit pratiquement comme un camouflage, on ne le remarque pas beaucoup si ce ne sont les lumi\u00e8res ext\u00e9rieures. Suivant un syst\u00e8me de <a href=\"http:\/\/www.jamesclar.com\/space\/2003\/unitedbamboo\/index.html\">James Clar<\/a>, la surface incurv\u00e9e ext\u00e9rieure peut retransmettre des photos prises \u00e0 l&rsquo;int\u00e9rieur devant le miroir d&rsquo;essayage, si le client veut bien. J&rsquo;ai quelques doutes sur l&rsquo;utilisation r\u00e9elle de ce proc\u00e9d\u00e9.<\/p>\n","protected":false},"excerpt":{"rendered":"<p>Il est clair que ces derniers temps, je n&rsquo;ai plus beaucoup le temps de me promener tranquillement dans les rues \u00e0 la recherche de photos \u00e0 prendre, mais entre deux courses au pas de course, je parviens tout de m\u00eame \u00e0 trouver quelques opportunit\u00e9es cach\u00e9es dans des quartiers que je connais pourtant assez bien. Les&#8230;<\/p>\n","protected":false},"author":1,"featured_media":0,"comment_status":"open","ping_status":"open","sticky":false,"template":"","format":"standard","meta":{"_jetpack_memberships_contains_paid_content":false,"footnotes":"","jetpack_publicize_message":"","jetpack_publicize_feature_enabled":true,"jetpack_social_post_already_shared":false,"jetpack_social_options":{"image_generator_settings":{"template":"highway","default_image_id":0,"font":"","enabled":false},"version":2}},"categories":[17,3],"tags":[],"class_list":["post-1338","post","type-post","status-publish","format-standard","hentry","category-architecture","category-tokyo"],"jetpack_publicize_connections":[],"jetpack_featured_media_url":"","jetpack_sharing_enabled":true,"jetpack_likes_enabled":true,"_links":{"self":[{"href":"https:\/\/www.fgautron.com\/weblog\/wp-json\/wp\/v2\/posts\/1338","targetHints":{"allow":["GET"]}}],"collection":[{"href":"https:\/\/www.fgautron.com\/weblog\/wp-json\/wp\/v2\/posts"}],"about":[{"href":"https:\/\/www.fgautron.com\/weblog\/wp-json\/wp\/v2\/types\/post"}],"author":[{"embeddable":true,"href":"https:\/\/www.fgautron.com\/weblog\/wp-json\/wp\/v2\/users\/1"}],"replies":[{"embeddable":true,"href":"https:\/\/www.fgautron.com\/weblog\/wp-json\/wp\/v2\/comments?post=1338"}],"version-history":[{"count":3,"href":"https:\/\/www.fgautron.com\/weblog\/wp-json\/wp\/v2\/posts\/1338\/revisions"}],"predecessor-version":[{"id":21577,"href":"https:\/\/www.fgautron.com\/weblog\/wp-json\/wp\/v2\/posts\/1338\/revisions\/21577"}],"wp:attachment":[{"href":"https:\/\/www.fgautron.com\/weblog\/wp-json\/wp\/v2\/media?parent=1338"}],"wp:term":[{"taxonomy":"category","embeddable":true,"href":"https:\/\/www.fgautron.com\/weblog\/wp-json\/wp\/v2\/categories?post=1338"},{"taxonomy":"post_tag","embeddable":true,"href":"https:\/\/www.fgautron.com\/weblog\/wp-json\/wp\/v2\/tags?post=1338"}],"curies":[{"name":"wp","href":"https:\/\/api.w.org\/{rel}","templated":true}]}}