{"id":1480,"date":"2008-09-28T01:05:19","date_gmt":"2008-09-27T16:05:19","guid":{"rendered":"http:\/\/www.fgautron.com\/weblog\/?p=1480"},"modified":"2017-09-18T07:04:56","modified_gmt":"2017-09-17T22:04:56","slug":"urbano-vegetal-22-et-le-vert-envahissant","status":"publish","type":"post","link":"https:\/\/www.fgautron.com\/weblog\/archives\/2008\/09\/28\/urbano-vegetal-22-et-le-vert-envahissant\/","title":{"rendered":"urbano-v\u00e9g\u00e9tal (22) et le vert envahissant"},"content":{"rendered":"<p><img loading=\"lazy\" decoding=\"async\" data-attachment-id=\"21710\" data-permalink=\"https:\/\/www.fgautron.com\/weblog\/archives\/2008\/09\/28\/urbano-vegetal-22-et-le-vert-envahissant\/crw_7278m\/\" data-orig-file=\"https:\/\/www.fgautron.com\/weblog\/wp-content\/\/CRW_7278m.jpg\" data-orig-size=\"600,1252\" data-comments-opened=\"1\" data-image-meta=\"{&quot;aperture&quot;:&quot;0&quot;,&quot;credit&quot;:&quot;&quot;,&quot;camera&quot;:&quot;&quot;,&quot;caption&quot;:&quot;&quot;,&quot;created_timestamp&quot;:&quot;0&quot;,&quot;copyright&quot;:&quot;&quot;,&quot;focal_length&quot;:&quot;0&quot;,&quot;iso&quot;:&quot;0&quot;,&quot;shutter_speed&quot;:&quot;0&quot;,&quot;title&quot;:&quot;&quot;,&quot;orientation&quot;:&quot;1&quot;}\" data-image-title=\"CRW_7278m\" data-image-description=\"\" data-image-caption=\"\" data-large-file=\"https:\/\/www.fgautron.com\/weblog\/wp-content\/\/CRW_7278m.jpg\" src=\"https:\/\/www.fgautron.com\/weblog\/wp-content\/\/CRW_7278m.jpg\" alt=\"\" width=\"600\" height=\"1252\" class=\"aligncenter size-full wp-image-21710\" srcset=\"https:\/\/www.fgautron.com\/weblog\/wp-content\/CRW_7278m.jpg 600w, https:\/\/www.fgautron.com\/weblog\/wp-content\/CRW_7278m-144x300.jpg 144w\" sizes=\"auto, (max-width: 600px) 100vw, 600px\" \/><\/p>\n<p>Le rythme de publication est plus qu&rsquo;irr\u00e9gulier ces derniers temps, ces derniers mois on pourrait dire. Je me bats contre le temps, pas tellement pour prendre les photos et les travailler, mais plut\u00f4t pour \u00e9crire les textes qui accompagneront les photos. Comme \u00e7a faisait longtemps, ci-dessus une composition urbano-v\u00e9g\u00e9tale, num\u00e9ro 22. Je n&rsquo;ai pas encore d\u00e9cid\u00e9 jusqu&rsquo;o\u00f9 j&rsquo;irais dans cette s\u00e9rie, c&rsquo;est mon fil rouge que j&rsquo;essaie de maintenir en fur et \u00e0 mesure des mois.<\/p>\n<p><img loading=\"lazy\" decoding=\"async\" data-attachment-id=\"21711\" data-permalink=\"https:\/\/www.fgautron.com\/weblog\/archives\/2008\/09\/28\/urbano-vegetal-22-et-le-vert-envahissant\/crw_2246m\/\" data-orig-file=\"https:\/\/www.fgautron.com\/weblog\/wp-content\/\/CRW_2246m.jpg\" data-orig-size=\"922,614\" data-comments-opened=\"1\" data-image-meta=\"{&quot;aperture&quot;:&quot;0&quot;,&quot;credit&quot;:&quot;&quot;,&quot;camera&quot;:&quot;&quot;,&quot;caption&quot;:&quot;&quot;,&quot;created_timestamp&quot;:&quot;0&quot;,&quot;copyright&quot;:&quot;&quot;,&quot;focal_length&quot;:&quot;0&quot;,&quot;iso&quot;:&quot;0&quot;,&quot;shutter_speed&quot;:&quot;0&quot;,&quot;title&quot;:&quot;&quot;,&quot;orientation&quot;:&quot;1&quot;}\" data-image-title=\"CRW_2246m\" data-image-description=\"\" data-image-caption=\"\" data-large-file=\"https:\/\/www.fgautron.com\/weblog\/wp-content\/\/CRW_2246m-700x466.jpg\" src=\"https:\/\/www.fgautron.com\/weblog\/wp-content\/\/CRW_2246m.jpg\" alt=\"\" width=\"922\" height=\"614\" class=\"aligncenter size-full wp-image-21711\" srcset=\"https:\/\/www.fgautron.com\/weblog\/wp-content\/CRW_2246m.jpg 922w, https:\/\/www.fgautron.com\/weblog\/wp-content\/CRW_2246m-300x200.jpg 300w, https:\/\/www.fgautron.com\/weblog\/wp-content\/CRW_2246m-700x466.jpg 700w, https:\/\/www.fgautron.com\/weblog\/wp-content\/CRW_2246m-800x533.jpg 800w\" sizes=\"auto, (max-width: 922px) 100vw, 922px\" \/><\/p>\n<p><img loading=\"lazy\" decoding=\"async\" data-attachment-id=\"21712\" data-permalink=\"https:\/\/www.fgautron.com\/weblog\/archives\/2008\/09\/28\/urbano-vegetal-22-et-le-vert-envahissant\/crw_2215m\/\" data-orig-file=\"https:\/\/www.fgautron.com\/weblog\/wp-content\/\/CRW_2215m.jpg\" data-orig-size=\"922,614\" data-comments-opened=\"1\" data-image-meta=\"{&quot;aperture&quot;:&quot;0&quot;,&quot;credit&quot;:&quot;&quot;,&quot;camera&quot;:&quot;&quot;,&quot;caption&quot;:&quot;&quot;,&quot;created_timestamp&quot;:&quot;0&quot;,&quot;copyright&quot;:&quot;&quot;,&quot;focal_length&quot;:&quot;0&quot;,&quot;iso&quot;:&quot;0&quot;,&quot;shutter_speed&quot;:&quot;0&quot;,&quot;title&quot;:&quot;&quot;,&quot;orientation&quot;:&quot;1&quot;}\" data-image-title=\"CRW_2215m\" data-image-description=\"\" data-image-caption=\"\" data-large-file=\"https:\/\/www.fgautron.com\/weblog\/wp-content\/\/CRW_2215m-700x466.jpg\" src=\"https:\/\/www.fgautron.com\/weblog\/wp-content\/\/CRW_2215m.jpg\" alt=\"\" width=\"922\" height=\"614\" class=\"aligncenter size-full wp-image-21712\" srcset=\"https:\/\/www.fgautron.com\/weblog\/wp-content\/CRW_2215m.jpg 922w, https:\/\/www.fgautron.com\/weblog\/wp-content\/CRW_2215m-300x200.jpg 300w, https:\/\/www.fgautron.com\/weblog\/wp-content\/CRW_2215m-700x466.jpg 700w, https:\/\/www.fgautron.com\/weblog\/wp-content\/CRW_2215m-800x533.jpg 800w\" sizes=\"auto, (max-width: 922px) 100vw, 922px\" \/><\/p>\n<p>Le week end dernier, nous avons pass\u00e9 quelques jours au vert \u00e0 Kamakura pour s&rsquo;\u00e9chapper un peu des villes. Le mauvais temps nous a quand m\u00eame \u00e9pargn\u00e9 une tr\u00e8s belle journ\u00e9e sur les collines de Kamakura, dans la verdure de Kamakurayama au restaurant japonais Raitei. Plus que le restaurant, c&rsquo;est le jardin autour qui vaut le d\u00e9tour. Assis sur le tatami de Raitei, on y mange des soba en regardant \u00e0 l&rsquo;ext\u00e9rieur. Les fen\u00eatres de l&rsquo;ancien b\u00e2timent envahi de nature sont ouvertes et laissent entrer une brise rafra\u00eechissante. Au loin, on voit presque l&rsquo;oc\u00e9an. On resterait bien l\u00e0 des heures \u00e0 r\u00eaver, mais le petit veut d\u00e9j\u00e0 courir dans toutes les directions &#8230;<\/p>\n","protected":false},"excerpt":{"rendered":"<p>Le rythme de publication est plus qu&rsquo;irr\u00e9gulier ces derniers temps, ces derniers mois on pourrait dire. Je me bats contre le temps, pas tellement pour prendre les photos et les travailler, mais plut\u00f4t pour \u00e9crire les textes qui accompagneront les photos. Comme \u00e7a faisait longtemps, ci-dessus une composition urbano-v\u00e9g\u00e9tale, num\u00e9ro 22. Je n&rsquo;ai pas encore&#8230;<\/p>\n","protected":false},"author":1,"featured_media":0,"comment_status":"open","ping_status":"open","sticky":false,"template":"","format":"standard","meta":{"_jetpack_memberships_contains_paid_content":false,"footnotes":"","jetpack_publicize_message":"","jetpack_publicize_feature_enabled":true,"jetpack_social_post_already_shared":false,"jetpack_social_options":{"image_generator_settings":{"template":"highway","default_image_id":0,"font":"","enabled":false},"version":2}},"categories":[9,18,3,26],"tags":[],"class_list":["post-1480","post","type-post","status-publish","format-standard","hentry","category-computer-graphics","category-kamakura-et-shonan","category-tokyo","category-urbano-vegetal"],"jetpack_publicize_connections":[],"jetpack_featured_media_url":"","jetpack_sharing_enabled":true,"jetpack_likes_enabled":true,"_links":{"self":[{"href":"https:\/\/www.fgautron.com\/weblog\/wp-json\/wp\/v2\/posts\/1480","targetHints":{"allow":["GET"]}}],"collection":[{"href":"https:\/\/www.fgautron.com\/weblog\/wp-json\/wp\/v2\/posts"}],"about":[{"href":"https:\/\/www.fgautron.com\/weblog\/wp-json\/wp\/v2\/types\/post"}],"author":[{"embeddable":true,"href":"https:\/\/www.fgautron.com\/weblog\/wp-json\/wp\/v2\/users\/1"}],"replies":[{"embeddable":true,"href":"https:\/\/www.fgautron.com\/weblog\/wp-json\/wp\/v2\/comments?post=1480"}],"version-history":[{"count":7,"href":"https:\/\/www.fgautron.com\/weblog\/wp-json\/wp\/v2\/posts\/1480\/revisions"}],"predecessor-version":[{"id":21713,"href":"https:\/\/www.fgautron.com\/weblog\/wp-json\/wp\/v2\/posts\/1480\/revisions\/21713"}],"wp:attachment":[{"href":"https:\/\/www.fgautron.com\/weblog\/wp-json\/wp\/v2\/media?parent=1480"}],"wp:term":[{"taxonomy":"category","embeddable":true,"href":"https:\/\/www.fgautron.com\/weblog\/wp-json\/wp\/v2\/categories?post=1480"},{"taxonomy":"post_tag","embeddable":true,"href":"https:\/\/www.fgautron.com\/weblog\/wp-json\/wp\/v2\/tags?post=1480"}],"curies":[{"name":"wp","href":"https:\/\/api.w.org\/{rel}","templated":true}]}}