{"id":18054,"date":"2017-04-02T10:39:51","date_gmt":"2017-04-02T01:39:51","guid":{"rendered":"http:\/\/www.fgautron.com\/weblog\/?p=18054"},"modified":"2017-04-02T21:40:46","modified_gmt":"2017-04-02T12:40:46","slug":"une-semaine-en-mars-1ere","status":"publish","type":"post","link":"https:\/\/www.fgautron.com\/weblog\/archives\/2017\/04\/02\/une-semaine-en-mars-1ere\/","title":{"rendered":"une semaine en mars (1\u00e8re)"},"content":{"rendered":"<p><img loading=\"lazy\" decoding=\"async\" data-attachment-id=\"18055\" data-permalink=\"https:\/\/www.fgautron.com\/weblog\/archives\/2017\/04\/02\/une-semaine-en-mars-1ere\/img_9784m\/\" data-orig-file=\"https:\/\/www.fgautron.com\/weblog\/wp-content\/\/IMG_9784m.jpg\" data-orig-size=\"1000,667\" data-comments-opened=\"1\" data-image-meta=\"{&quot;aperture&quot;:&quot;8&quot;,&quot;credit&quot;:&quot;&quot;,&quot;camera&quot;:&quot;Canon EOS 50D&quot;,&quot;caption&quot;:&quot;&quot;,&quot;created_timestamp&quot;:&quot;1489937301&quot;,&quot;copyright&quot;:&quot;&quot;,&quot;focal_length&quot;:&quot;17&quot;,&quot;iso&quot;:&quot;160&quot;,&quot;shutter_speed&quot;:&quot;0.008&quot;,&quot;title&quot;:&quot;&quot;,&quot;orientation&quot;:&quot;1&quot;}\" data-image-title=\"IMG_9784m\" data-image-description=\"\" data-image-caption=\"\" data-large-file=\"https:\/\/www.fgautron.com\/weblog\/wp-content\/\/IMG_9784m-845x564.jpg\" src=\"https:\/\/www.fgautron.com\/weblog\/wp-content\/\/IMG_9784m.jpg\" alt=\"\" width=\"1000\" height=\"667\" class=\"aligncenter size-full wp-image-18055\" srcset=\"https:\/\/www.fgautron.com\/weblog\/wp-content\/IMG_9784m.jpg 1000w, https:\/\/www.fgautron.com\/weblog\/wp-content\/IMG_9784m-300x200.jpg 300w, https:\/\/www.fgautron.com\/weblog\/wp-content\/IMG_9784m-845x564.jpg 845w\" sizes=\"auto, (max-width: 1000px) 100vw, 1000px\" \/><\/p>\n<p><img loading=\"lazy\" decoding=\"async\" data-attachment-id=\"18056\" data-permalink=\"https:\/\/www.fgautron.com\/weblog\/archives\/2017\/04\/02\/une-semaine-en-mars-1ere\/img_9789m\/\" data-orig-file=\"https:\/\/www.fgautron.com\/weblog\/wp-content\/\/IMG_9789m.jpg\" data-orig-size=\"1000,667\" data-comments-opened=\"1\" data-image-meta=\"{&quot;aperture&quot;:&quot;8&quot;,&quot;credit&quot;:&quot;&quot;,&quot;camera&quot;:&quot;Canon EOS 50D&quot;,&quot;caption&quot;:&quot;&quot;,&quot;created_timestamp&quot;:&quot;1489938279&quot;,&quot;copyright&quot;:&quot;&quot;,&quot;focal_length&quot;:&quot;17&quot;,&quot;iso&quot;:&quot;160&quot;,&quot;shutter_speed&quot;:&quot;0.008&quot;,&quot;title&quot;:&quot;&quot;,&quot;orientation&quot;:&quot;1&quot;}\" data-image-title=\"IMG_9789m\" data-image-description=\"\" data-image-caption=\"\" data-large-file=\"https:\/\/www.fgautron.com\/weblog\/wp-content\/\/IMG_9789m-845x564.jpg\" src=\"https:\/\/www.fgautron.com\/weblog\/wp-content\/\/IMG_9789m.jpg\" alt=\"\" width=\"1000\" height=\"667\" class=\"aligncenter size-full wp-image-18056\" srcset=\"https:\/\/www.fgautron.com\/weblog\/wp-content\/IMG_9789m.jpg 1000w, https:\/\/www.fgautron.com\/weblog\/wp-content\/IMG_9789m-300x200.jpg 300w, https:\/\/www.fgautron.com\/weblog\/wp-content\/IMG_9789m-845x564.jpg 845w\" sizes=\"auto, (max-width: 1000px) 100vw, 1000px\" \/><\/p>\n<p>Je n&rsquo;ai pas pris de cong\u00e9s depuis plusieurs mois donc ceux de cette fin mars sont les bienvenus. Zoa commence aussi ses vacances du printemps avant la rentr\u00e9e des classes au tout d\u00e9but du mois d&rsquo;avril. Ces petites vacances commencent par un long week-end car le lundi 21 mars est f\u00e9ri\u00e9 au Japon. Nous partons pour Ofuna chez la m\u00e8re de Mari. Ofuna se trouve juste \u00e0 c\u00f4t\u00e9 de Kamakura. Depuis Tokyo, la ville s&rsquo;\u00e9tend sans interruptions notables jusqu&rsquo;\u00e0 Yokohama, puis Totsuka, Ofuna, Fujisawa&#8230; jusqu&rsquo;au bord de l&rsquo;oc\u00e9an pacifique. Nous nous y rendons en voiture comme d&rsquo;habitude en empruntant l&rsquo;autoroute Daisan Keihin depuis la route Kanpachi puis l&rsquo;autoroute Yokohama Shind\u014d. Week-end de trois jours oblige, il y a pas mal de traffic sur ces autoroutes.<\/p>\n<p><img loading=\"lazy\" decoding=\"async\" src=\"https:\/\/www.fgautron.com\/weblog\/wp-content\/\/suiyoubinocampanella.jpg\" alt=\"\" width=\"1000\" height=\"337\" class=\"middle\" \/><\/p>\n<p>Nous \u00e9coutons <a href=\"https:\/\/en.wikipedia.org\/wiki\/Suiy\u014dbi_no_Campanella\">Suiy\u014dbi no Campanella<\/a> \u6c34\u66dc\u65e5\u306e\u30ab\u30f3\u30d1\u30cd\u30e9 (anglicis\u00e9 en Wednesday Campanella) pour prendre notre mal en patience. Depuis leur concert au Nippon Budokan, on voit assez r\u00e9guli\u00e8rement ces derniers jours la chanteuse <a href=\"http:\/\/www.wed-camp.com\/feature\/profile\">KOM_I<\/a> \u30b3\u30e0\u30a2\u30a4 sur les plateaux de t\u00e9l\u00e9vision japonaise. J&rsquo;\u00e9tais d&rsquo;abord assez intrigu\u00e9 par la musique de ce groupe par les bribes de morceaux entendus \u00e0 la t\u00e9l\u00e9vision, et je me suis soudainement d\u00e9cid\u00e9 \u00e0 explorer cette musique \u00e0 travers les <a href=\"https:\/\/www.youtube.com\/user\/wedcamp\/videos\">vid\u00e9os Youtube du groupe<\/a> (et elles sont nombreuses). Le groupe se compose de KOM_I au chant et \u00e0 la performance artistique, de Hidefumi Kenmochi pour la composition musicale, et de Dir.F pour la production, la video, etc. En r\u00e9alit\u00e9, KOM_I est la seule membre visible du groupe. Le style musical de Suiy\u014dbi no Campanella (abr\u00e9viation en Suikan \u30b9\u30a4\u30ab\u30f3) est \u00e9lectronique avec beaucoup de rythmes, mais l&rsquo;int\u00e9r\u00eat et la nouveaut\u00e9, ce sont les paroles rapp\u00e9es, souvent pleine de non-sens et d&rsquo;humour. Il s&rsquo;agit souvent d&rsquo;une accumulation de phrases sans liens directs entre elles mais en rapport avec un th\u00e8me d\u00e9crit dans le titre du morceau. Par exemple, le morceau intitul\u00e9 <a href=\"https:\/\/www.youtube.com\/watch?v=syLz1rcTKD8\">Jeanne D&rsquo;Arc<\/a> \u30b8\u30e3\u30f3\u30cc\u30c0\u30eb\u30af reprend des <a href=\"http:\/\/renai-junkie.tumblr.com\/post\/152435815630\/suiyoubi-no-campanella-lyrics-jeanne-darc\">messages d&rsquo;information<\/a> que pourrait donn\u00e9 un accompagnateur de bus lors d&rsquo;un voyage organis\u00e9. Mais dans le cas de cette chanson, la compagnie de bus s&rsquo;appelle D&rsquo;Arc Inc, le guide s&rsquo;appelle Jeanne et le voyage semble avoir Orl\u00e9ans pour destination (bien qu&rsquo;il parte du terminal de bus de Shinjuku). Il y a certaines allusions \u00e0 l&rsquo;histoire de Jeanne d&rsquo;Arc dans le morceau mais tout \u00e7a est m\u00e9lang\u00e9 avec des r\u00e9f\u00e9rences \u00e0 Tokyo, ce qui donne un ensemble irr\u00e9el, qui est vraiment int\u00e9ressant \u00e0 \u00e9couter (en plus d&rsquo;appr\u00e9cier la musique). Cela peut para\u00eetre bizarre, expliqu\u00e9 comme \u00e7a, mais la mise en musique et le rythme donn\u00e9 par KOM_I \u00e0 ces phrases chant\u00e9es donnent quelque chose de tr\u00e8s frais et nouveau, avec l&rsquo;approche d\u00e9cal\u00e9e d&rsquo; artistes exp\u00e9rimentaux. Beaucoup de morceaux prennent comme th\u00e8mes et titres des noms de personnages illustres comme <a href=\"https:\/\/www.youtube.com\/watch?v=W6Iv7O9qAHg\">Marie Antoinette<\/a> \u30de\u30ea\u30fc\u30fb\u30a2\u30f3\u30c8\u30ef\u30cd\u30c3\u30c8, avec une accumulation de mots et expressions fran\u00e7aises prononc\u00e9es \u00e0 la japonaise, dans un environnement tr\u00e8s japonais, celui de Asakusa dans la vid\u00e9o du morceau. Pour donner d&rsquo;autres exemples, citons <a href=\"https:\/\/www.youtube.com\/watch?v=IOY7hh_KplE\">Rah<\/a> \u30e9\u30fc dans un d\u00e9cor dor\u00e9 de pyramides, <a href=\"https:\/\/www.youtube.com\/watch?v=EyI_xZKisUw\">Ikky\u016b San<\/a> \u4e00\u4f11\u3055\u3093 pour une \u00e9vocation du moine bouddhiste mais dans un d\u00e9cor de bo\u00eete de nuit, <a href=\"https:\/\/www.youtube.com\/watch?v=4jWLioW7Zx0\">Aladin<\/a> \u30a2\u30e9\u30b8\u30f3 sur une piste de bowling&#8230; Le morceau le plus amusant que j&rsquo;ai pu \u00e9couter est certainement l&rsquo;histoire de <a href=\"https:\/\/www.youtube.com\/watch?v=AVPgxn3xohM\">Momotaro<\/a> \u6843\u592a\u90ce, inspir\u00e9 d&rsquo;un ancien conte populaire. Il vit chez ses grands parents et passe son temps \u00e0 jouer \u00e0 la PC Engine en ignorant ses devoirs. Momotaro (le gar\u00e7on p\u00eache) finit par se faire renvoyer de la maison avec seulement un <a href=\"https:\/\/en.wikipedia.org\/wiki\/Kibi_dango_(millet_dumpling)\">kibi dango<\/a> en poche, en se demandant s&rsquo;il va pouvoir exterminer les d\u00e9mons de l&rsquo;\u00eele aux d\u00e9mons \u9b3c\u30f6\u5cf6. La mise en chanson tr\u00e8s contemporaine d&rsquo;une vieille l\u00e9gende du folklore japonais est vraiment excellente. Certains morceaux du groupe peuvent \u00eatre plus exp\u00e9riemtaux dans la musique et la vid\u00e9o, comme le tr\u00e8s beau <a href=\"https:\/\/www.youtube.com\/watch?v=mdEO6-Xv3O4\">Baku<\/a> \u30d0\u30af, dont la vid\u00e9o avec ces formes organiques color\u00e9es en continuelles mutations est un chef d&rsquo;oeuvre d&rsquo;art visuel.<\/p>\n<p>Je pioche diff\u00e9rents morceaux par ci par l\u00e0, dans la <a href=\"http:\/\/www.wed-camp.com\/discography\/\">discographie<\/a> d\u00e9j\u00e0 assez \u00e9tendue de Suiy\u014dbi no Campanella (malgr\u00e9 la jeunesse de la formation), entre les mini-albums et le dernier opus intitul\u00e9 <a href=\"http:\/\/www.japantimes.co.jp\/culture\/2017\/02\/19\/music\/cd-reviews\/wednesday-campanellas-superman-album-saves-mainstream-j-pop\/#.WODffxh7EUE\">Superman<\/a>, pour former une compilation que l&rsquo;on \u00e9coute dans la voiture, en route pour Ofuna.<\/p>\n","protected":false},"excerpt":{"rendered":"<p>Je n&rsquo;ai pas pris de cong\u00e9s depuis plusieurs mois donc ceux de cette fin mars sont les bienvenus. Zoa commence aussi ses vacances du printemps avant la rentr\u00e9e des classes au tout d\u00e9but du mois d&rsquo;avril. Ces petites vacances commencent par un long week-end car le lundi 21 mars est f\u00e9ri\u00e9 au Japon. Nous partons&#8230;<\/p>\n","protected":false},"author":1,"featured_media":0,"comment_status":"open","ping_status":"open","sticky":false,"template":"","format":"standard","meta":{"_jetpack_memberships_contains_paid_content":false,"footnotes":"","jetpack_publicize_message":"","jetpack_publicize_feature_enabled":true,"jetpack_social_post_already_shared":false,"jetpack_social_options":{"image_generator_settings":{"template":"highway","default_image_id":0,"font":"","enabled":false},"version":2}},"categories":[18,4],"tags":[948,949,376,947,946,288,950,945],"class_list":["post-18054","post","type-post","status-publish","format-standard","hentry","category-kamakura-et-shonan","category-musiques","tag-948","tag-949","tag-376","tag-kom_i","tag-suiyobi-no-campanella","tag-288","tag-950","tag-945"],"jetpack_publicize_connections":[],"jetpack_featured_media_url":"","jetpack_sharing_enabled":true,"jetpack_likes_enabled":true,"_links":{"self":[{"href":"https:\/\/www.fgautron.com\/weblog\/wp-json\/wp\/v2\/posts\/18054","targetHints":{"allow":["GET"]}}],"collection":[{"href":"https:\/\/www.fgautron.com\/weblog\/wp-json\/wp\/v2\/posts"}],"about":[{"href":"https:\/\/www.fgautron.com\/weblog\/wp-json\/wp\/v2\/types\/post"}],"author":[{"embeddable":true,"href":"https:\/\/www.fgautron.com\/weblog\/wp-json\/wp\/v2\/users\/1"}],"replies":[{"embeddable":true,"href":"https:\/\/www.fgautron.com\/weblog\/wp-json\/wp\/v2\/comments?post=18054"}],"version-history":[{"count":13,"href":"https:\/\/www.fgautron.com\/weblog\/wp-json\/wp\/v2\/posts\/18054\/revisions"}],"predecessor-version":[{"id":18076,"href":"https:\/\/www.fgautron.com\/weblog\/wp-json\/wp\/v2\/posts\/18054\/revisions\/18076"}],"wp:attachment":[{"href":"https:\/\/www.fgautron.com\/weblog\/wp-json\/wp\/v2\/media?parent=18054"}],"wp:term":[{"taxonomy":"category","embeddable":true,"href":"https:\/\/www.fgautron.com\/weblog\/wp-json\/wp\/v2\/categories?post=18054"},{"taxonomy":"post_tag","embeddable":true,"href":"https:\/\/www.fgautron.com\/weblog\/wp-json\/wp\/v2\/tags?post=18054"}],"curies":[{"name":"wp","href":"https:\/\/api.w.org\/{rel}","templated":true}]}}