{"id":22582,"date":"2017-11-26T08:55:43","date_gmt":"2017-11-25T23:55:43","guid":{"rendered":"http:\/\/www.fgautron.com\/weblog\/?p=22582"},"modified":"2017-11-26T08:55:43","modified_gmt":"2017-11-25T23:55:43","slug":"sur-la-montagne-de-daikan-1","status":"publish","type":"post","link":"https:\/\/www.fgautron.com\/weblog\/archives\/2017\/11\/26\/sur-la-montagne-de-daikan-1\/","title":{"rendered":"sur la montagne de Daikan (1)"},"content":{"rendered":"<p><img loading=\"lazy\" decoding=\"async\" data-attachment-id=\"22586\" data-permalink=\"https:\/\/www.fgautron.com\/weblog\/archives\/2017\/11\/26\/sur-la-montagne-de-daikan-1\/img_2911m\/\" data-orig-file=\"https:\/\/www.fgautron.com\/weblog\/wp-content\/\/IMG_2911m.jpg\" data-orig-size=\"1000,667\" data-comments-opened=\"1\" data-image-meta=\"{&quot;aperture&quot;:&quot;7.1&quot;,&quot;credit&quot;:&quot;&quot;,&quot;camera&quot;:&quot;Canon EOS 50D&quot;,&quot;caption&quot;:&quot;&quot;,&quot;created_timestamp&quot;:&quot;1511452357&quot;,&quot;copyright&quot;:&quot;&quot;,&quot;focal_length&quot;:&quot;17&quot;,&quot;iso&quot;:&quot;320&quot;,&quot;shutter_speed&quot;:&quot;0.01&quot;,&quot;title&quot;:&quot;&quot;,&quot;orientation&quot;:&quot;1&quot;}\" data-image-title=\"IMG_2911m\" data-image-description=\"\" data-image-caption=\"\" data-large-file=\"https:\/\/www.fgautron.com\/weblog\/wp-content\/\/IMG_2911m-700x467.jpg\" src=\"https:\/\/www.fgautron.com\/weblog\/wp-content\/\/IMG_2911m.jpg\" alt=\"\" width=\"1000\" height=\"667\" class=\"aligncenter size-full wp-image-22586\" srcset=\"https:\/\/www.fgautron.com\/weblog\/wp-content\/IMG_2911m.jpg 1000w, https:\/\/www.fgautron.com\/weblog\/wp-content\/IMG_2911m-300x200.jpg 300w, https:\/\/www.fgautron.com\/weblog\/wp-content\/IMG_2911m-700x467.jpg 700w, https:\/\/www.fgautron.com\/weblog\/wp-content\/IMG_2911m-800x534.jpg 800w\" sizes=\"auto, (max-width: 1000px) 100vw, 1000px\" \/><\/p>\n<p><img loading=\"lazy\" decoding=\"async\" data-attachment-id=\"22587\" data-permalink=\"https:\/\/www.fgautron.com\/weblog\/archives\/2017\/11\/26\/sur-la-montagne-de-daikan-1\/img_2918m\/\" data-orig-file=\"https:\/\/www.fgautron.com\/weblog\/wp-content\/\/IMG_2918m.jpg\" data-orig-size=\"1000,667\" data-comments-opened=\"1\" data-image-meta=\"{&quot;aperture&quot;:&quot;7.1&quot;,&quot;credit&quot;:&quot;&quot;,&quot;camera&quot;:&quot;Canon EOS 50D&quot;,&quot;caption&quot;:&quot;&quot;,&quot;created_timestamp&quot;:&quot;1511453718&quot;,&quot;copyright&quot;:&quot;&quot;,&quot;focal_length&quot;:&quot;29&quot;,&quot;iso&quot;:&quot;320&quot;,&quot;shutter_speed&quot;:&quot;0.008&quot;,&quot;title&quot;:&quot;&quot;,&quot;orientation&quot;:&quot;1&quot;}\" data-image-title=\"IMG_2918m\" data-image-description=\"\" data-image-caption=\"\" data-large-file=\"https:\/\/www.fgautron.com\/weblog\/wp-content\/\/IMG_2918m-700x467.jpg\" src=\"https:\/\/www.fgautron.com\/weblog\/wp-content\/\/IMG_2918m.jpg\" alt=\"\" width=\"1000\" height=\"667\" class=\"aligncenter size-full wp-image-22587\" srcset=\"https:\/\/www.fgautron.com\/weblog\/wp-content\/IMG_2918m.jpg 1000w, https:\/\/www.fgautron.com\/weblog\/wp-content\/IMG_2918m-300x200.jpg 300w, https:\/\/www.fgautron.com\/weblog\/wp-content\/IMG_2918m-700x467.jpg 700w, https:\/\/www.fgautron.com\/weblog\/wp-content\/IMG_2918m-800x534.jpg 800w\" sizes=\"auto, (max-width: 1000px) 100vw, 1000px\" \/><\/p>\n<p><img loading=\"lazy\" decoding=\"async\" data-attachment-id=\"22588\" data-permalink=\"https:\/\/www.fgautron.com\/weblog\/archives\/2017\/11\/26\/sur-la-montagne-de-daikan-1\/img_2919m\/\" data-orig-file=\"https:\/\/www.fgautron.com\/weblog\/wp-content\/\/IMG_2919m.jpg\" data-orig-size=\"1000,667\" data-comments-opened=\"1\" data-image-meta=\"{&quot;aperture&quot;:&quot;4&quot;,&quot;credit&quot;:&quot;&quot;,&quot;camera&quot;:&quot;Canon EOS 50D&quot;,&quot;caption&quot;:&quot;&quot;,&quot;created_timestamp&quot;:&quot;1511455040&quot;,&quot;copyright&quot;:&quot;&quot;,&quot;focal_length&quot;:&quot;17&quot;,&quot;iso&quot;:&quot;320&quot;,&quot;shutter_speed&quot;:&quot;0.025&quot;,&quot;title&quot;:&quot;&quot;,&quot;orientation&quot;:&quot;1&quot;}\" data-image-title=\"IMG_2919m\" data-image-description=\"\" data-image-caption=\"\" data-large-file=\"https:\/\/www.fgautron.com\/weblog\/wp-content\/\/IMG_2919m-700x467.jpg\" src=\"https:\/\/www.fgautron.com\/weblog\/wp-content\/\/IMG_2919m.jpg\" alt=\"\" width=\"1000\" height=\"667\" class=\"aligncenter size-full wp-image-22588\" srcset=\"https:\/\/www.fgautron.com\/weblog\/wp-content\/IMG_2919m.jpg 1000w, https:\/\/www.fgautron.com\/weblog\/wp-content\/IMG_2919m-300x200.jpg 300w, https:\/\/www.fgautron.com\/weblog\/wp-content\/IMG_2919m-700x467.jpg 700w, https:\/\/www.fgautron.com\/weblog\/wp-content\/IMG_2919m-800x534.jpg 800w\" sizes=\"auto, (max-width: 1000px) 100vw, 1000px\" \/><\/p>\n<p><img loading=\"lazy\" decoding=\"async\" data-attachment-id=\"22589\" data-permalink=\"https:\/\/www.fgautron.com\/weblog\/archives\/2017\/11\/26\/sur-la-montagne-de-daikan-1\/img_2922m\/\" data-orig-file=\"https:\/\/www.fgautron.com\/weblog\/wp-content\/\/IMG_2922m.jpg\" data-orig-size=\"1000,660\" data-comments-opened=\"1\" data-image-meta=\"{&quot;aperture&quot;:&quot;4&quot;,&quot;credit&quot;:&quot;&quot;,&quot;camera&quot;:&quot;Canon EOS 50D&quot;,&quot;caption&quot;:&quot;&quot;,&quot;created_timestamp&quot;:&quot;1511455082&quot;,&quot;copyright&quot;:&quot;&quot;,&quot;focal_length&quot;:&quot;17&quot;,&quot;iso&quot;:&quot;320&quot;,&quot;shutter_speed&quot;:&quot;0.16666666666667&quot;,&quot;title&quot;:&quot;&quot;,&quot;orientation&quot;:&quot;1&quot;}\" data-image-title=\"IMG_2922m\" data-image-description=\"\" data-image-caption=\"\" data-large-file=\"https:\/\/www.fgautron.com\/weblog\/wp-content\/\/IMG_2922m-700x462.jpg\" src=\"https:\/\/www.fgautron.com\/weblog\/wp-content\/\/IMG_2922m.jpg\" alt=\"\" width=\"1000\" height=\"660\" class=\"aligncenter size-full wp-image-22589\" srcset=\"https:\/\/www.fgautron.com\/weblog\/wp-content\/IMG_2922m.jpg 1000w, https:\/\/www.fgautron.com\/weblog\/wp-content\/IMG_2922m-300x198.jpg 300w, https:\/\/www.fgautron.com\/weblog\/wp-content\/IMG_2922m-700x462.jpg 700w, https:\/\/www.fgautron.com\/weblog\/wp-content\/IMG_2922m-800x528.jpg 800w\" sizes=\"auto, (max-width: 1000px) 100vw, 1000px\" \/><\/p>\n<p><img loading=\"lazy\" decoding=\"async\" data-attachment-id=\"22590\" data-permalink=\"https:\/\/www.fgautron.com\/weblog\/archives\/2017\/11\/26\/sur-la-montagne-de-daikan-1\/img_2927m\/\" data-orig-file=\"https:\/\/www.fgautron.com\/weblog\/wp-content\/\/IMG_2927m.jpg\" data-orig-size=\"1000,667\" data-comments-opened=\"1\" data-image-meta=\"{&quot;aperture&quot;:&quot;4.5&quot;,&quot;credit&quot;:&quot;&quot;,&quot;camera&quot;:&quot;Canon EOS 50D&quot;,&quot;caption&quot;:&quot;&quot;,&quot;created_timestamp&quot;:&quot;1511455369&quot;,&quot;copyright&quot;:&quot;&quot;,&quot;focal_length&quot;:&quot;17&quot;,&quot;iso&quot;:&quot;500&quot;,&quot;shutter_speed&quot;:&quot;0.02&quot;,&quot;title&quot;:&quot;&quot;,&quot;orientation&quot;:&quot;1&quot;}\" data-image-title=\"IMG_2927m\" data-image-description=\"\" data-image-caption=\"\" data-large-file=\"https:\/\/www.fgautron.com\/weblog\/wp-content\/\/IMG_2927m-700x467.jpg\" src=\"https:\/\/www.fgautron.com\/weblog\/wp-content\/\/IMG_2927m.jpg\" alt=\"\" width=\"1000\" height=\"667\" class=\"aligncenter size-full wp-image-22590\" srcset=\"https:\/\/www.fgautron.com\/weblog\/wp-content\/IMG_2927m.jpg 1000w, https:\/\/www.fgautron.com\/weblog\/wp-content\/IMG_2927m-300x200.jpg 300w, https:\/\/www.fgautron.com\/weblog\/wp-content\/IMG_2927m-700x467.jpg 700w, https:\/\/www.fgautron.com\/weblog\/wp-content\/IMG_2927m-800x534.jpg 800w\" sizes=\"auto, (max-width: 1000px) 100vw, 1000px\" \/><\/p>\n<p><img loading=\"lazy\" decoding=\"async\" data-attachment-id=\"22591\" data-permalink=\"https:\/\/www.fgautron.com\/weblog\/archives\/2017\/11\/26\/sur-la-montagne-de-daikan-1\/img_2934m\/\" data-orig-file=\"https:\/\/www.fgautron.com\/weblog\/wp-content\/\/IMG_2934m.jpg\" data-orig-size=\"1000,667\" data-comments-opened=\"1\" data-image-meta=\"{&quot;aperture&quot;:&quot;5&quot;,&quot;credit&quot;:&quot;&quot;,&quot;camera&quot;:&quot;Canon EOS 50D&quot;,&quot;caption&quot;:&quot;&quot;,&quot;created_timestamp&quot;:&quot;1511455826&quot;,&quot;copyright&quot;:&quot;&quot;,&quot;focal_length&quot;:&quot;17&quot;,&quot;iso&quot;:&quot;500&quot;,&quot;shutter_speed&quot;:&quot;0.016666666666667&quot;,&quot;title&quot;:&quot;&quot;,&quot;orientation&quot;:&quot;1&quot;}\" data-image-title=\"IMG_2934m\" data-image-description=\"\" data-image-caption=\"\" data-large-file=\"https:\/\/www.fgautron.com\/weblog\/wp-content\/\/IMG_2934m-700x467.jpg\" src=\"https:\/\/www.fgautron.com\/weblog\/wp-content\/\/IMG_2934m.jpg\" alt=\"\" width=\"1000\" height=\"667\" class=\"aligncenter size-full wp-image-22591\" srcset=\"https:\/\/www.fgautron.com\/weblog\/wp-content\/IMG_2934m.jpg 1000w, https:\/\/www.fgautron.com\/weblog\/wp-content\/IMG_2934m-300x200.jpg 300w, https:\/\/www.fgautron.com\/weblog\/wp-content\/IMG_2934m-700x467.jpg 700w, https:\/\/www.fgautron.com\/weblog\/wp-content\/IMG_2934m-800x534.jpg 800w\" sizes=\"auto, (max-width: 1000px) 100vw, 1000px\" \/><\/p>\n<p><img loading=\"lazy\" decoding=\"async\" data-attachment-id=\"22592\" data-permalink=\"https:\/\/www.fgautron.com\/weblog\/archives\/2017\/11\/26\/sur-la-montagne-de-daikan-1\/img_2939m\/\" data-orig-file=\"https:\/\/www.fgautron.com\/weblog\/wp-content\/\/IMG_2939m.jpg\" data-orig-size=\"1000,667\" data-comments-opened=\"1\" data-image-meta=\"{&quot;aperture&quot;:&quot;4.5&quot;,&quot;credit&quot;:&quot;&quot;,&quot;camera&quot;:&quot;Canon EOS 50D&quot;,&quot;caption&quot;:&quot;&quot;,&quot;created_timestamp&quot;:&quot;1511456083&quot;,&quot;copyright&quot;:&quot;&quot;,&quot;focal_length&quot;:&quot;17&quot;,&quot;iso&quot;:&quot;500&quot;,&quot;shutter_speed&quot;:&quot;0.02&quot;,&quot;title&quot;:&quot;&quot;,&quot;orientation&quot;:&quot;1&quot;}\" data-image-title=\"IMG_2939m\" data-image-description=\"\" data-image-caption=\"\" data-large-file=\"https:\/\/www.fgautron.com\/weblog\/wp-content\/\/IMG_2939m-700x467.jpg\" src=\"https:\/\/www.fgautron.com\/weblog\/wp-content\/\/IMG_2939m.jpg\" alt=\"\" width=\"1000\" height=\"667\" class=\"aligncenter size-full wp-image-22592\" srcset=\"https:\/\/www.fgautron.com\/weblog\/wp-content\/IMG_2939m.jpg 1000w, https:\/\/www.fgautron.com\/weblog\/wp-content\/IMG_2939m-300x200.jpg 300w, https:\/\/www.fgautron.com\/weblog\/wp-content\/IMG_2939m-700x467.jpg 700w, https:\/\/www.fgautron.com\/weblog\/wp-content\/IMG_2939m-800x534.jpg 800w\" sizes=\"auto, (max-width: 1000px) 100vw, 1000px\" \/><\/p>\n<p><img loading=\"lazy\" decoding=\"async\" data-attachment-id=\"22593\" data-permalink=\"https:\/\/www.fgautron.com\/weblog\/archives\/2017\/11\/26\/sur-la-montagne-de-daikan-1\/img_2944m\/\" data-orig-file=\"https:\/\/www.fgautron.com\/weblog\/wp-content\/\/IMG_2944m.jpg\" data-orig-size=\"1000,667\" data-comments-opened=\"1\" data-image-meta=\"{&quot;aperture&quot;:&quot;4&quot;,&quot;credit&quot;:&quot;&quot;,&quot;camera&quot;:&quot;Canon EOS 50D&quot;,&quot;caption&quot;:&quot;&quot;,&quot;created_timestamp&quot;:&quot;1511457083&quot;,&quot;copyright&quot;:&quot;&quot;,&quot;focal_length&quot;:&quot;17&quot;,&quot;iso&quot;:&quot;500&quot;,&quot;shutter_speed&quot;:&quot;0.033333333333333&quot;,&quot;title&quot;:&quot;&quot;,&quot;orientation&quot;:&quot;1&quot;}\" data-image-title=\"IMG_2944m\" data-image-description=\"\" data-image-caption=\"\" data-large-file=\"https:\/\/www.fgautron.com\/weblog\/wp-content\/\/IMG_2944m-700x467.jpg\" src=\"https:\/\/www.fgautron.com\/weblog\/wp-content\/\/IMG_2944m.jpg\" alt=\"\" width=\"1000\" height=\"667\" class=\"aligncenter size-full wp-image-22593\" srcset=\"https:\/\/www.fgautron.com\/weblog\/wp-content\/IMG_2944m.jpg 1000w, https:\/\/www.fgautron.com\/weblog\/wp-content\/IMG_2944m-300x200.jpg 300w, https:\/\/www.fgautron.com\/weblog\/wp-content\/IMG_2944m-700x467.jpg 700w, https:\/\/www.fgautron.com\/weblog\/wp-content\/IMG_2944m-800x534.jpg 800w\" sizes=\"auto, (max-width: 1000px) 100vw, 1000px\" \/><\/p>\n<p><img loading=\"lazy\" decoding=\"async\" data-attachment-id=\"22594\" data-permalink=\"https:\/\/www.fgautron.com\/weblog\/archives\/2017\/11\/26\/sur-la-montagne-de-daikan-1\/img_2947m\/\" data-orig-file=\"https:\/\/www.fgautron.com\/weblog\/wp-content\/\/IMG_2947m.jpg\" data-orig-size=\"1000,667\" data-comments-opened=\"1\" data-image-meta=\"{&quot;aperture&quot;:&quot;4&quot;,&quot;credit&quot;:&quot;&quot;,&quot;camera&quot;:&quot;Canon EOS 50D&quot;,&quot;caption&quot;:&quot;&quot;,&quot;created_timestamp&quot;:&quot;1511457486&quot;,&quot;copyright&quot;:&quot;&quot;,&quot;focal_length&quot;:&quot;17&quot;,&quot;iso&quot;:&quot;500&quot;,&quot;shutter_speed&quot;:&quot;0.066666666666667&quot;,&quot;title&quot;:&quot;&quot;,&quot;orientation&quot;:&quot;1&quot;}\" data-image-title=\"IMG_2947m\" data-image-description=\"\" data-image-caption=\"\" data-large-file=\"https:\/\/www.fgautron.com\/weblog\/wp-content\/\/IMG_2947m-700x467.jpg\" src=\"https:\/\/www.fgautron.com\/weblog\/wp-content\/\/IMG_2947m.jpg\" alt=\"\" width=\"1000\" height=\"667\" class=\"aligncenter size-full wp-image-22594\" srcset=\"https:\/\/www.fgautron.com\/weblog\/wp-content\/IMG_2947m.jpg 1000w, https:\/\/www.fgautron.com\/weblog\/wp-content\/IMG_2947m-300x200.jpg 300w, https:\/\/www.fgautron.com\/weblog\/wp-content\/IMG_2947m-700x467.jpg 700w, https:\/\/www.fgautron.com\/weblog\/wp-content\/IMG_2947m-800x534.jpg 800w\" sizes=\"auto, (max-width: 1000px) 100vw, 1000px\" \/><\/p>\n<p>Comme le titre du billet l\u2019indique, nous sommes ici \u00e0 Daikanyama, mais aussi \u00e0 Naka Meguro, en contre-bas de cette montagne qui ressemble plut\u00f4t \u00e0 une colline urbaine. Je vais assez souvent dans ces quartiers car on habite pas tr\u00e8s loin d\u2019ici, mais aussi parce que Zoa y a quelques activit\u00e9s extra-scolaires. Bien que je connaisse assez bien ces rues, je me surprends parfois moi-m\u00eame \u00e0 d\u00e9couvrir des passages que je n\u2019avais jamais emprunt\u00e9. Par exemple, un escalier couvert de dessins de formes courbes nous am\u00e8ne vers un tunnel que je connaissais pas sous la rue de Komazawa. Un des murs du tunnel est dessin\u00e9 d\u2019une fresque d\u2019un cerisier en fleurs. Sur la photographie ci-dessus, le passage de quelques personnes en mouvement me donne l\u2019impression que les fleurs vont soudainement se d\u00e9tacher et s\u2019envoler dans un mouvement similaire. <\/p>\n<p>Une des grandes qualit\u00e9s des espaces \u00e0 Tokyo, ce sont les d\u00e9nivel\u00e9s, les collines et terrains en pente qui rendent l\u2019espace urbain int\u00e9ressant pour le promeneur. L\u2019irr\u00e9gularit\u00e9 des terrains \u00e9vite la monotonie du paysage urbain, quand l\u2019architexture doit s\u2019adapter \u00e0 un environnement qui ne lui est parfois que peu propice.<\/p>\n<p>\u00c0 Daikanyama, je passe par l\u2019ensemble <a href=\"http:\/\/hillsideterrace.com\/about\/story\/\">Hillside Terrace<\/a> con\u00e7u par \u00e9tapes sur plusieurs d\u00e9cennies par l\u2019architecte <a href=\"https:\/\/en.m.wikipedia.org\/wiki\/Fumihiko_Maki\">Fumihiko Maki<\/a>. Il y a un petit espace d\u2019exposition dans un des b\u00e2timents les plus anciens de l\u2019ensemble nous montrant une salle de classe d\u2019une autre \u00e9poque, avec des chaises prenant leur envol. Alors que la nuit commence \u00e0 tomber doucement, je passe ensuite un peu de temps au Hillside Forum, de l\u2019autre c\u00f4t\u00e9 de la rue Kyu-yamate. On y montre une autre <a href=\"http:\/\/www.prixpictet.com\/events\/space-hillside-forum-tokyo\/\">exposition<\/a>, de plusieurs photographes s\u00e9lectionn\u00e9s pour le <a href=\"http:\/\/hillsideterrace.com\/events\/2786\/\">prix Pictet<\/a>. Je connaissais quelques uns des photographes comme <a href=\"http:\/\/photomichaelwolf.com\/#home\">Michael Wolf<\/a> et sa s\u00e9rie <a href=\"http:\/\/photomichaelwolf.com\/#tokyo-compression\/1\">Tokyo Compression<\/a> montrant des passagers du m\u00e9tro tokyo\u00efte comprim\u00e9s contre les vitrages des portes automatiques. On y voit \u00e9galement deux photographies en grand format de <a href=\"http:\/\/www.rinkokawauchi.com\/main\/rinkokawauchi_eg.html\">Rinko Kawauchi<\/a>, notamment une colline prenant feu d\u2019une mani\u00e8re apparemment contr\u00f4l\u00e9e avec un bel effet de sym\u00e9trie. Finalement, le travail de collage de photographies de <a href=\"http:\/\/soheinishino.net\/dioramamap\">Shohei Nishino<\/a> est tr\u00e8s int\u00e9ressant. Il construit des paysages urbains imaginaires \u00e0 partir de collages de photographies de buildings et autres d\u00e9cors urbains, formant une nouvelle r\u00e9alit\u00e9 de la ville. Un fait int\u00e9ressant de cette exposition est qu\u2019elle m\u00e9langeait la photographie pure et le montage photographique.<\/p>\n<p>Mon passage \u00e0 Daikanyama se termine dans la nuit. J\u2019aime en ce moment prendre en photographie les devantures \u00e9clair\u00e9es des boutiques. Ci-dessus, il s\u2019agit de celle de la Maison Kitsune.<\/p>\n","protected":false},"excerpt":{"rendered":"<p>Comme le titre du billet l\u2019indique, nous sommes ici \u00e0 Daikanyama, mais aussi \u00e0 Naka Meguro, en contre-bas de cette montagne qui ressemble plut\u00f4t \u00e0 une colline urbaine. Je vais assez souvent dans ces quartiers car on habite pas tr\u00e8s loin d\u2019ici, mais aussi parce que Zoa y a quelques activit\u00e9s extra-scolaires. Bien que je&#8230;<\/p>\n","protected":false},"author":1,"featured_media":0,"comment_status":"open","ping_status":"open","sticky":false,"template":"","format":"standard","meta":{"_jetpack_memberships_contains_paid_content":false,"footnotes":"","jetpack_publicize_message":"","jetpack_publicize_feature_enabled":true,"jetpack_social_post_already_shared":true,"jetpack_social_options":{"image_generator_settings":{"template":"highway","default_image_id":0,"font":"","enabled":false},"version":2}},"categories":[17,6,3],"tags":[123,127,125,1134,1133,1135],"class_list":["post-22582","post","type-post","status-publish","format-standard","hentry","category-architecture","category-art","category-tokyo","tag-daikanyama","tag-fumihiko-maki","tag-hillside-terrace","tag-michael-wolf","tag-rinko-kawauchi","tag-sohei-nishino"],"jetpack_publicize_connections":[],"jetpack_featured_media_url":"","jetpack_sharing_enabled":true,"jetpack_likes_enabled":true,"_links":{"self":[{"href":"https:\/\/www.fgautron.com\/weblog\/wp-json\/wp\/v2\/posts\/22582","targetHints":{"allow":["GET"]}}],"collection":[{"href":"https:\/\/www.fgautron.com\/weblog\/wp-json\/wp\/v2\/posts"}],"about":[{"href":"https:\/\/www.fgautron.com\/weblog\/wp-json\/wp\/v2\/types\/post"}],"author":[{"embeddable":true,"href":"https:\/\/www.fgautron.com\/weblog\/wp-json\/wp\/v2\/users\/1"}],"replies":[{"embeddable":true,"href":"https:\/\/www.fgautron.com\/weblog\/wp-json\/wp\/v2\/comments?post=22582"}],"version-history":[{"count":8,"href":"https:\/\/www.fgautron.com\/weblog\/wp-json\/wp\/v2\/posts\/22582\/revisions"}],"predecessor-version":[{"id":22634,"href":"https:\/\/www.fgautron.com\/weblog\/wp-json\/wp\/v2\/posts\/22582\/revisions\/22634"}],"wp:attachment":[{"href":"https:\/\/www.fgautron.com\/weblog\/wp-json\/wp\/v2\/media?parent=22582"}],"wp:term":[{"taxonomy":"category","embeddable":true,"href":"https:\/\/www.fgautron.com\/weblog\/wp-json\/wp\/v2\/categories?post=22582"},{"taxonomy":"post_tag","embeddable":true,"href":"https:\/\/www.fgautron.com\/weblog\/wp-json\/wp\/v2\/tags?post=22582"}],"curies":[{"name":"wp","href":"https:\/\/api.w.org\/{rel}","templated":true}]}}