{"id":23794,"date":"2018-05-10T00:25:08","date_gmt":"2018-05-09T15:25:08","guid":{"rendered":"http:\/\/www.fgautron.com\/weblog\/?p=23794"},"modified":"2018-05-10T00:25:08","modified_gmt":"2018-05-09T15:25:08","slug":"za-koenji-par-toyo-ito","status":"publish","type":"post","link":"https:\/\/www.fgautron.com\/weblog\/archives\/2018\/05\/10\/za-koenji-par-toyo-ito\/","title":{"rendered":"Za Koenji par Toyo Ito"},"content":{"rendered":"<p><img loading=\"lazy\" decoding=\"async\" data-attachment-id=\"23795\" data-permalink=\"https:\/\/www.fgautron.com\/weblog\/archives\/2018\/05\/10\/za-koenji-par-toyo-ito\/img_1713m\/\" data-orig-file=\"https:\/\/www.fgautron.com\/weblog\/wp-content\/\/IMG_1713m.jpg\" data-orig-size=\"1000,667\" data-comments-opened=\"1\" data-image-meta=\"{&quot;aperture&quot;:&quot;9&quot;,&quot;credit&quot;:&quot;&quot;,&quot;camera&quot;:&quot;Canon EOS 50D&quot;,&quot;caption&quot;:&quot;&quot;,&quot;created_timestamp&quot;:&quot;1525088860&quot;,&quot;copyright&quot;:&quot;&quot;,&quot;focal_length&quot;:&quot;17&quot;,&quot;iso&quot;:&quot;250&quot;,&quot;shutter_speed&quot;:&quot;0.005&quot;,&quot;title&quot;:&quot;&quot;,&quot;orientation&quot;:&quot;1&quot;}\" data-image-title=\"IMG_1713m\" data-image-description=\"\" data-image-caption=\"\" data-large-file=\"https:\/\/www.fgautron.com\/weblog\/wp-content\/\/IMG_1713m-700x467.jpg\" src=\"https:\/\/www.fgautron.com\/weblog\/wp-content\/\/IMG_1713m.jpg\" alt=\"\" width=\"1000\" height=\"667\" class=\"aligncenter size-full wp-image-23795\" srcset=\"https:\/\/www.fgautron.com\/weblog\/wp-content\/IMG_1713m.jpg 1000w, https:\/\/www.fgautron.com\/weblog\/wp-content\/IMG_1713m-300x200.jpg 300w, https:\/\/www.fgautron.com\/weblog\/wp-content\/IMG_1713m-700x467.jpg 700w, https:\/\/www.fgautron.com\/weblog\/wp-content\/IMG_1713m-800x534.jpg 800w\" sizes=\"auto, (max-width: 1000px) 100vw, 1000px\" \/><\/p>\n<p><img loading=\"lazy\" decoding=\"async\" data-attachment-id=\"23796\" data-permalink=\"https:\/\/www.fgautron.com\/weblog\/archives\/2018\/05\/10\/za-koenji-par-toyo-ito\/img_1716m-2\/\" data-orig-file=\"https:\/\/www.fgautron.com\/weblog\/wp-content\/\/IMG_1716m-1.jpg\" data-orig-size=\"1000,667\" data-comments-opened=\"1\" data-image-meta=\"{&quot;aperture&quot;:&quot;8&quot;,&quot;credit&quot;:&quot;&quot;,&quot;camera&quot;:&quot;Canon EOS 50D&quot;,&quot;caption&quot;:&quot;&quot;,&quot;created_timestamp&quot;:&quot;1525088990&quot;,&quot;copyright&quot;:&quot;&quot;,&quot;focal_length&quot;:&quot;17&quot;,&quot;iso&quot;:&quot;250&quot;,&quot;shutter_speed&quot;:&quot;0.00625&quot;,&quot;title&quot;:&quot;&quot;,&quot;orientation&quot;:&quot;1&quot;}\" data-image-title=\"IMG_1716m\" data-image-description=\"\" data-image-caption=\"\" data-large-file=\"https:\/\/www.fgautron.com\/weblog\/wp-content\/\/IMG_1716m-1-700x467.jpg\" src=\"https:\/\/www.fgautron.com\/weblog\/wp-content\/\/IMG_1716m-1.jpg\" alt=\"\" width=\"1000\" height=\"667\" class=\"aligncenter size-full wp-image-23796\" srcset=\"https:\/\/www.fgautron.com\/weblog\/wp-content\/IMG_1716m-1.jpg 1000w, https:\/\/www.fgautron.com\/weblog\/wp-content\/IMG_1716m-1-300x200.jpg 300w, https:\/\/www.fgautron.com\/weblog\/wp-content\/IMG_1716m-1-700x467.jpg 700w, https:\/\/www.fgautron.com\/weblog\/wp-content\/IMG_1716m-1-800x534.jpg 800w\" sizes=\"auto, (max-width: 1000px) 100vw, 1000px\" \/><\/p>\n<p><img loading=\"lazy\" decoding=\"async\" data-attachment-id=\"23797\" data-permalink=\"https:\/\/www.fgautron.com\/weblog\/archives\/2018\/05\/10\/za-koenji-par-toyo-ito\/img_1719m\/\" data-orig-file=\"https:\/\/www.fgautron.com\/weblog\/wp-content\/\/IMG_1719m.jpg\" data-orig-size=\"1000,667\" data-comments-opened=\"1\" data-image-meta=\"{&quot;aperture&quot;:&quot;4&quot;,&quot;credit&quot;:&quot;&quot;,&quot;camera&quot;:&quot;Canon EOS 50D&quot;,&quot;caption&quot;:&quot;&quot;,&quot;created_timestamp&quot;:&quot;1525089084&quot;,&quot;copyright&quot;:&quot;&quot;,&quot;focal_length&quot;:&quot;17&quot;,&quot;iso&quot;:&quot;250&quot;,&quot;shutter_speed&quot;:&quot;0.066666666666667&quot;,&quot;title&quot;:&quot;&quot;,&quot;orientation&quot;:&quot;1&quot;}\" data-image-title=\"IMG_1719m\" data-image-description=\"\" data-image-caption=\"\" data-large-file=\"https:\/\/www.fgautron.com\/weblog\/wp-content\/\/IMG_1719m-700x467.jpg\" src=\"https:\/\/www.fgautron.com\/weblog\/wp-content\/\/IMG_1719m.jpg\" alt=\"\" width=\"1000\" height=\"667\" class=\"aligncenter size-full wp-image-23797\" srcset=\"https:\/\/www.fgautron.com\/weblog\/wp-content\/IMG_1719m.jpg 1000w, https:\/\/www.fgautron.com\/weblog\/wp-content\/IMG_1719m-300x200.jpg 300w, https:\/\/www.fgautron.com\/weblog\/wp-content\/IMG_1719m-700x467.jpg 700w, https:\/\/www.fgautron.com\/weblog\/wp-content\/IMG_1719m-800x534.jpg 800w\" sizes=\"auto, (max-width: 1000px) 100vw, 1000px\" \/><\/p>\n<p><img loading=\"lazy\" decoding=\"async\" data-attachment-id=\"23798\" data-permalink=\"https:\/\/www.fgautron.com\/weblog\/archives\/2018\/05\/10\/za-koenji-par-toyo-ito\/img_1721m\/\" data-orig-file=\"https:\/\/www.fgautron.com\/weblog\/wp-content\/\/IMG_1721m.jpg\" data-orig-size=\"1000,667\" data-comments-opened=\"1\" data-image-meta=\"{&quot;aperture&quot;:&quot;5.6&quot;,&quot;credit&quot;:&quot;&quot;,&quot;camera&quot;:&quot;Canon EOS 50D&quot;,&quot;caption&quot;:&quot;&quot;,&quot;created_timestamp&quot;:&quot;1525089103&quot;,&quot;copyright&quot;:&quot;&quot;,&quot;focal_length&quot;:&quot;17&quot;,&quot;iso&quot;:&quot;640&quot;,&quot;shutter_speed&quot;:&quot;0.016666666666667&quot;,&quot;title&quot;:&quot;&quot;,&quot;orientation&quot;:&quot;1&quot;}\" data-image-title=\"IMG_1721m\" data-image-description=\"\" data-image-caption=\"\" data-large-file=\"https:\/\/www.fgautron.com\/weblog\/wp-content\/\/IMG_1721m-700x467.jpg\" src=\"https:\/\/www.fgautron.com\/weblog\/wp-content\/\/IMG_1721m.jpg\" alt=\"\" width=\"1000\" height=\"667\" class=\"aligncenter size-full wp-image-23798\" srcset=\"https:\/\/www.fgautron.com\/weblog\/wp-content\/IMG_1721m.jpg 1000w, https:\/\/www.fgautron.com\/weblog\/wp-content\/IMG_1721m-300x200.jpg 300w, https:\/\/www.fgautron.com\/weblog\/wp-content\/IMG_1721m-700x467.jpg 700w, https:\/\/www.fgautron.com\/weblog\/wp-content\/IMG_1721m-800x534.jpg 800w\" sizes=\"auto, (max-width: 1000px) 100vw, 1000px\" \/><\/p>\n<p><img loading=\"lazy\" decoding=\"async\" data-attachment-id=\"23799\" data-permalink=\"https:\/\/www.fgautron.com\/weblog\/archives\/2018\/05\/10\/za-koenji-par-toyo-ito\/img_1724m\/\" data-orig-file=\"https:\/\/www.fgautron.com\/weblog\/wp-content\/\/IMG_1724m.jpg\" data-orig-size=\"1000,667\" data-comments-opened=\"1\" data-image-meta=\"{&quot;aperture&quot;:&quot;5&quot;,&quot;credit&quot;:&quot;&quot;,&quot;camera&quot;:&quot;Canon EOS 50D&quot;,&quot;caption&quot;:&quot;&quot;,&quot;created_timestamp&quot;:&quot;1525089299&quot;,&quot;copyright&quot;:&quot;&quot;,&quot;focal_length&quot;:&quot;17&quot;,&quot;iso&quot;:&quot;640&quot;,&quot;shutter_speed&quot;:&quot;0.02&quot;,&quot;title&quot;:&quot;&quot;,&quot;orientation&quot;:&quot;1&quot;}\" data-image-title=\"IMG_1724m\" data-image-description=\"\" data-image-caption=\"\" data-large-file=\"https:\/\/www.fgautron.com\/weblog\/wp-content\/\/IMG_1724m-700x467.jpg\" src=\"https:\/\/www.fgautron.com\/weblog\/wp-content\/\/IMG_1724m.jpg\" alt=\"\" width=\"1000\" height=\"667\" class=\"aligncenter size-full wp-image-23799\" srcset=\"https:\/\/www.fgautron.com\/weblog\/wp-content\/IMG_1724m.jpg 1000w, https:\/\/www.fgautron.com\/weblog\/wp-content\/IMG_1724m-300x200.jpg 300w, https:\/\/www.fgautron.com\/weblog\/wp-content\/IMG_1724m-700x467.jpg 700w, https:\/\/www.fgautron.com\/weblog\/wp-content\/IMG_1724m-800x534.jpg 800w\" sizes=\"auto, (max-width: 1000px) 100vw, 1000px\" \/><\/p>\n<p><img loading=\"lazy\" decoding=\"async\" data-attachment-id=\"23800\" data-permalink=\"https:\/\/www.fgautron.com\/weblog\/archives\/2018\/05\/10\/za-koenji-par-toyo-ito\/img_1728m-2\/\" data-orig-file=\"https:\/\/www.fgautron.com\/weblog\/wp-content\/\/IMG_1728m-1.jpg\" data-orig-size=\"1000,667\" data-comments-opened=\"1\" data-image-meta=\"{&quot;aperture&quot;:&quot;4&quot;,&quot;credit&quot;:&quot;&quot;,&quot;camera&quot;:&quot;Canon EOS 50D&quot;,&quot;caption&quot;:&quot;&quot;,&quot;created_timestamp&quot;:&quot;1525089545&quot;,&quot;copyright&quot;:&quot;&quot;,&quot;focal_length&quot;:&quot;17&quot;,&quot;iso&quot;:&quot;640&quot;,&quot;shutter_speed&quot;:&quot;0.066666666666667&quot;,&quot;title&quot;:&quot;&quot;,&quot;orientation&quot;:&quot;1&quot;}\" data-image-title=\"IMG_1728m\" data-image-description=\"\" data-image-caption=\"\" data-large-file=\"https:\/\/www.fgautron.com\/weblog\/wp-content\/\/IMG_1728m-1-700x467.jpg\" src=\"https:\/\/www.fgautron.com\/weblog\/wp-content\/\/IMG_1728m-1.jpg\" alt=\"\" width=\"1000\" height=\"667\" class=\"aligncenter size-full wp-image-23800\" srcset=\"https:\/\/www.fgautron.com\/weblog\/wp-content\/IMG_1728m-1.jpg 1000w, https:\/\/www.fgautron.com\/weblog\/wp-content\/IMG_1728m-1-300x200.jpg 300w, https:\/\/www.fgautron.com\/weblog\/wp-content\/IMG_1728m-1-700x467.jpg 700w, https:\/\/www.fgautron.com\/weblog\/wp-content\/IMG_1728m-1-800x534.jpg 800w\" sizes=\"auto, (max-width: 1000px) 100vw, 1000px\" \/><\/p>\n<p><img loading=\"lazy\" decoding=\"async\" data-attachment-id=\"23801\" data-permalink=\"https:\/\/www.fgautron.com\/weblog\/archives\/2018\/05\/10\/za-koenji-par-toyo-ito\/img_1729m-2\/\" data-orig-file=\"https:\/\/www.fgautron.com\/weblog\/wp-content\/\/IMG_1729m-1.jpg\" data-orig-size=\"1000,667\" data-comments-opened=\"1\" data-image-meta=\"{&quot;aperture&quot;:&quot;11&quot;,&quot;credit&quot;:&quot;&quot;,&quot;camera&quot;:&quot;Canon EOS 50D&quot;,&quot;caption&quot;:&quot;&quot;,&quot;created_timestamp&quot;:&quot;1525089682&quot;,&quot;copyright&quot;:&quot;&quot;,&quot;focal_length&quot;:&quot;17&quot;,&quot;iso&quot;:&quot;640&quot;,&quot;shutter_speed&quot;:&quot;0.004&quot;,&quot;title&quot;:&quot;&quot;,&quot;orientation&quot;:&quot;1&quot;}\" data-image-title=\"IMG_1729m\" data-image-description=\"\" data-image-caption=\"\" data-large-file=\"https:\/\/www.fgautron.com\/weblog\/wp-content\/\/IMG_1729m-1-700x467.jpg\" src=\"https:\/\/www.fgautron.com\/weblog\/wp-content\/\/IMG_1729m-1.jpg\" alt=\"\" width=\"1000\" height=\"667\" class=\"aligncenter size-full wp-image-23801\" srcset=\"https:\/\/www.fgautron.com\/weblog\/wp-content\/IMG_1729m-1.jpg 1000w, https:\/\/www.fgautron.com\/weblog\/wp-content\/IMG_1729m-1-300x200.jpg 300w, https:\/\/www.fgautron.com\/weblog\/wp-content\/IMG_1729m-1-700x467.jpg 700w, https:\/\/www.fgautron.com\/weblog\/wp-content\/IMG_1729m-1-800x534.jpg 800w\" sizes=\"auto, (max-width: 1000px) 100vw, 1000px\" \/><\/p>\n<p>Apr\u00e8s mon passage devant la maison <a href=\"https:\/\/www.fgautron.com\/weblog\/archives\/2018\/05\/08\/larchitecture-de-sou-fujimoto-house-na\/\">House NA<\/a> de Sou Fujimoto, je continue mon exploration de Koenji en revenant vers la gare JR. Je recherche maintenant le th\u00e9\u00e2tre aux formes futuristes de <a href=\"http:\/\/www.toyo-ito.co.jp\/WWW\/Project_Descript\/2005-\/2005-p_14\/2005-p_14_en.html\">Toyo Ito<\/a>, appel\u00e9 <a href=\"http:\/\/www.za-koenji.jp\/english\/about\/index.html\">Za Koenji<\/a>. Ce th\u00e9\u00e2tre public construit en 2009 est d\u00e9di\u00e9 aux arts contemporains de la sc\u00e8ne, ainsi qu\u2019\u00e0 d\u2019autres activit\u00e9s culturelles pour la communaut\u00e9 locale de Suginami-ku. Za Koenji est \u00e9galement un b\u00e2timent que l\u2019on voit r\u00e9guli\u00e8rement dans les magazines d\u2019architecture, pour sa forme atypique comme un monolithe rocheux et lisse. Le th\u00e9\u00e2tre est assez facile d\u2019acc\u00e8s depuis la gare de Koenji, mais j\u2019en m\u2019y prends mal bizarrement en tournant autour sans trouver l\u2019entr\u00e9e principale. Ce n\u2019\u00e9tait pas forc\u00e9ment une mauvaise id\u00e9e de tourner autour, car apercevoir soudainement ce monolithe de couleur sombre en forme de vagues s\u2019\u00e9chapper de la masse des maisons individuelles standards, donne un effet surprenant. On pense \u00e0 une forme extra-terrestre, comme un ovni pos\u00e9 l\u00e0 au milieu d\u2019une zone r\u00e9sidentielle des plus quelconques. Du coup, j\u2019\u00e9prouve une certaine d\u00e9ception en apercevant finalement la fa\u00e7ade principale car on n\u2019y aper\u00e7oit plus les courbes si caract\u00e9ristiques du b\u00e2timent. Il faudra faire le tour une nouvelle fois, mais cette fois-ci \u00e0 l\u2019int\u00e9rieur du parking, pour admirer les vagues architecturales du toit du th\u00e9\u00e2tre. Depuis le parking, en observant le b\u00e2timent depuis l\u2019arri\u00e8re, me vient l\u2019image d\u2019un croisement entre une raie manta aux yeux multiples et un sous-marin g\u00e9ant. Une chose est s\u00fbre, ce th\u00e9\u00e2tre de Tokyo Ito a des formes aquatiques. Une multitude de petits hublots sont plac\u00e9s par groupes et de mani\u00e8re apparemment al\u00e9atoire sur les fa\u00e7ades du th\u00e9\u00e2tre. C\u2019est un peu dommage de constater que les peintures sur la surface des fa\u00e7ades ont un peu pass\u00e9 avec le temps. On remarque des raccords de peinture autour des ouvertures ou sur des surfaces longitudinales qui ne sont pas du meilleur effet. Par contre, la multitude de hublots sur les parois de l\u2019immeuble offrent un bel effet de lumi\u00e8re \u00e0 l\u2019int\u00e9rieur du th\u00e9\u00e2tre. Le hall est assez sombre et se laisse \u00e9clairer par les points lumineux cr\u00e9\u00e9s par la lumi\u00e8re traversant les hublots. Sur le grand escalier central tout en courbe, d\u2019autres points lumineux mais d\u2019une lumi\u00e8re synth\u00e9tique sont ajout\u00e9s. L\u2019effet de lumi\u00e8re est tr\u00e8s r\u00e9ussi, surtout lorsque l\u2019on regarde le plafond depuis l\u2019escalier au niveau du premier sous-sol. Lors de ma visite improvis\u00e9e dans le th\u00e9\u00e2tre, on n\u2019y donnait pas de spectacle. Il y avait par contre des ateliers de jeux pour les enfants install\u00e9s de mani\u00e8re temporaire dans un des grands halls du rez-de-chauss\u00e9e. A l\u2019\u00e9tage, il y a une salle d\u2019archives du th\u00e9\u00e2tre et un caf\u00e9, vide \u00e0 cette heure de la journ\u00e9e. Je reprends ensuite ma route dans les rues de Koenji, en m\u2019engouffrant volontairement dans le labyrinthe urbain surcharg\u00e9 au nord de la gare. Le site du photographe <a href=\"https:\/\/iwan.com\/portfolio\/za-koenji-suginami-theatre-toyo-ito\/\">Iwan Baan<\/a>, d\u00e9cid\u00e9ment fort riche en photographies d\u2019architecture japonaise, propose de tr\u00e8s nombreuses photos du Za Koenji, notamment des vues a\u00e9riennes pour se donner une meilleure id\u00e9e de la forme g\u00e9n\u00e9rale de cet objet architectural atypique.<\/p>\n","protected":false},"excerpt":{"rendered":"<p>Apr\u00e8s mon passage devant la maison House NA de Sou Fujimoto, je continue mon exploration de Koenji en revenant vers la gare JR. Je recherche maintenant le th\u00e9\u00e2tre aux formes futuristes de Toyo Ito, appel\u00e9 Za Koenji. Ce th\u00e9\u00e2tre public construit en 2009 est d\u00e9di\u00e9 aux arts contemporains de la sc\u00e8ne, ainsi qu\u2019\u00e0 d\u2019autres activit\u00e9s&#8230;<\/p>\n","protected":false},"author":1,"featured_media":0,"comment_status":"open","ping_status":"open","sticky":false,"template":"","format":"standard","meta":{"_jetpack_memberships_contains_paid_content":false,"footnotes":"","jetpack_publicize_message":"","jetpack_publicize_feature_enabled":true,"jetpack_social_post_already_shared":true,"jetpack_social_options":{"image_generator_settings":{"template":"highway","default_image_id":0,"font":"","enabled":false},"version":2}},"categories":[17,3],"tags":[179,1303],"class_list":["post-23794","post","type-post","status-publish","format-standard","hentry","category-architecture","category-tokyo","tag-toyo-ito","tag-za-koenji-public-theatre"],"jetpack_publicize_connections":[],"jetpack_featured_media_url":"","jetpack_sharing_enabled":true,"jetpack_likes_enabled":true,"_links":{"self":[{"href":"https:\/\/www.fgautron.com\/weblog\/wp-json\/wp\/v2\/posts\/23794","targetHints":{"allow":["GET"]}}],"collection":[{"href":"https:\/\/www.fgautron.com\/weblog\/wp-json\/wp\/v2\/posts"}],"about":[{"href":"https:\/\/www.fgautron.com\/weblog\/wp-json\/wp\/v2\/types\/post"}],"author":[{"embeddable":true,"href":"https:\/\/www.fgautron.com\/weblog\/wp-json\/wp\/v2\/users\/1"}],"replies":[{"embeddable":true,"href":"https:\/\/www.fgautron.com\/weblog\/wp-json\/wp\/v2\/comments?post=23794"}],"version-history":[{"count":5,"href":"https:\/\/www.fgautron.com\/weblog\/wp-json\/wp\/v2\/posts\/23794\/revisions"}],"predecessor-version":[{"id":23880,"href":"https:\/\/www.fgautron.com\/weblog\/wp-json\/wp\/v2\/posts\/23794\/revisions\/23880"}],"wp:attachment":[{"href":"https:\/\/www.fgautron.com\/weblog\/wp-json\/wp\/v2\/media?parent=23794"}],"wp:term":[{"taxonomy":"category","embeddable":true,"href":"https:\/\/www.fgautron.com\/weblog\/wp-json\/wp\/v2\/categories?post=23794"},{"taxonomy":"post_tag","embeddable":true,"href":"https:\/\/www.fgautron.com\/weblog\/wp-json\/wp\/v2\/tags?post=23794"}],"curies":[{"name":"wp","href":"https:\/\/api.w.org\/{rel}","templated":true}]}}