{"id":2530,"date":"2010-05-28T00:16:33","date_gmt":"2010-05-27T15:16:33","guid":{"rendered":"http:\/\/www.fgautron.com\/weblog\/?p=2530"},"modified":"2017-09-18T08:53:31","modified_gmt":"2017-09-17T23:53:31","slug":"concrete-and-steel-stairs","status":"publish","type":"post","link":"https:\/\/www.fgautron.com\/weblog\/archives\/2010\/05\/28\/concrete-and-steel-stairs\/","title":{"rendered":"Concrete and steel stairs"},"content":{"rendered":"<p><center><a href=\"https:\/\/www.fgautron.com\/weblog\/wp-content\/\/IMG_6373m.jpg\"><img loading=\"lazy\" decoding=\"async\" data-attachment-id=\"2481\" data-permalink=\"https:\/\/www.fgautron.com\/weblog\/archives\/2010\/05\/13\/combinaison-de-verre\/img_6373m\/\" data-orig-file=\"https:\/\/www.fgautron.com\/weblog\/wp-content\/\/IMG_6373m.jpg\" data-orig-size=\"600,900\" data-comments-opened=\"1\" data-image-meta=\"{&quot;aperture&quot;:&quot;7.1&quot;,&quot;credit&quot;:&quot;&quot;,&quot;camera&quot;:&quot;Canon EOS 50D&quot;,&quot;caption&quot;:&quot;&quot;,&quot;created_timestamp&quot;:&quot;1272557287&quot;,&quot;copyright&quot;:&quot;&quot;,&quot;focal_length&quot;:&quot;20&quot;,&quot;iso&quot;:&quot;400&quot;,&quot;shutter_speed&quot;:&quot;0.004&quot;,&quot;title&quot;:&quot;&quot;}\" data-image-title=\"IMG_6373m\" data-image-description=\"\" data-image-caption=\"\" data-large-file=\"https:\/\/www.fgautron.com\/weblog\/wp-content\/\/IMG_6373m.jpg\" src=\"https:\/\/www.fgautron.com\/weblog\/wp-content\/\/IMG_6373m.jpg\" alt=\"\" title=\"IMG_6373m\" width=\"600\" height=\"900\" class=\"alignnone size-full wp-image-2481\" srcset=\"https:\/\/www.fgautron.com\/weblog\/wp-content\/IMG_6373m.jpg 600w, https:\/\/www.fgautron.com\/weblog\/wp-content\/IMG_6373m-200x300.jpg 200w\" sizes=\"auto, (max-width: 600px) 100vw, 600px\" \/><\/a><\/center><\/p>\n<p>Je prends souvent des escaliers en photo, comme ceux du b\u00e2timent de l&rsquo;agence <a href=\"https:\/\/www.fgautron.com\/weblog\/archives\/2007\/02\/18\/escalier-et-couleurs\/\">Sendenkaigi<\/a> de l&rsquo;architecte <a href=\"http:\/\/www.kitagawara.co.jp\/work\/pdf\/sendenkaigi\/sendenkaigi_en.pdf\">Atsushi Kitagawara<\/a> ou de <a href=\"https:\/\/www.fgautron.com\/weblog\/wp-content\/CRW_5831m.jpg\">b\u00e2timents<\/a> anonymes <a href=\"https:\/\/www.fgautron.com\/weblog\/archives\/2007\/02\/18\/escalier-et-couleurs\/\">par-ci par l\u00e0<\/a>. J&rsquo;aime le design de ceux en photo ci-dessus \u00e0 <a href=\"http:\/\/www.viabusstop.com\/\">Daikanayama<\/a>, une forme incisive pos\u00e9e sur un mur de b\u00e9ton. <\/p>\n<p>Un peu de lecture sur la Photographie: deux articles de Paul Graham sur <a href=\"http:\/\/www.paulgrahamarchive.com\/writings_by.html\">la page suivante<\/a>, \u00ab\u00a0The Unreasonable Apple\u00a0\u00bb sur la relation Photographie et Art et \u00ab\u00a0Photography is Easy, Photography is Difficult\u00a0\u00bb, un texte court tr\u00e8s inspirant. <a href=\"http:\/\/lapuravidagallery.com\/blog\/2010\/04\/oped-beautiful-burden\/\">Des r\u00e9actions<\/a> sur le <a href=\"http:\/\/jmcolberg.com\/weblog\/2010\/03\/apples_and_oranges\/\">premier texte<\/a> de Paul Graham sur d&rsquo;autres blogs m&rsquo;ont fait d\u00e9couvrir quelques billets int\u00e9ressants, interrogateurs et parfois provocateurs sur la photographie sur le site La Pura Vida: <a href=\"http:\/\/lapuravidagallery.com\/blog\/2010\/05\/oped-photographers-whose-work-aspiring-photographers-should-ignore\/\">10 Oeuvres Aspiring Photographers Should Ignore<\/a>, <a href=\"http:\/\/lapuravidagallery.com\/blog\/2010\/03\/oped-getting-drunk-at-photographys-funeral\/\">Getting Drunk at Photography\u2019s Funeral<\/a>, <a href=\"http:\/\/lapuravidagallery.com\/blog\/2009\/12\/the-netflix-of-photobooks\/\">The Netflix of Photobooks<\/a>&#8230;<\/p>\n","protected":false},"excerpt":{"rendered":"<p>Je prends souvent des escaliers en photo, comme ceux du b\u00e2timent de l&rsquo;agence Sendenkaigi de l&rsquo;architecte Atsushi Kitagawara ou de b\u00e2timents anonymes par-ci par l\u00e0. J&rsquo;aime le design de ceux en photo ci-dessus \u00e0 Daikanayama, une forme incisive pos\u00e9e sur un mur de b\u00e9ton. Un peu de lecture sur la Photographie: deux articles de Paul&#8230;<\/p>\n","protected":false},"author":1,"featured_media":0,"comment_status":"open","ping_status":"open","sticky":false,"template":"","format":"standard","meta":{"_jetpack_memberships_contains_paid_content":false,"footnotes":"","jetpack_publicize_message":"","jetpack_publicize_feature_enabled":true,"jetpack_social_post_already_shared":false,"jetpack_social_options":{"image_generator_settings":{"template":"highway","default_image_id":0,"font":"","enabled":false},"version":2}},"categories":[10,3],"tags":[151,259],"class_list":["post-2530","post","type-post","status-publish","format-standard","hentry","category-internet","category-tokyo","tag-lectures","tag-259"],"jetpack_publicize_connections":[],"jetpack_featured_media_url":"","jetpack_sharing_enabled":true,"jetpack_likes_enabled":true,"_links":{"self":[{"href":"https:\/\/www.fgautron.com\/weblog\/wp-json\/wp\/v2\/posts\/2530","targetHints":{"allow":["GET"]}}],"collection":[{"href":"https:\/\/www.fgautron.com\/weblog\/wp-json\/wp\/v2\/posts"}],"about":[{"href":"https:\/\/www.fgautron.com\/weblog\/wp-json\/wp\/v2\/types\/post"}],"author":[{"embeddable":true,"href":"https:\/\/www.fgautron.com\/weblog\/wp-json\/wp\/v2\/users\/1"}],"replies":[{"embeddable":true,"href":"https:\/\/www.fgautron.com\/weblog\/wp-json\/wp\/v2\/comments?post=2530"}],"version-history":[{"count":14,"href":"https:\/\/www.fgautron.com\/weblog\/wp-json\/wp\/v2\/posts\/2530\/revisions"}],"predecessor-version":[{"id":21915,"href":"https:\/\/www.fgautron.com\/weblog\/wp-json\/wp\/v2\/posts\/2530\/revisions\/21915"}],"wp:attachment":[{"href":"https:\/\/www.fgautron.com\/weblog\/wp-json\/wp\/v2\/media?parent=2530"}],"wp:term":[{"taxonomy":"category","embeddable":true,"href":"https:\/\/www.fgautron.com\/weblog\/wp-json\/wp\/v2\/categories?post=2530"},{"taxonomy":"post_tag","embeddable":true,"href":"https:\/\/www.fgautron.com\/weblog\/wp-json\/wp\/v2\/tags?post=2530"}],"curies":[{"name":"wp","href":"https:\/\/api.w.org\/{rel}","templated":true}]}}