{"id":26428,"date":"2019-04-11T00:00:03","date_gmt":"2019-04-10T15:00:03","guid":{"rendered":"https:\/\/www.fgautron.com\/weblog\/?p=26428"},"modified":"2019-04-11T00:01:00","modified_gmt":"2019-04-10T15:01:00","slug":"les-jours-avant-que-tout-senvole","status":"publish","type":"post","link":"https:\/\/www.fgautron.com\/weblog\/archives\/2019\/04\/11\/les-jours-avant-que-tout-senvole\/","title":{"rendered":"les jours avant que tout s&rsquo;envole"},"content":{"rendered":"<p><img loading=\"lazy\" decoding=\"async\" data-attachment-id=\"26429\" data-permalink=\"https:\/\/www.fgautron.com\/weblog\/archives\/2019\/04\/11\/les-jours-avant-que-tout-senvole\/img_7020m-2\/\" data-orig-file=\"https:\/\/www.fgautron.com\/weblog\/wp-content\/\/IMG_7020m-1.jpg\" data-orig-size=\"1000,667\" data-comments-opened=\"1\" data-image-meta=\"{&quot;aperture&quot;:&quot;5.6&quot;,&quot;credit&quot;:&quot;&quot;,&quot;camera&quot;:&quot;Canon EOS 50D&quot;,&quot;caption&quot;:&quot;&quot;,&quot;created_timestamp&quot;:&quot;1554049842&quot;,&quot;copyright&quot;:&quot;&quot;,&quot;focal_length&quot;:&quot;17&quot;,&quot;iso&quot;:&quot;250&quot;,&quot;shutter_speed&quot;:&quot;0.016666666666667&quot;,&quot;title&quot;:&quot;&quot;,&quot;orientation&quot;:&quot;1&quot;}\" data-image-title=\"IMG_7020m\" data-image-description=\"\" data-image-caption=\"\" data-large-file=\"https:\/\/www.fgautron.com\/weblog\/wp-content\/\/IMG_7020m-1-700x467.jpg\" src=\"https:\/\/www.fgautron.com\/weblog\/wp-content\/\/IMG_7020m-1.jpg\" alt=\"\" width=\"1000\" height=\"667\" class=\"aligncenter size-full wp-image-26429\" srcset=\"https:\/\/www.fgautron.com\/weblog\/wp-content\/IMG_7020m-1.jpg 1000w, https:\/\/www.fgautron.com\/weblog\/wp-content\/IMG_7020m-1-300x200.jpg 300w, https:\/\/www.fgautron.com\/weblog\/wp-content\/IMG_7020m-1-700x467.jpg 700w, https:\/\/www.fgautron.com\/weblog\/wp-content\/IMG_7020m-1-800x534.jpg 800w\" sizes=\"auto, (max-width: 1000px) 100vw, 1000px\" \/><\/p>\n<p><img loading=\"lazy\" decoding=\"async\" data-attachment-id=\"26430\" data-permalink=\"https:\/\/www.fgautron.com\/weblog\/archives\/2019\/04\/11\/les-jours-avant-que-tout-senvole\/img_7024m\/\" data-orig-file=\"https:\/\/www.fgautron.com\/weblog\/wp-content\/\/IMG_7024m.jpg\" data-orig-size=\"1000,667\" data-comments-opened=\"1\" data-image-meta=\"{&quot;aperture&quot;:&quot;6.3&quot;,&quot;credit&quot;:&quot;&quot;,&quot;camera&quot;:&quot;Canon EOS 50D&quot;,&quot;caption&quot;:&quot;&quot;,&quot;created_timestamp&quot;:&quot;1554050100&quot;,&quot;copyright&quot;:&quot;&quot;,&quot;focal_length&quot;:&quot;17&quot;,&quot;iso&quot;:&quot;250&quot;,&quot;shutter_speed&quot;:&quot;0.01&quot;,&quot;title&quot;:&quot;&quot;,&quot;orientation&quot;:&quot;1&quot;}\" data-image-title=\"IMG_7024m\" data-image-description=\"\" data-image-caption=\"\" data-large-file=\"https:\/\/www.fgautron.com\/weblog\/wp-content\/\/IMG_7024m-700x467.jpg\" src=\"https:\/\/www.fgautron.com\/weblog\/wp-content\/\/IMG_7024m.jpg\" alt=\"\" width=\"1000\" height=\"667\" class=\"aligncenter size-full wp-image-26430\" srcset=\"https:\/\/www.fgautron.com\/weblog\/wp-content\/IMG_7024m.jpg 1000w, https:\/\/www.fgautron.com\/weblog\/wp-content\/IMG_7024m-300x200.jpg 300w, https:\/\/www.fgautron.com\/weblog\/wp-content\/IMG_7024m-700x467.jpg 700w, https:\/\/www.fgautron.com\/weblog\/wp-content\/IMG_7024m-800x534.jpg 800w\" sizes=\"auto, (max-width: 1000px) 100vw, 1000px\" \/><\/p>\n<p><img loading=\"lazy\" decoding=\"async\" data-attachment-id=\"26431\" data-permalink=\"https:\/\/www.fgautron.com\/weblog\/archives\/2019\/04\/11\/les-jours-avant-que-tout-senvole\/img_7010m\/\" data-orig-file=\"https:\/\/www.fgautron.com\/weblog\/wp-content\/\/IMG_7010m.jpg\" data-orig-size=\"1000,667\" data-comments-opened=\"1\" data-image-meta=\"{&quot;aperture&quot;:&quot;8&quot;,&quot;credit&quot;:&quot;&quot;,&quot;camera&quot;:&quot;Canon EOS 50D&quot;,&quot;caption&quot;:&quot;&quot;,&quot;created_timestamp&quot;:&quot;1554049400&quot;,&quot;copyright&quot;:&quot;&quot;,&quot;focal_length&quot;:&quot;17&quot;,&quot;iso&quot;:&quot;250&quot;,&quot;shutter_speed&quot;:&quot;0.008&quot;,&quot;title&quot;:&quot;&quot;,&quot;orientation&quot;:&quot;1&quot;}\" data-image-title=\"IMG_7010m\" data-image-description=\"\" data-image-caption=\"\" data-large-file=\"https:\/\/www.fgautron.com\/weblog\/wp-content\/\/IMG_7010m-700x467.jpg\" src=\"https:\/\/www.fgautron.com\/weblog\/wp-content\/\/IMG_7010m.jpg\" alt=\"\" width=\"1000\" height=\"667\" class=\"aligncenter size-full wp-image-26431\" srcset=\"https:\/\/www.fgautron.com\/weblog\/wp-content\/IMG_7010m.jpg 1000w, https:\/\/www.fgautron.com\/weblog\/wp-content\/IMG_7010m-300x200.jpg 300w, https:\/\/www.fgautron.com\/weblog\/wp-content\/IMG_7010m-700x467.jpg 700w, https:\/\/www.fgautron.com\/weblog\/wp-content\/IMG_7010m-800x534.jpg 800w\" sizes=\"auto, (max-width: 1000px) 100vw, 1000px\" \/><\/p>\n<p><img loading=\"lazy\" decoding=\"async\" data-attachment-id=\"26432\" data-permalink=\"https:\/\/www.fgautron.com\/weblog\/archives\/2019\/04\/11\/les-jours-avant-que-tout-senvole\/img_7022m\/\" data-orig-file=\"https:\/\/www.fgautron.com\/weblog\/wp-content\/\/IMG_7022m.jpg\" data-orig-size=\"1000,667\" data-comments-opened=\"1\" data-image-meta=\"{&quot;aperture&quot;:&quot;6.3&quot;,&quot;credit&quot;:&quot;&quot;,&quot;camera&quot;:&quot;Canon EOS 50D&quot;,&quot;caption&quot;:&quot;&quot;,&quot;created_timestamp&quot;:&quot;1554049955&quot;,&quot;copyright&quot;:&quot;&quot;,&quot;focal_length&quot;:&quot;17&quot;,&quot;iso&quot;:&quot;250&quot;,&quot;shutter_speed&quot;:&quot;0.01&quot;,&quot;title&quot;:&quot;&quot;,&quot;orientation&quot;:&quot;1&quot;}\" data-image-title=\"IMG_7022m\" data-image-description=\"\" data-image-caption=\"\" data-large-file=\"https:\/\/www.fgautron.com\/weblog\/wp-content\/\/IMG_7022m-700x467.jpg\" src=\"https:\/\/www.fgautron.com\/weblog\/wp-content\/\/IMG_7022m.jpg\" alt=\"\" width=\"1000\" height=\"667\" class=\"aligncenter size-full wp-image-26432\" srcset=\"https:\/\/www.fgautron.com\/weblog\/wp-content\/IMG_7022m.jpg 1000w, https:\/\/www.fgautron.com\/weblog\/wp-content\/IMG_7022m-300x200.jpg 300w, https:\/\/www.fgautron.com\/weblog\/wp-content\/IMG_7022m-700x467.jpg 700w, https:\/\/www.fgautron.com\/weblog\/wp-content\/IMG_7022m-800x534.jpg 800w\" sizes=\"auto, (max-width: 1000px) 100vw, 1000px\" \/><\/p>\n<p><img loading=\"lazy\" decoding=\"async\" data-attachment-id=\"26433\" data-permalink=\"https:\/\/www.fgautron.com\/weblog\/archives\/2019\/04\/11\/les-jours-avant-que-tout-senvole\/img_7028m-2\/\" data-orig-file=\"https:\/\/www.fgautron.com\/weblog\/wp-content\/\/IMG_7028m-1.jpg\" data-orig-size=\"1000,667\" data-comments-opened=\"1\" data-image-meta=\"{&quot;aperture&quot;:&quot;5.6&quot;,&quot;credit&quot;:&quot;&quot;,&quot;camera&quot;:&quot;Canon EOS 50D&quot;,&quot;caption&quot;:&quot;&quot;,&quot;created_timestamp&quot;:&quot;1554050350&quot;,&quot;copyright&quot;:&quot;&quot;,&quot;focal_length&quot;:&quot;40&quot;,&quot;iso&quot;:&quot;250&quot;,&quot;shutter_speed&quot;:&quot;0.00625&quot;,&quot;title&quot;:&quot;&quot;,&quot;orientation&quot;:&quot;1&quot;}\" data-image-title=\"IMG_7028m\" data-image-description=\"\" data-image-caption=\"\" data-large-file=\"https:\/\/www.fgautron.com\/weblog\/wp-content\/\/IMG_7028m-1-700x467.jpg\" src=\"https:\/\/www.fgautron.com\/weblog\/wp-content\/\/IMG_7028m-1.jpg\" alt=\"\" width=\"1000\" height=\"667\" class=\"aligncenter size-full wp-image-26433\" srcset=\"https:\/\/www.fgautron.com\/weblog\/wp-content\/IMG_7028m-1.jpg 1000w, https:\/\/www.fgautron.com\/weblog\/wp-content\/IMG_7028m-1-300x200.jpg 300w, https:\/\/www.fgautron.com\/weblog\/wp-content\/IMG_7028m-1-700x467.jpg 700w, https:\/\/www.fgautron.com\/weblog\/wp-content\/IMG_7028m-1-800x534.jpg 800w\" sizes=\"auto, (max-width: 1000px) 100vw, 1000px\" \/><\/p>\n<p>Les cerisiers se battent contre la pluie ces derniers jours et les fleurs auront bient\u00f4t compl\u00e8tement disparu jusqu\u2019\u00e0 l\u2019ann\u00e9e prochaine. C\u2019est comme cela que \u00e7a se termine tous les ans, par un grand coup de vent et de pluie final qui viendra tout balayer sur son passage. En attendant, je continue \u00e0 montrer quelques photographies \u00e0 diff\u00e9rents endroits de Tokyo. Je retourne, en famille cette fois-ci, au bord de la rivi\u00e8re Meguro, mais plut\u00f4t en direction de la gare de Meguro. Par rapport \u00e0 Naka-Meguro, la rivi\u00e8re y est plus large et permet aux cano\u00ebs d\u2019y circuler pour observer les sakura sous un tout autre angle. Il y a moins de foule \u00e0 cet endroit par rapport \u00e0 Naka-Meguro, ce qui n\u2019est pas d\u00e9sagr\u00e9able. Les cerisiers en fleurs sont partout. Il suffit de marcher de la gare de Ebisu depuis Garden Place vers la rivi\u00e8re de Meguro pour en trouver \u00e0 tous les coins: dans les jardins publics, autour des \u00e9coles, le long de certaines rues r\u00e9sidentielles\u2026 J\u2019aimerais avoir une vue d\u2019h\u00e9licopt\u00e8re de Tokyo \u00e0 cette p\u00e9riode pour constater les couleurs que la ville peut prendre.<\/p>\n<p><img loading=\"lazy\" decoding=\"async\" data-attachment-id=\"26561\" data-permalink=\"https:\/\/www.fgautron.com\/weblog\/archives\/2019\/04\/11\/les-jours-avant-que-tout-senvole\/img_9027m\/\" data-orig-file=\"https:\/\/www.fgautron.com\/weblog\/wp-content\/\/IMG_9027m.jpg\" data-orig-size=\"1000,800\" data-comments-opened=\"1\" data-image-meta=\"{&quot;aperture&quot;:&quot;1.8&quot;,&quot;credit&quot;:&quot;&quot;,&quot;camera&quot;:&quot;iPhone 7&quot;,&quot;caption&quot;:&quot;&quot;,&quot;created_timestamp&quot;:&quot;1554657689&quot;,&quot;copyright&quot;:&quot;&quot;,&quot;focal_length&quot;:&quot;3.99&quot;,&quot;iso&quot;:&quot;25&quot;,&quot;shutter_speed&quot;:&quot;0.03030303030303&quot;,&quot;title&quot;:&quot;&quot;,&quot;orientation&quot;:&quot;1&quot;}\" data-image-title=\"IMG_9027m\" data-image-description=\"\" data-image-caption=\"\" data-large-file=\"https:\/\/www.fgautron.com\/weblog\/wp-content\/\/IMG_9027m-700x560.jpg\" src=\"https:\/\/www.fgautron.com\/weblog\/wp-content\/\/IMG_9027m.jpg\" alt=\"\" width=\"1000\" height=\"800\" class=\"aligncenter size-full wp-image-26561\" srcset=\"https:\/\/www.fgautron.com\/weblog\/wp-content\/IMG_9027m.jpg 1000w, https:\/\/www.fgautron.com\/weblog\/wp-content\/IMG_9027m-300x240.jpg 300w, https:\/\/www.fgautron.com\/weblog\/wp-content\/IMG_9027m-700x560.jpg 700w, https:\/\/www.fgautron.com\/weblog\/wp-content\/IMG_9027m-800x640.jpg 800w\" sizes=\"auto, (max-width: 1000px) 100vw, 1000px\" \/><\/p>\n<p>Aper\u00e7ue au troisi\u00e8me \u00e9tage niveau J-Pop du gigantesque disquaire de Shibuya Tower Records, cette affiche montrant <a href=\"https:\/\/en.wikipedia.org\/wiki\/Ringo_Sheena\">Sheena Ringo<\/a> en tenue de chevalier muni d\u2019ailes de griffon est assez inattendue. On avait d\u00e9j\u00e0 vu Sheena Ringo avec des ailes dans le clip vid\u00e9o du morceau <a href=\"https:\/\/www.youtube.com\/watch?v=M55uRP4DWW0\">K\u014dfukuron<\/a> (\u5e78\u798f\u8ad6) sur son premier album <a href=\"https:\/\/en.wikipedia.org\/wiki\/Muzai_Moratorium\">Muzai Moratorium<\/a> (\u7121\u7f6a\u30e2\u30e9\u30c8\u30ea\u30a2\u30e0) sorti il y a exactement 20 ans le 24 F\u00e9vrier 1999 (quelques jours apr\u00e8s mon arriv\u00e9e au Japon). C\u2019\u00e9tait cependant des petites ailes d\u2019ange, tandis que sur cette nouvelle affiche, on dirait que Sheena Ringo est tout droit sortie d&rsquo;un univers heroic fantasy. Cette affiche annonce <a href=\"https:\/\/twitter.com\/Nekoyanagi_Line\/status\/1113988106720436225\">son prochain album<\/a> qui sortira le 27 mai 2019. \u00c7a fait 5 ans, depuis son album de 2014 <a href=\"https:\/\/en.wikipedia.org\/wiki\/Hi_Izuru_Tokoro\">Hi Izuru Tokoro<\/a> (\u65e5\u51fa\u51e6), que Sheena Ringo n\u2019a pas sorti de nouvel album studio. Il y avait bien quelques morceaux sortis au compte goutte pour nous faire patienter et l\u2019album <a href=\"https:\/\/ja.wikipedia.org\/wiki\/\u9006\u8f38\u5165_\u301c\u822a\u7a7a\u5c40\u301c\">Reimport Vol. 2 &#8211; Civil Aviation Bureau<\/a> (\u9006\u8f38\u5165\u301c\u822a\u7a7a\u5c40) sorti en 2017, compos\u00e9 de reprises de ses propres morceaux cr\u00e9\u00e9s pour d\u2019autres artistes. Mais tout ceci avait du mal \u00e0 combler un certain vide discographique ces derni\u00e8res ann\u00e9es, dans sa carri\u00e8re pourtant bien remplie. Un nouvel album est donc le bienvenu, m\u00eame si je ne sais pas trop \u00e0 quoi m\u2019attendre. Les derniers morceaux en single \u00e9tant \u00e0 chaque fois destin\u00e9s \u00e0 des spots publicitaires ou \u00e0 des g\u00e9n\u00e9riques d\u2019\u00e9missions de t\u00e9l\u00e9vision, je me demande bien quelle direction artistique aura ce nouvel album. On sait qu\u2019il s\u2019appellera <a href=\"http:\/\/www.kronekodow.com\/gaiko\/newalbum2019\/\">Sandokushi<\/a> (\u4e09\u6bd2\u53f2). Ce titre se compose du terme bouddhiste \u2018Sandoku\u2019 faisant r\u00e9f\u00e9rence \u00e0 <a href=\"https:\/\/fr.wikipedia.org\/wiki\/Trois_poisons\">trois poisons<\/a>: l\u2019ignorance, l\u2019avidit\u00e9 ou la convoitise, la haine ou la col\u00e8re, et au terme \u2018Shi\u2019 voulant dire Histoire. L\u2019album sera \u00e0 priori compos\u00e9 de 13 morceaux dont 4 d\u00e9j\u00e0 sorti il y a plusieurs ann\u00e9es, \u00e0 savoir deux titres de 2015: <a href=\"https:\/\/www.youtube.com\/watch?v=3LVAmMxICoA\">Nagaku Mijikai Matsuri<\/a> (\u9577\u304f\u77ed\u3044\u796d) et <a href=\"https:\/\/www.youtube.com\/watch?v=42W8bxW14sU\">Kamisama, Hotokesama<\/a> (\u795e\u69d8\u3001\u4ecf\u69d8), un de 2017: <a href=\"https:\/\/www.youtube.com\/watch?v=yBx8ntHbJp0\">Menuki D\u014dri<\/a> (\u76ee\u629c\u304d\u901a\u308a) et le dernier en date: <a href=\"https:\/\/www.youtube.com\/watch?v=tIe-kXTmj3E\">Kemono yuku Hosomichi<\/a> (\u7363\u3086\u304f\u7d30\u9053) sorti en fin d\u2019ann\u00e9e derni\u00e8re. Sheena Ringo met de c\u00f4t\u00e9 d\u2019autres titres, sortis sur aucun album \u00e0 ma connaissance, comme l\u2019excellent <a href=\"https:\/\/www.youtube.com\/watch?v=aVFTW5Epx4M\">Shij\u014d no Jinsei<\/a> (\u81f3\u4e0a\u306e\u4eba\u751f) de 2015. D&rsquo;autres morceaux de cette p\u00e9riode entre deux albums comme <a href=\"https:\/\/www.youtube.com\/watch?v=GDnLHd2Ei3Y\">Jinsei wa Yume Darake<\/a> (\u4eba\u751f\u306f\u5922\u3060\u3089\u3051), morceau de 2017 que j&rsquo;aime beaucoup, avait par contre \u00e9t\u00e9 inclu dans Reimport Vol. 2. Attendons de voir d\u2019un peu plus pr\u00e8s ce que va donner ce nouvel album. J\u2019avoue une certaine impatience.<\/p>\n","protected":false},"excerpt":{"rendered":"<p>Les cerisiers se battent contre la pluie ces derniers jours et les fleurs auront bient\u00f4t compl\u00e8tement disparu jusqu\u2019\u00e0 l\u2019ann\u00e9e prochaine. C\u2019est comme cela que \u00e7a se termine tous les ans, par un grand coup de vent et de pluie final qui viendra tout balayer sur son passage. En attendant, je continue \u00e0 montrer quelques photographies&#8230;<\/p>\n","protected":false},"author":1,"featured_media":0,"comment_status":"open","ping_status":"open","sticky":false,"template":"","format":"standard","meta":{"_jetpack_memberships_contains_paid_content":false,"footnotes":"","jetpack_publicize_message":"les jours avant que tout s'envole: derni\u00e8res fleurs de cerisiers sur la rivi\u00e8re de Meguro, en attendant le nouvel album de Sheena Ringo @Nekoyanagi_Line Sandokushi qui sortira le 27 Mai","jetpack_publicize_feature_enabled":true,"jetpack_social_post_already_shared":true,"jetpack_social_options":{"image_generator_settings":{"template":"highway","default_image_id":0,"font":"","enabled":false},"version":2}},"categories":[4,3],"tags":[221,896,856],"class_list":["post-26428","post","type-post","status-publish","format-standard","hentry","category-musiques","category-tokyo","tag-221","tag-sheena-ringo","tag-856"],"jetpack_publicize_connections":[],"jetpack_featured_media_url":"","jetpack_sharing_enabled":true,"jetpack_likes_enabled":true,"_links":{"self":[{"href":"https:\/\/www.fgautron.com\/weblog\/wp-json\/wp\/v2\/posts\/26428","targetHints":{"allow":["GET"]}}],"collection":[{"href":"https:\/\/www.fgautron.com\/weblog\/wp-json\/wp\/v2\/posts"}],"about":[{"href":"https:\/\/www.fgautron.com\/weblog\/wp-json\/wp\/v2\/types\/post"}],"author":[{"embeddable":true,"href":"https:\/\/www.fgautron.com\/weblog\/wp-json\/wp\/v2\/users\/1"}],"replies":[{"embeddable":true,"href":"https:\/\/www.fgautron.com\/weblog\/wp-json\/wp\/v2\/comments?post=26428"}],"version-history":[{"count":8,"href":"https:\/\/www.fgautron.com\/weblog\/wp-json\/wp\/v2\/posts\/26428\/revisions"}],"predecessor-version":[{"id":26568,"href":"https:\/\/www.fgautron.com\/weblog\/wp-json\/wp\/v2\/posts\/26428\/revisions\/26568"}],"wp:attachment":[{"href":"https:\/\/www.fgautron.com\/weblog\/wp-json\/wp\/v2\/media?parent=26428"}],"wp:term":[{"taxonomy":"category","embeddable":true,"href":"https:\/\/www.fgautron.com\/weblog\/wp-json\/wp\/v2\/categories?post=26428"},{"taxonomy":"post_tag","embeddable":true,"href":"https:\/\/www.fgautron.com\/weblog\/wp-json\/wp\/v2\/tags?post=26428"}],"curies":[{"name":"wp","href":"https:\/\/api.w.org\/{rel}","templated":true}]}}