{"id":27083,"date":"2019-06-16T23:21:31","date_gmt":"2019-06-16T14:21:31","guid":{"rendered":"https:\/\/www.fgautron.com\/weblog\/?p=27083"},"modified":"2019-06-16T23:21:31","modified_gmt":"2019-06-16T14:21:31","slug":"tetes-colorees-a-harajuku","status":"publish","type":"post","link":"https:\/\/www.fgautron.com\/weblog\/archives\/2019\/06\/16\/tetes-colorees-a-harajuku\/","title":{"rendered":"t\u00eates color\u00e9es \u00e0 Harajuku"},"content":{"rendered":"<p><img loading=\"lazy\" decoding=\"async\" data-attachment-id=\"27084\" data-permalink=\"https:\/\/www.fgautron.com\/weblog\/archives\/2019\/06\/16\/tetes-colorees-a-harajuku\/img_8206m\/\" data-orig-file=\"https:\/\/www.fgautron.com\/weblog\/wp-content\/\/IMG_8206m.jpg\" data-orig-size=\"1000,667\" data-comments-opened=\"1\" data-image-meta=\"{&quot;aperture&quot;:&quot;8&quot;,&quot;credit&quot;:&quot;&quot;,&quot;camera&quot;:&quot;Canon EOS 50D&quot;,&quot;caption&quot;:&quot;&quot;,&quot;created_timestamp&quot;:&quot;1560006177&quot;,&quot;copyright&quot;:&quot;&quot;,&quot;focal_length&quot;:&quot;17&quot;,&quot;iso&quot;:&quot;250&quot;,&quot;shutter_speed&quot;:&quot;0.00625&quot;,&quot;title&quot;:&quot;&quot;,&quot;orientation&quot;:&quot;1&quot;}\" data-image-title=\"IMG_8206m\" data-image-description=\"\" data-image-caption=\"\" data-large-file=\"https:\/\/www.fgautron.com\/weblog\/wp-content\/\/IMG_8206m-700x467.jpg\" src=\"https:\/\/www.fgautron.com\/weblog\/wp-content\/\/IMG_8206m.jpg\" alt=\"\" width=\"1000\" height=\"667\" class=\"aligncenter size-full wp-image-27084\" srcset=\"https:\/\/www.fgautron.com\/weblog\/wp-content\/IMG_8206m.jpg 1000w, https:\/\/www.fgautron.com\/weblog\/wp-content\/IMG_8206m-300x200.jpg 300w, https:\/\/www.fgautron.com\/weblog\/wp-content\/IMG_8206m-700x467.jpg 700w, https:\/\/www.fgautron.com\/weblog\/wp-content\/IMG_8206m-800x534.jpg 800w\" sizes=\"auto, (max-width: 1000px) 100vw, 1000px\" \/><\/p>\n<p><img loading=\"lazy\" decoding=\"async\" data-attachment-id=\"27085\" data-permalink=\"https:\/\/www.fgautron.com\/weblog\/archives\/2019\/06\/16\/tetes-colorees-a-harajuku\/img_8198m\/\" data-orig-file=\"https:\/\/www.fgautron.com\/weblog\/wp-content\/\/IMG_8198m.jpg\" data-orig-size=\"1000,668\" data-comments-opened=\"1\" data-image-meta=\"{&quot;aperture&quot;:&quot;6.3&quot;,&quot;credit&quot;:&quot;&quot;,&quot;camera&quot;:&quot;Canon EOS 50D&quot;,&quot;caption&quot;:&quot;&quot;,&quot;created_timestamp&quot;:&quot;1560005774&quot;,&quot;copyright&quot;:&quot;&quot;,&quot;focal_length&quot;:&quot;40&quot;,&quot;iso&quot;:&quot;250&quot;,&quot;shutter_speed&quot;:&quot;0.005&quot;,&quot;title&quot;:&quot;&quot;,&quot;orientation&quot;:&quot;1&quot;}\" data-image-title=\"IMG_8198m\" data-image-description=\"\" data-image-caption=\"\" data-large-file=\"https:\/\/www.fgautron.com\/weblog\/wp-content\/\/IMG_8198m-700x468.jpg\" src=\"https:\/\/www.fgautron.com\/weblog\/wp-content\/\/IMG_8198m.jpg\" alt=\"\" width=\"1000\" height=\"668\" class=\"aligncenter size-full wp-image-27085\" srcset=\"https:\/\/www.fgautron.com\/weblog\/wp-content\/IMG_8198m.jpg 1000w, https:\/\/www.fgautron.com\/weblog\/wp-content\/IMG_8198m-300x200.jpg 300w, https:\/\/www.fgautron.com\/weblog\/wp-content\/IMG_8198m-700x468.jpg 700w, https:\/\/www.fgautron.com\/weblog\/wp-content\/IMG_8198m-800x534.jpg 800w\" sizes=\"auto, (max-width: 1000px) 100vw, 1000px\" \/><\/p>\n<p><img loading=\"lazy\" decoding=\"async\" data-attachment-id=\"27086\" data-permalink=\"https:\/\/www.fgautron.com\/weblog\/archives\/2019\/06\/16\/tetes-colorees-a-harajuku\/img_8209m\/\" data-orig-file=\"https:\/\/www.fgautron.com\/weblog\/wp-content\/\/IMG_8209m.jpg\" data-orig-size=\"1000,667\" data-comments-opened=\"1\" data-image-meta=\"{&quot;aperture&quot;:&quot;8&quot;,&quot;credit&quot;:&quot;&quot;,&quot;camera&quot;:&quot;Canon EOS 50D&quot;,&quot;caption&quot;:&quot;&quot;,&quot;created_timestamp&quot;:&quot;1560006730&quot;,&quot;copyright&quot;:&quot;&quot;,&quot;focal_length&quot;:&quot;17&quot;,&quot;iso&quot;:&quot;250&quot;,&quot;shutter_speed&quot;:&quot;0.00625&quot;,&quot;title&quot;:&quot;&quot;,&quot;orientation&quot;:&quot;1&quot;}\" data-image-title=\"IMG_8209m\" data-image-description=\"\" data-image-caption=\"\" data-large-file=\"https:\/\/www.fgautron.com\/weblog\/wp-content\/\/IMG_8209m-700x467.jpg\" src=\"https:\/\/www.fgautron.com\/weblog\/wp-content\/\/IMG_8209m.jpg\" alt=\"\" width=\"1000\" height=\"667\" class=\"aligncenter size-full wp-image-27086\" srcset=\"https:\/\/www.fgautron.com\/weblog\/wp-content\/IMG_8209m.jpg 1000w, https:\/\/www.fgautron.com\/weblog\/wp-content\/IMG_8209m-300x200.jpg 300w, https:\/\/www.fgautron.com\/weblog\/wp-content\/IMG_8209m-700x467.jpg 700w, https:\/\/www.fgautron.com\/weblog\/wp-content\/IMG_8209m-800x534.jpg 800w\" sizes=\"auto, (max-width: 1000px) 100vw, 1000px\" \/><\/p>\n<p><img loading=\"lazy\" decoding=\"async\" data-attachment-id=\"27087\" data-permalink=\"https:\/\/www.fgautron.com\/weblog\/archives\/2019\/06\/16\/tetes-colorees-a-harajuku\/img_8199m\/\" data-orig-file=\"https:\/\/www.fgautron.com\/weblog\/wp-content\/\/IMG_8199m.jpg\" data-orig-size=\"1000,656\" data-comments-opened=\"1\" data-image-meta=\"{&quot;aperture&quot;:&quot;7.1&quot;,&quot;credit&quot;:&quot;&quot;,&quot;camera&quot;:&quot;Canon EOS 50D&quot;,&quot;caption&quot;:&quot;&quot;,&quot;created_timestamp&quot;:&quot;1560005816&quot;,&quot;copyright&quot;:&quot;&quot;,&quot;focal_length&quot;:&quot;40&quot;,&quot;iso&quot;:&quot;250&quot;,&quot;shutter_speed&quot;:&quot;0.004&quot;,&quot;title&quot;:&quot;&quot;,&quot;orientation&quot;:&quot;1&quot;}\" data-image-title=\"IMG_8199m\" data-image-description=\"\" data-image-caption=\"\" data-large-file=\"https:\/\/www.fgautron.com\/weblog\/wp-content\/\/IMG_8199m-700x459.jpg\" src=\"https:\/\/www.fgautron.com\/weblog\/wp-content\/\/IMG_8199m.jpg\" alt=\"\" width=\"1000\" height=\"656\" class=\"aligncenter size-full wp-image-27087\" srcset=\"https:\/\/www.fgautron.com\/weblog\/wp-content\/IMG_8199m.jpg 1000w, https:\/\/www.fgautron.com\/weblog\/wp-content\/IMG_8199m-300x197.jpg 300w, https:\/\/www.fgautron.com\/weblog\/wp-content\/IMG_8199m-700x459.jpg 700w, https:\/\/www.fgautron.com\/weblog\/wp-content\/IMG_8199m-800x525.jpg 800w\" sizes=\"auto, (max-width: 1000px) 100vw, 1000px\" \/><\/p>\n<p><img loading=\"lazy\" decoding=\"async\" data-attachment-id=\"27088\" data-permalink=\"https:\/\/www.fgautron.com\/weblog\/archives\/2019\/06\/16\/tetes-colorees-a-harajuku\/img_8204m\/\" data-orig-file=\"https:\/\/www.fgautron.com\/weblog\/wp-content\/\/IMG_8204m.jpg\" data-orig-size=\"1000,667\" data-comments-opened=\"1\" data-image-meta=\"{&quot;aperture&quot;:&quot;8&quot;,&quot;credit&quot;:&quot;&quot;,&quot;camera&quot;:&quot;Canon EOS 50D&quot;,&quot;caption&quot;:&quot;&quot;,&quot;created_timestamp&quot;:&quot;1560006104&quot;,&quot;copyright&quot;:&quot;&quot;,&quot;focal_length&quot;:&quot;17&quot;,&quot;iso&quot;:&quot;250&quot;,&quot;shutter_speed&quot;:&quot;0.00625&quot;,&quot;title&quot;:&quot;&quot;,&quot;orientation&quot;:&quot;1&quot;}\" data-image-title=\"IMG_8204m\" data-image-description=\"\" data-image-caption=\"\" data-large-file=\"https:\/\/www.fgautron.com\/weblog\/wp-content\/\/IMG_8204m-700x467.jpg\" src=\"https:\/\/www.fgautron.com\/weblog\/wp-content\/\/IMG_8204m.jpg\" alt=\"\" width=\"1000\" height=\"667\" class=\"aligncenter size-full wp-image-27088\" srcset=\"https:\/\/www.fgautron.com\/weblog\/wp-content\/IMG_8204m.jpg 1000w, https:\/\/www.fgautron.com\/weblog\/wp-content\/IMG_8204m-300x200.jpg 300w, https:\/\/www.fgautron.com\/weblog\/wp-content\/IMG_8204m-700x467.jpg 700w, https:\/\/www.fgautron.com\/weblog\/wp-content\/IMG_8204m-800x534.jpg 800w\" sizes=\"auto, (max-width: 1000px) 100vw, 1000px\" \/><\/p>\n<p><img loading=\"lazy\" decoding=\"async\" data-attachment-id=\"27089\" data-permalink=\"https:\/\/www.fgautron.com\/weblog\/archives\/2019\/06\/16\/tetes-colorees-a-harajuku\/img_8201m\/\" data-orig-file=\"https:\/\/www.fgautron.com\/weblog\/wp-content\/\/IMG_8201m.jpg\" data-orig-size=\"1000,641\" data-comments-opened=\"1\" data-image-meta=\"{&quot;aperture&quot;:&quot;9&quot;,&quot;credit&quot;:&quot;&quot;,&quot;camera&quot;:&quot;Canon EOS 50D&quot;,&quot;caption&quot;:&quot;&quot;,&quot;created_timestamp&quot;:&quot;1560005865&quot;,&quot;copyright&quot;:&quot;&quot;,&quot;focal_length&quot;:&quot;17&quot;,&quot;iso&quot;:&quot;250&quot;,&quot;shutter_speed&quot;:&quot;0.005&quot;,&quot;title&quot;:&quot;&quot;,&quot;orientation&quot;:&quot;1&quot;}\" data-image-title=\"IMG_8201m\" data-image-description=\"\" data-image-caption=\"\" data-large-file=\"https:\/\/www.fgautron.com\/weblog\/wp-content\/\/IMG_8201m-700x449.jpg\" src=\"https:\/\/www.fgautron.com\/weblog\/wp-content\/\/IMG_8201m.jpg\" alt=\"\" width=\"1000\" height=\"641\" class=\"aligncenter size-full wp-image-27089\" srcset=\"https:\/\/www.fgautron.com\/weblog\/wp-content\/IMG_8201m.jpg 1000w, https:\/\/www.fgautron.com\/weblog\/wp-content\/IMG_8201m-300x192.jpg 300w, https:\/\/www.fgautron.com\/weblog\/wp-content\/IMG_8201m-700x449.jpg 700w, https:\/\/www.fgautron.com\/weblog\/wp-content\/IMG_8201m-800x513.jpg 800w\" sizes=\"auto, (max-width: 1000px) 100vw, 1000px\" \/><\/p>\n<p><img loading=\"lazy\" decoding=\"async\" data-attachment-id=\"27090\" data-permalink=\"https:\/\/www.fgautron.com\/weblog\/archives\/2019\/06\/16\/tetes-colorees-a-harajuku\/img_8202m\/\" data-orig-file=\"https:\/\/www.fgautron.com\/weblog\/wp-content\/\/IMG_8202m.jpg\" data-orig-size=\"1000,667\" data-comments-opened=\"1\" data-image-meta=\"{&quot;aperture&quot;:&quot;7.1&quot;,&quot;credit&quot;:&quot;&quot;,&quot;camera&quot;:&quot;Canon EOS 50D&quot;,&quot;caption&quot;:&quot;&quot;,&quot;created_timestamp&quot;:&quot;1560005971&quot;,&quot;copyright&quot;:&quot;&quot;,&quot;focal_length&quot;:&quot;21&quot;,&quot;iso&quot;:&quot;250&quot;,&quot;shutter_speed&quot;:&quot;0.008&quot;,&quot;title&quot;:&quot;&quot;,&quot;orientation&quot;:&quot;1&quot;}\" data-image-title=\"IMG_8202m\" data-image-description=\"\" data-image-caption=\"\" data-large-file=\"https:\/\/www.fgautron.com\/weblog\/wp-content\/\/IMG_8202m-700x467.jpg\" src=\"https:\/\/www.fgautron.com\/weblog\/wp-content\/\/IMG_8202m.jpg\" alt=\"\" width=\"1000\" height=\"667\" class=\"aligncenter size-full wp-image-27090\" srcset=\"https:\/\/www.fgautron.com\/weblog\/wp-content\/IMG_8202m.jpg 1000w, https:\/\/www.fgautron.com\/weblog\/wp-content\/IMG_8202m-300x200.jpg 300w, https:\/\/www.fgautron.com\/weblog\/wp-content\/IMG_8202m-700x467.jpg 700w, https:\/\/www.fgautron.com\/weblog\/wp-content\/IMG_8202m-800x534.jpg 800w\" sizes=\"auto, (max-width: 1000px) 100vw, 1000px\" \/><\/p>\n<p><img loading=\"lazy\" decoding=\"async\" data-attachment-id=\"27091\" data-permalink=\"https:\/\/www.fgautron.com\/weblog\/archives\/2019\/06\/16\/tetes-colorees-a-harajuku\/img_8196m\/\" data-orig-file=\"https:\/\/www.fgautron.com\/weblog\/wp-content\/\/IMG_8196m.jpg\" data-orig-size=\"1000,659\" data-comments-opened=\"1\" data-image-meta=\"{&quot;aperture&quot;:&quot;7.1&quot;,&quot;credit&quot;:&quot;&quot;,&quot;camera&quot;:&quot;Canon EOS 50D&quot;,&quot;caption&quot;:&quot;&quot;,&quot;created_timestamp&quot;:&quot;1560005528&quot;,&quot;copyright&quot;:&quot;&quot;,&quot;focal_length&quot;:&quot;40&quot;,&quot;iso&quot;:&quot;250&quot;,&quot;shutter_speed&quot;:&quot;0.004&quot;,&quot;title&quot;:&quot;&quot;,&quot;orientation&quot;:&quot;1&quot;}\" data-image-title=\"IMG_8196m\" data-image-description=\"\" data-image-caption=\"\" data-large-file=\"https:\/\/www.fgautron.com\/weblog\/wp-content\/\/IMG_8196m-700x461.jpg\" src=\"https:\/\/www.fgautron.com\/weblog\/wp-content\/\/IMG_8196m.jpg\" alt=\"\" width=\"1000\" height=\"659\" class=\"aligncenter size-full wp-image-27091\" srcset=\"https:\/\/www.fgautron.com\/weblog\/wp-content\/IMG_8196m.jpg 1000w, https:\/\/www.fgautron.com\/weblog\/wp-content\/IMG_8196m-300x198.jpg 300w, https:\/\/www.fgautron.com\/weblog\/wp-content\/IMG_8196m-700x461.jpg 700w, https:\/\/www.fgautron.com\/weblog\/wp-content\/IMG_8196m-800x527.jpg 800w\" sizes=\"auto, (max-width: 1000px) 100vw, 1000px\" \/><\/p>\n<p><img loading=\"lazy\" decoding=\"async\" data-attachment-id=\"27092\" data-permalink=\"https:\/\/www.fgautron.com\/weblog\/archives\/2019\/06\/16\/tetes-colorees-a-harajuku\/img_8220m\/\" data-orig-file=\"https:\/\/www.fgautron.com\/weblog\/wp-content\/\/IMG_8220m.jpg\" data-orig-size=\"1000,667\" data-comments-opened=\"1\" data-image-meta=\"{&quot;aperture&quot;:&quot;10&quot;,&quot;credit&quot;:&quot;&quot;,&quot;camera&quot;:&quot;Canon EOS 50D&quot;,&quot;caption&quot;:&quot;&quot;,&quot;created_timestamp&quot;:&quot;1560007483&quot;,&quot;copyright&quot;:&quot;&quot;,&quot;focal_length&quot;:&quot;24&quot;,&quot;iso&quot;:&quot;250&quot;,&quot;shutter_speed&quot;:&quot;0.005&quot;,&quot;title&quot;:&quot;&quot;,&quot;orientation&quot;:&quot;1&quot;}\" data-image-title=\"IMG_8220m\" data-image-description=\"\" data-image-caption=\"\" data-large-file=\"https:\/\/www.fgautron.com\/weblog\/wp-content\/\/IMG_8220m-700x467.jpg\" src=\"https:\/\/www.fgautron.com\/weblog\/wp-content\/\/IMG_8220m.jpg\" alt=\"\" width=\"1000\" height=\"667\" class=\"aligncenter size-full wp-image-27092\" srcset=\"https:\/\/www.fgautron.com\/weblog\/wp-content\/IMG_8220m.jpg 1000w, https:\/\/www.fgautron.com\/weblog\/wp-content\/IMG_8220m-300x200.jpg 300w, https:\/\/www.fgautron.com\/weblog\/wp-content\/IMG_8220m-700x467.jpg 700w, https:\/\/www.fgautron.com\/weblog\/wp-content\/IMG_8220m-800x534.jpg 800w\" sizes=\"auto, (max-width: 1000px) 100vw, 1000px\" \/><\/p>\n<p>Il y a de plus en plus de t\u00eates aux cheveux color\u00e9s \u00e0 Tokyo, notamment ici dans les rues de Harajuku. Ce n\u2019est pas un ph\u00e9nom\u00e8ne uniquement japonais car je remarque aussi beaucoup de touristes \u00e9trangers ayant les cheveux de toutes les couleurs. Je me croirais revenir 20 ans en arri\u00e8re, quand l\u2019image que l\u2019on avait de Tokyo \u00e9tait celle d\u2019une jeunesse aux cheveux color\u00e9s comme des personnages de Manga. C\u2019\u00e9tait loin d\u2019\u00eatre le cas \u00e0 l\u2019\u00e9poque et on se rapproche en fait un peu plus de cette image maintenant. Dans les rues de Harajuku, la foule est pr\u00e9sente comme toujours. Je retrouve dans ces rues le building en porte-\u00e0-faux Undercover Lab de Klein Dytham dont je parlais dans le <a href=\"https:\/\/www.fgautron.com\/weblog\/archives\/2019\/06\/14\/27106\/\">billet pr\u00e9c\u00e9dent<\/a>. Je repasse \u00e9galement devant la galerie Design Festa \u00e0 la fa\u00e7ade d\u00e9construite de tubes m\u00e9talliques noirs. Elle ne se trouve pas tr\u00e8s loin du Undercover Lab, mais les rues de Ura-Harajuku (l\u2019arri\u00e8re de Harajuku) deviennent vite un labyrinthe pour moi et je m\u2019y perds souvent. Je reste intrigu\u00e9 par l\u2019\u00e9trange objet bleu de la premi\u00e8re photographie intitul\u00e9 <a href=\"https:\/\/www.instagram.com\/coinparkingdelivery_art\/\">Coin Parking Delivery<\/a>, qui me fait penser \u00e0 une petit piste de skateboard, certes un peu dangereuse. Malgr\u00e9 la foule, je suis toujours attir\u00e9 par ce quartier et notamment par la rue pi\u00e9tonne Cat Street. Un peu plus loin, dans le building GYRE, on y montre une exposition, intitul\u00e9e <a href=\"https:\/\/gyre-omotesando.com\/artandgallery\/davidlynch\/\">From the fringes of the mind<\/a>, de quelques \u0153uvres de David Lynch, extr\u00eamement \u00e9tranges comme on pourrait s\u2019en douter. On retrouve dans les quelques peintures et le petit film anim\u00e9 montr\u00e9s dans cette exposition, une \u00e9tranget\u00e9 assez proche de certains \u00e9pisodes de la derni\u00e8re saison de Twin Peaks. Il n\u2019y a pas de liens directs entre cette exposition et la s\u00e9rie t\u00e9l\u00e9vis\u00e9e, mais on retrouve la m\u00eame sensibilit\u00e9 de l\u2019auteur, l\u2019impression en quelque sorte d\u2019entrer dans un monde parall\u00e8le.<\/p>\n<p><img loading=\"lazy\" decoding=\"async\" data-attachment-id=\"27134\" data-permalink=\"https:\/\/www.fgautron.com\/weblog\/archives\/2019\/06\/16\/tetes-colorees-a-harajuku\/aimg_0424m\/\" data-orig-file=\"https:\/\/www.fgautron.com\/weblog\/wp-content\/\/aIMG_0424m.jpg\" data-orig-size=\"1000,643\" data-comments-opened=\"1\" data-image-meta=\"{&quot;aperture&quot;:&quot;5.6&quot;,&quot;credit&quot;:&quot;&quot;,&quot;camera&quot;:&quot;Canon EOS 50D&quot;,&quot;caption&quot;:&quot;&quot;,&quot;created_timestamp&quot;:&quot;1377360646&quot;,&quot;copyright&quot;:&quot;&quot;,&quot;focal_length&quot;:&quot;20&quot;,&quot;iso&quot;:&quot;1000&quot;,&quot;shutter_speed&quot;:&quot;0.00625&quot;,&quot;title&quot;:&quot;&quot;,&quot;orientation&quot;:&quot;1&quot;}\" data-image-title=\"aIMG_0424m\" data-image-description=\"\" data-image-caption=\"\" data-large-file=\"https:\/\/www.fgautron.com\/weblog\/wp-content\/\/aIMG_0424m-700x450.jpg\" src=\"https:\/\/www.fgautron.com\/weblog\/wp-content\/\/aIMG_0424m.jpg\" alt=\"\" width=\"1000\" height=\"643\" class=\"aligncenter size-full wp-image-27134\" srcset=\"https:\/\/www.fgautron.com\/weblog\/wp-content\/aIMG_0424m.jpg 1000w, https:\/\/www.fgautron.com\/weblog\/wp-content\/aIMG_0424m-300x193.jpg 300w, https:\/\/www.fgautron.com\/weblog\/wp-content\/aIMG_0424m-700x450.jpg 700w, https:\/\/www.fgautron.com\/weblog\/wp-content\/aIMG_0424m-800x514.jpg 800w\" sizes=\"auto, (max-width: 1000px) 100vw, 1000px\" \/><\/p>\n<p><iframe loading=\"lazy\" width=\"100%\" height=\"166\" scrolling=\"no\" frameborder=\"no\" allow=\"autoplay\" src=\"https:\/\/w.soundcloud.com\/player\/?url=https%3A\/\/api.soundcloud.com\/tracks\/637027332&#038;color=%23ff5500&#038;auto_play=false&#038;hide_related=false&#038;show_comments=true&#038;show_user=true&#038;show_reposts=false&#038;show_teaser=true\"><\/iframe><\/p>\n<p>Des t\u00eates color\u00e9es, je passe aux pieds. Une fois n\u2019est pas coutume, j\u2019accompagne cette s\u00e9rie de photographies \u00e0 Harajuku d\u2019un nouveau morceau \u00e9lectronique. Il se m\u00e9lange avec les sons de la rue pris sur Cat Street. Je n\u2019avais pas construit de morceaux \u00e9lectroniques depuis plusieurs ann\u00e9es (le <a href=\"https:\/\/www.fgautron.com\/weblog\/archives\/2017\/05\/28\/korokoro\/\">dernier morceau<\/a> datant de Mai 2017), mais j\u2019avais par contre fait une <a href=\"https:\/\/www.fgautron.com\/weblog\/archives\/tag\/tokyo-city-sound\/\">petite s\u00e9rie de sons de rues<\/a> en quatre \u00e9pisodes en f\u00e9vrier 2018. Ce nouveau morceau que j\u2019appelle donc Harajuku walk et qui est disponible sur <a href=\"https:\/\/soundcloud.com\/fgautron\/arajuku\">SoundCloud<\/a> m\u00e9lange ces deux approches de sons \u00e9lectroniques et de sons de rues. Le morceau commence par des notes lumineuses comme un \u00e9merveillement de d\u00e9couvrir ces espaces urbains riches en surprises, mais se transforme \u00e0 mi-parcours en une machine beaucoup plus sombre au fur et \u00e0 mesure qu\u2019on s\u2019enfonce dans le d\u00e9dales des rues de Harajuku. C\u2019est une mani\u00e8re de repr\u00e9senter la densit\u00e9 urbaine qu\u2019on trouve dans ces rues, que \u00e7a soit par la pr\u00e9sence humaine ou par l\u2019exc\u00e8s visuel qui s\u2019y op\u00e8re. Quelques d\u00e9crochages volontaires de notes viennent s\u2019introduire \u00e0 certains moments sur la deuxi\u00e8me partie du morceau. J\u2019aime beaucoup repr\u00e9senter l\u2019imperfection des choses et essayer de la mettre en lumi\u00e8re en musique ou en images.<\/p>\n","protected":false},"excerpt":{"rendered":"<p>Il y a de plus en plus de t\u00eates aux cheveux color\u00e9s \u00e0 Tokyo, notamment ici dans les rues de Harajuku. Ce n\u2019est pas un ph\u00e9nom\u00e8ne uniquement japonais car je remarque aussi beaucoup de touristes \u00e9trangers ayant les cheveux de toutes les couleurs. Je me croirais revenir 20 ans en arri\u00e8re, quand l\u2019image que l\u2019on&#8230;<\/p>\n","protected":false},"author":1,"featured_media":0,"comment_status":"open","ping_status":"open","sticky":false,"template":"","format":"standard","meta":{"_jetpack_memberships_contains_paid_content":false,"footnotes":"","jetpack_publicize_message":"t\u00eates color\u00e9es \u00e0 Harajuku et un morceau \u00e9lectronique de ma composition pour accompagner les photographies","jetpack_publicize_feature_enabled":true,"jetpack_social_post_already_shared":true,"jetpack_social_options":{"image_generator_settings":{"template":"highway","default_image_id":0,"font":"","enabled":false},"version":2}},"categories":[4,3],"tags":[1646,1645,389,979,578,388],"class_list":["post-27083","post","type-post","status-publish","format-standard","hentry","category-musiques","category-tokyo","tag-coin-parking-delivery","tag-david-lynch","tag-fga","tag-harajuku","tag-klein-dytham","tag-soundcloud"],"jetpack_publicize_connections":[],"jetpack_featured_media_url":"","jetpack_sharing_enabled":true,"jetpack_likes_enabled":true,"_links":{"self":[{"href":"https:\/\/www.fgautron.com\/weblog\/wp-json\/wp\/v2\/posts\/27083","targetHints":{"allow":["GET"]}}],"collection":[{"href":"https:\/\/www.fgautron.com\/weblog\/wp-json\/wp\/v2\/posts"}],"about":[{"href":"https:\/\/www.fgautron.com\/weblog\/wp-json\/wp\/v2\/types\/post"}],"author":[{"embeddable":true,"href":"https:\/\/www.fgautron.com\/weblog\/wp-json\/wp\/v2\/users\/1"}],"replies":[{"embeddable":true,"href":"https:\/\/www.fgautron.com\/weblog\/wp-json\/wp\/v2\/comments?post=27083"}],"version-history":[{"count":16,"href":"https:\/\/www.fgautron.com\/weblog\/wp-json\/wp\/v2\/posts\/27083\/revisions"}],"predecessor-version":[{"id":27142,"href":"https:\/\/www.fgautron.com\/weblog\/wp-json\/wp\/v2\/posts\/27083\/revisions\/27142"}],"wp:attachment":[{"href":"https:\/\/www.fgautron.com\/weblog\/wp-json\/wp\/v2\/media?parent=27083"}],"wp:term":[{"taxonomy":"category","embeddable":true,"href":"https:\/\/www.fgautron.com\/weblog\/wp-json\/wp\/v2\/categories?post=27083"},{"taxonomy":"post_tag","embeddable":true,"href":"https:\/\/www.fgautron.com\/weblog\/wp-json\/wp\/v2\/tags?post=27083"}],"curies":[{"name":"wp","href":"https:\/\/api.w.org\/{rel}","templated":true}]}}