{"id":27531,"date":"2019-08-11T22:11:01","date_gmt":"2019-08-11T13:11:01","guid":{"rendered":"https:\/\/www.fgautron.com\/weblog\/?p=27531"},"modified":"2019-08-11T22:11:01","modified_gmt":"2019-08-11T13:11:01","slug":"%e6%b3%a3%e3%81%8d%e3%81%aa%e3%81%8c%e3%82%89%e8%b8%8a%e3%82%8b","status":"publish","type":"post","link":"https:\/\/www.fgautron.com\/weblog\/archives\/2019\/08\/11\/%e6%b3%a3%e3%81%8d%e3%81%aa%e3%81%8c%e3%82%89%e8%b8%8a%e3%82%8b\/","title":{"rendered":"\u6ce3\u304d\u306a\u304c\u3089\u8e0a\u308b"},"content":{"rendered":"<p><img loading=\"lazy\" decoding=\"async\" data-attachment-id=\"27532\" data-permalink=\"https:\/\/www.fgautron.com\/weblog\/archives\/2019\/08\/11\/%e6%b3%a3%e3%81%8d%e3%81%aa%e3%81%8c%e3%82%89%e8%b8%8a%e3%82%8b\/img_8752m\/\" data-orig-file=\"https:\/\/www.fgautron.com\/weblog\/wp-content\/\/IMG_8752m.jpg\" data-orig-size=\"1000,667\" data-comments-opened=\"1\" data-image-meta=\"{&quot;aperture&quot;:&quot;4.5&quot;,&quot;credit&quot;:&quot;&quot;,&quot;camera&quot;:&quot;Canon EOS 50D&quot;,&quot;caption&quot;:&quot;&quot;,&quot;created_timestamp&quot;:&quot;1565441008&quot;,&quot;copyright&quot;:&quot;&quot;,&quot;focal_length&quot;:&quot;22&quot;,&quot;iso&quot;:&quot;250&quot;,&quot;shutter_speed&quot;:&quot;0.02&quot;,&quot;title&quot;:&quot;&quot;,&quot;orientation&quot;:&quot;1&quot;}\" data-image-title=\"IMG_8752m\" data-image-description=\"\" data-image-caption=\"\" data-large-file=\"https:\/\/www.fgautron.com\/weblog\/wp-content\/\/IMG_8752m-700x467.jpg\" src=\"https:\/\/www.fgautron.com\/weblog\/wp-content\/\/IMG_8752m.jpg\" alt=\"\" width=\"1000\" height=\"667\" class=\"aligncenter size-full wp-image-27532\" srcset=\"https:\/\/www.fgautron.com\/weblog\/wp-content\/IMG_8752m.jpg 1000w, https:\/\/www.fgautron.com\/weblog\/wp-content\/IMG_8752m-300x200.jpg 300w, https:\/\/www.fgautron.com\/weblog\/wp-content\/IMG_8752m-700x467.jpg 700w, https:\/\/www.fgautron.com\/weblog\/wp-content\/IMG_8752m-800x534.jpg 800w\" sizes=\"auto, (max-width: 1000px) 100vw, 1000px\" \/><\/p>\n<p><img loading=\"lazy\" decoding=\"async\" data-attachment-id=\"27533\" data-permalink=\"https:\/\/www.fgautron.com\/weblog\/archives\/2019\/08\/11\/%e6%b3%a3%e3%81%8d%e3%81%aa%e3%81%8c%e3%82%89%e8%b8%8a%e3%82%8b\/img_8756m\/\" data-orig-file=\"https:\/\/www.fgautron.com\/weblog\/wp-content\/\/IMG_8756m.jpg\" data-orig-size=\"1000,667\" data-comments-opened=\"1\" data-image-meta=\"{&quot;aperture&quot;:&quot;4&quot;,&quot;credit&quot;:&quot;&quot;,&quot;camera&quot;:&quot;Canon EOS 50D&quot;,&quot;caption&quot;:&quot;&quot;,&quot;created_timestamp&quot;:&quot;1565441069&quot;,&quot;copyright&quot;:&quot;&quot;,&quot;focal_length&quot;:&quot;17&quot;,&quot;iso&quot;:&quot;400&quot;,&quot;shutter_speed&quot;:&quot;0.025&quot;,&quot;title&quot;:&quot;&quot;,&quot;orientation&quot;:&quot;1&quot;}\" data-image-title=\"IMG_8756m\" data-image-description=\"\" data-image-caption=\"\" data-large-file=\"https:\/\/www.fgautron.com\/weblog\/wp-content\/\/IMG_8756m-700x467.jpg\" src=\"https:\/\/www.fgautron.com\/weblog\/wp-content\/\/IMG_8756m.jpg\" alt=\"\" width=\"1000\" height=\"667\" class=\"aligncenter size-full wp-image-27533\" srcset=\"https:\/\/www.fgautron.com\/weblog\/wp-content\/IMG_8756m.jpg 1000w, https:\/\/www.fgautron.com\/weblog\/wp-content\/IMG_8756m-300x200.jpg 300w, https:\/\/www.fgautron.com\/weblog\/wp-content\/IMG_8756m-700x467.jpg 700w, https:\/\/www.fgautron.com\/weblog\/wp-content\/IMG_8756m-800x534.jpg 800w\" sizes=\"auto, (max-width: 1000px) 100vw, 1000px\" \/><\/p>\n<p><img loading=\"lazy\" decoding=\"async\" data-attachment-id=\"27534\" data-permalink=\"https:\/\/www.fgautron.com\/weblog\/archives\/2019\/08\/11\/%e6%b3%a3%e3%81%8d%e3%81%aa%e3%81%8c%e3%82%89%e8%b8%8a%e3%82%8b\/img_8758m\/\" data-orig-file=\"https:\/\/www.fgautron.com\/weblog\/wp-content\/\/IMG_8758m.jpg\" data-orig-size=\"1000,667\" data-comments-opened=\"1\" data-image-meta=\"{&quot;aperture&quot;:&quot;5&quot;,&quot;credit&quot;:&quot;&quot;,&quot;camera&quot;:&quot;Canon EOS 50D&quot;,&quot;caption&quot;:&quot;&quot;,&quot;created_timestamp&quot;:&quot;1565441099&quot;,&quot;copyright&quot;:&quot;&quot;,&quot;focal_length&quot;:&quot;17&quot;,&quot;iso&quot;:&quot;400&quot;,&quot;shutter_speed&quot;:&quot;0.02&quot;,&quot;title&quot;:&quot;&quot;,&quot;orientation&quot;:&quot;1&quot;}\" data-image-title=\"IMG_8758m\" data-image-description=\"\" data-image-caption=\"\" data-large-file=\"https:\/\/www.fgautron.com\/weblog\/wp-content\/\/IMG_8758m-700x467.jpg\" src=\"https:\/\/www.fgautron.com\/weblog\/wp-content\/\/IMG_8758m.jpg\" alt=\"\" width=\"1000\" height=\"667\" class=\"aligncenter size-full wp-image-27534\" srcset=\"https:\/\/www.fgautron.com\/weblog\/wp-content\/IMG_8758m.jpg 1000w, https:\/\/www.fgautron.com\/weblog\/wp-content\/IMG_8758m-300x200.jpg 300w, https:\/\/www.fgautron.com\/weblog\/wp-content\/IMG_8758m-700x467.jpg 700w, https:\/\/www.fgautron.com\/weblog\/wp-content\/IMG_8758m-800x534.jpg 800w\" sizes=\"auto, (max-width: 1000px) 100vw, 1000px\" \/><\/p>\n<p><img loading=\"lazy\" decoding=\"async\" data-attachment-id=\"27535\" data-permalink=\"https:\/\/www.fgautron.com\/weblog\/archives\/2019\/08\/11\/%e6%b3%a3%e3%81%8d%e3%81%aa%e3%81%8c%e3%82%89%e8%b8%8a%e3%82%8b\/img_8760m\/\" data-orig-file=\"https:\/\/www.fgautron.com\/weblog\/wp-content\/\/IMG_8760m.jpg\" data-orig-size=\"1000,663\" data-comments-opened=\"1\" data-image-meta=\"{&quot;aperture&quot;:&quot;5&quot;,&quot;credit&quot;:&quot;&quot;,&quot;camera&quot;:&quot;Canon EOS 50D&quot;,&quot;caption&quot;:&quot;&quot;,&quot;created_timestamp&quot;:&quot;1565441135&quot;,&quot;copyright&quot;:&quot;&quot;,&quot;focal_length&quot;:&quot;17&quot;,&quot;iso&quot;:&quot;400&quot;,&quot;shutter_speed&quot;:&quot;0.02&quot;,&quot;title&quot;:&quot;&quot;,&quot;orientation&quot;:&quot;1&quot;}\" data-image-title=\"IMG_8760m\" data-image-description=\"\" data-image-caption=\"\" data-large-file=\"https:\/\/www.fgautron.com\/weblog\/wp-content\/\/IMG_8760m-700x464.jpg\" src=\"https:\/\/www.fgautron.com\/weblog\/wp-content\/\/IMG_8760m.jpg\" alt=\"\" width=\"1000\" height=\"663\" class=\"aligncenter size-full wp-image-27535\" srcset=\"https:\/\/www.fgautron.com\/weblog\/wp-content\/IMG_8760m.jpg 1000w, https:\/\/www.fgautron.com\/weblog\/wp-content\/IMG_8760m-300x199.jpg 300w, https:\/\/www.fgautron.com\/weblog\/wp-content\/IMG_8760m-700x464.jpg 700w, https:\/\/www.fgautron.com\/weblog\/wp-content\/IMG_8760m-800x530.jpg 800w\" sizes=\"auto, (max-width: 1000px) 100vw, 1000px\" \/><\/p>\n<p><img loading=\"lazy\" decoding=\"async\" data-attachment-id=\"27536\" data-permalink=\"https:\/\/www.fgautron.com\/weblog\/archives\/2019\/08\/11\/%e6%b3%a3%e3%81%8d%e3%81%aa%e3%81%8c%e3%82%89%e8%b8%8a%e3%82%8b\/img_8766m\/\" data-orig-file=\"https:\/\/www.fgautron.com\/weblog\/wp-content\/\/IMG_8766m.jpg\" data-orig-size=\"1000,667\" data-comments-opened=\"1\" data-image-meta=\"{&quot;aperture&quot;:&quot;9&quot;,&quot;credit&quot;:&quot;&quot;,&quot;camera&quot;:&quot;Canon EOS 50D&quot;,&quot;caption&quot;:&quot;&quot;,&quot;created_timestamp&quot;:&quot;1565442791&quot;,&quot;copyright&quot;:&quot;&quot;,&quot;focal_length&quot;:&quot;32&quot;,&quot;iso&quot;:&quot;250&quot;,&quot;shutter_speed&quot;:&quot;0.004&quot;,&quot;title&quot;:&quot;&quot;,&quot;orientation&quot;:&quot;1&quot;}\" data-image-title=\"IMG_8766m\" data-image-description=\"\" data-image-caption=\"\" data-large-file=\"https:\/\/www.fgautron.com\/weblog\/wp-content\/\/IMG_8766m-700x467.jpg\" src=\"https:\/\/www.fgautron.com\/weblog\/wp-content\/\/IMG_8766m.jpg\" alt=\"\" width=\"1000\" height=\"667\" class=\"aligncenter size-full wp-image-27536\" srcset=\"https:\/\/www.fgautron.com\/weblog\/wp-content\/IMG_8766m.jpg 1000w, https:\/\/www.fgautron.com\/weblog\/wp-content\/IMG_8766m-300x200.jpg 300w, https:\/\/www.fgautron.com\/weblog\/wp-content\/IMG_8766m-700x467.jpg 700w, https:\/\/www.fgautron.com\/weblog\/wp-content\/IMG_8766m-800x534.jpg 800w\" sizes=\"auto, (max-width: 1000px) 100vw, 1000px\" \/><\/p>\n<p>Je retrouve les rues de Shibuya en photographies apr\u00e8s les vacances estivales en France. La temp\u00e9rature et l\u2019humidit\u00e9 \u00e0 Tokyo sont telles qu\u2019il faut beaucoup de courage pour sortir et marcher dehors. Je sors tout de m\u00eame pendant un peu plus d\u2019une heure faire un tour qui devient presque habituel maintenant \u00e0 l\u2019arri\u00e8re de Shibuya et au centre. Apr\u00e8s cette bonne heure de marche, l\u2019envie d\u2019entrer \u00e0 l\u2019int\u00e9rieur d\u2019un building devient irr\u00e9sistible. Je souffre pour les nombreux touristes que j\u2019aper\u00e7ois au carrefour de Shibuya, qui ont choisi cette p\u00e9riode de l\u2019ann\u00e9e pour visiter le Japon. Le plein \u00e9t\u00e9 n\u2019est d\u00e9cid\u00e9ment pas la meilleure saison pour visiter le pays. Pouvoir entendre le chant des grillons pendant l\u2019\u00e9t\u00e9 est une maigre consolation. Dans le centre de Shibuya, dans les passages souterrains traversant le carrefour, on remarque une s\u00e9rie de photographies de rues par Daido Moriyama. Les quelques photographies ci-dessus sont prises au niveau du Tsutaya et un peu plus loin entre l\u2019avenue Meiji et la rivi\u00e8re b\u00e9tonn\u00e9e de Shibuya. Alors que Daido Moriyama est plut\u00f4t reconnu pour le grain de ses photographies en noir et blanc, les photographies montr\u00e9es pour cette exposition \u00e0 \u2018ciel ouvert\u2019 sont plut\u00f4t en couleur. Je pr\u00e9f\u00e8re d\u2019assez loin ses photographies en noir et blanc, mais je reconnais qu\u2019un certain nombre des photographies en couleur montr\u00e9es sont int\u00e9ressantes et d\u00e9cal\u00e9es, comme ces visages masqu\u00e9s ou ces figures de mannequins (on ne sait pas trop). L\u2019exposition s\u2019intitule <a href=\"https:\/\/www.daido-shibuya.com\/\">SHIBUYA \/ \u68ee\u5c71\u5927\u9053 \/ NEXT GEN<\/a> et est montr\u00e9e dans les rues de Shibuya, \u00e0 63 emplacements, jusqu\u2019au 15 ao\u00fbt. Je suis loin d\u2019avoir vu la totalit\u00e9 des photographies montr\u00e9es car elles sont \u00e9parpill\u00e9es dans Shibuya. C\u2019est un peu comme une chasse au tr\u00e9sor pour toutes les d\u00e9couvrir.<\/p>\n<p><img loading=\"lazy\" decoding=\"async\" data-attachment-id=\"27556\" data-permalink=\"https:\/\/www.fgautron.com\/weblog\/archives\/2019\/08\/11\/%e6%b3%a3%e3%81%8d%e3%81%aa%e3%81%8c%e3%82%89%e8%b8%8a%e3%82%8b\/img_0620\/\" data-orig-file=\"https:\/\/www.fgautron.com\/weblog\/wp-content\/\/IMG_0620.jpg\" data-orig-size=\"1000,533\" data-comments-opened=\"1\" data-image-meta=\"{&quot;aperture&quot;:&quot;0&quot;,&quot;credit&quot;:&quot;&quot;,&quot;camera&quot;:&quot;&quot;,&quot;caption&quot;:&quot;&quot;,&quot;created_timestamp&quot;:&quot;0&quot;,&quot;copyright&quot;:&quot;&quot;,&quot;focal_length&quot;:&quot;0&quot;,&quot;iso&quot;:&quot;0&quot;,&quot;shutter_speed&quot;:&quot;0&quot;,&quot;title&quot;:&quot;&quot;,&quot;orientation&quot;:&quot;1&quot;}\" data-image-title=\"IMG_0620\" data-image-description=\"\" data-image-caption=\"\" data-large-file=\"https:\/\/www.fgautron.com\/weblog\/wp-content\/\/IMG_0620-700x373.jpg\" src=\"https:\/\/www.fgautron.com\/weblog\/wp-content\/\/IMG_0620.jpg\" alt=\"\" width=\"1000\" height=\"533\" class=\"aligncenter size-full wp-image-27556\" srcset=\"https:\/\/www.fgautron.com\/weblog\/wp-content\/IMG_0620.jpg 1000w, https:\/\/www.fgautron.com\/weblog\/wp-content\/IMG_0620-300x160.jpg 300w, https:\/\/www.fgautron.com\/weblog\/wp-content\/IMG_0620-700x373.jpg 700w, https:\/\/www.fgautron.com\/weblog\/wp-content\/IMG_0620-800x426.jpg 800w\" sizes=\"auto, (max-width: 1000px) 100vw, 1000px\" \/><\/p>\n<h6><em>Extrait de la vid\u00e9o sur YouTube du morceau <a href=\"https:\/\/www.youtube.com\/watch?v=xVFSW2Z7I6I\">Sakura no sono<\/a> \u6afb\u306e\u5712 de For Tracy Hyde.<\/em><\/h6>\n<hr \/>\n<p>Le groupe rock ind\u00e9pendant \u00e0 tendance shoegazing <a href=\"https:\/\/twitter.com\/ForTracyHyde\">For Tracy Hyde<\/a> sort un nouveau morceau intitul\u00e9 <a href=\"https:\/\/www.youtube.com\/watch?v=xVFSW2Z7I6I\">Sakura no sono<\/a> \u6afb\u306e\u5712, en avant premi\u00e8re de leur nouvel album New Young City qui sortira le 4 septembre. J\u2019aime beaucoup ce nouveau morceau Dream Pop qui laisse pr\u00e9sager du meilleur pour le futur album s\u2019il reste dans cet esprit. La vid\u00e9o dans les cerisiers en fleurs est tr\u00e8s bucolique et nous ram\u00e8ne au printemps pour nous rafra\u00eechir un peu. je <a href=\"https:\/\/www.fgautron.com\/weblog\/archives\/2018\/06\/02\/\u6c17\u304c\u3064\u3051\u3070\/\">parlais d\u00e9j\u00e0<\/a> de For Tracy Hyde dans un billet pr\u00e9c\u00e9dent au sujet de leur deuxi\u00e8me album.<\/p>\n","protected":false},"excerpt":{"rendered":"<p>Je retrouve les rues de Shibuya en photographies apr\u00e8s les vacances estivales en France. La temp\u00e9rature et l\u2019humidit\u00e9 \u00e0 Tokyo sont telles qu\u2019il faut beaucoup de courage pour sortir et marcher dehors. Je sors tout de m\u00eame pendant un peu plus d\u2019une heure faire un tour qui devient presque habituel maintenant \u00e0 l\u2019arri\u00e8re de Shibuya&#8230;<\/p>\n","protected":false},"author":1,"featured_media":0,"comment_status":"open","ping_status":"open","sticky":false,"template":"","format":"standard","meta":{"_jetpack_memberships_contains_paid_content":false,"footnotes":"","jetpack_publicize_message":"\u6ce3\u304d\u306a\u304c\u3089\u8e0a\u308b: Exposition de rue de photos de Daido Moriyama \u00e0 Shibuya, accompagn\u00e9e d'un nouveau morceau de @ForTracyHyde #FTHNYC","jetpack_publicize_feature_enabled":true,"jetpack_social_post_already_shared":true,"jetpack_social_options":{"image_generator_settings":{"template":"highway","default_image_id":0,"font":"","enabled":false},"version":2}},"categories":[6,4,3],"tags":[207,1349,1664,45],"class_list":["post-27531","post","type-post","status-publish","format-standard","hentry","category-art","category-musiques","category-tokyo","tag-daido-moriyama","tag-for-tracy-hyde","tag-1664","tag-shibuya"],"jetpack_publicize_connections":[],"jetpack_featured_media_url":"","jetpack_sharing_enabled":true,"jetpack_likes_enabled":true,"_links":{"self":[{"href":"https:\/\/www.fgautron.com\/weblog\/wp-json\/wp\/v2\/posts\/27531","targetHints":{"allow":["GET"]}}],"collection":[{"href":"https:\/\/www.fgautron.com\/weblog\/wp-json\/wp\/v2\/posts"}],"about":[{"href":"https:\/\/www.fgautron.com\/weblog\/wp-json\/wp\/v2\/types\/post"}],"author":[{"embeddable":true,"href":"https:\/\/www.fgautron.com\/weblog\/wp-json\/wp\/v2\/users\/1"}],"replies":[{"embeddable":true,"href":"https:\/\/www.fgautron.com\/weblog\/wp-json\/wp\/v2\/comments?post=27531"}],"version-history":[{"count":8,"href":"https:\/\/www.fgautron.com\/weblog\/wp-json\/wp\/v2\/posts\/27531\/revisions"}],"predecessor-version":[{"id":27560,"href":"https:\/\/www.fgautron.com\/weblog\/wp-json\/wp\/v2\/posts\/27531\/revisions\/27560"}],"wp:attachment":[{"href":"https:\/\/www.fgautron.com\/weblog\/wp-json\/wp\/v2\/media?parent=27531"}],"wp:term":[{"taxonomy":"category","embeddable":true,"href":"https:\/\/www.fgautron.com\/weblog\/wp-json\/wp\/v2\/categories?post=27531"},{"taxonomy":"post_tag","embeddable":true,"href":"https:\/\/www.fgautron.com\/weblog\/wp-json\/wp\/v2\/tags?post=27531"}],"curies":[{"name":"wp","href":"https:\/\/api.w.org\/{rel}","templated":true}]}}