{"id":28647,"date":"2019-12-25T22:31:09","date_gmt":"2019-12-25T13:31:09","guid":{"rendered":"https:\/\/www.fgautron.com\/weblog\/?p=28647"},"modified":"2019-12-25T22:31:09","modified_gmt":"2019-12-25T13:31:09","slug":"encadrements-de-ciel","status":"publish","type":"post","link":"https:\/\/www.fgautron.com\/weblog\/archives\/2019\/12\/25\/encadrements-de-ciel\/","title":{"rendered":"encadrements de ciel"},"content":{"rendered":"<p><img loading=\"lazy\" decoding=\"async\" data-attachment-id=\"28705\" data-permalink=\"https:\/\/www.fgautron.com\/weblog\/archives\/2019\/12\/25\/encadrements-de-ciel\/img_0453wm\/\" data-orig-file=\"https:\/\/www.fgautron.com\/weblog\/wp-content\/\/IMG_0453wm.jpg\" data-orig-size=\"2000,1333\" data-comments-opened=\"1\" data-image-meta=\"{&quot;aperture&quot;:&quot;7.1&quot;,&quot;credit&quot;:&quot;&quot;,&quot;camera&quot;:&quot;Canon EOS 50D&quot;,&quot;caption&quot;:&quot;&quot;,&quot;created_timestamp&quot;:&quot;1576426370&quot;,&quot;copyright&quot;:&quot;&quot;,&quot;focal_length&quot;:&quot;19&quot;,&quot;iso&quot;:&quot;250&quot;,&quot;shutter_speed&quot;:&quot;0.01&quot;,&quot;title&quot;:&quot;&quot;,&quot;orientation&quot;:&quot;1&quot;}\" data-image-title=\"IMG_0453wm\" data-image-description=\"\" data-image-caption=\"\" data-large-file=\"https:\/\/www.fgautron.com\/weblog\/wp-content\/\/IMG_0453wm-700x467.jpg\" src=\"https:\/\/www.fgautron.com\/weblog\/wp-content\/\/IMG_0453wm.jpg\" alt=\"\" width=\"2000\" height=\"1333\" class=\"aligncenter size-full wp-image-28705\" srcset=\"https:\/\/www.fgautron.com\/weblog\/wp-content\/IMG_0453wm.jpg 2000w, https:\/\/www.fgautron.com\/weblog\/wp-content\/IMG_0453wm-300x200.jpg 300w, https:\/\/www.fgautron.com\/weblog\/wp-content\/IMG_0453wm-700x467.jpg 700w, https:\/\/www.fgautron.com\/weblog\/wp-content\/IMG_0453wm-1536x1024.jpg 1536w, https:\/\/www.fgautron.com\/weblog\/wp-content\/IMG_0453wm-800x533.jpg 800w\" sizes=\"auto, (max-width: 2000px) 100vw, 2000px\" \/><\/p>\n<p><img loading=\"lazy\" decoding=\"async\" data-attachment-id=\"28706\" data-permalink=\"https:\/\/www.fgautron.com\/weblog\/archives\/2019\/12\/25\/encadrements-de-ciel\/img_0456wm\/\" data-orig-file=\"https:\/\/www.fgautron.com\/weblog\/wp-content\/\/IMG_0456wm.jpg\" data-orig-size=\"2000,1333\" data-comments-opened=\"1\" data-image-meta=\"{&quot;aperture&quot;:&quot;6.3&quot;,&quot;credit&quot;:&quot;&quot;,&quot;camera&quot;:&quot;Canon EOS 50D&quot;,&quot;caption&quot;:&quot;&quot;,&quot;created_timestamp&quot;:&quot;1576426475&quot;,&quot;copyright&quot;:&quot;&quot;,&quot;focal_length&quot;:&quot;17&quot;,&quot;iso&quot;:&quot;250&quot;,&quot;shutter_speed&quot;:&quot;0.01&quot;,&quot;title&quot;:&quot;&quot;,&quot;orientation&quot;:&quot;1&quot;}\" data-image-title=\"IMG_0456wm\" data-image-description=\"\" data-image-caption=\"\" data-large-file=\"https:\/\/www.fgautron.com\/weblog\/wp-content\/\/IMG_0456wm-700x467.jpg\" src=\"https:\/\/www.fgautron.com\/weblog\/wp-content\/\/IMG_0456wm.jpg\" alt=\"\" width=\"2000\" height=\"1333\" class=\"aligncenter size-full wp-image-28706\" srcset=\"https:\/\/www.fgautron.com\/weblog\/wp-content\/IMG_0456wm.jpg 2000w, https:\/\/www.fgautron.com\/weblog\/wp-content\/IMG_0456wm-300x200.jpg 300w, https:\/\/www.fgautron.com\/weblog\/wp-content\/IMG_0456wm-700x467.jpg 700w, https:\/\/www.fgautron.com\/weblog\/wp-content\/IMG_0456wm-1536x1024.jpg 1536w, https:\/\/www.fgautron.com\/weblog\/wp-content\/IMG_0456wm-800x533.jpg 800w\" sizes=\"auto, (max-width: 2000px) 100vw, 2000px\" \/><\/p>\n<p><img loading=\"lazy\" decoding=\"async\" data-attachment-id=\"28707\" data-permalink=\"https:\/\/www.fgautron.com\/weblog\/archives\/2019\/12\/25\/encadrements-de-ciel\/img_0449wm\/\" data-orig-file=\"https:\/\/www.fgautron.com\/weblog\/wp-content\/\/IMG_0449wm.jpg\" data-orig-size=\"2000,1333\" data-comments-opened=\"1\" data-image-meta=\"{&quot;aperture&quot;:&quot;10&quot;,&quot;credit&quot;:&quot;&quot;,&quot;camera&quot;:&quot;Canon EOS 50D&quot;,&quot;caption&quot;:&quot;&quot;,&quot;created_timestamp&quot;:&quot;1576426194&quot;,&quot;copyright&quot;:&quot;&quot;,&quot;focal_length&quot;:&quot;17&quot;,&quot;iso&quot;:&quot;250&quot;,&quot;shutter_speed&quot;:&quot;0.004&quot;,&quot;title&quot;:&quot;&quot;,&quot;orientation&quot;:&quot;1&quot;}\" data-image-title=\"IMG_0449wm\" data-image-description=\"\" data-image-caption=\"\" data-large-file=\"https:\/\/www.fgautron.com\/weblog\/wp-content\/\/IMG_0449wm-700x467.jpg\" src=\"https:\/\/www.fgautron.com\/weblog\/wp-content\/\/IMG_0449wm.jpg\" alt=\"\" width=\"2000\" height=\"1333\" class=\"aligncenter size-full wp-image-28707\" srcset=\"https:\/\/www.fgautron.com\/weblog\/wp-content\/IMG_0449wm.jpg 2000w, https:\/\/www.fgautron.com\/weblog\/wp-content\/IMG_0449wm-300x200.jpg 300w, https:\/\/www.fgautron.com\/weblog\/wp-content\/IMG_0449wm-700x467.jpg 700w, https:\/\/www.fgautron.com\/weblog\/wp-content\/IMG_0449wm-1536x1024.jpg 1536w, https:\/\/www.fgautron.com\/weblog\/wp-content\/IMG_0449wm-800x533.jpg 800w\" sizes=\"auto, (max-width: 2000px) 100vw, 2000px\" \/><\/p>\n<p><img loading=\"lazy\" decoding=\"async\" data-attachment-id=\"28708\" data-permalink=\"https:\/\/www.fgautron.com\/weblog\/archives\/2019\/12\/25\/encadrements-de-ciel\/img_0446wm\/\" data-orig-file=\"https:\/\/www.fgautron.com\/weblog\/wp-content\/\/IMG_0446wm.jpg\" data-orig-size=\"2000,1333\" data-comments-opened=\"1\" data-image-meta=\"{&quot;aperture&quot;:&quot;8&quot;,&quot;credit&quot;:&quot;&quot;,&quot;camera&quot;:&quot;Canon EOS 50D&quot;,&quot;caption&quot;:&quot;&quot;,&quot;created_timestamp&quot;:&quot;1576425646&quot;,&quot;copyright&quot;:&quot;&quot;,&quot;focal_length&quot;:&quot;17&quot;,&quot;iso&quot;:&quot;250&quot;,&quot;shutter_speed&quot;:&quot;0.008&quot;,&quot;title&quot;:&quot;&quot;,&quot;orientation&quot;:&quot;1&quot;}\" data-image-title=\"IMG_0446wm\" data-image-description=\"\" data-image-caption=\"\" data-large-file=\"https:\/\/www.fgautron.com\/weblog\/wp-content\/\/IMG_0446wm-700x467.jpg\" src=\"https:\/\/www.fgautron.com\/weblog\/wp-content\/\/IMG_0446wm.jpg\" alt=\"\" width=\"2000\" height=\"1333\" class=\"aligncenter size-full wp-image-28708\" srcset=\"https:\/\/www.fgautron.com\/weblog\/wp-content\/IMG_0446wm.jpg 2000w, https:\/\/www.fgautron.com\/weblog\/wp-content\/IMG_0446wm-300x200.jpg 300w, https:\/\/www.fgautron.com\/weblog\/wp-content\/IMG_0446wm-700x467.jpg 700w, https:\/\/www.fgautron.com\/weblog\/wp-content\/IMG_0446wm-1536x1024.jpg 1536w, https:\/\/www.fgautron.com\/weblog\/wp-content\/IMG_0446wm-800x533.jpg 800w\" sizes=\"auto, (max-width: 2000px) 100vw, 2000px\" \/><\/p>\n<p><img loading=\"lazy\" decoding=\"async\" data-attachment-id=\"28767\" data-permalink=\"https:\/\/www.fgautron.com\/weblog\/archives\/2019\/12\/25\/encadrements-de-ciel\/img_0441wm\/\" data-orig-file=\"https:\/\/www.fgautron.com\/weblog\/wp-content\/\/IMG_0441wm.jpg\" data-orig-size=\"2000,1333\" data-comments-opened=\"1\" data-image-meta=\"{&quot;aperture&quot;:&quot;7.1&quot;,&quot;credit&quot;:&quot;&quot;,&quot;camera&quot;:&quot;Canon EOS 50D&quot;,&quot;caption&quot;:&quot;&quot;,&quot;created_timestamp&quot;:&quot;1576423982&quot;,&quot;copyright&quot;:&quot;&quot;,&quot;focal_length&quot;:&quot;17&quot;,&quot;iso&quot;:&quot;250&quot;,&quot;shutter_speed&quot;:&quot;0.01&quot;,&quot;title&quot;:&quot;&quot;,&quot;orientation&quot;:&quot;1&quot;}\" data-image-title=\"IMG_0441wm\" data-image-description=\"\" data-image-caption=\"\" data-large-file=\"https:\/\/www.fgautron.com\/weblog\/wp-content\/\/IMG_0441wm-700x467.jpg\" src=\"https:\/\/www.fgautron.com\/weblog\/wp-content\/\/IMG_0441wm.jpg\" alt=\"\" width=\"2000\" height=\"1333\" class=\"aligncenter size-full wp-image-28767\" srcset=\"https:\/\/www.fgautron.com\/weblog\/wp-content\/IMG_0441wm.jpg 2000w, https:\/\/www.fgautron.com\/weblog\/wp-content\/IMG_0441wm-300x200.jpg 300w, https:\/\/www.fgautron.com\/weblog\/wp-content\/IMG_0441wm-700x467.jpg 700w, https:\/\/www.fgautron.com\/weblog\/wp-content\/IMG_0441wm-1536x1024.jpg 1536w, https:\/\/www.fgautron.com\/weblog\/wp-content\/IMG_0441wm-800x533.jpg 800w\" sizes=\"auto, (max-width: 2000px) 100vw, 2000px\" \/><\/p>\n<p><img loading=\"lazy\" decoding=\"async\" data-attachment-id=\"28709\" data-permalink=\"https:\/\/www.fgautron.com\/weblog\/archives\/2019\/12\/25\/encadrements-de-ciel\/img_0454wm\/\" data-orig-file=\"https:\/\/www.fgautron.com\/weblog\/wp-content\/\/IMG_0454wm.jpg\" data-orig-size=\"2000,1333\" data-comments-opened=\"1\" data-image-meta=\"{&quot;aperture&quot;:&quot;7.1&quot;,&quot;credit&quot;:&quot;&quot;,&quot;camera&quot;:&quot;Canon EOS 50D&quot;,&quot;caption&quot;:&quot;&quot;,&quot;created_timestamp&quot;:&quot;1576426389&quot;,&quot;copyright&quot;:&quot;&quot;,&quot;focal_length&quot;:&quot;17&quot;,&quot;iso&quot;:&quot;250&quot;,&quot;shutter_speed&quot;:&quot;0.008&quot;,&quot;title&quot;:&quot;&quot;,&quot;orientation&quot;:&quot;1&quot;}\" data-image-title=\"IMG_0454wm\" data-image-description=\"\" data-image-caption=\"\" data-large-file=\"https:\/\/www.fgautron.com\/weblog\/wp-content\/\/IMG_0454wm-700x467.jpg\" src=\"https:\/\/www.fgautron.com\/weblog\/wp-content\/\/IMG_0454wm.jpg\" alt=\"\" width=\"2000\" height=\"1333\" class=\"aligncenter size-full wp-image-28709\" srcset=\"https:\/\/www.fgautron.com\/weblog\/wp-content\/IMG_0454wm.jpg 2000w, https:\/\/www.fgautron.com\/weblog\/wp-content\/IMG_0454wm-300x200.jpg 300w, https:\/\/www.fgautron.com\/weblog\/wp-content\/IMG_0454wm-700x467.jpg 700w, https:\/\/www.fgautron.com\/weblog\/wp-content\/IMG_0454wm-1536x1024.jpg 1536w, https:\/\/www.fgautron.com\/weblog\/wp-content\/IMG_0454wm-800x533.jpg 800w\" sizes=\"auto, (max-width: 2000px) 100vw, 2000px\" \/><\/p>\n<p>Nous ne passons que tr\u00e8s rapidement \u00e0 Yurakucho et Ginza quelques jours avant No\u00ebl, mais je prends quand m\u00eame le temps de prendre quelques photographies en passant dans les rues parmi la foule. La difficult\u00e9 est de ne pas perdre Mari de vue lorsque je m\u2019arr\u00eate quelques dizaines de secondes pour prendre une photographie, sans g\u00eaner les gens qui marchent derri\u00e8re moi. Parfois il faut regarder le ciel pour trouver de nouvelles id\u00e9es photos comme sur les deux photographies qui bordent ce billet aux Department Stores Hankyu et Lumine de Yurakucho. J\u2019aime beaucoup ces passerelles en hauteur reliant deux buildings, qui contribuent \u00e0 la complexit\u00e9 de l\u2019urbanisme tokyo\u00efte. Cela donne une id\u00e9e de ville \u00e0 plusieurs niveaux, comme on peut en voir dans certaines \u0153uvres graphiques ou cin\u00e9matographiques d\u2019anticipation. Sur l\u2019avant derni\u00e8re photographie, je montre encore le building <a href=\"http:\/\/www.klein-dytham.com\/ginzaplace\/breb443j4hyj40i1k0i04qx4jvnynb\">Ginza Place<\/a> par Klein Dytham Architecture, car sa couleur blanche et son design le d\u00e9tachent franchement du reste du d\u00e9cor de Ginza et rend donc cet immeuble tr\u00e8s photog\u00e9nique. Je suis aussi toujours tent\u00e9 de photographier le building de verre Tokyu Plaza, bien que nous n\u2019y sommes jamais entr\u00e9s. Au m\u00eame croisement, la disparition du vieil immeuble Sony laisse maintenant une vue enti\u00e8re sur l\u2019immeuble de la <a href=\"http:\/\/www.rpbw.com\/project\/maison-hermes\">Maison Herm\u00e8s<\/a> par Renzo Piano, qui reste une des architectures iconiques du quartier.<\/p>\n<p><img loading=\"lazy\" decoding=\"async\" data-attachment-id=\"28734\" data-permalink=\"https:\/\/www.fgautron.com\/weblog\/archives\/2019\/12\/28\/daikan-1\/img_0536wm-2\/\" data-orig-file=\"https:\/\/www.fgautron.com\/weblog\/wp-content\/\/IMG_0536wm-1.jpg\" data-orig-size=\"2000,1333\" data-comments-opened=\"1\" data-image-meta=\"{&quot;aperture&quot;:&quot;7.1&quot;,&quot;credit&quot;:&quot;&quot;,&quot;camera&quot;:&quot;Canon EOS 50D&quot;,&quot;caption&quot;:&quot;&quot;,&quot;created_timestamp&quot;:&quot;1577007756&quot;,&quot;copyright&quot;:&quot;&quot;,&quot;focal_length&quot;:&quot;17&quot;,&quot;iso&quot;:&quot;320&quot;,&quot;shutter_speed&quot;:&quot;0.008&quot;,&quot;title&quot;:&quot;&quot;,&quot;orientation&quot;:&quot;1&quot;}\" data-image-title=\"IMG_0536wm\" data-image-description=\"\" data-image-caption=\"\" data-large-file=\"https:\/\/www.fgautron.com\/weblog\/wp-content\/\/IMG_0536wm-1-700x467.jpg\" src=\"https:\/\/www.fgautron.com\/weblog\/wp-content\/\/IMG_0536wm-1.jpg\" alt=\"\" width=\"2000\" height=\"1333\" class=\"aligncenter size-full wp-image-28734\" srcset=\"https:\/\/www.fgautron.com\/weblog\/wp-content\/IMG_0536wm-1.jpg 2000w, https:\/\/www.fgautron.com\/weblog\/wp-content\/IMG_0536wm-1-300x200.jpg 300w, https:\/\/www.fgautron.com\/weblog\/wp-content\/IMG_0536wm-1-700x467.jpg 700w, https:\/\/www.fgautron.com\/weblog\/wp-content\/IMG_0536wm-1-1536x1024.jpg 1536w, https:\/\/www.fgautron.com\/weblog\/wp-content\/IMG_0536wm-1-800x533.jpg 800w\" sizes=\"auto, (max-width: 2000px) 100vw, 2000px\" \/><\/p>\n<p>Je ne sais pas si les visiteurs les plus assidus de Made in Tokyo ont remarqu\u00e9, mais j\u2019ai modifi\u00e9 la r\u00e9solution de certaines photographies montr\u00e9es sur les billets de ces derni\u00e8res semaines. En fait, depuis que j\u2019ai migr\u00e9 mon iMac sous le dernier macOS Catalina, les applications anciennes en 32bits ne fonctionnent plus. Le Photoshop que j\u2019utilisais jusqu\u2019\u00e0 maintenant \u00e9tait une vieille version 32bits d\u00e9mod\u00e9e mais qui r\u00e9pondait suffisamment \u00e0 mes besoins. Elle ne fonctionne donc plus sur le nouvel OS. J\u2019h\u00e9site encore \u00e0 passer sur la derni\u00e8re version de Photoshop car je n\u2019aime pas trop le mod\u00e8le de suscription Creative Cloud qui oblige \u00e0 payer tous les mois (ou ans) sans quoi on ne peut plus utiliser l\u2019application. Ce type de suscription contient toujours des fonctions qui ne me sont pas n\u00e9cessaires comme un espace disque sur le cloud Adobe. Je l\u2019ai tout de m\u00eame essay\u00e9 pendant les quelques semaines d\u2019essai, mais je me suis aussi souvenu que j\u2019avais achet\u00e9 il y a plusieurs ann\u00e9es une application similaire s\u2019appelant <a href=\"https:\/\/www.pixelmator.com\/mac\/\">Pixelmator<\/a>, qui fonctionne en fait tr\u00e8s bien et ressemble assez \u00e0 Photoshop. J\u2019utilise maintenant principalement cette derni\u00e8re application. Il y avait quand m\u00eame un souci qui me chagrinait depuis cette transition et qui me faisait m\u00eame un peu h\u00e9siter \u00e0 montrer de nouvelles photographies sur le web. Les photographies que je montrais en version web 72dpi et format de 1000px de largeur paraissaient l\u00e9g\u00e8rement floues et manquaient en d\u00e9finition et nettet\u00e9. J\u2019applique cette configuration en dpi et en pixels depuis de nombreuses ann\u00e9es, mais je ne ressentais ce probl\u00e8me de r\u00e9solution que depuis mon passage vers le macOS Catalina et ce nouveau software d\u2019\u00e9dition photographique. En fait, en ouvrant une m\u00eame photographie de 1000px sur Pixelmator (m\u00eame chose sur la derni\u00e8re version de Photoshop) et sur le navigateur web Safari, j\u2019ai vite constat\u00e9 que la photographie apparaissait deux fois plus petite sur l\u2019application photographique par rapport \u00e0 la version web. La version web semblait donc \u00eatre une version agrandie, zoom\u00e9e en quelques sortes, d\u2019o\u00f9 une perte certaine en nettet\u00e9. J\u2019ai d\u2019abord pens\u00e9 que les param\u00e8tres de compression n\u2019\u00e9taient pas corrects quand je sauvegardais les photographies au format JPEG, mais quelques recherches internet m\u2019ont fait comprendre que les nouvelles applications d\u2019\u00e9dition photographique fonctionnaient en haute d\u00e9finition pour s\u2019adapter aux \u00e9crans Retina, ce qui n\u2019\u00e9tait pas le cas de mon vieux Photoshop qui \u00e9tait con\u00e7u en basse r\u00e9solution. Il reste d\u2019ailleurs une option pour faire tourner les applications r\u00e9centes en basse r\u00e9solution mais \u00e7a serait dommage de revenir en arri\u00e8re. Pour palier \u00e0 ce probl\u00e8me, je sauvegarde d\u00e9sormais les photographies JPEG en 2000px de large (le double d\u2019avant)\u00a0mais les affichent ensuite qu\u2019en 1000px de large sur mes pages web (pas de changement). Bien que les photographies soient un peu plus grosses en taille kb, la diff\u00e9rence de d\u00e9finition est tr\u00e8s notable, je trouve. Sans trop exag\u00e9rer, je me sens revivre depuis cette d\u00e9couverte.<\/p>\n<p>J&rsquo;ai encore quelques billets \u00e0 publier avant la fin de l&rsquo;ann\u00e9e, mais en attendant, je souhaite \u00e0 tous les visiteurs de joyeuses f\u00eates.<\/p>\n","protected":false},"excerpt":{"rendered":"<p>Nous ne passons que tr\u00e8s rapidement \u00e0 Yurakucho et Ginza quelques jours avant No\u00ebl, mais je prends quand m\u00eame le temps de prendre quelques photographies en passant dans les rues parmi la foule. La difficult\u00e9 est de ne pas perdre Mari de vue lorsque je m\u2019arr\u00eate quelques dizaines de secondes pour prendre une photographie, sans&#8230;<\/p>\n","protected":false},"author":1,"featured_media":0,"comment_status":"open","ping_status":"open","sticky":false,"template":"","format":"standard","meta":{"_jetpack_memberships_contains_paid_content":false,"footnotes":"","jetpack_publicize_message":"encadrements de ciel: celui qu'on aper\u00e7oit entre les buildings \u00e0 Yurakucho","jetpack_publicize_feature_enabled":true,"jetpack_social_post_already_shared":true,"jetpack_social_options":{"image_generator_settings":{"template":"highway","default_image_id":0,"font":"","enabled":false},"version":2}},"categories":[17,3],"tags":[908,1021,1720,572,523],"class_list":["post-28647","post","type-post","status-publish","format-standard","hentry","category-architecture","category-tokyo","tag-ginza","tag-klein-dytham-architecture","tag-pixelmator","tag-renzo-piano","tag-yurakucho"],"jetpack_publicize_connections":[],"jetpack_featured_media_url":"","jetpack_sharing_enabled":true,"jetpack_likes_enabled":true,"_links":{"self":[{"href":"https:\/\/www.fgautron.com\/weblog\/wp-json\/wp\/v2\/posts\/28647","targetHints":{"allow":["GET"]}}],"collection":[{"href":"https:\/\/www.fgautron.com\/weblog\/wp-json\/wp\/v2\/posts"}],"about":[{"href":"https:\/\/www.fgautron.com\/weblog\/wp-json\/wp\/v2\/types\/post"}],"author":[{"embeddable":true,"href":"https:\/\/www.fgautron.com\/weblog\/wp-json\/wp\/v2\/users\/1"}],"replies":[{"embeddable":true,"href":"https:\/\/www.fgautron.com\/weblog\/wp-json\/wp\/v2\/comments?post=28647"}],"version-history":[{"count":10,"href":"https:\/\/www.fgautron.com\/weblog\/wp-json\/wp\/v2\/posts\/28647\/revisions"}],"predecessor-version":[{"id":28773,"href":"https:\/\/www.fgautron.com\/weblog\/wp-json\/wp\/v2\/posts\/28647\/revisions\/28773"}],"wp:attachment":[{"href":"https:\/\/www.fgautron.com\/weblog\/wp-json\/wp\/v2\/media?parent=28647"}],"wp:term":[{"taxonomy":"category","embeddable":true,"href":"https:\/\/www.fgautron.com\/weblog\/wp-json\/wp\/v2\/categories?post=28647"},{"taxonomy":"post_tag","embeddable":true,"href":"https:\/\/www.fgautron.com\/weblog\/wp-json\/wp\/v2\/tags?post=28647"}],"curies":[{"name":"wp","href":"https:\/\/api.w.org\/{rel}","templated":true}]}}