{"id":2889,"date":"2010-07-09T00:03:06","date_gmt":"2010-07-08T15:03:06","guid":{"rendered":"http:\/\/www.fgautron.com\/weblog\/?p=2889"},"modified":"2012-11-18T00:42:19","modified_gmt":"2012-11-17T15:42:19","slug":"black-lines-on-concrete-and-magnificent-black","status":"publish","type":"post","link":"https:\/\/www.fgautron.com\/weblog\/archives\/2010\/07\/09\/black-lines-on-concrete-and-magnificent-black\/","title":{"rendered":"Black lines on concrete and magnificent black"},"content":{"rendered":"<p><center><a href=\"https:\/\/www.fgautron.com\/weblog\/wp-content\/\/IMG_6924m.jpg\"><img loading=\"lazy\" decoding=\"async\" data-attachment-id=\"2894\" data-permalink=\"https:\/\/www.fgautron.com\/weblog\/archives\/2010\/07\/09\/black-lines-on-concrete-and-magnificent-black\/img_6924m\/\" data-orig-file=\"https:\/\/www.fgautron.com\/weblog\/wp-content\/\/IMG_6924m.jpg\" data-orig-size=\"600,900\" data-comments-opened=\"1\" data-image-meta=\"{&quot;aperture&quot;:&quot;7.1&quot;,&quot;credit&quot;:&quot;&quot;,&quot;camera&quot;:&quot;Canon EOS 50D&quot;,&quot;caption&quot;:&quot;&quot;,&quot;created_timestamp&quot;:&quot;1275217726&quot;,&quot;copyright&quot;:&quot;&quot;,&quot;focal_length&quot;:&quot;20&quot;,&quot;iso&quot;:&quot;250&quot;,&quot;shutter_speed&quot;:&quot;0.004&quot;,&quot;title&quot;:&quot;&quot;}\" data-image-title=\"IMG_6924m\" data-image-description=\"\" data-image-caption=\"\" data-large-file=\"https:\/\/www.fgautron.com\/weblog\/wp-content\/\/IMG_6924m.jpg\" src=\"https:\/\/www.fgautron.com\/weblog\/wp-content\/\/IMG_6924m.jpg\" alt=\"\" title=\"Black lines on concrete\" width=\"600\" height=\"900\" class=\"alignnone size-full wp-image-2894\" srcset=\"https:\/\/www.fgautron.com\/weblog\/wp-content\/IMG_6924m.jpg 600w, https:\/\/www.fgautron.com\/weblog\/wp-content\/IMG_6924m-200x300.jpg 200w\" sizes=\"auto, (max-width: 600px) 100vw, 600px\" \/><\/a><\/center><\/p>\n<p>Les faces cach\u00e9es des buildings, quand elles se r\u00e9v\u00e8lent parfois, quand les immeubles adjacents disparaissent. J&rsquo;\u00e9cris qu&rsquo;il s&rsquo;agit de lignes noires pour les tuyaux parall\u00e8les sur la fa\u00e7ade de b\u00e9ton, mais il s&rsquo;agit en fait d&rsquo;une tuyauterie bleut\u00e9e. La rambarde sur la terrasse est, elle, de couleur rouge vive. J&rsquo;avais d\u00e9j\u00e0 utilis\u00e9 cet immeuble pour une <a href=\"https:\/\/www.fgautron.com\/weblog\/archives\/2007\/07\/12\/urbano-vegetal-7\/\">composition urbano-v\u00e9g\u00e9tale en 2007<\/a>. Ces tuyaux comme des veines irriguent le bloc de b\u00e9ton et le fait vivre.<\/p>\n<p>Sans complexe, je vais passer ci-dessous \u00e0 une oeuvre photographique. Je n&rsquo;instaure pas de hi\u00e9rarchie dans mes billets, c&rsquo;est \u00e0 dire que j&rsquo;aime de temps en temps pr\u00e9senter ce que j&rsquo;aime sans vraiment me soucier de la notori\u00e9t\u00e9 de l&rsquo;auteur (dont je ne suis pas toujours conscient parfois). <a href=\"https:\/\/www.fgautron.com\/weblog\/archives\/2008\/05\/27\/urbano-vegetal-18-et-quelques-liens-photographiques\/\">J&rsquo;avais \u00e9t\u00e9 surpris par une remarque<\/a> alors que j&rsquo;avais juxtapos\u00e9 une photo prise par un blogger et une photographie de photographe reconnu. Le blogger \u00e9tait surpris d&rsquo;\u00eatre associ\u00e9, par proximit\u00e9, \u00e0 cet autre photographe. C&rsquo;\u00e9tait il y  quelques ann\u00e9es mais j&rsquo;ai toujours gard\u00e9 cette remarque en t\u00eate. De la m\u00eame fa\u00e7on, je ne m&rsquo;impose pas de contraintes \u00e0 montrer sur un m\u00eame billet, une de mes photos suivie de celles d&rsquo;un livre photographique magnifique. Sans pour autant essayer d&rsquo;\u00e9tablir une comparaison, bien entendu.<\/p>\n<p><center><img loading=\"lazy\" decoding=\"async\" data-attachment-id=\"2891\" data-permalink=\"https:\/\/www.fgautron.com\/weblog\/archives\/2010\/07\/09\/black-lines-on-concrete-and-magnificent-black\/dazaifu\/\" data-orig-file=\"https:\/\/www.fgautron.com\/weblog\/wp-content\/\/dazaifu.jpg\" data-orig-size=\"600,227\" data-comments-opened=\"1\" data-image-meta=\"{&quot;aperture&quot;:&quot;0&quot;,&quot;credit&quot;:&quot;&quot;,&quot;camera&quot;:&quot;&quot;,&quot;caption&quot;:&quot;&quot;,&quot;created_timestamp&quot;:&quot;0&quot;,&quot;copyright&quot;:&quot;&quot;,&quot;focal_length&quot;:&quot;0&quot;,&quot;iso&quot;:&quot;0&quot;,&quot;shutter_speed&quot;:&quot;0&quot;,&quot;title&quot;:&quot;&quot;}\" data-image-title=\"dazaifu\" data-image-description=\"\" data-image-caption=\"\" data-large-file=\"https:\/\/www.fgautron.com\/weblog\/wp-content\/\/dazaifu.jpg\" src=\"https:\/\/www.fgautron.com\/weblog\/wp-content\/\/dazaifu.jpg\" alt=\"\" title=\"dazaifu\" width=\"600\" height=\"227\" class=\"alignnone size-full wp-image-2891\" srcset=\"https:\/\/www.fgautron.com\/weblog\/wp-content\/dazaifu.jpg 600w, https:\/\/www.fgautron.com\/weblog\/wp-content\/dazaifu-300x113.jpg 300w\" sizes=\"auto, (max-width: 600px) 100vw, 600px\" \/><\/center><\/p>\n<p>La premi\u00e8re fois, j&rsquo;\u00e9tais intrigu\u00e9 lorsque j&rsquo;ai aper\u00e7u et feuillet\u00e9 ce livre La deuxi\u00e8me fois, la fascination a commenc\u00e9 \u00e0 prendre et le d\u00e9sir de l&rsquo;acheter s&rsquo;est fait irr\u00e9sistible il y a quelques jours dans une librairie de Roppongi (Aoyama Book center pour ne pas nommer).<\/p>\n<p><a href=\"http:\/\/www.dazaifutenmangu.or.jp\/\">Dazaifu Tenmangu<\/a> est un sanctaire paisible pr\u00e8s de Fukuoka. Il fut construit en l&rsquo;an 905 en m\u00e9moire de Michizane Sugawara, un homme de lettres et officiel de haut rang de l&rsquo;Empereur \u00e0 l&rsquo;\u00e9poque Heian, en exile \u00e0 Dazaifu. Le sanctuaire poss\u00e8de un mus\u00e9e d&rsquo;objets anciens et une petite galerie \u00e0 l&rsquo;int\u00e9rieur. La volont\u00e9 du jeune pr\u00eatre shint\u00f4 du sanctuaire, Nobuhiro Nishitakatsuji, de conjuguer pr\u00e9sent et pass\u00e9 l&rsquo;a conduit \u00e0 mettre un place un programme d&rsquo;art contemporain dans cette petite galerie. Il commissionna ainsi la photographe <a href=\"http:\/\/www.taronasugallery.com\/art\/maiko_haruki\/career_e.html\">Maiko Haruki<\/a>. Elle passa 2 semaines dans le sanctuaire et ses environs bois\u00e9es \u00e0 prendre une s\u00e9rie de photos pr\u00e9sent\u00e9es ensuite dans la galerie sous le nom Unify. C&rsquo;\u00e9tait en 2007. Cette s\u00e9rie de photographies est disponible depuis quelques ann\u00e9es dans un recueil, <a href=\"http:\/\/www.taronasugallery.com\/pub\/pub_index_e.html\">Dazaifu<\/a>, distribu\u00e9 par la galerie <a href=\"http:\/\/www.taronasugallery.com\/\">Taro Nasu<\/a>. <a href=\"http:\/\/www.taronasugallery.com\/art\/maiko_haruki\/work_e.html\">Maiko Haruki<\/a> recevra des mains de l&rsquo;architecte Toyo Ito le prix du jury au Mori Art Museum de Roppongi, lors de l&rsquo;exposition collective <a href=\"http:\/\/www.mori.art.museum\/english\/contents\/roppongix02\/prize\/index.html\">Roppongi Crossing 2007<\/a>. En guise de pr\u00e9face, Toyo Ito \u00e9crit:<\/p>\n<blockquote><p>\u767d\u3044\u95c7\u3001\u9ed2\u3044\u95c7\u3001\u6625\u6728\u9ebb\u8863\u5b50\u306e\u95c7\u306f\u4e16\u754c\u3092\u67d4\u3089\u304b\u304f\u5305\u3093\u3067\u6eb6\u304b\u3057\u53bb\u308b\u3001\u7518\u7f8e\u3067\u6df1\u3044\u95c7\u3002\u3002\u3002<\/p><\/blockquote>\n<p>J&rsquo;avoue que c&rsquo;est difficile \u00e0 traduire mais Toyo Ito nous parle de la repr\u00e9sentation de l&rsquo;obscurit\u00e9 que nous donne Maiko Haruki, une obscurit\u00e9 claire et sombre, qui fait fondre le monde dans une douce enveloppe, une obscurit\u00e9 profonde et douce.<\/p>\n<p>Il se d\u00e9gage des photographies de ce recueil une beaut\u00e9 ind\u00e9finissable et une grande po\u00e9sie. Il se compose de plusieurs parties, autour du sanctuaire principal Honden, dans les espaces bois\u00e9s et rocailleux aux alentours ou encore lors de processions. Toutes les photos s&rsquo;articulent autour de surfaces sombres voire compl\u00e8tement noires, parfois inqui\u00e9tantes mais toujours \u00e0 la fois puissantes et fragiles, une ligne floue faisant la s\u00e9paration entre ces surfaces sombres et celles claires d&rsquo;un ciel bleut\u00e9 nuageux. Cette ligne floue et fondante, l&rsquo;enveloppe, attire l&rsquo;oeil en premier lieu. On s&rsquo;aventure ensuite dans les surfaces sombres. Ces surfaces noires et profondes sont r\u00e9ellement fascinantes et apparaissent sur beaucoup de photos comme des masses omnipr\u00e9sentes qui couvrent pratiquement tout l&rsquo;espace mais laissent parfois un peu de place \u00e0 des d\u00e9tails fragiles: des branchages qui s&rsquo;\u00e9chappent, des d\u00e9tails et motifs du sanctuaire, une pr\u00e9sence humaine dont on devine les corps.<\/p>\n<p>Sur un th\u00e8me diff\u00e9rent, mais \u00e9galement bas\u00e9 sur un concept unique fort, je rapproche Dazaifu d&rsquo;un autre livre de photographies qui m&rsquo;a aussi beaucoup touch\u00e9, <a href=\"https:\/\/www.fgautron.com\/weblog\/archives\/2005\/08\/25\/nami\/\">Nami<\/a> de <a href=\"http:\/\/kajii.icca.jp\/index3.html\">Syoin Kajii<\/a>, moine bouddhiste et photographe sur l&rsquo;\u00eele de Sadogashima.<\/p>\n","protected":false},"excerpt":{"rendered":"<p>Les faces cach\u00e9es des buildings, quand elles se r\u00e9v\u00e8lent parfois, quand les immeubles adjacents disparaissent. J&rsquo;\u00e9cris qu&rsquo;il s&rsquo;agit de lignes noires pour les tuyaux parall\u00e8les sur la fa\u00e7ade de b\u00e9ton, mais il s&rsquo;agit en fait d&rsquo;une tuyauterie bleut\u00e9e. La rambarde sur la terrasse est, elle, de couleur rouge vive. J&rsquo;avais d\u00e9j\u00e0 utilis\u00e9 cet immeuble pour&#8230;<\/p>\n","protected":false},"author":1,"featured_media":0,"comment_status":"open","ping_status":"open","sticky":false,"template":"","format":"standard","meta":{"_jetpack_memberships_contains_paid_content":false,"footnotes":"","jetpack_publicize_message":"","jetpack_publicize_feature_enabled":true,"jetpack_social_post_already_shared":false,"jetpack_social_options":{"image_generator_settings":{"template":"highway","default_image_id":0,"font":"","enabled":false},"version":2}},"categories":[6,15,3],"tags":[177,178,179],"class_list":["post-2889","post","type-post","status-publish","format-standard","hentry","category-art","category-livres","category-tokyo","tag-dazaifu","tag-maiko-haruki","tag-toyo-ito"],"jetpack_publicize_connections":[],"jetpack_featured_media_url":"","jetpack_sharing_enabled":true,"jetpack_likes_enabled":true,"_links":{"self":[{"href":"https:\/\/www.fgautron.com\/weblog\/wp-json\/wp\/v2\/posts\/2889","targetHints":{"allow":["GET"]}}],"collection":[{"href":"https:\/\/www.fgautron.com\/weblog\/wp-json\/wp\/v2\/posts"}],"about":[{"href":"https:\/\/www.fgautron.com\/weblog\/wp-json\/wp\/v2\/types\/post"}],"author":[{"embeddable":true,"href":"https:\/\/www.fgautron.com\/weblog\/wp-json\/wp\/v2\/users\/1"}],"replies":[{"embeddable":true,"href":"https:\/\/www.fgautron.com\/weblog\/wp-json\/wp\/v2\/comments?post=2889"}],"version-history":[{"count":34,"href":"https:\/\/www.fgautron.com\/weblog\/wp-json\/wp\/v2\/posts\/2889\/revisions"}],"predecessor-version":[{"id":7198,"href":"https:\/\/www.fgautron.com\/weblog\/wp-json\/wp\/v2\/posts\/2889\/revisions\/7198"}],"wp:attachment":[{"href":"https:\/\/www.fgautron.com\/weblog\/wp-json\/wp\/v2\/media?parent=2889"}],"wp:term":[{"taxonomy":"category","embeddable":true,"href":"https:\/\/www.fgautron.com\/weblog\/wp-json\/wp\/v2\/categories?post=2889"},{"taxonomy":"post_tag","embeddable":true,"href":"https:\/\/www.fgautron.com\/weblog\/wp-json\/wp\/v2\/tags?post=2889"}],"curies":[{"name":"wp","href":"https:\/\/api.w.org\/{rel}","templated":true}]}}