{"id":28973,"date":"2020-01-22T22:44:56","date_gmt":"2020-01-22T13:44:56","guid":{"rendered":"https:\/\/www.fgautron.com\/weblog\/?p=28973"},"modified":"2022-04-09T20:10:54","modified_gmt":"2022-04-09T11:10:54","slug":"a-labri-des-regards","status":"publish","type":"post","link":"https:\/\/www.fgautron.com\/weblog\/archives\/2020\/01\/22\/a-labri-des-regards\/","title":{"rendered":"\u00e0 l&rsquo;abri des regards"},"content":{"rendered":"<p><img loading=\"lazy\" decoding=\"async\" data-attachment-id=\"28974\" data-permalink=\"https:\/\/www.fgautron.com\/weblog\/archives\/2020\/01\/22\/a-labri-des-regards\/img_0846wm\/\" data-orig-file=\"https:\/\/www.fgautron.com\/weblog\/wp-content\/\/IMG_0846wm.jpg\" data-orig-size=\"2000,1333\" data-comments-opened=\"1\" data-image-meta=\"{&quot;aperture&quot;:&quot;8&quot;,&quot;credit&quot;:&quot;&quot;,&quot;camera&quot;:&quot;Canon EOS 50D&quot;,&quot;caption&quot;:&quot;&quot;,&quot;created_timestamp&quot;:&quot;1578230218&quot;,&quot;copyright&quot;:&quot;&quot;,&quot;focal_length&quot;:&quot;17&quot;,&quot;iso&quot;:&quot;320&quot;,&quot;shutter_speed&quot;:&quot;0.008&quot;,&quot;title&quot;:&quot;&quot;,&quot;orientation&quot;:&quot;1&quot;}\" data-image-title=\"IMG_0846wm\" data-image-description=\"\" data-image-caption=\"\" data-large-file=\"https:\/\/www.fgautron.com\/weblog\/wp-content\/\/IMG_0846wm-700x467.jpg\" src=\"https:\/\/www.fgautron.com\/weblog\/wp-content\/\/IMG_0846wm.jpg\" alt=\"\" width=\"2000\" height=\"1333\" class=\"aligncenter size-full wp-image-28974\" srcset=\"https:\/\/www.fgautron.com\/weblog\/wp-content\/IMG_0846wm.jpg 2000w, https:\/\/www.fgautron.com\/weblog\/wp-content\/IMG_0846wm-300x200.jpg 300w, https:\/\/www.fgautron.com\/weblog\/wp-content\/IMG_0846wm-700x467.jpg 700w, https:\/\/www.fgautron.com\/weblog\/wp-content\/IMG_0846wm-1536x1024.jpg 1536w, https:\/\/www.fgautron.com\/weblog\/wp-content\/IMG_0846wm-800x533.jpg 800w\" sizes=\"auto, (max-width: 2000px) 100vw, 2000px\" \/><\/p>\n<p><img loading=\"lazy\" decoding=\"async\" data-attachment-id=\"28975\" data-permalink=\"https:\/\/www.fgautron.com\/weblog\/archives\/2020\/01\/22\/a-labri-des-regards\/img_0842wm\/\" data-orig-file=\"https:\/\/www.fgautron.com\/weblog\/wp-content\/\/IMG_0842wm.jpg\" data-orig-size=\"2000,1333\" data-comments-opened=\"1\" data-image-meta=\"{&quot;aperture&quot;:&quot;8&quot;,&quot;credit&quot;:&quot;&quot;,&quot;camera&quot;:&quot;Canon EOS 50D&quot;,&quot;caption&quot;:&quot;&quot;,&quot;created_timestamp&quot;:&quot;1578230049&quot;,&quot;copyright&quot;:&quot;&quot;,&quot;focal_length&quot;:&quot;17&quot;,&quot;iso&quot;:&quot;250&quot;,&quot;shutter_speed&quot;:&quot;0.008&quot;,&quot;title&quot;:&quot;&quot;,&quot;orientation&quot;:&quot;1&quot;}\" data-image-title=\"IMG_0842wm\" data-image-description=\"\" data-image-caption=\"\" data-large-file=\"https:\/\/www.fgautron.com\/weblog\/wp-content\/\/IMG_0842wm-700x467.jpg\" src=\"https:\/\/www.fgautron.com\/weblog\/wp-content\/\/IMG_0842wm.jpg\" alt=\"\" width=\"2000\" height=\"1333\" class=\"aligncenter size-full wp-image-28975\" srcset=\"https:\/\/www.fgautron.com\/weblog\/wp-content\/IMG_0842wm.jpg 2000w, https:\/\/www.fgautron.com\/weblog\/wp-content\/IMG_0842wm-300x200.jpg 300w, https:\/\/www.fgautron.com\/weblog\/wp-content\/IMG_0842wm-700x467.jpg 700w, https:\/\/www.fgautron.com\/weblog\/wp-content\/IMG_0842wm-1536x1024.jpg 1536w, https:\/\/www.fgautron.com\/weblog\/wp-content\/IMG_0842wm-800x533.jpg 800w\" sizes=\"auto, (max-width: 2000px) 100vw, 2000px\" \/><\/p>\n<p><img loading=\"lazy\" decoding=\"async\" data-attachment-id=\"28976\" data-permalink=\"https:\/\/www.fgautron.com\/weblog\/archives\/2020\/01\/22\/a-labri-des-regards\/img_0887wm\/\" data-orig-file=\"https:\/\/www.fgautron.com\/weblog\/wp-content\/\/IMG_0887wm.jpg\" data-orig-size=\"2000,1333\" data-comments-opened=\"1\" data-image-meta=\"{&quot;aperture&quot;:&quot;11&quot;,&quot;credit&quot;:&quot;&quot;,&quot;camera&quot;:&quot;Canon EOS 50D&quot;,&quot;caption&quot;:&quot;&quot;,&quot;created_timestamp&quot;:&quot;1578748199&quot;,&quot;copyright&quot;:&quot;&quot;,&quot;focal_length&quot;:&quot;29&quot;,&quot;iso&quot;:&quot;320&quot;,&quot;shutter_speed&quot;:&quot;0.003125&quot;,&quot;title&quot;:&quot;&quot;,&quot;orientation&quot;:&quot;1&quot;}\" data-image-title=\"IMG_0887wm\" data-image-description=\"\" data-image-caption=\"\" data-large-file=\"https:\/\/www.fgautron.com\/weblog\/wp-content\/\/IMG_0887wm-700x467.jpg\" src=\"https:\/\/www.fgautron.com\/weblog\/wp-content\/\/IMG_0887wm.jpg\" alt=\"\" width=\"2000\" height=\"1333\" class=\"aligncenter size-full wp-image-28976\" srcset=\"https:\/\/www.fgautron.com\/weblog\/wp-content\/IMG_0887wm.jpg 2000w, https:\/\/www.fgautron.com\/weblog\/wp-content\/IMG_0887wm-300x200.jpg 300w, https:\/\/www.fgautron.com\/weblog\/wp-content\/IMG_0887wm-700x467.jpg 700w, https:\/\/www.fgautron.com\/weblog\/wp-content\/IMG_0887wm-1536x1024.jpg 1536w, https:\/\/www.fgautron.com\/weblog\/wp-content\/IMG_0887wm-800x533.jpg 800w\" sizes=\"auto, (max-width: 2000px) 100vw, 2000px\" \/><\/p>\n<p><img loading=\"lazy\" decoding=\"async\" data-attachment-id=\"28977\" data-permalink=\"https:\/\/www.fgautron.com\/weblog\/archives\/2020\/01\/22\/a-labri-des-regards\/img_0789wm\/\" data-orig-file=\"https:\/\/www.fgautron.com\/weblog\/wp-content\/\/IMG_0789wm.jpg\" data-orig-size=\"2000,1333\" data-comments-opened=\"1\" data-image-meta=\"{&quot;aperture&quot;:&quot;9&quot;,&quot;credit&quot;:&quot;&quot;,&quot;camera&quot;:&quot;Canon EOS 50D&quot;,&quot;caption&quot;:&quot;&quot;,&quot;created_timestamp&quot;:&quot;1578227377&quot;,&quot;copyright&quot;:&quot;&quot;,&quot;focal_length&quot;:&quot;31&quot;,&quot;iso&quot;:&quot;250&quot;,&quot;shutter_speed&quot;:&quot;0.005&quot;,&quot;title&quot;:&quot;&quot;,&quot;orientation&quot;:&quot;1&quot;}\" data-image-title=\"IMG_0789wm\" data-image-description=\"\" data-image-caption=\"\" data-large-file=\"https:\/\/www.fgautron.com\/weblog\/wp-content\/\/IMG_0789wm-700x467.jpg\" src=\"https:\/\/www.fgautron.com\/weblog\/wp-content\/\/IMG_0789wm.jpg\" alt=\"\" width=\"2000\" height=\"1333\" class=\"aligncenter size-full wp-image-28977\" srcset=\"https:\/\/www.fgautron.com\/weblog\/wp-content\/IMG_0789wm.jpg 2000w, https:\/\/www.fgautron.com\/weblog\/wp-content\/IMG_0789wm-300x200.jpg 300w, https:\/\/www.fgautron.com\/weblog\/wp-content\/IMG_0789wm-700x467.jpg 700w, https:\/\/www.fgautron.com\/weblog\/wp-content\/IMG_0789wm-1536x1024.jpg 1536w, https:\/\/www.fgautron.com\/weblog\/wp-content\/IMG_0789wm-800x533.jpg 800w\" sizes=\"auto, (max-width: 2000px) 100vw, 2000px\" \/><\/p>\n<p><img loading=\"lazy\" decoding=\"async\" data-attachment-id=\"28978\" data-permalink=\"https:\/\/www.fgautron.com\/weblog\/archives\/2020\/01\/22\/a-labri-des-regards\/img_0861wm\/\" data-orig-file=\"https:\/\/www.fgautron.com\/weblog\/wp-content\/\/IMG_0861wm.jpg\" data-orig-size=\"2000,1333\" data-comments-opened=\"1\" data-image-meta=\"{&quot;aperture&quot;:&quot;8&quot;,&quot;credit&quot;:&quot;&quot;,&quot;camera&quot;:&quot;Canon EOS 50D&quot;,&quot;caption&quot;:&quot;&quot;,&quot;created_timestamp&quot;:&quot;1578231186&quot;,&quot;copyright&quot;:&quot;&quot;,&quot;focal_length&quot;:&quot;40&quot;,&quot;iso&quot;:&quot;320&quot;,&quot;shutter_speed&quot;:&quot;0.004&quot;,&quot;title&quot;:&quot;&quot;,&quot;orientation&quot;:&quot;1&quot;}\" data-image-title=\"IMG_0861wm\" data-image-description=\"\" data-image-caption=\"\" data-large-file=\"https:\/\/www.fgautron.com\/weblog\/wp-content\/\/IMG_0861wm-700x467.jpg\" src=\"https:\/\/www.fgautron.com\/weblog\/wp-content\/\/IMG_0861wm.jpg\" alt=\"\" width=\"2000\" height=\"1333\" class=\"aligncenter size-full wp-image-28978\" srcset=\"https:\/\/www.fgautron.com\/weblog\/wp-content\/IMG_0861wm.jpg 2000w, https:\/\/www.fgautron.com\/weblog\/wp-content\/IMG_0861wm-300x200.jpg 300w, https:\/\/www.fgautron.com\/weblog\/wp-content\/IMG_0861wm-700x467.jpg 700w, https:\/\/www.fgautron.com\/weblog\/wp-content\/IMG_0861wm-1536x1024.jpg 1536w, https:\/\/www.fgautron.com\/weblog\/wp-content\/IMG_0861wm-800x533.jpg 800w\" sizes=\"auto, (max-width: 2000px) 100vw, 2000px\" \/><\/p>\n<p>Apr\u00e8s mon passage au nouveau stade olympique, je continue \u00e0 marcher sans arr\u00eat jusqu\u2019\u00e0 Jingumae. Il y a encore des rues que je connais pas car je n\u2019avais jamais vu ce grand graph d\u2019un personnage f\u00e9minin masqu\u00e9 \u00e0 l\u2019abri des regards. En fait, j\u2019avais d\u00e9j\u00e0 vu cette illustration g\u00e9ante en photo sur un blog qui montrait une s\u00e9rie de graffitis \u00e0 Tokyo. Je suis content de tomber dessus par hasard, bien qu\u2019un autre graffeur s\u2019est permis d\u2019\u00e9crire des inscriptions inutiles par dessus. C\u2019est dommage mais on sait tr\u00e8s bien que ces illustrations sont \u00e9ph\u00e9m\u00e8res. D\u2019ailleurs, j\u2019aurais vraiment voulu voir la <a href=\"http:\/\/www.tsuchinoko.fr\/tcnk\/blog\/am-i-a-star-in-shibuya\/\">geisha dessin\u00e9e par Tsuchinoko<\/a> \u00e0 Shibuya mais \u00e7a fait bien longtemps qu\u2019elle a disparu. J\u2019aurais aussi voulu voir le dessin gigantesque du lutteur de <a href=\"http:\/\/www.spoon-tamago.com\/2016\/06\/09\/explore-the-street-art-and-murals-of-tokyos-tennozu-isle\/\">sumo Honda de Street Fighter 2<\/a> sur la fa\u00e7ade de m\u00e9tal d\u2019un entrep\u00f4t \u00e0 Tennozu Isle, mais il avait d\u00e9j\u00e0 disparu quand j\u2019y \u00e9tais pass\u00e9. Proche de ce graffiti g\u00e9ant \u00e0 Jingumae, je reprends en photo les blocs superpos\u00e9s de la Villa Bianca con\u00e7ue par Eiji Horita. Elle tient relativement bien le coup malgr\u00e9 les ann\u00e9es mais des travaux qui l\u2019entourent laissent imaginer le pire. La derni\u00e8re photographie montre la fa\u00e7ade en branchages bien connue du building Tod\u2019s par Toyo Ito. Cet immeuble est aussi \u00e9l\u00e9gant dans son int\u00e9gralit\u00e9 qu\u2019il l\u2019est dans les d\u00e9tails. Les formes asym\u00e9triques en b\u00e9ton imitant celles des branches des arbres zelkova plant\u00e9s devant sur l\u2019avenue d\u2019Omotesando, et l\u2019ajustement parfait du verre surtout sur les ar\u00eates font de cette architecture un plaisir pour les yeux et pour le photographe. J\u2019aime beaucoup cette surface composite au point de l\u2019avoir utilis\u00e9e en la combinant avec une de mes formes organiques futuristes FuturOrga pour mon logo actuel sur les r\u00e9seaux sociaux.<\/p>\n<p><img loading=\"lazy\" decoding=\"async\" data-attachment-id=\"29027\" data-permalink=\"https:\/\/www.fgautron.com\/weblog\/archives\/2020\/01\/22\/a-labri-des-regards\/img_0683-2\/\" data-orig-file=\"https:\/\/www.fgautron.com\/weblog\/wp-content\/\/IMG_0683-1.jpg\" data-orig-size=\"2000,1414\" data-comments-opened=\"1\" data-image-meta=\"{&quot;aperture&quot;:&quot;0&quot;,&quot;credit&quot;:&quot;&quot;,&quot;camera&quot;:&quot;&quot;,&quot;caption&quot;:&quot;&quot;,&quot;created_timestamp&quot;:&quot;0&quot;,&quot;copyright&quot;:&quot;&quot;,&quot;focal_length&quot;:&quot;0&quot;,&quot;iso&quot;:&quot;0&quot;,&quot;shutter_speed&quot;:&quot;0&quot;,&quot;title&quot;:&quot;&quot;,&quot;orientation&quot;:&quot;1&quot;}\" data-image-title=\"IMG_0683\" data-image-description=\"\" data-image-caption=\"\" data-large-file=\"https:\/\/www.fgautron.com\/weblog\/wp-content\/\/IMG_0683-1-700x495.jpg\" src=\"https:\/\/www.fgautron.com\/weblog\/wp-content\/\/IMG_0683-1.jpg\" alt=\"\" width=\"2000\" height=\"1414\" class=\"aligncenter size-full wp-image-29027\" srcset=\"https:\/\/www.fgautron.com\/weblog\/wp-content\/IMG_0683-1.jpg 2000w, https:\/\/www.fgautron.com\/weblog\/wp-content\/IMG_0683-1-300x212.jpg 300w, https:\/\/www.fgautron.com\/weblog\/wp-content\/IMG_0683-1-700x495.jpg 700w, https:\/\/www.fgautron.com\/weblog\/wp-content\/IMG_0683-1-1536x1086.jpg 1536w, https:\/\/www.fgautron.com\/weblog\/wp-content\/IMG_0683-1-800x566.jpg 800w\" sizes=\"auto, (max-width: 2000px) 100vw, 2000px\" \/><\/p>\n<p>On attendait une nouvelle composition de Haru Nemuri \u6625\u306d\u3080\u308a depuis un petit moment, plus d\u2019un an en fait car son dernier single depuis son album <a href=\"https:\/\/www.fgautron.com\/weblog\/archives\/2018\/08\/04\/l7ete3\/\">Haru to Shura<\/a> \u6625\u3068\u4fee\u7f85 date de septembre 2018. C\u2019\u00e9tait le tr\u00e8s d\u00e9tonant <a href=\"https:\/\/www.fgautron.com\/weblog\/archives\/2018\/09\/02\/\u65b0\u5bbf37c\/\">Kick in the World<\/a>. Son ann\u00e9e 2019 \u00e9tait plut\u00f4t consacr\u00e9e \u00e0 tourner, notamment \u00e0 l\u2019\u00e9tranger o\u00f9 elle est plus populaire dans les milieux qui savent que dans son propre pays. Elle passera m\u00eame cette ann\u00e9e au festival am\u00e9ricain <a href=\"https:\/\/schedule.sxsw.com\/2020\/artists\/2021384\">South by Southwest SXSW<\/a> d\u2019Austin au Texas et prolongera avec une petite tourn\u00e9e am\u00e9ricaine. J\u2019\u00e9tais tr\u00e8s curieux d\u2019entendre ce qu\u2019allait donner son nouveau morceau <a href=\"https:\/\/www.youtube.com\/watch?v=v-CML7Afw_o\">Fanfare<\/a> \u30d5\u30a1\u30f3\u30d5\u30a1\u30fc\u30ec, sorti le jour de son anniversaire le 10 janvier. Le style ne change pas beaucoup car on retrouve son phras\u00e9 mi parl\u00e9 mi chant\u00e9 m\u00e9langeant habilement po\u00e9sie et rap. La musique qui accompagne ses paroles prend par contre un peu plus d\u2019ampleur et accueille des cuivres, comme le titre pouvait nous le faire deviner. Le ton surprend au d\u00e9but mais l\u2019ensemble est coh\u00e9rent et fonctionne tr\u00e8s bien. \u00c0 vrai dire, j\u2019avais un peu peur qu\u2019elle finisse par se r\u00e9p\u00e9ter stylistiquement en ne parvenant pas \u00e0 s\u2019\u00e9chapper de la force de son album Haru to Shura, mais elle prouve finalement le contraire, en bifurquant l\u00e9g\u00e8rement tout en gardant sa marque de fabrique qui reste tr\u00e8s originale, \u00e0 ma connaissance au moins, dans le monde musical alternatif japonais. On pourra peut \u00eatre esp\u00e9rer un nouvel album cette ann\u00e9e.<\/p>\n","protected":false},"excerpt":{"rendered":"<p>Apr\u00e8s mon passage au nouveau stade olympique, je continue \u00e0 marcher sans arr\u00eat jusqu\u2019\u00e0 Jingumae. Il y a encore des rues que je connais pas car je n\u2019avais jamais vu ce grand graph d\u2019un personnage f\u00e9minin masqu\u00e9 \u00e0 l\u2019abri des regards. En fait, j\u2019avais d\u00e9j\u00e0 vu cette illustration g\u00e9ante en photo sur un blog qui&#8230;<\/p>\n","protected":false},"author":1,"featured_media":0,"comment_status":"open","ping_status":"open","sticky":false,"template":"","format":"standard","meta":{"_jetpack_memberships_contains_paid_content":false,"footnotes":"","jetpack_publicize_message":"\u00e0 l'abri des regards: \u00e0 Jingumae et en musique avec le nouveau single Fanfare de @haru_nemuri","jetpack_publicize_feature_enabled":true,"jetpack_social_post_already_shared":true,"jetpack_social_options":{"image_generator_settings":{"template":"highway","default_image_id":0,"font":"","enabled":false},"version":2}},"categories":[4,3],"tags":[466,1375,146,179],"class_list":["post-28973","post","type-post","status-publish","format-standard","hentry","category-musiques","category-tokyo","tag-eiji-horita","tag-haru-nemuri","tag-jingumae","tag-toyo-ito"],"jetpack_publicize_connections":[],"jetpack_featured_media_url":"","jetpack_sharing_enabled":true,"jetpack_likes_enabled":true,"_links":{"self":[{"href":"https:\/\/www.fgautron.com\/weblog\/wp-json\/wp\/v2\/posts\/28973","targetHints":{"allow":["GET"]}}],"collection":[{"href":"https:\/\/www.fgautron.com\/weblog\/wp-json\/wp\/v2\/posts"}],"about":[{"href":"https:\/\/www.fgautron.com\/weblog\/wp-json\/wp\/v2\/types\/post"}],"author":[{"embeddable":true,"href":"https:\/\/www.fgautron.com\/weblog\/wp-json\/wp\/v2\/users\/1"}],"replies":[{"embeddable":true,"href":"https:\/\/www.fgautron.com\/weblog\/wp-json\/wp\/v2\/comments?post=28973"}],"version-history":[{"count":11,"href":"https:\/\/www.fgautron.com\/weblog\/wp-json\/wp\/v2\/posts\/28973\/revisions"}],"predecessor-version":[{"id":36273,"href":"https:\/\/www.fgautron.com\/weblog\/wp-json\/wp\/v2\/posts\/28973\/revisions\/36273"}],"wp:attachment":[{"href":"https:\/\/www.fgautron.com\/weblog\/wp-json\/wp\/v2\/media?parent=28973"}],"wp:term":[{"taxonomy":"category","embeddable":true,"href":"https:\/\/www.fgautron.com\/weblog\/wp-json\/wp\/v2\/categories?post=28973"},{"taxonomy":"post_tag","embeddable":true,"href":"https:\/\/www.fgautron.com\/weblog\/wp-json\/wp\/v2\/tags?post=28973"}],"curies":[{"name":"wp","href":"https:\/\/api.w.org\/{rel}","templated":true}]}}