{"id":2933,"date":"2010-07-11T23:37:40","date_gmt":"2010-07-11T14:37:40","guid":{"rendered":"http:\/\/www.fgautron.com\/weblog\/?p=2933"},"modified":"2012-11-18T00:41:22","modified_gmt":"2012-11-17T15:41:22","slug":"speaker-et-alterations-urbaines","status":"publish","type":"post","link":"https:\/\/www.fgautron.com\/weblog\/archives\/2010\/07\/11\/speaker-et-alterations-urbaines\/","title":{"rendered":"Speaker et alt\u00e9rations urbaines"},"content":{"rendered":"<p><center><a href=\"https:\/\/www.fgautron.com\/weblog\/wp-content\/\/IMG_5053m.jpg\"><img loading=\"lazy\" decoding=\"async\" data-attachment-id=\"2943\" data-permalink=\"https:\/\/www.fgautron.com\/weblog\/archives\/2010\/07\/11\/speaker-et-alterations-urbaines\/img_5053m\/\" data-orig-file=\"https:\/\/www.fgautron.com\/weblog\/wp-content\/\/IMG_5053m.jpg\" data-orig-size=\"600,900\" data-comments-opened=\"1\" data-image-meta=\"{&quot;aperture&quot;:&quot;5&quot;,&quot;credit&quot;:&quot;&quot;,&quot;camera&quot;:&quot;Canon EOS 50D&quot;,&quot;caption&quot;:&quot;&quot;,&quot;created_timestamp&quot;:&quot;1265882754&quot;,&quot;copyright&quot;:&quot;&quot;,&quot;focal_length&quot;:&quot;20&quot;,&quot;iso&quot;:&quot;320&quot;,&quot;shutter_speed&quot;:&quot;0.01&quot;,&quot;title&quot;:&quot;&quot;}\" data-image-title=\"Speaker\" data-image-description=\"\" data-image-caption=\"\" data-large-file=\"https:\/\/www.fgautron.com\/weblog\/wp-content\/\/IMG_5053m.jpg\" src=\"https:\/\/www.fgautron.com\/weblog\/wp-content\/\/IMG_5053m.jpg\" alt=\"\" title=\"Speaker\" width=\"600\" height=\"900\" class=\"alignnone size-full wp-image-2943\" srcset=\"https:\/\/www.fgautron.com\/weblog\/wp-content\/IMG_5053m.jpg 600w, https:\/\/www.fgautron.com\/weblog\/wp-content\/IMG_5053m-200x300.jpg 200w\" sizes=\"auto, (max-width: 600px) 100vw, 600px\" \/><\/a><\/center><\/p>\n<p>Cette bouche d&rsquo;a\u00e9ration d&rsquo;un b\u00e2timent administratif \u00e0 Shibuya me fait penser \u00e0 un haut parleur. Je prends assez peu de photos en ce moment. Peu d&rsquo;occasions se sont pr\u00e9sent\u00e9es au mois de juin, ainsi qu&rsquo;une petite perte r\u00e9currente de motivation. La saison des pluies qui bat son plein n&rsquo;arrange rien, bien que l&rsquo;ann\u00e9e derni\u00e8re, j&rsquo;avais bien profit\u00e9 de cette saison pour prendre des photos pendant les p\u00e9riodes d&rsquo;accalmies. C&rsquo;est en g\u00e9n\u00e9ral pendant ces p\u00e9riodes l\u00e0 que je me remets \u00e0 r\u00e9fl\u00e9chir au style de mes photos en me posant des questions: faire de la <a href=\"http:\/\/en.wikipedia.org\/wiki\/Straight_photography\">straight photography<\/a> comme la grande majorit\u00e9 des photographes amateurs de la blogosph\u00e8re japon, ou continuer les travaux de montages et compositions photographiques qui construisent un peu plus certainement mon identit\u00e9. Au final, la r\u00e9flexion est toujours un peu vaine et je continue mon sillon sans changements majeures. Quand m\u00eame, j&rsquo;ai dans l&rsquo;id\u00e9e derni\u00e8rement de construire des entit\u00e9s, des groupes de quelques photos agenc\u00e9es pour former une entit\u00e9. Je m&rsquo;\u00e9tais essay\u00e9 avec la <a href=\"https:\/\/www.fgautron.com\/weblog\/archives\/2010\/06\/01\/polarithree\/\">petite s\u00e9rie Polaris<\/a>.<\/p>\n<p><center><img loading=\"lazy\" decoding=\"async\" data-attachment-id=\"2938\" data-permalink=\"https:\/\/www.fgautron.com\/weblog\/archives\/2010\/07\/11\/speaker-et-alterations-urbaines\/filipdujardin-series\/\" data-orig-file=\"https:\/\/www.fgautron.com\/weblog\/wp-content\/\/filipdujardin-series.jpg\" data-orig-size=\"600,298\" data-comments-opened=\"1\" data-image-meta=\"{&quot;aperture&quot;:&quot;0&quot;,&quot;credit&quot;:&quot;&quot;,&quot;camera&quot;:&quot;&quot;,&quot;caption&quot;:&quot;&quot;,&quot;created_timestamp&quot;:&quot;0&quot;,&quot;copyright&quot;:&quot;&quot;,&quot;focal_length&quot;:&quot;0&quot;,&quot;iso&quot;:&quot;0&quot;,&quot;shutter_speed&quot;:&quot;0&quot;,&quot;title&quot;:&quot;&quot;}\" data-image-title=\"filipdujardin-series\" data-image-description=\"\" data-image-caption=\"\" data-large-file=\"https:\/\/www.fgautron.com\/weblog\/wp-content\/\/filipdujardin-series.jpg\" src=\"https:\/\/www.fgautron.com\/weblog\/wp-content\/\/filipdujardin-series.jpg\" alt=\"\" title=\"filipdujardin-series\" width=\"600\" height=\"298\" class=\"alignnone size-full wp-image-2938\" srcset=\"https:\/\/www.fgautron.com\/weblog\/wp-content\/filipdujardin-series.jpg 600w, https:\/\/www.fgautron.com\/weblog\/wp-content\/filipdujardin-series-300x149.jpg 300w\" sizes=\"auto, (max-width: 600px) 100vw, 600px\" \/><\/center><\/p>\n<p>En parlant de montages photographiques, on trouve parfois par hasard sur internet des merveilles. Le travail de composition du photographe belge <a href=\"http:\/\/www.filipdujardin.be\/\">Filip Dujardin<\/a> est vraiment impressionnant. Il invente des nouveaux visages urbains en cr\u00e9ant des buildings improbables, d\u00e9fiant parfois la gravit\u00e9. Il juxtapose des surfaces et \u00e9l\u00e9ments de buildings pour cr\u00e9er des structures complexes, difficiles \u00e0 comprendre. J&rsquo;aime beaucoup ce travail d&rsquo;alt\u00e9ration du paysage urbain. Je le pratique aussi \u00e0 ma fa\u00e7on, sans pour autant atteindre ce r\u00e9sultat. On se prend parfois \u00e0 r\u00eaver que ces b\u00e2timents existent pour le plaisir du photographe.<\/p>\n<p><center><img loading=\"lazy\" decoding=\"async\" data-attachment-id=\"2939\" data-permalink=\"https:\/\/www.fgautron.com\/weblog\/archives\/2010\/07\/11\/speaker-et-alterations-urbaines\/nicolasmoulin2\/\" data-orig-file=\"https:\/\/www.fgautron.com\/weblog\/wp-content\/\/nicolasmoulin2.jpg\" data-orig-size=\"600,200\" data-comments-opened=\"1\" data-image-meta=\"{&quot;aperture&quot;:&quot;0&quot;,&quot;credit&quot;:&quot;&quot;,&quot;camera&quot;:&quot;&quot;,&quot;caption&quot;:&quot;&quot;,&quot;created_timestamp&quot;:&quot;0&quot;,&quot;copyright&quot;:&quot;&quot;,&quot;focal_length&quot;:&quot;0&quot;,&quot;iso&quot;:&quot;0&quot;,&quot;shutter_speed&quot;:&quot;0&quot;,&quot;title&quot;:&quot;&quot;}\" data-image-title=\"nicolasmoulin2\" data-image-description=\"\" data-image-caption=\"\" data-large-file=\"https:\/\/www.fgautron.com\/weblog\/wp-content\/\/nicolasmoulin2.jpg\" src=\"https:\/\/www.fgautron.com\/weblog\/wp-content\/\/nicolasmoulin2.jpg\" alt=\"\" title=\"nicolasmoulin2\" width=\"600\" height=\"200\" class=\"alignnone size-full wp-image-2939\" srcset=\"https:\/\/www.fgautron.com\/weblog\/wp-content\/nicolasmoulin2.jpg 600w, https:\/\/www.fgautron.com\/weblog\/wp-content\/nicolasmoulin2-300x100.jpg 300w\" sizes=\"auto, (max-width: 600px) 100vw, 600px\" \/><\/center><\/p>\n<p>On reste dans l&rsquo;irr\u00e9el avec l&rsquo;artiste Nicolas Moulin, tout en se d\u00e9pla\u00e7ant \u00e0 Paris, un <a href=\"http:\/\/wefindwildness.blogspot.com\/2009\/10\/nicolas-moulin.html\">Paris sans signe de vie<\/a>, d\u00e9sert\u00e9 o\u00f9 le rez de chauss\u00e9e et premier \u00e9tage des immeubles sont ferm\u00e9s par des plaques de b\u00e9ton. Nicolas Moulin vide la ville et donne \u00e0 voir un paysage urbain angoissant. On s&rsquo;interroge \u00e9galement en regardant ces images, on se demande ce qui a pu se produire dans ces lieux, pourquoi tous ces b\u00e2timents ont ils perdus leur fonctions. Est ce que Paris s&rsquo;est transform\u00e9e de ville mus\u00e9e en mus\u00e9e-ville? Est ce que l&rsquo;on pr\u00e9pare la ville \u00e0 une course automobile intra-muros? Cette s\u00e9rie de photographies retouch\u00e9es sur ordinateur est disponible dans un recueil intitul\u00e9 <a href=\"http:\/\/www.photosapiens.com\/Viderparis.html\">Vider Paris<\/a>. En transposant \u00e0 Tokyo, on peut penser aux photographies de <a href=\"http:\/\/www.artunlimited.co.jp\/nakano\/index.html\">Masataka Nakano<\/a> sur le fameux <a href=\"http:\/\/www.artunlimited.co.jp\/nakano\/tn.html\">Tokyo Nobody<\/a>. Sauf que sur ce dernier, la l\u00e9gende dit qu&rsquo;il n&rsquo;y a <a href=\"https:\/\/www.fgautron.com\/weblog\/archives\/2006\/08\/21\/bloc-et-rock\/\">pas de retouches<\/a> par ordinateur.<\/p>\n<p><center><img loading=\"lazy\" decoding=\"async\" data-attachment-id=\"2940\" data-permalink=\"https:\/\/www.fgautron.com\/weblog\/archives\/2010\/07\/11\/speaker-et-alterations-urbaines\/nicolasmoulin1\/\" data-orig-file=\"https:\/\/www.fgautron.com\/weblog\/wp-content\/\/nicolasmoulin1.jpg\" data-orig-size=\"600,201\" data-comments-opened=\"1\" data-image-meta=\"{&quot;aperture&quot;:&quot;16&quot;,&quot;credit&quot;:&quot;&quot;,&quot;camera&quot;:&quot;DSLR-A100&quot;,&quot;caption&quot;:&quot;SONY DSC&quot;,&quot;created_timestamp&quot;:&quot;1234972852&quot;,&quot;copyright&quot;:&quot;&quot;,&quot;focal_length&quot;:&quot;18&quot;,&quot;iso&quot;:&quot;400&quot;,&quot;shutter_speed&quot;:&quot;0.01&quot;,&quot;title&quot;:&quot;&quot;}\" data-image-title=\"nicolasmoulin1\" data-image-description=\"\" data-image-caption=\"\" data-large-file=\"https:\/\/www.fgautron.com\/weblog\/wp-content\/\/nicolasmoulin1.jpg\" src=\"https:\/\/www.fgautron.com\/weblog\/wp-content\/\/nicolasmoulin1.jpg\" alt=\"\" title=\"nicolasmoulin1\" width=\"600\" height=\"201\" class=\"alignnone size-full wp-image-2940\" srcset=\"https:\/\/www.fgautron.com\/weblog\/wp-content\/nicolasmoulin1.jpg 600w, https:\/\/www.fgautron.com\/weblog\/wp-content\/nicolasmoulin1-300x100.jpg 300w\" sizes=\"auto, (max-width: 600px) 100vw, 600px\" \/><\/center><\/p>\n<p>Toujours par le m\u00eame artiste, je d\u00e9couvre d&rsquo;autres cr\u00e9ations encore plus radicales, comme <a href=\"http:\/\/dawire.com\/2010\/05\/15\/nicolas-moulin\/\">ces formes de bunkers<\/a> se jetant dans la mer et en extension d&rsquo;un paysage naturel. Il construit \u00e9galement en images des <a href=\"http:\/\/www.frieze.com\/shows\/review\/nicolas_moulin\/\">structures industrielles<\/a> impossibles. Tout comme les images de Paris, ces constructions sont inqui\u00e9tantes et fascinantes. Son <a href=\"http:\/\/www.galeriechezvalentin.com\/fr\/ressources\/pdf\/nm_dossier.pdf\">dossier en pdf<\/a> nous donne un tour d&rsquo;horizon de ses cr\u00e9ations. Pour revenir aux blocs de b\u00e9ton disproportionn\u00e9s de ces montages, j&rsquo;avais cette m\u00eame envie d&rsquo;alt\u00e9ration de la ville et du paysage en commen\u00e7ant ma <a href=\"https:\/\/www.fgautron.com\/weblog\/archives\/2010\/05\/22\/flower-and-\u30ad\u30ce\u30b3\u30d3\u30eb3\/\">modeste s\u00e9rie d&rsquo;immeubles disproportionn\u00e9s<\/a>. Mais, j&rsquo;avoue \u00eatre vraiment impressionn\u00e9 par la force qui se d\u00e9gage de ces blocs de b\u00e9ton.<\/p>\n","protected":false},"excerpt":{"rendered":"<p>Cette bouche d&rsquo;a\u00e9ration d&rsquo;un b\u00e2timent administratif \u00e0 Shibuya me fait penser \u00e0 un haut parleur. Je prends assez peu de photos en ce moment. Peu d&rsquo;occasions se sont pr\u00e9sent\u00e9es au mois de juin, ainsi qu&rsquo;une petite perte r\u00e9currente de motivation. La saison des pluies qui bat son plein n&rsquo;arrange rien, bien que l&rsquo;ann\u00e9e derni\u00e8re, j&rsquo;avais&#8230;<\/p>\n","protected":false},"author":1,"featured_media":0,"comment_status":"open","ping_status":"open","sticky":false,"template":"","format":"standard","meta":{"_jetpack_memberships_contains_paid_content":false,"footnotes":"","jetpack_publicize_message":"","jetpack_publicize_feature_enabled":true,"jetpack_social_post_already_shared":false,"jetpack_social_options":{"image_generator_settings":{"template":"highway","default_image_id":0,"font":"","enabled":false},"version":2}},"categories":[17,6,10,3],"tags":[181,180,45],"class_list":["post-2933","post","type-post","status-publish","format-standard","hentry","category-architecture","category-art","category-internet","category-tokyo","tag-filip-dujardin","tag-nicolas-moulin","tag-shibuya"],"jetpack_publicize_connections":[],"jetpack_featured_media_url":"","jetpack_sharing_enabled":true,"jetpack_likes_enabled":true,"_links":{"self":[{"href":"https:\/\/www.fgautron.com\/weblog\/wp-json\/wp\/v2\/posts\/2933","targetHints":{"allow":["GET"]}}],"collection":[{"href":"https:\/\/www.fgautron.com\/weblog\/wp-json\/wp\/v2\/posts"}],"about":[{"href":"https:\/\/www.fgautron.com\/weblog\/wp-json\/wp\/v2\/types\/post"}],"author":[{"embeddable":true,"href":"https:\/\/www.fgautron.com\/weblog\/wp-json\/wp\/v2\/users\/1"}],"replies":[{"embeddable":true,"href":"https:\/\/www.fgautron.com\/weblog\/wp-json\/wp\/v2\/comments?post=2933"}],"version-history":[{"count":21,"href":"https:\/\/www.fgautron.com\/weblog\/wp-json\/wp\/v2\/posts\/2933\/revisions"}],"predecessor-version":[{"id":7197,"href":"https:\/\/www.fgautron.com\/weblog\/wp-json\/wp\/v2\/posts\/2933\/revisions\/7197"}],"wp:attachment":[{"href":"https:\/\/www.fgautron.com\/weblog\/wp-json\/wp\/v2\/media?parent=2933"}],"wp:term":[{"taxonomy":"category","embeddable":true,"href":"https:\/\/www.fgautron.com\/weblog\/wp-json\/wp\/v2\/categories?post=2933"},{"taxonomy":"post_tag","embeddable":true,"href":"https:\/\/www.fgautron.com\/weblog\/wp-json\/wp\/v2\/tags?post=2933"}],"curies":[{"name":"wp","href":"https:\/\/api.w.org\/{rel}","templated":true}]}}