{"id":2976,"date":"2010-07-23T23:54:21","date_gmt":"2010-07-23T14:54:21","guid":{"rendered":"http:\/\/www.fgautron.com\/weblog\/?p=2976"},"modified":"2012-11-18T00:34:27","modified_gmt":"2012-11-17T15:34:27","slug":"we-walk-we-wont-stop","status":"publish","type":"post","link":"https:\/\/www.fgautron.com\/weblog\/archives\/2010\/07\/23\/we-walk-we-wont-stop\/","title":{"rendered":"We walk, we won&rsquo;t stop"},"content":{"rendered":"<p><center><a href=\"https:\/\/www.fgautron.com\/weblog\/wp-content\/\/IMG_5658m.jpg\"><img loading=\"lazy\" decoding=\"async\" data-attachment-id=\"2979\" data-permalink=\"https:\/\/www.fgautron.com\/weblog\/archives\/2010\/07\/23\/we-walk-we-wont-stop\/img_5658m\/\" data-orig-file=\"https:\/\/www.fgautron.com\/weblog\/wp-content\/\/IMG_5658m.jpg\" data-orig-size=\"600,946\" data-comments-opened=\"1\" data-image-meta=\"{&quot;aperture&quot;:&quot;4.5&quot;,&quot;credit&quot;:&quot;&quot;,&quot;camera&quot;:&quot;Canon EOS 50D&quot;,&quot;caption&quot;:&quot;&quot;,&quot;created_timestamp&quot;:&quot;1269103832&quot;,&quot;copyright&quot;:&quot;&quot;,&quot;focal_length&quot;:&quot;20&quot;,&quot;iso&quot;:&quot;500&quot;,&quot;shutter_speed&quot;:&quot;0.0125&quot;,&quot;title&quot;:&quot;&quot;}\" data-image-title=\"We walk\" data-image-description=\"\" data-image-caption=\"\" data-large-file=\"https:\/\/www.fgautron.com\/weblog\/wp-content\/\/IMG_5658m.jpg\" src=\"https:\/\/www.fgautron.com\/weblog\/wp-content\/\/IMG_5658m.jpg\" alt=\"\" title=\"We walk, we won't stop\" width=\"600\" height=\"946\" class=\"alignnone size-full wp-image-2979\" srcset=\"https:\/\/www.fgautron.com\/weblog\/wp-content\/IMG_5658m.jpg 600w, https:\/\/www.fgautron.com\/weblog\/wp-content\/IMG_5658m-190x300.jpg 190w\" sizes=\"auto, (max-width: 600px) 100vw, 600px\" \/><\/a><\/center><\/p>\n<p>Une fois n&rsquo;est pas coutume, je prends des gens en photo. Ils s&rsquo;\u00e9chappent certes, marchent et ne s&rsquo;arr\u00eatent pas. On me fait parfois la remarque que mes photos sont souvent vide de personnes, comme si je prenais soin d&rsquo;attendre que les sc\u00e8nes de rues se d\u00e9sertent avant de prendre mes photos. Ce n&rsquo;est assez clairement pas mon style ou mon premier centre d&rsquo;int\u00e9r\u00eat de faire des photos d&rsquo;inconnus dans la rue, mais je me fais parfois le reproche \u00e0 moi-m\u00eame de ne pas tenter un peu plus le coup. Je ne suis pas dans mon \u00e9l\u00e9ment et \u00e0 mon aise pour prendre des photos candides et le choix que j&rsquo;ai fait d&rsquo;utiliser en presque exclusivit\u00e9 sur toutes mes photos un objectif 20mm, grand angle donc, ne favorise de toute fa\u00e7on pas cette approche. Le 20mm demande une approche intrusive. Un 50mm serait peut \u00eatre plus adapt\u00e9 pour prendre ce type de photos de temps en temps, depuis le temps que je pense en acqu\u00e9rir un. Ce Sigma 20mm, c&rsquo;est un peu comme le style du blog, j&rsquo;ai beaucoup de mal \u00e0 en changer. Vu les milliers de photos que j&rsquo;ai pris avec, il est grandement amorti.<\/p>\n<p><center><img loading=\"lazy\" decoding=\"async\" data-attachment-id=\"3130\" data-permalink=\"https:\/\/www.fgautron.com\/weblog\/archives\/2010\/07\/23\/we-walk-we-wont-stop\/jasperjames-peopleandspace2\/\" data-orig-file=\"https:\/\/www.fgautron.com\/weblog\/wp-content\/\/jasperjames-peopleandspace2.jpg\" data-orig-size=\"600,262\" data-comments-opened=\"1\" data-image-meta=\"{&quot;aperture&quot;:&quot;0&quot;,&quot;credit&quot;:&quot;&quot;,&quot;camera&quot;:&quot;&quot;,&quot;caption&quot;:&quot;&quot;,&quot;created_timestamp&quot;:&quot;0&quot;,&quot;copyright&quot;:&quot;&quot;,&quot;focal_length&quot;:&quot;0&quot;,&quot;iso&quot;:&quot;0&quot;,&quot;shutter_speed&quot;:&quot;0&quot;,&quot;title&quot;:&quot;&quot;}\" data-image-title=\"jasperjames-peopleandspace2\" data-image-description=\"\" data-image-caption=\"\" data-large-file=\"https:\/\/www.fgautron.com\/weblog\/wp-content\/\/jasperjames-peopleandspace2.jpg\" src=\"https:\/\/www.fgautron.com\/weblog\/wp-content\/\/jasperjames-peopleandspace2.jpg\" alt=\"\" title=\"jasperjames-peopleandspace2\" width=\"600\" height=\"262\" class=\"alignnone size-full wp-image-3130\" srcset=\"https:\/\/www.fgautron.com\/weblog\/wp-content\/jasperjames-peopleandspace2.jpg 600w, https:\/\/www.fgautron.com\/weblog\/wp-content\/jasperjames-peopleandspace2-300x131.jpg 300w\" sizes=\"auto, (max-width: 600px) 100vw, 600px\" \/><\/center><\/p>\n<p>Ci-dessus, deux photos de Jasper James dans sa s\u00e9rie <a href=\"http:\/\/www.jasperjames.co.uk\/project\/people-and-places-2\/\">People and Places 2<\/a>, prises \u00e0 P\u00e9kin. J&rsquo;avoue que j&rsquo;ai un peu de mal \u00e0 comprendre s&rsquo;il s&rsquo;agit de montages ou de v\u00e9ritable r\u00e9flexion sur les vitres d&rsquo;immeubles, mais l&rsquo;effet est extr\u00eamement r\u00e9ussi. L&rsquo;humain devient un filtre qui nous permet de mieux apercevoir et comprendre la structure de la ville. Il agit comme un r\u00e9v\u00e9lateur du paysage urbain. Les habitants en r\u00e9flexion ici deviennent des guides nous ouvrant les portes d&rsquo;une ville dense.<\/p>\n<p><center><img loading=\"lazy\" decoding=\"async\" data-attachment-id=\"2978\" data-permalink=\"https:\/\/www.fgautron.com\/weblog\/archives\/2010\/07\/23\/we-walk-we-wont-stop\/japan-photo\/\" data-orig-file=\"https:\/\/www.fgautron.com\/weblog\/wp-content\/\/japan-photo.jpg\" data-orig-size=\"600,444\" data-comments-opened=\"1\" data-image-meta=\"{&quot;aperture&quot;:&quot;8&quot;,&quot;credit&quot;:&quot;&quot;,&quot;camera&quot;:&quot;Canon EOS 10D&quot;,&quot;caption&quot;:&quot;&quot;,&quot;created_timestamp&quot;:&quot;1091206542&quot;,&quot;copyright&quot;:&quot;&quot;,&quot;focal_length&quot;:&quot;70&quot;,&quot;iso&quot;:&quot;100&quot;,&quot;shutter_speed&quot;:&quot;0.0166666666667&quot;,&quot;title&quot;:&quot;&quot;}\" data-image-title=\"japan-photo\" data-image-description=\"\" data-image-caption=\"\" data-large-file=\"https:\/\/www.fgautron.com\/weblog\/wp-content\/\/japan-photo.jpg\" src=\"https:\/\/www.fgautron.com\/weblog\/wp-content\/\/japan-photo.jpg\" alt=\"\" title=\"japan-photo\" width=\"600\" height=\"444\" class=\"alignnone size-full wp-image-2978\" srcset=\"https:\/\/www.fgautron.com\/weblog\/wp-content\/japan-photo.jpg 600w, https:\/\/www.fgautron.com\/weblog\/wp-content\/japan-photo-300x222.jpg 300w\" sizes=\"auto, (max-width: 600px) 100vw, 600px\" \/><\/center><\/p>\n<p>A gauche une photo de Shimooka Renj\u00f4 datant de 1870 pour une carte de visite, \u00e0 droite une photo de Daido Moriyama d&rsquo;un poster d\u00e9chir\u00e9 \u00e0 Nakano (1990-2003). J&rsquo;ai d\u00e9couvert il y a de cela quelques temps, un article disponible en ligne de Etudes photographiques, revue semestrielle publi\u00e9e par la Soci\u00e9t\u00e9 fran\u00e7aise de photographie, retra\u00e7ant les d\u00e9buts de la photographie au Japon \u00e0 travers la mise en place des <a href=\"http:\/\/etudesphotographiques.revues.org\/index937.html\">premiers ateliers de photographie japonais de 1859 \u00e0 1872<\/a>. L&rsquo;article est tr\u00e8s int\u00e9ressant avec de nombreuses photos d&rsquo;\u00e9poque. Faisons un saut dans le temps, plus de 100 ans plus tard, la photographie japonaise s&rsquo;exposait \u00e0 Paris en 2008, \u00ab\u00a0Spotlight on Japan\u00a0\u00bb. LensCulture propose en ligne <a href=\"http:\/\/www.lensculture.com\/japan2008.html\">un long essai de Mariko Takeuchi<\/a>, conservatrice invit\u00e9e pour cet \u00e9v\u00e8nement. Cet article donne de bons pointeurs sur la photographie contemporaine japonaise. Le site Japan-Photo.info, blog photographique offrant une vue sur la photographie japonaise depuis l&rsquo;\u00e9tranger, propose \u00e9galement une interview en 2 parties de Mariko Takeuchi: <a href=\"http:\/\/japan-photo.info\/blog\/2009\/08\/26\/focus-on-contemporary-japanese-photography-interview-with-mariko-takeuchi-part-i\/\">Partie 1<\/a> et <a href=\"http:\/\/japan-photo.info\/blog\/2009\/08\/30\/focus-on-contemporary-japanese-photography-interview-with-mariko-takeuchi-part-ii\/\">Partie 2<\/a>. J&rsquo;ai envie en ce moment de nourrir ma culture photographique, \u00e7a me prend de temps en temps. Je me suis m\u00eame procur\u00e9 un grand classique, <a href=\"http:\/\/en.wikipedia.org\/wiki\/The_Americans_(photography)\">Les Am\u00e9ricains<\/a> de <a href=\"http:\/\/en.wikipedia.org\/wiki\/Robert_Frank\">Robert Franck<\/a>, une \u00e9dition r\u00e9cente bien entendu.<\/p>\n","protected":false},"excerpt":{"rendered":"<p>Une fois n&rsquo;est pas coutume, je prends des gens en photo. Ils s&rsquo;\u00e9chappent certes, marchent et ne s&rsquo;arr\u00eatent pas. On me fait parfois la remarque que mes photos sont souvent vide de personnes, comme si je prenais soin d&rsquo;attendre que les sc\u00e8nes de rues se d\u00e9sertent avant de prendre mes photos. Ce n&rsquo;est assez clairement&#8230;<\/p>\n","protected":false},"author":1,"featured_media":0,"comment_status":"open","ping_status":"open","sticky":false,"template":"","format":"standard","meta":{"_jetpack_memberships_contains_paid_content":false,"footnotes":"","jetpack_publicize_message":"","jetpack_publicize_feature_enabled":true,"jetpack_social_post_already_shared":false,"jetpack_social_options":{"image_generator_settings":{"template":"highway","default_image_id":0,"font":"","enabled":false},"version":2}},"categories":[6,10,15,3],"tags":[207,209,205,210,208,211,206],"class_list":["post-2976","post","type-post","status-publish","format-standard","hentry","category-art","category-internet","category-livres","category-tokyo","tag-daido-moriyama","tag-japan-photo-info","tag-jasper-james","tag-lensculture","tag-mariko-takeuchi","tag-robert-franck","tag-shimooka-renjo"],"jetpack_publicize_connections":[],"jetpack_featured_media_url":"","jetpack_sharing_enabled":true,"jetpack_likes_enabled":true,"_links":{"self":[{"href":"https:\/\/www.fgautron.com\/weblog\/wp-json\/wp\/v2\/posts\/2976","targetHints":{"allow":["GET"]}}],"collection":[{"href":"https:\/\/www.fgautron.com\/weblog\/wp-json\/wp\/v2\/posts"}],"about":[{"href":"https:\/\/www.fgautron.com\/weblog\/wp-json\/wp\/v2\/types\/post"}],"author":[{"embeddable":true,"href":"https:\/\/www.fgautron.com\/weblog\/wp-json\/wp\/v2\/users\/1"}],"replies":[{"embeddable":true,"href":"https:\/\/www.fgautron.com\/weblog\/wp-json\/wp\/v2\/comments?post=2976"}],"version-history":[{"count":30,"href":"https:\/\/www.fgautron.com\/weblog\/wp-json\/wp\/v2\/posts\/2976\/revisions"}],"predecessor-version":[{"id":7190,"href":"https:\/\/www.fgautron.com\/weblog\/wp-json\/wp\/v2\/posts\/2976\/revisions\/7190"}],"wp:attachment":[{"href":"https:\/\/www.fgautron.com\/weblog\/wp-json\/wp\/v2\/media?parent=2976"}],"wp:term":[{"taxonomy":"category","embeddable":true,"href":"https:\/\/www.fgautron.com\/weblog\/wp-json\/wp\/v2\/categories?post=2976"},{"taxonomy":"post_tag","embeddable":true,"href":"https:\/\/www.fgautron.com\/weblog\/wp-json\/wp\/v2\/tags?post=2976"}],"curies":[{"name":"wp","href":"https:\/\/api.w.org\/{rel}","templated":true}]}}