{"id":30381,"date":"2020-07-18T21:58:47","date_gmt":"2020-07-18T12:58:47","guid":{"rendered":"https:\/\/www.fgautron.com\/weblog\/?p=30381"},"modified":"2020-07-18T21:58:47","modified_gmt":"2020-07-18T12:58:47","slug":"windowed-sky","status":"publish","type":"post","link":"https:\/\/www.fgautron.com\/weblog\/archives\/2020\/07\/18\/windowed-sky\/","title":{"rendered":"windowed sky"},"content":{"rendered":"<p><img loading=\"lazy\" decoding=\"async\" data-attachment-id=\"30382\" data-permalink=\"https:\/\/www.fgautron.com\/weblog\/archives\/2020\/07\/18\/windowed-sky\/img_2832wm\/\" data-orig-file=\"https:\/\/www.fgautron.com\/weblog\/wp-content\/\/IMG_2832wm.jpg\" data-orig-size=\"2000,1316\" data-comments-opened=\"1\" data-image-meta=\"{&quot;aperture&quot;:&quot;5&quot;,&quot;credit&quot;:&quot;&quot;,&quot;camera&quot;:&quot;Canon EOS 50D&quot;,&quot;caption&quot;:&quot;&quot;,&quot;created_timestamp&quot;:&quot;1593445404&quot;,&quot;copyright&quot;:&quot;&quot;,&quot;focal_length&quot;:&quot;31&quot;,&quot;iso&quot;:&quot;250&quot;,&quot;shutter_speed&quot;:&quot;0.001&quot;,&quot;title&quot;:&quot;&quot;,&quot;orientation&quot;:&quot;1&quot;}\" data-image-title=\"IMG_2832wm\" data-image-description=\"\" data-image-caption=\"\" data-large-file=\"https:\/\/www.fgautron.com\/weblog\/wp-content\/\/IMG_2832wm-700x461.jpg\" src=\"https:\/\/www.fgautron.com\/weblog\/wp-content\/\/IMG_2832wm.jpg\" alt=\"\" width=\"2000\" height=\"1316\" class=\"aligncenter size-full wp-image-30382\" srcset=\"https:\/\/www.fgautron.com\/weblog\/wp-content\/IMG_2832wm.jpg 2000w, https:\/\/www.fgautron.com\/weblog\/wp-content\/IMG_2832wm-300x197.jpg 300w, https:\/\/www.fgautron.com\/weblog\/wp-content\/IMG_2832wm-700x461.jpg 700w, https:\/\/www.fgautron.com\/weblog\/wp-content\/IMG_2832wm-1536x1011.jpg 1536w, https:\/\/www.fgautron.com\/weblog\/wp-content\/IMG_2832wm-800x526.jpg 800w\" sizes=\"auto, (max-width: 2000px) 100vw, 2000px\" \/><\/p>\n<p><img loading=\"lazy\" decoding=\"async\" data-attachment-id=\"30383\" data-permalink=\"https:\/\/www.fgautron.com\/weblog\/archives\/2020\/07\/18\/windowed-sky\/img_2836wm\/\" data-orig-file=\"https:\/\/www.fgautron.com\/weblog\/wp-content\/\/IMG_2836wm.jpg\" data-orig-size=\"2000,1333\" data-comments-opened=\"1\" data-image-meta=\"{&quot;aperture&quot;:&quot;5&quot;,&quot;credit&quot;:&quot;&quot;,&quot;camera&quot;:&quot;Canon EOS 50D&quot;,&quot;caption&quot;:&quot;&quot;,&quot;created_timestamp&quot;:&quot;1593445527&quot;,&quot;copyright&quot;:&quot;&quot;,&quot;focal_length&quot;:&quot;17&quot;,&quot;iso&quot;:&quot;250&quot;,&quot;shutter_speed&quot;:&quot;0.001&quot;,&quot;title&quot;:&quot;&quot;,&quot;orientation&quot;:&quot;1&quot;}\" data-image-title=\"IMG_2836wm\" data-image-description=\"\" data-image-caption=\"\" data-large-file=\"https:\/\/www.fgautron.com\/weblog\/wp-content\/\/IMG_2836wm-700x467.jpg\" src=\"https:\/\/www.fgautron.com\/weblog\/wp-content\/\/IMG_2836wm.jpg\" alt=\"\" width=\"2000\" height=\"1333\" class=\"aligncenter size-full wp-image-30383\" srcset=\"https:\/\/www.fgautron.com\/weblog\/wp-content\/IMG_2836wm.jpg 2000w, https:\/\/www.fgautron.com\/weblog\/wp-content\/IMG_2836wm-300x200.jpg 300w, https:\/\/www.fgautron.com\/weblog\/wp-content\/IMG_2836wm-700x467.jpg 700w, https:\/\/www.fgautron.com\/weblog\/wp-content\/IMG_2836wm-1536x1024.jpg 1536w, https:\/\/www.fgautron.com\/weblog\/wp-content\/IMG_2836wm-800x533.jpg 800w\" sizes=\"auto, (max-width: 2000px) 100vw, 2000px\" \/><\/p>\n<p><img loading=\"lazy\" decoding=\"async\" data-attachment-id=\"30384\" data-permalink=\"https:\/\/www.fgautron.com\/weblog\/archives\/2020\/07\/18\/windowed-sky\/img_2842wm\/\" data-orig-file=\"https:\/\/www.fgautron.com\/weblog\/wp-content\/\/IMG_2842wm.jpg\" data-orig-size=\"2000,1333\" data-comments-opened=\"1\" data-image-meta=\"{&quot;aperture&quot;:&quot;5&quot;,&quot;credit&quot;:&quot;&quot;,&quot;camera&quot;:&quot;Canon EOS 50D&quot;,&quot;caption&quot;:&quot;&quot;,&quot;created_timestamp&quot;:&quot;1593445622&quot;,&quot;copyright&quot;:&quot;&quot;,&quot;focal_length&quot;:&quot;17&quot;,&quot;iso&quot;:&quot;250&quot;,&quot;shutter_speed&quot;:&quot;0.001&quot;,&quot;title&quot;:&quot;&quot;,&quot;orientation&quot;:&quot;1&quot;}\" data-image-title=\"IMG_2842wm\" data-image-description=\"\" data-image-caption=\"\" data-large-file=\"https:\/\/www.fgautron.com\/weblog\/wp-content\/\/IMG_2842wm-700x467.jpg\" src=\"https:\/\/www.fgautron.com\/weblog\/wp-content\/\/IMG_2842wm.jpg\" alt=\"\" width=\"2000\" height=\"1333\" class=\"aligncenter size-full wp-image-30384\" srcset=\"https:\/\/www.fgautron.com\/weblog\/wp-content\/IMG_2842wm.jpg 2000w, https:\/\/www.fgautron.com\/weblog\/wp-content\/IMG_2842wm-300x200.jpg 300w, https:\/\/www.fgautron.com\/weblog\/wp-content\/IMG_2842wm-700x467.jpg 700w, https:\/\/www.fgautron.com\/weblog\/wp-content\/IMG_2842wm-1536x1024.jpg 1536w, https:\/\/www.fgautron.com\/weblog\/wp-content\/IMG_2842wm-800x533.jpg 800w\" sizes=\"auto, (max-width: 2000px) 100vw, 2000px\" \/><\/p>\n<p><img loading=\"lazy\" decoding=\"async\" data-attachment-id=\"30385\" data-permalink=\"https:\/\/www.fgautron.com\/weblog\/archives\/2020\/07\/18\/windowed-sky\/img_2846wm\/\" data-orig-file=\"https:\/\/www.fgautron.com\/weblog\/wp-content\/\/IMG_2846wm.jpg\" data-orig-size=\"2000,1333\" data-comments-opened=\"1\" data-image-meta=\"{&quot;aperture&quot;:&quot;5&quot;,&quot;credit&quot;:&quot;&quot;,&quot;camera&quot;:&quot;Canon EOS 50D&quot;,&quot;caption&quot;:&quot;&quot;,&quot;created_timestamp&quot;:&quot;1593446441&quot;,&quot;copyright&quot;:&quot;&quot;,&quot;focal_length&quot;:&quot;17&quot;,&quot;iso&quot;:&quot;250&quot;,&quot;shutter_speed&quot;:&quot;0.001&quot;,&quot;title&quot;:&quot;&quot;,&quot;orientation&quot;:&quot;1&quot;}\" data-image-title=\"IMG_2846wm\" data-image-description=\"\" data-image-caption=\"\" data-large-file=\"https:\/\/www.fgautron.com\/weblog\/wp-content\/\/IMG_2846wm-700x467.jpg\" src=\"https:\/\/www.fgautron.com\/weblog\/wp-content\/\/IMG_2846wm.jpg\" alt=\"\" width=\"2000\" height=\"1333\" class=\"aligncenter size-full wp-image-30385\" srcset=\"https:\/\/www.fgautron.com\/weblog\/wp-content\/IMG_2846wm.jpg 2000w, https:\/\/www.fgautron.com\/weblog\/wp-content\/IMG_2846wm-300x200.jpg 300w, https:\/\/www.fgautron.com\/weblog\/wp-content\/IMG_2846wm-700x467.jpg 700w, https:\/\/www.fgautron.com\/weblog\/wp-content\/IMG_2846wm-1536x1024.jpg 1536w, https:\/\/www.fgautron.com\/weblog\/wp-content\/IMG_2846wm-800x533.jpg 800w\" sizes=\"auto, (max-width: 2000px) 100vw, 2000px\" \/><\/p>\n<p>Je termine ma petite s\u00e9rie de photographies de la tour Shibuya Scramble Square par une partie de l\u2019int\u00e9rieur au dernier \u00e9tage de la tour. On peut faire le tour de l\u2019\u00e9tage jusqu\u2019\u00e0 un caf\u00e9 restaurant. Cet espace d\u00e9limit\u00e9 par des murs peints en noir sert de galerie et on pouvait y voir quelques photographies de Naoki Ishikawa de sa s\u00e9rie sur le <a href=\"https:\/\/www.scaithebathhouse.com\/en\/exhibitions\/2011\/09\/naoki_ishikawa_8848\/\">mont Everest<\/a> qu\u2019il gravit plusieurs fois. Il y a assez peu de photos montr\u00e9es et on se demande s\u2019il s\u2019agit vraiment d\u2019une exposition, ce qui \u00e9tait un peu dommage car l&rsquo;espace aurait pu \u00eatre mieux utilis\u00e9. De Naoki Ishikawa, je me souviens d\u2019une exposition intitul\u00e9e <a href=\"https:\/\/www.fgautron.com\/weblog\/archives\/2010\/10\/04\/\u300c\u77f3\u5ddd\u76f4\u6a39%E3%80%80archipelago\u300d\/\">Archipelago<\/a> que nous avions vu \u00e0 Nasu-Shiobara en Octobre 2010 et qui prenait pour sujet les \u00eeles au Sud et au Nord du Japon sans consid\u00e9ration des fronti\u00e8res mais en montrant plut\u00f4t le folklore insulaire. Relire le petit texte que j\u2019avais \u00e9crit \u00e0 l\u2019\u00e9poque me donne envie de ressortir de notre biblioth\u00e8que le livre de photographies sur cette exposition, que j\u2019avais achet\u00e9 de retour \u00e0 Tokyo. Plus que ses photographies de montagnes (il a \u00e9galement publi\u00e9 un livre de photographies sur le Mont Fuji), je pr\u00e9f\u00e8re quand Naoki Ishikawa nous montre les \u00eeles et leurs habitants. Si une nouvelle exposition montrant les photographies d\u2019Archipelago se montrait \u00e0 Tokyo, j\u2019irais tr\u00e8s volontiers la revoir. Pour les photographies que je prends pour ce billet, je m\u2019inspire d\u2019un autre photographe japonais dont je parle aussi souvent ici, <a href=\"https:\/\/www.fgautron.com\/weblog\/archives\/2020\/01\/10\/tokyo-par-nakano\/\">Masataka Nakano<\/a>. Il a photographi\u00e9 une s\u00e9rie intitul\u00e9e Tokyo Windows, dont j\u2019ai aussi le livre \u00e0 la maison, montrant des vues de Tokyo \u00e0 travers le cadre des fen\u00eatres ou des portes vitr\u00e9es. Je suis aussi tr\u00e8s attir\u00e9 par ce format que j\u2019exp\u00e9rimente de temps en temps, ici \u00e0 travers les baies vitr\u00e9es de la tour cadrant une vue panoramique de Tokyo, que \u00e7a soit Shinjuku derri\u00e8re la grand parc de Yoyogi ou Roppongi avec les tours de Tokyo Mid Town, Roppongi Hills et la tour de Tokyo. Je ne suis pas m\u00e9content de ce r\u00e9sultat. La derni\u00e8re photographie est prise au pied de Shibuya Scramble Square sur la nouvelle passerelle pi\u00e9tonne circulaire, en sandwich entre le carrefour de la route 246 avec l\u2019avenue Meiji en dessous et l\u2019autoroute intra-muros au dessus. J\u2019aime beaucoup la mani\u00e8re dont le cadre tubulaire de la toiture vient projeter son ombre sur les surfaces blanches arrondies conserv\u00e9es de l\u2019ancienne gare de Shibuya.<\/p>\n<p><img loading=\"lazy\" decoding=\"async\" data-attachment-id=\"30532\" data-permalink=\"https:\/\/www.fgautron.com\/weblog\/archives\/2020\/07\/18\/windowed-sky\/iri-sparkle\/\" data-orig-file=\"https:\/\/www.fgautron.com\/weblog\/wp-content\/\/iri-sparkle.jpg\" data-orig-size=\"1072,675\" data-comments-opened=\"1\" data-image-meta=\"{&quot;aperture&quot;:&quot;0&quot;,&quot;credit&quot;:&quot;&quot;,&quot;camera&quot;:&quot;&quot;,&quot;caption&quot;:&quot;&quot;,&quot;created_timestamp&quot;:&quot;0&quot;,&quot;copyright&quot;:&quot;&quot;,&quot;focal_length&quot;:&quot;0&quot;,&quot;iso&quot;:&quot;0&quot;,&quot;shutter_speed&quot;:&quot;0&quot;,&quot;title&quot;:&quot;&quot;,&quot;orientation&quot;:&quot;1&quot;}\" data-image-title=\"iri-sparkle\" data-image-description=\"\" data-image-caption=\"\" data-large-file=\"https:\/\/www.fgautron.com\/weblog\/wp-content\/\/iri-sparkle-700x441.jpg\" src=\"https:\/\/www.fgautron.com\/weblog\/wp-content\/\/iri-sparkle.jpg\" alt=\"\" width=\"1072\" height=\"675\" class=\"aligncenter size-full wp-image-30532\" srcset=\"https:\/\/www.fgautron.com\/weblog\/wp-content\/iri-sparkle.jpg 1072w, https:\/\/www.fgautron.com\/weblog\/wp-content\/iri-sparkle-300x189.jpg 300w, https:\/\/www.fgautron.com\/weblog\/wp-content\/iri-sparkle-700x441.jpg 700w, https:\/\/www.fgautron.com\/weblog\/wp-content\/iri-sparkle-800x504.jpg 800w\" sizes=\"auto, (max-width: 1072px) 100vw, 1072px\" \/><\/p>\n<p>Je reviens maintenant vers la musique d\u2019Iri que j\u2019avais d\u00e9couvert l\u2019ann\u00e9e derni\u00e8re avec son album Shade dont j\u2019avais parl\u00e9 dans <a href=\"https:\/\/www.fgautron.com\/weblog\/archives\/2019\/03\/19\/common-spaces\/\">un pr\u00e9c\u00e8dent billet<\/a>. Iri a r\u00e9alis\u00e9 un nouvel album au mois de Mars de cette ann\u00e9e, intitul\u00e9 Sparkle, dont j\u2019\u00e9coute tr\u00e8s souvent quelques morceaux, en particulier celui titre <a href=\"https:\/\/m.youtube.com\/watch?v=s2lrXYmpi7w\">Sparkle<\/a> et <a href=\"https:\/\/m.youtube.com\/watch?v=1neyBXrfKQo\">24-25<\/a>. Iri est une des plus belles voix pop japonaises et je m\u2019\u00e9tonne qu\u2019elle ne soit pas plus pr\u00e9sente dans les m\u00e9dias, comme LiSA par exemple dont je parlais dans le <a href=\"https:\/\/www.fgautron.com\/weblog\/archives\/2020\/07\/18\/\u6771\u4eac\u30d1\u30c3\u30c1\u300c\u30a2\u300d\/\">billet pr\u00e9c\u00e9dent<\/a>. Ces deux morceaux sont imm\u00e9diatement accrocheurs mais on ne se lasse pas de les \u00e9couter. J\u2019y ressens une certaine \u00e9nergie positive qui fait du bien et qui me fait y revenir tr\u00e8s r\u00e9guli\u00e8rement. J\u2019\u00e9coute d\u2019ailleurs souvent ces deux morceaux \u00e0 la suite du morceau <a href=\"https:\/\/m.youtube.com\/watch?v=6WsMjxRt3wI\">I think I\u2019m falling<\/a> de Kohh dont je parlais \u00e9galement <a href=\"https:\/\/www.fgautron.com\/weblog\/archives\/2020\/07\/11\/opened-sky-1\/\">pr\u00e9c\u00e9demment<\/a>. C\u2019est une petite playlist aux accents hip-hop, qui est un style m\u2019attirant beaucoup ces derniers jours. La photo ci-dessus est extraite de la <a href=\"https:\/\/m.youtube.com\/watch?v=s2lrXYmpi7w\">vid\u00e9o du morceau Sparkle<\/a>. Le petit b\u00e9mol, bien qu\u2019il n\u2019affecte pas la qualit\u00e9 du morceau, est qu\u2019il faut faire abstraction du fait que cette vid\u00e9o joue aussi le r\u00f4le de publicit\u00e9 pour les \u00e9couteurs Bluetooth Sony qui sont par cons\u00e9quent un peu trop pr\u00e9sents dans la vid\u00e9o.<\/p>\n","protected":false},"excerpt":{"rendered":"<p>Je termine ma petite s\u00e9rie de photographies de la tour Shibuya Scramble Square par une partie de l\u2019int\u00e9rieur au dernier \u00e9tage de la tour. On peut faire le tour de l\u2019\u00e9tage jusqu\u2019\u00e0 un caf\u00e9 restaurant. Cet espace d\u00e9limit\u00e9 par des murs peints en noir sert de galerie et on pouvait y voir quelques photographies de&#8230;<\/p>\n","protected":false},"author":1,"featured_media":0,"comment_status":"open","ping_status":"open","sticky":false,"template":"","format":"standard","meta":{"_jetpack_memberships_contains_paid_content":false,"footnotes":"","jetpack_publicize_message":"windowed sky: en haut de la tour Shibuya Scramble Square avec la musique de Iri @03iritaama Sparkle et 24-25","jetpack_publicize_feature_enabled":true,"jetpack_social_post_already_shared":true,"jetpack_social_options":{"image_generator_settings":{"template":"highway","default_image_id":0,"font":"","enabled":false},"version":2}},"categories":[4,3],"tags":[1562,267,1668],"class_list":["post-30381","post","type-post","status-publish","format-standard","hentry","category-musiques","category-tokyo","tag-iri","tag-naoki-ishikawa","tag-shibuya-scramble-square"],"jetpack_publicize_connections":[],"jetpack_featured_media_url":"","jetpack_sharing_enabled":true,"jetpack_likes_enabled":true,"_links":{"self":[{"href":"https:\/\/www.fgautron.com\/weblog\/wp-json\/wp\/v2\/posts\/30381","targetHints":{"allow":["GET"]}}],"collection":[{"href":"https:\/\/www.fgautron.com\/weblog\/wp-json\/wp\/v2\/posts"}],"about":[{"href":"https:\/\/www.fgautron.com\/weblog\/wp-json\/wp\/v2\/types\/post"}],"author":[{"embeddable":true,"href":"https:\/\/www.fgautron.com\/weblog\/wp-json\/wp\/v2\/users\/1"}],"replies":[{"embeddable":true,"href":"https:\/\/www.fgautron.com\/weblog\/wp-json\/wp\/v2\/comments?post=30381"}],"version-history":[{"count":10,"href":"https:\/\/www.fgautron.com\/weblog\/wp-json\/wp\/v2\/posts\/30381\/revisions"}],"predecessor-version":[{"id":30604,"href":"https:\/\/www.fgautron.com\/weblog\/wp-json\/wp\/v2\/posts\/30381\/revisions\/30604"}],"wp:attachment":[{"href":"https:\/\/www.fgautron.com\/weblog\/wp-json\/wp\/v2\/media?parent=30381"}],"wp:term":[{"taxonomy":"category","embeddable":true,"href":"https:\/\/www.fgautron.com\/weblog\/wp-json\/wp\/v2\/categories?post=30381"},{"taxonomy":"post_tag","embeddable":true,"href":"https:\/\/www.fgautron.com\/weblog\/wp-json\/wp\/v2\/tags?post=30381"}],"curies":[{"name":"wp","href":"https:\/\/api.w.org\/{rel}","templated":true}]}}