{"id":30712,"date":"2020-08-12T14:53:59","date_gmt":"2020-08-12T05:53:59","guid":{"rendered":"https:\/\/www.fgautron.com\/weblog\/?p=30712"},"modified":"2020-08-12T14:53:59","modified_gmt":"2020-08-12T05:53:59","slug":"from-sky-%e1%80%9e%e1%80%af%e1%80%b6%e1%80%b8","status":"publish","type":"post","link":"https:\/\/www.fgautron.com\/weblog\/archives\/2020\/08\/12\/from-sky-%e1%80%9e%e1%80%af%e1%80%b6%e1%80%b8\/","title":{"rendered":"from sky (\u101e\u102f\u1036\u1038)"},"content":{"rendered":"<p><img loading=\"lazy\" decoding=\"async\" data-attachment-id=\"30723\" data-permalink=\"https:\/\/www.fgautron.com\/weblog\/archives\/2020\/08\/12\/from-sky-%e1%80%9e%e1%80%af%e1%80%b6%e1%80%b8\/img_3307wm\/\" data-orig-file=\"https:\/\/www.fgautron.com\/weblog\/wp-content\/\/IMG_3307wm.jpg\" data-orig-size=\"2000,1333\" data-comments-opened=\"1\" data-image-meta=\"{&quot;aperture&quot;:&quot;14&quot;,&quot;credit&quot;:&quot;&quot;,&quot;camera&quot;:&quot;Canon EOS 50D&quot;,&quot;caption&quot;:&quot;&quot;,&quot;created_timestamp&quot;:&quot;1595781667&quot;,&quot;copyright&quot;:&quot;&quot;,&quot;focal_length&quot;:&quot;40&quot;,&quot;iso&quot;:&quot;400&quot;,&quot;shutter_speed&quot;:&quot;0.00125&quot;,&quot;title&quot;:&quot;&quot;,&quot;orientation&quot;:&quot;1&quot;}\" data-image-title=\"IMG_3307wm\" data-image-description=\"\" data-image-caption=\"\" data-large-file=\"https:\/\/www.fgautron.com\/weblog\/wp-content\/\/IMG_3307wm-700x467.jpg\" src=\"https:\/\/www.fgautron.com\/weblog\/wp-content\/\/IMG_3307wm.jpg\" alt=\"\" width=\"2000\" height=\"1333\" class=\"aligncenter size-full wp-image-30723\" srcset=\"https:\/\/www.fgautron.com\/weblog\/wp-content\/IMG_3307wm.jpg 2000w, https:\/\/www.fgautron.com\/weblog\/wp-content\/IMG_3307wm-300x200.jpg 300w, https:\/\/www.fgautron.com\/weblog\/wp-content\/IMG_3307wm-700x467.jpg 700w, https:\/\/www.fgautron.com\/weblog\/wp-content\/IMG_3307wm-1536x1024.jpg 1536w, https:\/\/www.fgautron.com\/weblog\/wp-content\/IMG_3307wm-800x533.jpg 800w\" sizes=\"auto, (max-width: 2000px) 100vw, 2000px\" \/><\/p>\n<p><img loading=\"lazy\" decoding=\"async\" data-attachment-id=\"30724\" data-permalink=\"https:\/\/www.fgautron.com\/weblog\/archives\/2020\/08\/12\/from-sky-%e1%80%9e%e1%80%af%e1%80%b6%e1%80%b8\/img_3329wm\/\" data-orig-file=\"https:\/\/www.fgautron.com\/weblog\/wp-content\/\/IMG_3329wm.jpg\" data-orig-size=\"2000,1333\" data-comments-opened=\"1\" data-image-meta=\"{&quot;aperture&quot;:&quot;10&quot;,&quot;credit&quot;:&quot;&quot;,&quot;camera&quot;:&quot;Canon EOS 50D&quot;,&quot;caption&quot;:&quot;&quot;,&quot;created_timestamp&quot;:&quot;1595790629&quot;,&quot;copyright&quot;:&quot;&quot;,&quot;focal_length&quot;:&quot;22&quot;,&quot;iso&quot;:&quot;400&quot;,&quot;shutter_speed&quot;:&quot;0.005&quot;,&quot;title&quot;:&quot;&quot;,&quot;orientation&quot;:&quot;1&quot;}\" data-image-title=\"IMG_3329wm\" data-image-description=\"\" data-image-caption=\"\" data-large-file=\"https:\/\/www.fgautron.com\/weblog\/wp-content\/\/IMG_3329wm-700x467.jpg\" src=\"https:\/\/www.fgautron.com\/weblog\/wp-content\/\/IMG_3329wm.jpg\" alt=\"\" width=\"2000\" height=\"1333\" class=\"aligncenter size-full wp-image-30724\" srcset=\"https:\/\/www.fgautron.com\/weblog\/wp-content\/IMG_3329wm.jpg 2000w, https:\/\/www.fgautron.com\/weblog\/wp-content\/IMG_3329wm-300x200.jpg 300w, https:\/\/www.fgautron.com\/weblog\/wp-content\/IMG_3329wm-700x467.jpg 700w, https:\/\/www.fgautron.com\/weblog\/wp-content\/IMG_3329wm-1536x1024.jpg 1536w, https:\/\/www.fgautron.com\/weblog\/wp-content\/IMG_3329wm-800x533.jpg 800w\" sizes=\"auto, (max-width: 2000px) 100vw, 2000px\" \/><\/p>\n<p><img loading=\"lazy\" decoding=\"async\" data-attachment-id=\"30719\" data-permalink=\"https:\/\/www.fgautron.com\/weblog\/archives\/2020\/08\/12\/from-sky-%e1%80%9e%e1%80%af%e1%80%b6%e1%80%b8\/img_3216wm\/\" data-orig-file=\"https:\/\/www.fgautron.com\/weblog\/wp-content\/\/IMG_3216wm.jpg\" data-orig-size=\"2000,1299\" data-comments-opened=\"1\" data-image-meta=\"{&quot;aperture&quot;:&quot;8&quot;,&quot;credit&quot;:&quot;&quot;,&quot;camera&quot;:&quot;Canon EOS 50D&quot;,&quot;caption&quot;:&quot;&quot;,&quot;created_timestamp&quot;:&quot;1595610134&quot;,&quot;copyright&quot;:&quot;&quot;,&quot;focal_length&quot;:&quot;17&quot;,&quot;iso&quot;:&quot;400&quot;,&quot;shutter_speed&quot;:&quot;0.008&quot;,&quot;title&quot;:&quot;&quot;,&quot;orientation&quot;:&quot;1&quot;}\" data-image-title=\"IMG_3216wm\" data-image-description=\"\" data-image-caption=\"\" data-large-file=\"https:\/\/www.fgautron.com\/weblog\/wp-content\/\/IMG_3216wm-700x455.jpg\" src=\"https:\/\/www.fgautron.com\/weblog\/wp-content\/\/IMG_3216wm.jpg\" alt=\"\" width=\"2000\" height=\"1299\" class=\"aligncenter size-full wp-image-30719\" srcset=\"https:\/\/www.fgautron.com\/weblog\/wp-content\/IMG_3216wm.jpg 2000w, https:\/\/www.fgautron.com\/weblog\/wp-content\/IMG_3216wm-300x195.jpg 300w, https:\/\/www.fgautron.com\/weblog\/wp-content\/IMG_3216wm-700x455.jpg 700w, https:\/\/www.fgautron.com\/weblog\/wp-content\/IMG_3216wm-1536x998.jpg 1536w, https:\/\/www.fgautron.com\/weblog\/wp-content\/IMG_3216wm-800x520.jpg 800w\" sizes=\"auto, (max-width: 2000px) 100vw, 2000px\" \/><\/p>\n<p><img loading=\"lazy\" decoding=\"async\" data-attachment-id=\"30722\" data-permalink=\"https:\/\/www.fgautron.com\/weblog\/archives\/2020\/08\/12\/from-sky-%e1%80%9e%e1%80%af%e1%80%b6%e1%80%b8\/img_3300wm\/\" data-orig-file=\"https:\/\/www.fgautron.com\/weblog\/wp-content\/\/IMG_3300wm.jpg\" data-orig-size=\"2000,1333\" data-comments-opened=\"1\" data-image-meta=\"{&quot;aperture&quot;:&quot;5.6&quot;,&quot;credit&quot;:&quot;&quot;,&quot;camera&quot;:&quot;Canon EOS 50D&quot;,&quot;caption&quot;:&quot;&quot;,&quot;created_timestamp&quot;:&quot;1595778308&quot;,&quot;copyright&quot;:&quot;&quot;,&quot;focal_length&quot;:&quot;17&quot;,&quot;iso&quot;:&quot;400&quot;,&quot;shutter_speed&quot;:&quot;0.0166666666667&quot;,&quot;title&quot;:&quot;&quot;,&quot;orientation&quot;:&quot;1&quot;}\" data-image-title=\"IMG_3300wm\" data-image-description=\"\" data-image-caption=\"\" data-large-file=\"https:\/\/www.fgautron.com\/weblog\/wp-content\/\/IMG_3300wm-700x467.jpg\" src=\"https:\/\/www.fgautron.com\/weblog\/wp-content\/\/IMG_3300wm.jpg\" alt=\"\" width=\"2000\" height=\"1333\" class=\"aligncenter size-full wp-image-30722\" srcset=\"https:\/\/www.fgautron.com\/weblog\/wp-content\/IMG_3300wm.jpg 2000w, https:\/\/www.fgautron.com\/weblog\/wp-content\/IMG_3300wm-300x200.jpg 300w, https:\/\/www.fgautron.com\/weblog\/wp-content\/IMG_3300wm-700x467.jpg 700w, https:\/\/www.fgautron.com\/weblog\/wp-content\/IMG_3300wm-1536x1024.jpg 1536w, https:\/\/www.fgautron.com\/weblog\/wp-content\/IMG_3300wm-800x533.jpg 800w\" sizes=\"auto, (max-width: 2000px) 100vw, 2000px\" \/><\/p>\n<p><img loading=\"lazy\" decoding=\"async\" data-attachment-id=\"30720\" data-permalink=\"https:\/\/www.fgautron.com\/weblog\/archives\/2020\/08\/12\/from-sky-%e1%80%9e%e1%80%af%e1%80%b6%e1%80%b8\/img_3221wm\/\" data-orig-file=\"https:\/\/www.fgautron.com\/weblog\/wp-content\/\/IMG_3221wm.jpg\" data-orig-size=\"2000,1333\" data-comments-opened=\"1\" data-image-meta=\"{&quot;aperture&quot;:&quot;8&quot;,&quot;credit&quot;:&quot;&quot;,&quot;camera&quot;:&quot;Canon EOS 50D&quot;,&quot;caption&quot;:&quot;&quot;,&quot;created_timestamp&quot;:&quot;1595610412&quot;,&quot;copyright&quot;:&quot;&quot;,&quot;focal_length&quot;:&quot;17&quot;,&quot;iso&quot;:&quot;400&quot;,&quot;shutter_speed&quot;:&quot;0.00625&quot;,&quot;title&quot;:&quot;&quot;,&quot;orientation&quot;:&quot;1&quot;}\" data-image-title=\"IMG_3221wm\" data-image-description=\"\" data-image-caption=\"\" data-large-file=\"https:\/\/www.fgautron.com\/weblog\/wp-content\/\/IMG_3221wm-700x467.jpg\" src=\"https:\/\/www.fgautron.com\/weblog\/wp-content\/\/IMG_3221wm.jpg\" alt=\"\" width=\"2000\" height=\"1333\" class=\"aligncenter size-full wp-image-30720\" srcset=\"https:\/\/www.fgautron.com\/weblog\/wp-content\/IMG_3221wm.jpg 2000w, https:\/\/www.fgautron.com\/weblog\/wp-content\/IMG_3221wm-300x200.jpg 300w, https:\/\/www.fgautron.com\/weblog\/wp-content\/IMG_3221wm-700x467.jpg 700w, https:\/\/www.fgautron.com\/weblog\/wp-content\/IMG_3221wm-1536x1024.jpg 1536w, https:\/\/www.fgautron.com\/weblog\/wp-content\/IMG_3221wm-800x533.jpg 800w\" sizes=\"auto, (max-width: 2000px) 100vw, 2000px\" \/><\/p>\n<p><img loading=\"lazy\" decoding=\"async\" data-attachment-id=\"30721\" data-permalink=\"https:\/\/www.fgautron.com\/weblog\/archives\/2020\/08\/12\/from-sky-%e1%80%9e%e1%80%af%e1%80%b6%e1%80%b8\/img_3225wm\/\" data-orig-file=\"https:\/\/www.fgautron.com\/weblog\/wp-content\/\/IMG_3225wm.jpg\" data-orig-size=\"2000,1333\" data-comments-opened=\"1\" data-image-meta=\"{&quot;aperture&quot;:&quot;6.3&quot;,&quot;credit&quot;:&quot;&quot;,&quot;camera&quot;:&quot;Canon EOS 50D&quot;,&quot;caption&quot;:&quot;&quot;,&quot;created_timestamp&quot;:&quot;1595610581&quot;,&quot;copyright&quot;:&quot;&quot;,&quot;focal_length&quot;:&quot;17&quot;,&quot;iso&quot;:&quot;400&quot;,&quot;shutter_speed&quot;:&quot;0.01&quot;,&quot;title&quot;:&quot;&quot;,&quot;orientation&quot;:&quot;1&quot;}\" data-image-title=\"IMG_3225wm\" data-image-description=\"\" data-image-caption=\"\" data-large-file=\"https:\/\/www.fgautron.com\/weblog\/wp-content\/\/IMG_3225wm-700x467.jpg\" src=\"https:\/\/www.fgautron.com\/weblog\/wp-content\/\/IMG_3225wm.jpg\" alt=\"\" width=\"2000\" height=\"1333\" class=\"aligncenter size-full wp-image-30721\" srcset=\"https:\/\/www.fgautron.com\/weblog\/wp-content\/IMG_3225wm.jpg 2000w, https:\/\/www.fgautron.com\/weblog\/wp-content\/IMG_3225wm-300x200.jpg 300w, https:\/\/www.fgautron.com\/weblog\/wp-content\/IMG_3225wm-700x467.jpg 700w, https:\/\/www.fgautron.com\/weblog\/wp-content\/IMG_3225wm-1536x1024.jpg 1536w, https:\/\/www.fgautron.com\/weblog\/wp-content\/IMG_3225wm-800x533.jpg 800w\" sizes=\"auto, (max-width: 2000px) 100vw, 2000px\" \/><\/p>\n<p>Ce troisi\u00e8me et dernier \u00e9pisode nous fait sauter de l\u2019avion pour atterrir une nouvelle fois dans le centre tr\u00e8s occup\u00e9 (quoique moins que d\u2019habitude) de Shibuya, aux pieds de la statue de m\u00e9tal argent\u00e9 de Hajime Sorayama derri\u00e8re le Department Store PARCO. Elle nous accueille bien entendu d\u2019un rayon laser lumineux for\u00e7ant le chemin dans les nuages. On ne peut \u00eatre qu\u2019happ\u00e9 par cette lumi\u00e8re qui nous accompagne doucement jusqu&rsquo;au sol. On se laisse ensuite ricocher jusqu\u2019en bas des rues de Udagawacho, que je vais d&rsquo;ailleurs souvent observer. Le grand mur de graffiti \u00e0 l\u2019arri\u00e8re \u00e9tait d\u00e9j\u00e0 compl\u00e8tement rempli de dessins, mais un autre graffeur s\u2019est apparemment permis de laisser son empreinte abusive en y dessinant des grands papillons gris sur toute la longueur du mur. Depuis que la tour Abema TV s\u2019est construite \u00e0 proximit\u00e9 de cette rue, je ne laisse plus beaucoup d\u2019ann\u00e9es de vie \u00e0 ce quartier, avant qu\u2019il ne subisse les vagues de la standardisation urbaine. Dans le quartier, il reste un vieil immeuble noir de quelques \u00e9tages avec un disquaire sp\u00e9cialis\u00e9 dans le hip-hop au rez-de-chauss\u00e9e. Je regarde toujours les fa\u00e7ades ext\u00e9rieures de cet immeuble pour voir si les illustrations murales ont \u00e9t\u00e9 modifi\u00e9es. Cette fois-ci, un groupe de personnages de cartoon aux t\u00eates de rappeurs gangsta y est repr\u00e9sent\u00e9. La qualit\u00e9 graphique de l\u2019illustration est assez d\u00e9cevante par rapport \u00e0 ce qu&rsquo;on peut parfois y voir, ce qui facilitera d\u2019autant plus son remplacement.<\/p>\n<p><img loading=\"lazy\" decoding=\"async\" data-attachment-id=\"30782\" data-permalink=\"https:\/\/www.fgautron.com\/weblog\/archives\/2020\/08\/12\/from-sky-%e1%80%9e%e1%80%af%e1%80%b6%e1%80%b8\/img_3350wm\/\" data-orig-file=\"https:\/\/www.fgautron.com\/weblog\/wp-content\/\/IMG_3350wm.jpg\" data-orig-size=\"2000,1313\" data-comments-opened=\"1\" data-image-meta=\"{&quot;aperture&quot;:&quot;7.1&quot;,&quot;credit&quot;:&quot;&quot;,&quot;camera&quot;:&quot;Canon EOS 50D&quot;,&quot;caption&quot;:&quot;&quot;,&quot;created_timestamp&quot;:&quot;1596301727&quot;,&quot;copyright&quot;:&quot;&quot;,&quot;focal_length&quot;:&quot;40&quot;,&quot;iso&quot;:&quot;400&quot;,&quot;shutter_speed&quot;:&quot;0.005&quot;,&quot;title&quot;:&quot;&quot;,&quot;orientation&quot;:&quot;1&quot;}\" data-image-title=\"IMG_3350wm\" data-image-description=\"\" data-image-caption=\"\" data-large-file=\"https:\/\/www.fgautron.com\/weblog\/wp-content\/\/IMG_3350wm-700x460.jpg\" src=\"https:\/\/www.fgautron.com\/weblog\/wp-content\/\/IMG_3350wm.jpg\" alt=\"\" width=\"2000\" height=\"1313\" class=\"aligncenter size-full wp-image-30782\" srcset=\"https:\/\/www.fgautron.com\/weblog\/wp-content\/IMG_3350wm.jpg 2000w, https:\/\/www.fgautron.com\/weblog\/wp-content\/IMG_3350wm-300x197.jpg 300w, https:\/\/www.fgautron.com\/weblog\/wp-content\/IMG_3350wm-700x460.jpg 700w, https:\/\/www.fgautron.com\/weblog\/wp-content\/IMG_3350wm-1536x1008.jpg 1536w, https:\/\/www.fgautron.com\/weblog\/wp-content\/IMG_3350wm-800x525.jpg 800w\" sizes=\"auto, (max-width: 2000px) 100vw, 2000px\" \/><\/p>\n<p>Le <a href=\"https:\/\/cemondederosee.com\/2020\/06\/10\/le-vide-et-le-plein-2-nicolas-bouvier\/\">billet de Daniel sur son blog<\/a> me donne envie de ressortir de mes \u00e9tag\u00e8res le livre de Nicolas Bouvier, \u201c<a href=\"http:\/\/www.gallimard.fr\/Catalogue\/GALLIMARD\/Folio\/Folio\/Voyage\/Le-vide-et-le-plein\">Le vide et le plein<\/a>\u201d, sous-titr\u00e9 \u201cCarnets du Japon 1964-1970\u201d. Il se trouvait l\u00e0, devant les autres livres de ma petite biblioth\u00e8que comme s\u2019il avait compris que c\u2019\u00e9tait son tour. J\u2019ai un meilleur souvenir de l\u2019autre livre de Nicolas Bouvier que je poss\u00e8de, \u201cChronique japonaise\u201d, peut \u00eatre parce que j\u2019avais lu celui-ci alors que j\u2019\u00e9tais encore \u00e9tudiant en France et que le Japon paraissait encore tr\u00e8s loin. J\u2019ai achet\u00e9 \u201cLe vide et le plein\u201d \u00e0 Tokyo, dans la librairie Kinokuniya pr\u00e8s du Department Store Takashimaya de Shinjuku, si mes souvenirs sont exacts. Je ne le lis pas d\u2019une traite mais par petits morceaux, ce qui fonctionne bien car il s\u2019agit d\u2019extraits de son journal de bord. D\u00e8s le d\u00e9but, on ressent une sorte d\u2019aigreur que l\u2019auteur communique par petites bribes au fur et \u00e0 mesure de ses r\u00e9flexions, mais il touche et voit toujours juste. Je pense que cette aigreur m\u2019avait rebut\u00e9 \u00e0 ma premi\u00e8re lecture il y a plusieurs ann\u00e9es. Je ne me souviens plus si je l\u2019avais lu en entier \u00e0 l\u2019\u00e9poque, mais j\u2019y trouve un nouvel attrait en le lisant aujourd\u2019hui. Il y a deux parties principales dans ces carnets, la chronique de Kyoto et celle de Tokyo. Je suis plus sensible \u00e0 la deuxi\u00e8me partie o\u00f9 Nicolas Bouvier vivait \u00e0 Tokyo comme si elle correspondait \u00e0 un Japon que je reconnais, par rapport \u00e0 la premi\u00e8re partie \u00e0 Kyoto qui me semble plus lointaine. En lisant cette partie sur Tokyo, je me surprends \u00e0 poser des post-it sur certains morceaux de textes pour y revenir plus tard. Au d\u00e9tour des petits textes nous narrant des situations particuli\u00e8res, il y ins\u00e8re parfois des piques par des formules finales bien trouv\u00e9es: \u201cLeur drapeau leur bouche le ciel\u201d, \u00e0 propos de certaines personnes \u00e0 faible ouverture d\u2019esprit. J\u2019ai l\u2019impression quand m\u00eame qu\u2019il nous manque parfois un peu de contexte pour bien comprendre ce qu\u2019il nous \u00e9crit, notamment la rudesse de certaines piques, par exemple celle o\u00f9 il \u00e9voque les critiques photographiques ne comprenant rien \u00e0 la photographie (qu\u2019il pratique). Il faut rappeler que ce sont des carnets et que les textes sont en g\u00e9n\u00e9ral tr\u00e8s courts. Mais certains passages trouvent une grande r\u00e9sonance lorsque l\u2019on pratique le Japon depuis plusieurs ann\u00e9es. A propos des ses voyages dans le Japon, il r\u00e9sume: \u201cFatigue, exaltation, solitude, ennui, conversations toujours pareilles dans lesquelles une sorte de lassitude vous embarque\u201d. J\u2019ai personnellement une hantise de ces conversations avec des inconnus qui se limitent aux lieux communs, d\u2019autant plus quand l\u2019interlocuteur parle quelques mots de fran\u00e7ais et croit nous faire plaisir en les d\u00e9roulant les uns apr\u00e8s les autres. Je vois souvent venir ces conversations et je d\u00e9tourne le chemin pour les \u00e9viter, mais je me laisse parfois pi\u00e9ger. En y repensant maintenant, c\u2019est peut \u00eatre une des raisons pour laquelle j\u2019aime mettre des \u00e9couteurs dans les oreilles. Mais, Bouvier voit d\u2019autant plus juste quand il imagine, un peu plus tard dans ses carnets, une conversation qu\u2019il aurait pu avoir dans un \u201cbistrot de chez nous\u201d: \u201cOn sait bien ce que c\u2019est: personne n\u2019\u00e9coute, et pourtant on parle. C\u2019est un aveu d\u2019impuissance, mais c\u2019est aussi une litanie qui \u00e9voque et c\u00e9l\u00e8bre la v\u00e9ritable conversation qu\u2019on voudrait tant avoir, qu\u2019on n\u2019a pas et qu\u2019un jour on aura peut \u00eatre. En attendant, on se chauffe.\u201d Les interlocuteurs de cette v\u00e9ritable conversation sont rares ici, mais m\u00eame s\u2019ils sont potentiellement plus nombreux \u2018au pays\u2019, c\u2019est la v\u00e9ritable conversation elle-m\u00eame qui reste rare. Certains textes me font \u00e9galement sourire comme ce passage o\u00f9 Bouvier pr\u00e9tend reprendre le texte d\u2019une journaliste japonaise \u00e0 l\u2019occasion de l\u2019anniversaire de l\u2019empereur et \u201c[..] raconte que cet homme digne et sympathique fut bien soulag\u00e9 de ne plus \u00eatre un dieu &#8211; on le comprend [..]\u201d. Un autre passage \u00e9voque bri\u00e8vement la sur-information: \u201cA force d\u2019information l\u2019esprit perd sa structure; on n\u2019a plus le temps de mettre un peu d\u2019ordre l\u00e0-dedans, ni m\u00eame de savoir si l\u2019on aime et si l\u2019estomac supporte\u201d. Rappelons que ce journal date des ann\u00e9es 60 et qu\u2019on n\u2019en \u00e9tait pas encore \u00e0 la soci\u00e9t\u00e9 de sur-information actuelle. Mais le passage que je pr\u00e9f\u00e8re est plus po\u00e9tique. En relisant le texte de Daniel sur son blog, alors que je suis en train d\u2019\u00e9crire le mien ici, je me rends compte, que ce texte titr\u00e9 \u00ab\u00a0Matelas\u00a0\u00bb lui a \u00e9galement tap\u00e9 dans l\u2019oeil. Je me permets de le restituer \u00e9galement ci-dessous, parce que j\u2019aurais tr\u00e8s certainement envie de le relire:<\/p>\n<blockquote><p>L\u2019agr\u00e9ment qu\u2019il y a \u00e0 dormir sur le tatami, c\u2019est d\u2019avoir ainsi le dos coll\u00e9 au sol, de faire corps avec la terre et \u2013 quand le calme et le silence de la nuit le permettent \u2013 de sentir et de partager la vaste rotation dans laquelle elle vous entra\u00eene. Les couvertures tir\u00e9es jusqu\u2019au menton, les mains \u00e0 plat le long du corps on fend l\u2019espace comme un boulet chauff\u00e9 au rouge. On pense aux autres corps c\u00e9lestes, aux orbites qui s\u2019infl\u00e9chissent et qui divergent, aux attractions, aux r\u00e9pulsions, aux lentes figures qui se tracent \u00e0 des vitesses inconcevables. Dans cette salle de bal obscure qu\u2019est devenue la nuit, la natte, la maison, le quartier et les douze millions de dormeurs qui l\u2019entourent pivotent avec un ensemble admirable pendant que je me pose la question de ma place \u00e0 moi l\u00e0-dedans, qui reste \u00e0 d\u00e9battre. Le sommeil vient avant la r\u00e9ponse.<\/p><\/blockquote>\n<p><img loading=\"lazy\" decoding=\"async\" data-attachment-id=\"30791\" data-permalink=\"https:\/\/www.fgautron.com\/weblog\/archives\/2020\/08\/12\/from-sky-%e1%80%9e%e1%80%af%e1%80%b6%e1%80%b8\/img_3442wm\/\" data-orig-file=\"https:\/\/www.fgautron.com\/weblog\/wp-content\/\/IMG_3442wm.jpg\" data-orig-size=\"2000,1333\" data-comments-opened=\"1\" data-image-meta=\"{&quot;aperture&quot;:&quot;6.3&quot;,&quot;credit&quot;:&quot;&quot;,&quot;camera&quot;:&quot;Canon EOS 50D&quot;,&quot;caption&quot;:&quot;&quot;,&quot;created_timestamp&quot;:&quot;1596905795&quot;,&quot;copyright&quot;:&quot;&quot;,&quot;focal_length&quot;:&quot;17&quot;,&quot;iso&quot;:&quot;250&quot;,&quot;shutter_speed&quot;:&quot;0.01&quot;,&quot;title&quot;:&quot;&quot;,&quot;orientation&quot;:&quot;1&quot;}\" data-image-title=\"IMG_3442wm\" data-image-description=\"\" data-image-caption=\"\" data-large-file=\"https:\/\/www.fgautron.com\/weblog\/wp-content\/\/IMG_3442wm-700x467.jpg\" src=\"https:\/\/www.fgautron.com\/weblog\/wp-content\/\/IMG_3442wm.jpg\" alt=\"\" width=\"2000\" height=\"1333\" class=\"aligncenter size-full wp-image-30791\" srcset=\"https:\/\/www.fgautron.com\/weblog\/wp-content\/IMG_3442wm.jpg 2000w, https:\/\/www.fgautron.com\/weblog\/wp-content\/IMG_3442wm-300x200.jpg 300w, https:\/\/www.fgautron.com\/weblog\/wp-content\/IMG_3442wm-700x467.jpg 700w, https:\/\/www.fgautron.com\/weblog\/wp-content\/IMG_3442wm-1536x1024.jpg 1536w, https:\/\/www.fgautron.com\/weblog\/wp-content\/IMG_3442wm-800x533.jpg 800w\" sizes=\"auto, (max-width: 2000px) 100vw, 2000px\" \/><\/p>\n<p>Dans les rayons t\u00e9l\u00e9vision du magasin d\u2019\u00e9lectronique Biccamera de Shibuya, je me laisse surprendre par une dame portant un petit carnet en mains. Derri\u00e8re elle, un homme de grande taille porte une cam\u00e9ra vid\u00e9o. Elle m\u2019aborde poliment entre deux \u00e9crans 55 pouces pour me demander si je serais d\u2019accord pour r\u00e9pondre \u00e0 quelques questions. Le sujet de cette interview spontan\u00e9e est la mani\u00e8re dont les \u00e9trangers vivant \u00e0 Tokyo \u00e9vacuent le stress de cette difficile situation actuelle du coronavirus. Il s\u2019agit apparemment d\u2019interviews rapides pour une \u00e9mission de t\u00e9l\u00e9vision dont le nom m\u2019a \u00e9chapp\u00e9. Je d\u00e9cline aimablement la proposition et ils n\u2019insistent pas tout en me remerciant de l\u2019attention. En fait, je connaissais d\u00e9j\u00e0 cette dame car elle m\u2019avait d\u00e9j\u00e0 abord\u00e9 et interview\u00e9 l\u2019ann\u00e9e derni\u00e8re alors que je marchais seul pr\u00e8s du carrefour de Shibuya. Lors de cette pr\u00e9c\u00e9dente interview ciblant \u00e9galement les \u00e9trangers (touristes ou r\u00e9sidents), elle m\u2019avait demand\u00e9 si je connaissais et si j\u2019\u00e9coutais de la musique japonaise et si oui, quelles \u00e9taient mes artistes pr\u00e9f\u00e9r\u00e9s. J\u2019avais parl\u00e9 de Sheena Ringo et de la premi\u00e8re fois o\u00f9 j\u2019avais entendu sa musique dans ces m\u00eames rues de Shibuya. Si mes souvenirs sont corrects, c\u2019\u00e9tait le single <a href=\"https:\/\/www.youtube.com\/watch?v=nV1HLjeOEL4\">Koko de Kiss shite<\/a> de son premier album Muzai Moratorium, qui \u00e9tait diffus\u00e9 sur les hauts parleurs accroch\u00e9s aux lampadaires des rues de Shibuya autour de Center Gai. Elle m\u2019avait demand\u00e9 de donner un ou plusieurs titres et de fredonner si je le pouvais, ce que j\u2019\u00e9tais bien incapable de faire spontan\u00e9ment. Cette interview \u00e9tait destin\u00e9e \u00e0 l\u2019\u00e9mission Music Station de Tv Asahi. On m\u2019avait fait signer un papier \u00e0 la fin de cette courte interview pour les droits \u00e0 l\u2019image. Il n\u2019y avait bien s\u00fbr aucune certitude que mon interview serait retenue au final et elle ne l\u2019a pas \u00e9t\u00e9. J\u2019avais regard\u00e9 l\u2019\u00e9mission d\u2019un air inquiet de peur de me voir, mais je me suis vite rendu compte que mon intervention \u00e9tait un peu en d\u00e9calage avec ce qui \u00e9tait attendu. Les \u00e9trangers qui sont pass\u00e9s \u00e0 la t\u00e9l\u00e9vision \u00e9taient soit amateurs de musique d\u2019anime, citant des morceaux comme celui de Radwimps pour Kimi no na ha (Your Name), ou amateurs un peu excentrique de musique d\u2019idoles dans le genre AKB48 ou Nogizaka46. Malgr\u00e9 la popularit\u00e9 de Sheena Ringo au Japon, mon choix ne correspondait certainement pas \u00e0 ce qu\u2019on attendait d\u2019un \u00e9tranger. Avant de d\u00e9cliner cette deuxi\u00e8me interview, j\u2019ai d\u2019abord penser pendant un quart de seconde \u00e0 cette premi\u00e8re interview. Que r\u00e9pondre \u00e0 la question de ce que je fais pour \u00e9vacuer le stress du coronavirus? J\u2019aurais pu dire que j\u2019ai tendance \u00e0 faire beaucoup plus de blagues \u00e0 la maison mais j\u2019aurais \u00e9t\u00e9 bien en mal de donner des exemples. J\u2019aurais pu dire que j\u2019\u00e9coute beaucoup de musiques japonaises alternatives que mon interlocutrice ne conna\u00eetrait peut \u00eatre pas. J\u2019aurais pu expliquer que j\u2019aime marcher pendant mes heures libres en dehors des obligations de la vie quotidienne, pour prendre des photos d\u2019architecture. Alors que je r\u00e9fl\u00e9chissais \u00e0 tout cela pendant ce quart de seconde, je me suis rendu compte que mes occupations n\u2019avaient rien de tr\u00e8s int\u00e9ressantes ou fantaisistes, qu\u2019elles ne seront pas \u00e0 m\u00eame de surprendre l\u2019auditoire et qu\u2019elles ne seront certainement pas retenues malgr\u00e9 les efforts que je pourrais consacrer \u00e0 les expliciter. J\u2019aurais peut \u00eatre eu une chance de passer dans cette \u00e9mission si pour combattre le stress du coronavirus, je faisais par exemple des exercices \u00e0 la maison en dansant en tenue de cosplay. J\u2019exag\u00e8re un peu le trait mais comment expliquer que l\u2019on vit tout simplement une vie normale et qu\u2019on a aucun moyen magique d\u2019\u00e9vacuer ce stress. On vit avec, tout simplement, comme tout le monde, qu\u2019on soit \u00e9tranger ou japonais.<\/p>\n<p><img loading=\"lazy\" decoding=\"async\" data-attachment-id=\"30761\" data-permalink=\"https:\/\/www.fgautron.com\/weblog\/archives\/2020\/08\/10\/from-sky-deuce\/empire-idontcryanymoremv\/\" data-orig-file=\"https:\/\/www.fgautron.com\/weblog\/wp-content\/\/empire-idontcryanymoremv.jpg\" data-orig-size=\"2000,1018\" data-comments-opened=\"1\" data-image-meta=\"{&quot;aperture&quot;:&quot;0&quot;,&quot;credit&quot;:&quot;&quot;,&quot;camera&quot;:&quot;&quot;,&quot;caption&quot;:&quot;&quot;,&quot;created_timestamp&quot;:&quot;0&quot;,&quot;copyright&quot;:&quot;&quot;,&quot;focal_length&quot;:&quot;0&quot;,&quot;iso&quot;:&quot;0&quot;,&quot;shutter_speed&quot;:&quot;0&quot;,&quot;title&quot;:&quot;&quot;,&quot;orientation&quot;:&quot;1&quot;}\" data-image-title=\"empire-idontcryanymoremv\" data-image-description=\"\" data-image-caption=\"\" data-large-file=\"https:\/\/www.fgautron.com\/weblog\/wp-content\/\/empire-idontcryanymoremv-700x356.jpg\" src=\"https:\/\/www.fgautron.com\/weblog\/wp-content\/\/empire-idontcryanymoremv.jpg\" alt=\"\" width=\"2000\" height=\"1018\" class=\"aligncenter size-full wp-image-30761\" srcset=\"https:\/\/www.fgautron.com\/weblog\/wp-content\/empire-idontcryanymoremv.jpg 2000w, https:\/\/www.fgautron.com\/weblog\/wp-content\/empire-idontcryanymoremv-300x153.jpg 300w, https:\/\/www.fgautron.com\/weblog\/wp-content\/empire-idontcryanymoremv-700x356.jpg 700w, https:\/\/www.fgautron.com\/weblog\/wp-content\/empire-idontcryanymoremv-1536x782.jpg 1536w, https:\/\/www.fgautron.com\/weblog\/wp-content\/empire-idontcryanymoremv-800x407.jpg 800w\" sizes=\"auto, (max-width: 2000px) 100vw, 2000px\" \/><\/p>\n<p>Depuis <a href=\"https:\/\/www.youtube.com\/watch?v=4CqdBaoBRc8\">Have it my way<\/a> dont je parlais il y a <a href=\"https:\/\/www.fgautron.com\/weblog\/archives\/2020\/02\/01\/se-faire-mordre-par-le-tigre-blanc\/\">plusieurs mois d\u00e9j\u00e0<\/a>, je garde une oreille attentive aux nouveaux morceaux du groupe EMPiRE de l\u2019agence Wack. Un nouvel EP tout &lsquo;simplement&rsquo; intitul\u00e9 <a href=\"https:\/\/empire-official.com\/discography\/detail.php?id=1017623\">Super Cool<\/a> vient juste de sortir. Bien que je sois certain de ne pas m\u2019engager \u00e0 \u00e9couter et appr\u00e9cier l\u2019ensemble du EP car la musique de EMPiRE prend souvent des tournures un peu trop EDM pour moi, je tente tout de m\u00eame l\u2019\u00e9coute morceau apr\u00e8s morceau. Le premier, <a href=\"https:\/\/www.youtube.com\/watch?v=XP9K5ysIcHg\">This is EMPiRE SOUNDS<\/a>, a une construction assez simple (du moins au niveau des paroles) mais me plait bien pour son imm\u00e9diatet\u00e9 et son accroche contagieuse. Je sais que le groupe a le potentiel d\u2019arriver au niveau de BiSH (qui fonctionne tr\u00e8s bien dans les charts japonais en ce moment) et j\u2019ai le sentiment que le producteur Junnosuke Watanabe va les pousser comme les prochaines figures de proue de l\u2019agence. Le quatri\u00e8me morceau du EP intitul\u00e9 <a href=\"https:\/\/www.youtube.com\/watch?v=Cnc3vVhzv_4\">I don\u2019t cry anymore<\/a> est une excellente surprise, beaucoup moins rythm\u00e9 que ce qu\u2019on peut s\u2019attendre du groupe mais plus prenant \u00e0 l\u2019\u00e9coute. J&rsquo;aime beaucoup la part d&rsquo;\u00e9motion qui se d\u00e9gage du morceau surtout quand Mayu, qui a \u00e9crit les textes de ce morceau, chante les paroles du titre avec des v\u00e9ritables larmes aux yeux comme le t\u00e9moigne la vid\u00e9o. J&rsquo;appr\u00e9cie cette tournure plus personnelle de leur musique, en esp\u00e9rant qu&rsquo;elles se tournent un peu plus vers cette direction, ce dont je doute quand m\u00eame un peu.<\/p>\n<p><img loading=\"lazy\" decoding=\"async\" data-attachment-id=\"30762\" data-permalink=\"https:\/\/www.fgautron.com\/weblog\/archives\/2020\/08\/10\/from-sky-deuce\/bishletters-aina\/\" data-orig-file=\"https:\/\/www.fgautron.com\/weblog\/wp-content\/\/bishletters-aina.jpg\" data-orig-size=\"2000,1119\" data-comments-opened=\"1\" data-image-meta=\"{&quot;aperture&quot;:&quot;0&quot;,&quot;credit&quot;:&quot;&quot;,&quot;camera&quot;:&quot;&quot;,&quot;caption&quot;:&quot;&quot;,&quot;created_timestamp&quot;:&quot;0&quot;,&quot;copyright&quot;:&quot;&quot;,&quot;focal_length&quot;:&quot;0&quot;,&quot;iso&quot;:&quot;0&quot;,&quot;shutter_speed&quot;:&quot;0&quot;,&quot;title&quot;:&quot;&quot;,&quot;orientation&quot;:&quot;1&quot;}\" data-image-title=\"bishletters-aina\" data-image-description=\"\" data-image-caption=\"\" data-large-file=\"https:\/\/www.fgautron.com\/weblog\/wp-content\/\/bishletters-aina-700x392.jpg\" src=\"https:\/\/www.fgautron.com\/weblog\/wp-content\/\/bishletters-aina.jpg\" alt=\"\" width=\"2000\" height=\"1119\" class=\"aligncenter size-full wp-image-30762\" srcset=\"https:\/\/www.fgautron.com\/weblog\/wp-content\/bishletters-aina.jpg 2000w, https:\/\/www.fgautron.com\/weblog\/wp-content\/bishletters-aina-300x168.jpg 300w, https:\/\/www.fgautron.com\/weblog\/wp-content\/bishletters-aina-700x392.jpg 700w, https:\/\/www.fgautron.com\/weblog\/wp-content\/bishletters-aina-1536x859.jpg 1536w, https:\/\/www.fgautron.com\/weblog\/wp-content\/bishletters-aina-800x448.jpg 800w\" sizes=\"auto, (max-width: 2000px) 100vw, 2000px\" \/><\/p>\n<p>En parlant de BiSH, le groupe sort \u00e9galement un nouvel EP intitul\u00e9 <a href=\"https:\/\/www.bish.tokyo\/discography\/detail.php?id=1017601\">Letters<\/a>, qui est d\u00e9sign\u00e9 comme leur 3.5\u00e8me album mais qui ressemble quand m\u00eame plus \u00e0 un EP ou \u00e0 un mini-album. Je pense que ma s\u00e9rie photographique en trois \u00e9pisodes \u2018from sky\u2019 doit \u00eatre inconsciemment inspir\u00e9e par la vid\u00e9o du morceau titre <a href=\"https:\/\/www.youtube.com\/watch?v=fRx4JsM-vSU\">Letters<\/a>, car on voit la cam\u00e9ra partir du ciel pour pointer \u00e0 diff\u00e9rents endroits de Shibuya montrant chaque membre du groupe positionn\u00e9 sur les toits d\u2019immeubles. La cam\u00e9ra qui zoome sur BiSH n\u2019est pas positionn\u00e9e sur un h\u00e9licopt\u00e8re ou un avion, mais tout en haut de la tour Shibuya Scramble Square, o\u00f9 on retrouve AiNA \u00e0 un moment du morceau. Le morceau en lui-m\u00eame est relativement classique avec un d\u00e9marrage symphonique qu\u2019il me semble avoir d\u00e9j\u00e0 entendu, et dont on aurait pu se passer pour d\u00e9marrer directement sur les parties chant\u00e9es. J\u2019aime bien ce morceau en particulier mais je trouve le EP\/mini-album dans son ensemble un peu trop conventionnel, sans les exc\u00e8s rock voire punk (au sens japonais du terme) des albums pr\u00e9c\u00e9dents. On a l\u2019impression que le groupe se positionne maintenant pour le mainstream et \u00e9vite les \u00e9carts que le plus grand nombre aurait d\u00fb mal \u00e0 appr\u00e9cier. J\u2019essaierais certainement d\u2019\u00e9couter le reste de l\u2019album un peu plus tard.<\/p>\n","protected":false},"excerpt":{"rendered":"<p>Ce troisi\u00e8me et dernier \u00e9pisode nous fait sauter de l\u2019avion pour atterrir une nouvelle fois dans le centre tr\u00e8s occup\u00e9 (quoique moins que d\u2019habitude) de Shibuya, aux pieds de la statue de m\u00e9tal argent\u00e9 de Hajime Sorayama derri\u00e8re le Department Store PARCO. Elle nous accueille bien entendu d\u2019un rayon laser lumineux for\u00e7ant le chemin dans&#8230;<\/p>\n","protected":false},"author":1,"featured_media":0,"comment_status":"open","ping_status":"open","sticky":false,"template":"","format":"standard","meta":{"_jetpack_memberships_contains_paid_content":false,"footnotes":"","jetpack_publicize_message":"","jetpack_publicize_feature_enabled":true,"jetpack_social_post_already_shared":true,"jetpack_social_options":{"image_generator_settings":{"template":"highway","default_image_id":0,"font":"","enabled":false},"version":2}},"categories":[15,4,3],"tags":[1368,1751,1846,45],"class_list":["post-30712","post","type-post","status-publish","format-standard","hentry","category-livres","category-musiques","category-tokyo","tag-bish","tag-empire","tag-nicolas-bouvier","tag-shibuya"],"jetpack_publicize_connections":[],"jetpack_featured_media_url":"","jetpack_sharing_enabled":true,"jetpack_likes_enabled":true,"_links":{"self":[{"href":"https:\/\/www.fgautron.com\/weblog\/wp-json\/wp\/v2\/posts\/30712","targetHints":{"allow":["GET"]}}],"collection":[{"href":"https:\/\/www.fgautron.com\/weblog\/wp-json\/wp\/v2\/posts"}],"about":[{"href":"https:\/\/www.fgautron.com\/weblog\/wp-json\/wp\/v2\/types\/post"}],"author":[{"embeddable":true,"href":"https:\/\/www.fgautron.com\/weblog\/wp-json\/wp\/v2\/users\/1"}],"replies":[{"embeddable":true,"href":"https:\/\/www.fgautron.com\/weblog\/wp-json\/wp\/v2\/comments?post=30712"}],"version-history":[{"count":25,"href":"https:\/\/www.fgautron.com\/weblog\/wp-json\/wp\/v2\/posts\/30712\/revisions"}],"predecessor-version":[{"id":30811,"href":"https:\/\/www.fgautron.com\/weblog\/wp-json\/wp\/v2\/posts\/30712\/revisions\/30811"}],"wp:attachment":[{"href":"https:\/\/www.fgautron.com\/weblog\/wp-json\/wp\/v2\/media?parent=30712"}],"wp:term":[{"taxonomy":"category","embeddable":true,"href":"https:\/\/www.fgautron.com\/weblog\/wp-json\/wp\/v2\/categories?post=30712"},{"taxonomy":"post_tag","embeddable":true,"href":"https:\/\/www.fgautron.com\/weblog\/wp-json\/wp\/v2\/tags?post=30712"}],"curies":[{"name":"wp","href":"https:\/\/api.w.org\/{rel}","templated":true}]}}