{"id":33559,"date":"2021-07-03T17:09:26","date_gmt":"2021-07-03T08:09:26","guid":{"rendered":"https:\/\/www.fgautron.com\/weblog\/?p=33559"},"modified":"2021-07-03T17:09:26","modified_gmt":"2021-07-03T08:09:26","slug":"lintemporalite-du-mingeikan","status":"publish","type":"post","link":"https:\/\/www.fgautron.com\/weblog\/archives\/2021\/07\/03\/lintemporalite-du-mingeikan\/","title":{"rendered":"l\u2019intemporalit\u00e9 du Mingeikan"},"content":{"rendered":"<p><img loading=\"lazy\" decoding=\"async\" data-attachment-id=\"33563\" data-permalink=\"https:\/\/www.fgautron.com\/weblog\/archives\/2021\/07\/03\/lintemporalite-du-mingeikan\/img_7192xm\/\" data-orig-file=\"https:\/\/www.fgautron.com\/weblog\/wp-content\/\/IMG_7192xm.jpg\" data-orig-size=\"2000,1333\" data-comments-opened=\"1\" data-image-meta=\"{&quot;aperture&quot;:&quot;9&quot;,&quot;credit&quot;:&quot;&quot;,&quot;camera&quot;:&quot;Canon EOS 50D&quot;,&quot;caption&quot;:&quot;&quot;,&quot;created_timestamp&quot;:&quot;1622390556&quot;,&quot;copyright&quot;:&quot;&quot;,&quot;focal_length&quot;:&quot;17&quot;,&quot;iso&quot;:&quot;250&quot;,&quot;shutter_speed&quot;:&quot;0.005&quot;,&quot;title&quot;:&quot;&quot;,&quot;orientation&quot;:&quot;1&quot;}\" data-image-title=\"IMG_7192xm\" data-image-description=\"\" data-image-caption=\"\" data-large-file=\"https:\/\/www.fgautron.com\/weblog\/wp-content\/\/IMG_7192xm-700x467.jpg\" src=\"https:\/\/www.fgautron.com\/weblog\/wp-content\/\/IMG_7192xm.jpg\" alt=\"\" width=\"2000\" height=\"1333\" class=\"aligncenter size-full wp-image-33563\" srcset=\"https:\/\/www.fgautron.com\/weblog\/wp-content\/IMG_7192xm.jpg 2000w, https:\/\/www.fgautron.com\/weblog\/wp-content\/IMG_7192xm-300x200.jpg 300w, https:\/\/www.fgautron.com\/weblog\/wp-content\/IMG_7192xm-700x467.jpg 700w, https:\/\/www.fgautron.com\/weblog\/wp-content\/IMG_7192xm-1536x1024.jpg 1536w, https:\/\/www.fgautron.com\/weblog\/wp-content\/IMG_7192xm-800x533.jpg 800w\" sizes=\"auto, (max-width: 2000px) 100vw, 2000px\" \/><\/p>\n<p><img loading=\"lazy\" decoding=\"async\" data-attachment-id=\"33560\" data-permalink=\"https:\/\/www.fgautron.com\/weblog\/archives\/2021\/07\/03\/lintemporalite-du-mingeikan\/img_7179xm\/\" data-orig-file=\"https:\/\/www.fgautron.com\/weblog\/wp-content\/\/IMG_7179xm.jpg\" data-orig-size=\"2000,1333\" data-comments-opened=\"1\" data-image-meta=\"{&quot;aperture&quot;:&quot;9&quot;,&quot;credit&quot;:&quot;&quot;,&quot;camera&quot;:&quot;Canon EOS 50D&quot;,&quot;caption&quot;:&quot;&quot;,&quot;created_timestamp&quot;:&quot;1622386511&quot;,&quot;copyright&quot;:&quot;&quot;,&quot;focal_length&quot;:&quot;17&quot;,&quot;iso&quot;:&quot;250&quot;,&quot;shutter_speed&quot;:&quot;0.005&quot;,&quot;title&quot;:&quot;&quot;,&quot;orientation&quot;:&quot;1&quot;}\" data-image-title=\"IMG_7179xm\" data-image-description=\"\" data-image-caption=\"\" data-large-file=\"https:\/\/www.fgautron.com\/weblog\/wp-content\/\/IMG_7179xm-700x467.jpg\" src=\"https:\/\/www.fgautron.com\/weblog\/wp-content\/\/IMG_7179xm.jpg\" alt=\"\" width=\"2000\" height=\"1333\" class=\"aligncenter size-full wp-image-33560\" srcset=\"https:\/\/www.fgautron.com\/weblog\/wp-content\/IMG_7179xm.jpg 2000w, https:\/\/www.fgautron.com\/weblog\/wp-content\/IMG_7179xm-300x200.jpg 300w, https:\/\/www.fgautron.com\/weblog\/wp-content\/IMG_7179xm-700x467.jpg 700w, https:\/\/www.fgautron.com\/weblog\/wp-content\/IMG_7179xm-1536x1024.jpg 1536w, https:\/\/www.fgautron.com\/weblog\/wp-content\/IMG_7179xm-800x533.jpg 800w\" sizes=\"auto, (max-width: 2000px) 100vw, 2000px\" \/><\/p>\n<p><img loading=\"lazy\" decoding=\"async\" data-attachment-id=\"33561\" data-permalink=\"https:\/\/www.fgautron.com\/weblog\/archives\/2021\/07\/03\/lintemporalite-du-mingeikan\/img_7180xm\/\" data-orig-file=\"https:\/\/www.fgautron.com\/weblog\/wp-content\/\/IMG_7180xm.jpg\" data-orig-size=\"2000,1333\" data-comments-opened=\"1\" data-image-meta=\"{&quot;aperture&quot;:&quot;7.1&quot;,&quot;credit&quot;:&quot;&quot;,&quot;camera&quot;:&quot;Canon EOS 50D&quot;,&quot;caption&quot;:&quot;&quot;,&quot;created_timestamp&quot;:&quot;1622390138&quot;,&quot;copyright&quot;:&quot;&quot;,&quot;focal_length&quot;:&quot;17&quot;,&quot;iso&quot;:&quot;250&quot;,&quot;shutter_speed&quot;:&quot;0.01&quot;,&quot;title&quot;:&quot;&quot;,&quot;orientation&quot;:&quot;1&quot;}\" data-image-title=\"IMG_7180xm\" data-image-description=\"\" data-image-caption=\"\" data-large-file=\"https:\/\/www.fgautron.com\/weblog\/wp-content\/\/IMG_7180xm-700x467.jpg\" src=\"https:\/\/www.fgautron.com\/weblog\/wp-content\/\/IMG_7180xm.jpg\" alt=\"\" width=\"2000\" height=\"1333\" class=\"aligncenter size-full wp-image-33561\" srcset=\"https:\/\/www.fgautron.com\/weblog\/wp-content\/IMG_7180xm.jpg 2000w, https:\/\/www.fgautron.com\/weblog\/wp-content\/IMG_7180xm-300x200.jpg 300w, https:\/\/www.fgautron.com\/weblog\/wp-content\/IMG_7180xm-700x467.jpg 700w, https:\/\/www.fgautron.com\/weblog\/wp-content\/IMG_7180xm-1536x1024.jpg 1536w, https:\/\/www.fgautron.com\/weblog\/wp-content\/IMG_7180xm-800x533.jpg 800w\" sizes=\"auto, (max-width: 2000px) 100vw, 2000px\" \/><\/p>\n<p><img loading=\"lazy\" decoding=\"async\" data-attachment-id=\"33562\" data-permalink=\"https:\/\/www.fgautron.com\/weblog\/archives\/2021\/07\/03\/lintemporalite-du-mingeikan\/img_7185xm\/\" data-orig-file=\"https:\/\/www.fgautron.com\/weblog\/wp-content\/\/IMG_7185xm.jpg\" data-orig-size=\"2000,1333\" data-comments-opened=\"1\" data-image-meta=\"{&quot;aperture&quot;:&quot;11&quot;,&quot;credit&quot;:&quot;&quot;,&quot;camera&quot;:&quot;Canon EOS 50D&quot;,&quot;caption&quot;:&quot;&quot;,&quot;created_timestamp&quot;:&quot;1622390319&quot;,&quot;copyright&quot;:&quot;&quot;,&quot;focal_length&quot;:&quot;17&quot;,&quot;iso&quot;:&quot;250&quot;,&quot;shutter_speed&quot;:&quot;0.004&quot;,&quot;title&quot;:&quot;&quot;,&quot;orientation&quot;:&quot;1&quot;}\" data-image-title=\"IMG_7185xm\" data-image-description=\"\" data-image-caption=\"\" data-large-file=\"https:\/\/www.fgautron.com\/weblog\/wp-content\/\/IMG_7185xm-700x467.jpg\" src=\"https:\/\/www.fgautron.com\/weblog\/wp-content\/\/IMG_7185xm.jpg\" alt=\"\" width=\"2000\" height=\"1333\" class=\"aligncenter size-full wp-image-33562\" srcset=\"https:\/\/www.fgautron.com\/weblog\/wp-content\/IMG_7185xm.jpg 2000w, https:\/\/www.fgautron.com\/weblog\/wp-content\/IMG_7185xm-300x200.jpg 300w, https:\/\/www.fgautron.com\/weblog\/wp-content\/IMG_7185xm-700x467.jpg 700w, https:\/\/www.fgautron.com\/weblog\/wp-content\/IMG_7185xm-1536x1024.jpg 1536w, https:\/\/www.fgautron.com\/weblog\/wp-content\/IMG_7185xm-800x533.jpg 800w\" sizes=\"auto, (max-width: 2000px) 100vw, 2000px\" \/><\/p>\n<p>Nihon Mingeikan (\u65e5\u672c\u6c11\u85dd\u9928) se trouve dans un quartier r\u00e9sidentiel \u00e0 Komaba dans l\u2019arrondissement de Meguro, pr\u00e8s d\u2019un des campus de l\u2019Universit\u00e9 de Tokyo. Il s\u2019agit d\u2019un mus\u00e9e sur l\u2019artisanat folklorique japonais, \u00e9tabli en 1936 par <a href=\"https:\/\/fr.wikipedia.org\/wiki\/S\u014detsu_Yanagi\">Yanagi S\u014detsu<\/a> \u00e9galement nomm\u00e9 Yanagi Muneyoshi. Yanagi \u00e9tait un \u00e9crivain, penseur et critique d\u2019art, fondateur en 1925 du mouvement Mingei qui a revaloris\u00e9 l\u2019artisanat populaire japonais et cor\u00e9en. Ce mouvement Mingei a mis en lumi\u00e8re l\u2019artisanat des objets de tous les jours, principalement des objets en c\u00e9ramique mais pas uniquement, con\u00e7us par des artisans d\u00e9vou\u00e9s \u00e0 leur t\u00e2che, perp\u00e9tuant une longue tradition en r\u00e9p\u00e9tant les m\u00eames gestes jusqu\u2019\u00e0 arriver \u00e0 une certaine perfection. <a href=\"https:\/\/fr.wikipedia.org\/wiki\/Mingei\">Wikipedia<\/a> donne une explication du style Mingei sur lequel Yanagi a th\u00e9oris\u00e9: \u00ab\u00a0Il doit \u00eatre modeste mais non de pacotille, bon march\u00e9 mais non fragile. La malhonn\u00eatet\u00e9, la perversit\u00e9, le luxe, voil\u00e0 ce que les objets Mingei doivent au plus haut point \u00e9viter\u00a0: ce qui est naturel, sinc\u00e8re, s\u00fbr, simple, telles sont les caract\u00e9ristiques du Mingei \u00bb. Je comprends de cela qu\u2019il s\u2019agit d\u2019objets fonctionnels poss\u00e9dant une beaut\u00e9 qui rel\u00e8ve plus de leur qualit\u00e9 de fabrication que sur des fioritures inutiles.<\/p>\n<p>On trouve \u00e0 l\u2019int\u00e9rieur de Mingeikan une partie de la collection de Yanagi. La beaut\u00e9 des lieux, du mus\u00e9e en lui-m\u00eame, contribue de moiti\u00e9 \u00e0 l\u2019inter\u00eat de la visite. Le b\u00e2timent \u00e9tait ferm\u00e9 pendant quelques temps pour r\u00e9novation et a r\u00e9ouvert r\u00e9cemment. On ne constate pas vraiment les r\u00e9novations \u00e0 l\u2019int\u00e9rieur du mus\u00e9e, mais c\u2019\u00e9tait de toute fa\u00e7on la premi\u00e8re fois que je m\u2019y rendais. Il y a bien une d\u00e9pendance plus r\u00e9cente \u00e0 l\u2019arri\u00e8re, mais \u00e0 part cela, on a vraiment l\u2019impression de changer d\u2019\u00e9poque lorsqu\u2019on parcourt les pi\u00e8ces en parquet du mus\u00e9e. Ces lieux sont comme une \u00e9chapp\u00e9e temporelle d\u00e8s qu\u2019on entre \u00e0 l\u2019int\u00e9rieur. On ne pouvait malheureusement pas prendre de photos \u00e0 l\u2019int\u00e9rieur du mus\u00e9e. Il faut mettre des petits chaussons en entrant apr\u00e8s avoir pouss\u00e9 les portes coulissantes en bois. On remarque tout de suite le grand escalier se divisant en deux jusqu\u2019\u00e0 l\u2019unique \u00e9tage. On appr\u00e9cie l\u2019espace ouvert depuis l\u2019\u00e9tage et j\u2019aurais voulu pouvoir m\u2019asseoir quelques instants pour m\u2019impr\u00e9gner un peu plus de l\u2019ambiance des lieux, et imaginer la vie des propri\u00e9taires. Yanagi ne vivait pas dans ce b\u00e2timent qui sert de mus\u00e9e, mais dans une autre demeure construite en partie dans le m\u00eame style, de l\u2019autre c\u00f4t\u00e9 de la rue. Je la montre sur la troisi\u00e8me photographie. On ne peut malheureusement pas visiter ce b\u00e2timent l\u00e0, mais une \u00e9mission t\u00e9l\u00e9vis\u00e9e montrait l\u2019int\u00e9rieur r\u00e9cemment. Il me semble qu\u2019elle sera ouverte quelques jours seulement aux visiteurs. Je pense que j\u2019ai d\u2019autant plus appr\u00e9ci\u00e9 le mus\u00e9e qu\u2019il n\u2019y avait pas grand monde \u00e0 l\u2019int\u00e9rieur, moins d\u2019une dizaine de personnes en tout pendant notre visite. Je pensais qu\u2019on l\u2019avait visit\u00e9 en semaine mais la m\u00e9moire de mon iPhone me dit qu\u2019il s\u2019agissait plut\u00f4t du dernier dimanche du mois de Mai, en milieu d\u2019apr\u00e8s-midi. Ces photographies datent d\u00e9j\u00e0 d\u2019il y a plus d\u2019un mois et j\u2019approche d\u00e9j\u00e0 \u00e0 la limite de mes souvenirs. L\u2019intemporalit\u00e9 des lieux a d\u00fb affecter ma m\u00e9moire.<\/p>\n","protected":false},"excerpt":{"rendered":"<p>Nihon Mingeikan (\u65e5\u672c\u6c11\u85dd\u9928) se trouve dans un quartier r\u00e9sidentiel \u00e0 Komaba dans l\u2019arrondissement de Meguro, pr\u00e8s d\u2019un des campus de l\u2019Universit\u00e9 de Tokyo. Il s\u2019agit d\u2019un mus\u00e9e sur l\u2019artisanat folklorique japonais, \u00e9tabli en 1936 par Yanagi S\u014detsu \u00e9galement nomm\u00e9 Yanagi Muneyoshi. Yanagi \u00e9tait un \u00e9crivain, penseur et critique d\u2019art, fondateur en 1925 du mouvement Mingei&#8230;<\/p>\n","protected":false},"author":1,"featured_media":0,"comment_status":"open","ping_status":"open","sticky":false,"template":"","format":"standard","meta":{"_jetpack_memberships_contains_paid_content":false,"footnotes":"","jetpack_publicize_message":"l\u2019intemporalit\u00e9 du Mingeikan","jetpack_publicize_feature_enabled":true,"jetpack_social_post_already_shared":true,"jetpack_social_options":{"image_generator_settings":{"template":"highway","default_image_id":0,"font":"","enabled":false},"version":2}},"categories":[17,6,3],"tags":[2063,2061,2062],"class_list":["post-33559","post","type-post","status-publish","format-standard","hentry","category-architecture","category-art","category-tokyo","tag-2063","tag-nihon-mingeikan","tag-2062"],"jetpack_publicize_connections":[],"jetpack_featured_media_url":"","jetpack_sharing_enabled":true,"jetpack_likes_enabled":true,"_links":{"self":[{"href":"https:\/\/www.fgautron.com\/weblog\/wp-json\/wp\/v2\/posts\/33559","targetHints":{"allow":["GET"]}}],"collection":[{"href":"https:\/\/www.fgautron.com\/weblog\/wp-json\/wp\/v2\/posts"}],"about":[{"href":"https:\/\/www.fgautron.com\/weblog\/wp-json\/wp\/v2\/types\/post"}],"author":[{"embeddable":true,"href":"https:\/\/www.fgautron.com\/weblog\/wp-json\/wp\/v2\/users\/1"}],"replies":[{"embeddable":true,"href":"https:\/\/www.fgautron.com\/weblog\/wp-json\/wp\/v2\/comments?post=33559"}],"version-history":[{"count":5,"href":"https:\/\/www.fgautron.com\/weblog\/wp-json\/wp\/v2\/posts\/33559\/revisions"}],"predecessor-version":[{"id":33781,"href":"https:\/\/www.fgautron.com\/weblog\/wp-json\/wp\/v2\/posts\/33559\/revisions\/33781"}],"wp:attachment":[{"href":"https:\/\/www.fgautron.com\/weblog\/wp-json\/wp\/v2\/media?parent=33559"}],"wp:term":[{"taxonomy":"category","embeddable":true,"href":"https:\/\/www.fgautron.com\/weblog\/wp-json\/wp\/v2\/categories?post=33559"},{"taxonomy":"post_tag","embeddable":true,"href":"https:\/\/www.fgautron.com\/weblog\/wp-json\/wp\/v2\/tags?post=33559"}],"curies":[{"name":"wp","href":"https:\/\/api.w.org\/{rel}","templated":true}]}}