{"id":34421,"date":"2021-09-25T08:00:47","date_gmt":"2021-09-24T23:00:47","guid":{"rendered":"https:\/\/www.fgautron.com\/weblog\/?p=34421"},"modified":"2021-09-25T08:00:47","modified_gmt":"2021-09-24T23:00:47","slug":"dont-know-the-fever-thats-so-deep-in-me","status":"publish","type":"post","link":"https:\/\/www.fgautron.com\/weblog\/archives\/2021\/09\/25\/dont-know-the-fever-thats-so-deep-in-me\/","title":{"rendered":"don&rsquo;t know the fever that&rsquo;s so deep in me"},"content":{"rendered":"<p><img loading=\"lazy\" decoding=\"async\" data-attachment-id=\"34422\" data-permalink=\"https:\/\/www.fgautron.com\/weblog\/archives\/2021\/09\/25\/dont-know-the-fever-thats-so-deep-in-me\/img_8383xm\/\" data-orig-file=\"https:\/\/www.fgautron.com\/weblog\/wp-content\/\/IMG_8383xm.jpg\" data-orig-size=\"2000,1333\" data-comments-opened=\"1\" data-image-meta=\"{&quot;aperture&quot;:&quot;7.1&quot;,&quot;credit&quot;:&quot;&quot;,&quot;camera&quot;:&quot;Canon EOS 50D&quot;,&quot;caption&quot;:&quot;&quot;,&quot;created_timestamp&quot;:&quot;1631378570&quot;,&quot;copyright&quot;:&quot;&quot;,&quot;focal_length&quot;:&quot;17&quot;,&quot;iso&quot;:&quot;250&quot;,&quot;shutter_speed&quot;:&quot;0.008&quot;,&quot;title&quot;:&quot;&quot;,&quot;orientation&quot;:&quot;1&quot;}\" data-image-title=\"IMG_8383xm\" data-image-description=\"\" data-image-caption=\"\" data-large-file=\"https:\/\/www.fgautron.com\/weblog\/wp-content\/\/IMG_8383xm-700x467.jpg\" src=\"https:\/\/www.fgautron.com\/weblog\/wp-content\/\/IMG_8383xm.jpg\" alt=\"\" width=\"2000\" height=\"1333\" class=\"aligncenter size-full wp-image-34422\" srcset=\"https:\/\/www.fgautron.com\/weblog\/wp-content\/IMG_8383xm.jpg 2000w, https:\/\/www.fgautron.com\/weblog\/wp-content\/IMG_8383xm-300x200.jpg 300w, https:\/\/www.fgautron.com\/weblog\/wp-content\/IMG_8383xm-700x467.jpg 700w, https:\/\/www.fgautron.com\/weblog\/wp-content\/IMG_8383xm-1536x1024.jpg 1536w, https:\/\/www.fgautron.com\/weblog\/wp-content\/IMG_8383xm-800x533.jpg 800w\" sizes=\"auto, (max-width: 2000px) 100vw, 2000px\" \/><\/p>\n<p><img loading=\"lazy\" decoding=\"async\" data-attachment-id=\"34423\" data-permalink=\"https:\/\/www.fgautron.com\/weblog\/archives\/2021\/09\/25\/dont-know-the-fever-thats-so-deep-in-me\/wimg_0739xm\/\" data-orig-file=\"https:\/\/www.fgautron.com\/weblog\/wp-content\/\/wIMG_0739xm.jpg\" data-orig-size=\"2000,1333\" data-comments-opened=\"1\" data-image-meta=\"{&quot;aperture&quot;:&quot;5&quot;,&quot;credit&quot;:&quot;&quot;,&quot;camera&quot;:&quot;Canon EOS 50D&quot;,&quot;caption&quot;:&quot;&quot;,&quot;created_timestamp&quot;:&quot;1520782087&quot;,&quot;copyright&quot;:&quot;&quot;,&quot;focal_length&quot;:&quot;17&quot;,&quot;iso&quot;:&quot;400&quot;,&quot;shutter_speed&quot;:&quot;0.008&quot;,&quot;title&quot;:&quot;&quot;,&quot;orientation&quot;:&quot;1&quot;}\" data-image-title=\"wIMG_0739xm\" data-image-description=\"\" data-image-caption=\"\" data-large-file=\"https:\/\/www.fgautron.com\/weblog\/wp-content\/\/wIMG_0739xm-700x467.jpg\" src=\"https:\/\/www.fgautron.com\/weblog\/wp-content\/\/wIMG_0739xm.jpg\" alt=\"\" width=\"2000\" height=\"1333\" class=\"aligncenter size-full wp-image-34423\" srcset=\"https:\/\/www.fgautron.com\/weblog\/wp-content\/wIMG_0739xm.jpg 2000w, https:\/\/www.fgautron.com\/weblog\/wp-content\/wIMG_0739xm-300x200.jpg 300w, https:\/\/www.fgautron.com\/weblog\/wp-content\/wIMG_0739xm-700x467.jpg 700w, https:\/\/www.fgautron.com\/weblog\/wp-content\/wIMG_0739xm-1536x1024.jpg 1536w, https:\/\/www.fgautron.com\/weblog\/wp-content\/wIMG_0739xm-800x533.jpg 800w\" sizes=\"auto, (max-width: 2000px) 100vw, 2000px\" \/><\/p>\n<p><img loading=\"lazy\" decoding=\"async\" data-attachment-id=\"34424\" data-permalink=\"https:\/\/www.fgautron.com\/weblog\/archives\/2021\/09\/25\/dont-know-the-fever-thats-so-deep-in-me\/img_8358xm\/\" data-orig-file=\"https:\/\/www.fgautron.com\/weblog\/wp-content\/\/IMG_8358xm.jpg\" data-orig-size=\"2000,1333\" data-comments-opened=\"1\" data-image-meta=\"{&quot;aperture&quot;:&quot;13&quot;,&quot;credit&quot;:&quot;&quot;,&quot;camera&quot;:&quot;Canon EOS 50D&quot;,&quot;caption&quot;:&quot;&quot;,&quot;created_timestamp&quot;:&quot;1631375186&quot;,&quot;copyright&quot;:&quot;&quot;,&quot;focal_length&quot;:&quot;40&quot;,&quot;iso&quot;:&quot;250&quot;,&quot;shutter_speed&quot;:&quot;0.0015625&quot;,&quot;title&quot;:&quot;&quot;,&quot;orientation&quot;:&quot;1&quot;}\" data-image-title=\"IMG_8358xm\" data-image-description=\"\" data-image-caption=\"\" data-large-file=\"https:\/\/www.fgautron.com\/weblog\/wp-content\/\/IMG_8358xm-700x467.jpg\" src=\"https:\/\/www.fgautron.com\/weblog\/wp-content\/\/IMG_8358xm.jpg\" alt=\"\" width=\"2000\" height=\"1333\" class=\"aligncenter size-full wp-image-34424\" srcset=\"https:\/\/www.fgautron.com\/weblog\/wp-content\/IMG_8358xm.jpg 2000w, https:\/\/www.fgautron.com\/weblog\/wp-content\/IMG_8358xm-300x200.jpg 300w, https:\/\/www.fgautron.com\/weblog\/wp-content\/IMG_8358xm-700x467.jpg 700w, https:\/\/www.fgautron.com\/weblog\/wp-content\/IMG_8358xm-1536x1024.jpg 1536w, https:\/\/www.fgautron.com\/weblog\/wp-content\/IMG_8358xm-800x533.jpg 800w\" sizes=\"auto, (max-width: 2000px) 100vw, 2000px\" \/><\/p>\n<p><img loading=\"lazy\" decoding=\"async\" data-attachment-id=\"34425\" data-permalink=\"https:\/\/www.fgautron.com\/weblog\/archives\/2021\/09\/25\/dont-know-the-fever-thats-so-deep-in-me\/wimg_1621xm-2\/\" data-orig-file=\"https:\/\/www.fgautron.com\/weblog\/wp-content\/\/wIMG_1621xm-1.jpg\" data-orig-size=\"2000,1333\" data-comments-opened=\"1\" data-image-meta=\"{&quot;aperture&quot;:&quot;4&quot;,&quot;credit&quot;:&quot;&quot;,&quot;camera&quot;:&quot;Canon EOS 50D&quot;,&quot;caption&quot;:&quot;&quot;,&quot;created_timestamp&quot;:&quot;1524413433&quot;,&quot;copyright&quot;:&quot;&quot;,&quot;focal_length&quot;:&quot;19&quot;,&quot;iso&quot;:&quot;160&quot;,&quot;shutter_speed&quot;:&quot;0.0333333333333&quot;,&quot;title&quot;:&quot;&quot;,&quot;orientation&quot;:&quot;1&quot;}\" data-image-title=\"wIMG_1621xm\" data-image-description=\"\" data-image-caption=\"\" data-large-file=\"https:\/\/www.fgautron.com\/weblog\/wp-content\/\/wIMG_1621xm-1-700x467.jpg\" src=\"https:\/\/www.fgautron.com\/weblog\/wp-content\/\/wIMG_1621xm-1.jpg\" alt=\"\" width=\"2000\" height=\"1333\" class=\"aligncenter size-full wp-image-34425\" srcset=\"https:\/\/www.fgautron.com\/weblog\/wp-content\/wIMG_1621xm-1.jpg 2000w, https:\/\/www.fgautron.com\/weblog\/wp-content\/wIMG_1621xm-1-300x200.jpg 300w, https:\/\/www.fgautron.com\/weblog\/wp-content\/wIMG_1621xm-1-700x467.jpg 700w, https:\/\/www.fgautron.com\/weblog\/wp-content\/wIMG_1621xm-1-1536x1024.jpg 1536w, https:\/\/www.fgautron.com\/weblog\/wp-content\/wIMG_1621xm-1-800x533.jpg 800w\" sizes=\"auto, (max-width: 2000px) 100vw, 2000px\" \/><\/p>\n<p>Je continue les m\u00e9langes de lieux sur le quatri\u00e8me \u00e9pisode de cette petite s\u00e9rie en noir et blanc qui vient s\u2019intercaler entre les \u00e9pisodes habituels en couleurs. Je ne suis pas s\u00fbr que \u00e7a se remarque mais il y a un tr\u00e8s l\u00e9ger effet de flou volontaire sur les photos de cette s\u00e9rie. J\u2019ai r\u00e9cemment un peu modifi\u00e9 mon traitement habituel des photographies en couleurs en leur donnant plus de contraste que d\u2019habitude. Je pense que ce traitement plus contrast\u00e9 convient bien \u00e0 la lumi\u00e8re estivale. Il est possible que je modifie une nouvelle fois mon traitement photographique une fois l\u2019hiver arriv\u00e9. J\u2019ai \u00e9galement modifi\u00e9 mon approche du noir et blanc au d\u00e9but de l\u2019\u00e9t\u00e9 avec la s\u00e9rie <a href=\"https:\/\/www.fgautron.com\/weblog\/archives\/2021\/06\/12\/shirokuroninarutokyo-1\/\">Shirokuro ni naru Tokyo<\/a> (\u767d\u9ed2\u306b\u306a\u308b\u6771\u4eac) qui introduisait ce l\u00e9ger effet de flou que l\u2019on trouve sur les photographies de ce billet. Il retransmet \u00e0 mon avis assez bien la chaleur ambiante qui continue encore maintenant au mois de Septembre. J\u2019\u00e9tais adepte des tr\u00e8s forts contrastes jusqu\u2019\u00e0 la saturation des couleurs dans les premi\u00e8res ann\u00e9es du blog. Sans aller aussi loin qu\u2019\u00e0 mes \u2018d\u00e9buts\u2019 photographiques, il s\u2019agit en quelque sorte d\u2019un retour aux sources (\u539f\u70b9\u56de\u907f) qui s\u2019op\u00e8re maintenant. Ce l\u00e9ger effet de flou et le noir et blanc ne conviennent pas \u00e0 toutes les photographies mais s\u2019accordent particuli\u00e8rement bien avec l\u2019architecture de b\u00e9ton, peut-\u00eatre parce qu\u2019elle est \u00e0 la fois dure et intemporelle. Le noir et blanc contrast\u00e9 vient accentuer les asp\u00e9rit\u00e9s du b\u00e9ton, tandis que le l\u00e9ger flou vient le rendre plus doux. Il s\u2019agit ensuite de bien doser. Quand aux lieux sur les photos, mon souvenir est vague mais la premi\u00e8re montre une r\u00e9sidence appel\u00e9e TMK PLUS+ dont je ne connais pas l\u2019architecte \u00e0 Kami Meguro tandis que la derni\u00e8re photographie a \u00e9t\u00e9 prise \u00e0 Kichij\u014dji.<\/p>\n<p><img loading=\"lazy\" decoding=\"async\" data-attachment-id=\"34534\" data-permalink=\"https:\/\/www.fgautron.com\/weblog\/archives\/2021\/09\/25\/dont-know-the-fever-thats-so-deep-in-me\/aina-bornsick\/\" data-orig-file=\"https:\/\/www.fgautron.com\/weblog\/wp-content\/\/aina-bornsick.jpg\" data-orig-size=\"600,600\" data-comments-opened=\"1\" data-image-meta=\"{&quot;aperture&quot;:&quot;0&quot;,&quot;credit&quot;:&quot;&quot;,&quot;camera&quot;:&quot;&quot;,&quot;caption&quot;:&quot;&quot;,&quot;created_timestamp&quot;:&quot;0&quot;,&quot;copyright&quot;:&quot;&quot;,&quot;focal_length&quot;:&quot;0&quot;,&quot;iso&quot;:&quot;0&quot;,&quot;shutter_speed&quot;:&quot;0&quot;,&quot;title&quot;:&quot;&quot;,&quot;orientation&quot;:&quot;1&quot;}\" data-image-title=\"aina-bornsick\" data-image-description=\"\" data-image-caption=\"\" data-large-file=\"https:\/\/www.fgautron.com\/weblog\/wp-content\/\/aina-bornsick.jpg\" src=\"https:\/\/www.fgautron.com\/weblog\/wp-content\/\/aina-bornsick.jpg\" alt=\"\" width=\"600\" height=\"600\" class=\"aligncenter size-full wp-image-34534\" srcset=\"https:\/\/www.fgautron.com\/weblog\/wp-content\/aina-bornsick.jpg 600w, https:\/\/www.fgautron.com\/weblog\/wp-content\/aina-bornsick-300x300.jpg 300w, https:\/\/www.fgautron.com\/weblog\/wp-content\/aina-bornsick-150x150.jpg 150w\" sizes=\"auto, (max-width: 600px) 100vw, 600px\" \/><\/p>\n<p>Il suffit que je <a href=\"https:\/\/www.fgautron.com\/weblog\/archives\/2021\/09\/19\/cause-i-dont-belong-to-anywhere\/\">mentionne<\/a> bri\u00e8vement AiNA The End pour qu\u2019elle sorte imm\u00e9diatement un nouvel EP. Je n\u2019ai bien s\u00fbr pas ce pouvoir d\u2019influence mais je ne suis pas m\u00e9content de pouvoir \u00e9couter des nouveaux morceaux de AiNA, surtout quand ils sont aussi excellents que les quatre morceaux qu\u2019on peut \u00e9couter sur ce nouvel EP <a href=\"https:\/\/ainatheend.jp\/news\/detail.php?id=1093366\">Born Sick<\/a>. Le nom du EP nous laisse tout de suite deviner qu\u2019on ne va pas soumettre nos oreilles \u00e0 des ballades tranquilles. Le premier morceau <a href=\"https:\/\/www.youtube.com\/watch?v=EMNk0wkJN4k\">Retire<\/a> a l\u2019ambiance la plus rock alternatif de l\u2019ensemble. C\u2019est aussi celui o\u00f9 elle vient le plus mettre \u00e0 l\u2019\u00e9preuve sa voix. J\u2019ai toujours un peu peur qu\u2019elle finisse par perdre sa voix quand elle la pousse un peu trop, jusqu\u2019aux cris comme \u00e7a peut \u00eatre le cas sur ce morceau. Elle a d\u00e9j\u00e0 eu des probl\u00e8mes vocaux dans le pass\u00e9 l\u2019obligeant \u00e0 faire une longue pause. La qualit\u00e9 de ce type de morceaux et surtout l\u2019interpr\u00e9tation sans compromis qu\u2019en fait AiNA me fait tout d\u2019un coup r\u00e9aliser la fragilit\u00e9 d\u2019une voix. Ce qui me fait plaisir sur ce EP, c\u2019est qu\u2019elle ne choisit pas la facilit\u00e9 et s\u2019\u00e9loigne volontairement de recettes toutes faites qui pourraient pourtant lui apporter plus de succ\u00e8s commercial. Elle se place volontairement dans un terrain plus compliqu\u00e9 \u00e0 appr\u00e9hender pour un nouveau venu mais aussi plus personnel. J\u2019ai le sentiment qu\u2019elle se donne une totale libert\u00e9, sans trop se soucier de ce qui pourra marcher ou pas pour le public. Le deuxi\u00e8me morceau <a href=\"https:\/\/www.youtube.com\/watch?v=XQb6FX1si8M\">Katei Ky\u014dshi<\/a> (\u5bb6\u5ead\u6559\u5e2b) est certes plus pop mais s\u2019inscrit quand m\u00eame dans les meilleurs morceaux qu\u2019elle ait \u00e9crit jusqu\u2019\u00e0 maintenant. <a href=\"https:\/\/www.youtube.com\/watch?v=XVIe7W-VOLM&#038;list=OLAK5uy_n9GHUJ-V9JhR3Qpks3J2GvPI0TyXMUpq4\">Blood of Romance<\/a> (\u30ed\u30de\u30f3\u30b9\u306e\u8840) ensuite est somptueux. Le morceau est plus symphonique et prend donc plus d\u2019ampleur. On se laisse compl\u00e8tement accrocher par sa voix qui d\u00e9croche un peu sur les fin de phrases et par la trame musicale ponctu\u00e9e par des cuivres qui viennent taper comme des poings. Une <a href=\"https:\/\/www.youtube.com\/watch?v=XVIe7W-VOLM\">vid\u00e9o<\/a> qu\u2019elle chor\u00e9graphie elle-m\u00eame comme d\u2019habitude est d\u2019ailleurs sorti pour ce morceau il y a quelques jours. Elle \u00e9tait montr\u00e9e en avant-premi\u00e8re suite \u00e0 une vid\u00e9o live sur YouTube o\u00f9 AiNA pr\u00e9sentait ce nouvel EP. J\u2019\u00e9tais d\u2019ailleurs connect\u00e9 \u00e0 ce moment l\u00e0, par chance et par le hasard qui fait parfois bien les choses. Le dernier morceau <a href=\"https:\/\/www.youtube.com\/watch?v=WYDpTHJpxIs\">Pechka no Yoru<\/a> (\u30da\u30c1\u30ab\u306e\u591c) est aussi tr\u00e8s beau mais souffre forc\u00e9ment un peu d\u2019\u00eatre plac\u00e9 juste apr\u00e8s Blood of Romance, du moins au d\u00e9but car il prend assez vite en ampleur \u00e9motionnelle lorsque les violons interviennent doucement. Le morceau est \u00e9galement int\u00e9ressant par la mani\u00e8re par laquelle AiNA alterne ses voix d\u2019une mani\u00e8re presque schizophr\u00e9nique. Une voix douce et enfantine intervient \u00e0 un moment du morceau avant de se transformer en \u00e9clats quelques secondes plus tard. J\u2019aimais beaucoup son <a href=\"https:\/\/www.fgautron.com\/weblog\/archives\/2021\/02\/04\/zoushigayanohime\/\">premier album<\/a> (bien qu\u2019in\u00e9gal) dont j\u2019ai d\u00e9j\u00e0 parl\u00e9 et quelques <a href=\"https:\/\/www.fgautron.com\/weblog\/archives\/2021\/03\/05\/shibuyaexcentric\/\">morceaux<\/a> sortis apr\u00e8s, en g\u00e9n\u00e9ral les plus d\u00e9rang\u00e9s, mais je trouve que ses morceaux sont au fur et \u00e0 mesure de plus en plus aboutis et gardent une forte empreinte personnelle. Ce qui est \u00e9galement int\u00e9ressant avec ce EP, c\u2019est que je me force \u00e0 ne pas trop l\u2019\u00e9couter en boucle pour ne pas l\u2019\u00e9puiser trop rapidement. Toujours est-il qu\u2019elle sort ses nouveaux titres comme s\u2019il y avait urgence car un nouvel album intitul\u00e9 The Zombie est d\u00e9j\u00e0 pr\u00e9vu pour le 24 Novembre 2021, pr\u00e9c\u00e9d\u00e9 par un autre EP de quatre titres intitul\u00e9 Dead Happy qui sortira le 25 Octobre. Tout un programme.<\/p>\n","protected":false},"excerpt":{"rendered":"<p>Je continue les m\u00e9langes de lieux sur le quatri\u00e8me \u00e9pisode de cette petite s\u00e9rie en noir et blanc qui vient s\u2019intercaler entre les \u00e9pisodes habituels en couleurs. Je ne suis pas s\u00fbr que \u00e7a se remarque mais il y a un tr\u00e8s l\u00e9ger effet de flou volontaire sur les photos de cette s\u00e9rie. J\u2019ai r\u00e9cemment&#8230;<\/p>\n","protected":false},"author":1,"featured_media":0,"comment_status":"open","ping_status":"open","sticky":false,"template":"","format":"standard","meta":{"_jetpack_memberships_contains_paid_content":false,"footnotes":"","jetpack_publicize_message":"don't know the fever that's so deep in me","jetpack_publicize_feature_enabled":true,"jetpack_social_post_already_shared":true,"jetpack_social_options":{"image_generator_settings":{"template":"highway","default_image_id":0,"font":"","enabled":false},"version":2}},"categories":[4,3],"tags":[1666,111,2136],"class_list":["post-34421","post","type-post","status-publish","format-standard","hentry","category-musiques","category-tokyo","tag-aina-the-end","tag-kichijoji","tag-2136"],"jetpack_publicize_connections":[],"jetpack_featured_media_url":"","jetpack_sharing_enabled":true,"jetpack_likes_enabled":true,"_links":{"self":[{"href":"https:\/\/www.fgautron.com\/weblog\/wp-json\/wp\/v2\/posts\/34421","targetHints":{"allow":["GET"]}}],"collection":[{"href":"https:\/\/www.fgautron.com\/weblog\/wp-json\/wp\/v2\/posts"}],"about":[{"href":"https:\/\/www.fgautron.com\/weblog\/wp-json\/wp\/v2\/types\/post"}],"author":[{"embeddable":true,"href":"https:\/\/www.fgautron.com\/weblog\/wp-json\/wp\/v2\/users\/1"}],"replies":[{"embeddable":true,"href":"https:\/\/www.fgautron.com\/weblog\/wp-json\/wp\/v2\/comments?post=34421"}],"version-history":[{"count":10,"href":"https:\/\/www.fgautron.com\/weblog\/wp-json\/wp\/v2\/posts\/34421\/revisions"}],"predecessor-version":[{"id":34552,"href":"https:\/\/www.fgautron.com\/weblog\/wp-json\/wp\/v2\/posts\/34421\/revisions\/34552"}],"wp:attachment":[{"href":"https:\/\/www.fgautron.com\/weblog\/wp-json\/wp\/v2\/media?parent=34421"}],"wp:term":[{"taxonomy":"category","embeddable":true,"href":"https:\/\/www.fgautron.com\/weblog\/wp-json\/wp\/v2\/categories?post=34421"},{"taxonomy":"post_tag","embeddable":true,"href":"https:\/\/www.fgautron.com\/weblog\/wp-json\/wp\/v2\/tags?post=34421"}],"curies":[{"name":"wp","href":"https:\/\/api.w.org\/{rel}","templated":true}]}}