{"id":35618,"date":"2022-01-09T09:41:37","date_gmt":"2022-01-09T00:41:37","guid":{"rendered":"https:\/\/www.fgautron.com\/weblog\/?p=35618"},"modified":"2022-01-09T09:41:37","modified_gmt":"2022-01-09T00:41:37","slug":"vues-du-mont-fuji-depuis-kawaguchiko","status":"publish","type":"post","link":"https:\/\/www.fgautron.com\/weblog\/archives\/2022\/01\/09\/vues-du-mont-fuji-depuis-kawaguchiko\/","title":{"rendered":"vues du Mont Fuji depuis Kawaguchiko"},"content":{"rendered":"<p><img loading=\"lazy\" decoding=\"async\" data-attachment-id=\"35619\" data-permalink=\"https:\/\/www.fgautron.com\/weblog\/archives\/2022\/01\/09\/vues-du-mont-fuji-depuis-kawaguchiko\/img_0045xm\/\" data-orig-file=\"https:\/\/www.fgautron.com\/weblog\/wp-content\/\/IMG_0045xm.jpg\" data-orig-size=\"2000,1333\" data-comments-opened=\"1\" data-image-meta=\"{&quot;aperture&quot;:&quot;10&quot;,&quot;credit&quot;:&quot;&quot;,&quot;camera&quot;:&quot;Canon EOS 50D&quot;,&quot;caption&quot;:&quot;&quot;,&quot;created_timestamp&quot;:&quot;1641139809&quot;,&quot;copyright&quot;:&quot;&quot;,&quot;focal_length&quot;:&quot;40&quot;,&quot;iso&quot;:&quot;320&quot;,&quot;shutter_speed&quot;:&quot;0.0025&quot;,&quot;title&quot;:&quot;&quot;,&quot;orientation&quot;:&quot;1&quot;}\" data-image-title=\"IMG_0045xm\" data-image-description=\"\" data-image-caption=\"\" data-large-file=\"https:\/\/www.fgautron.com\/weblog\/wp-content\/\/IMG_0045xm-700x467.jpg\" class=\"aligncenter size-full wp-image-35619\" src=\"https:\/\/www.fgautron.com\/weblog\/wp-content\/\/IMG_0045xm.jpg\" alt=\"\" width=\"2000\" height=\"1333\" srcset=\"https:\/\/www.fgautron.com\/weblog\/wp-content\/IMG_0045xm.jpg 2000w, https:\/\/www.fgautron.com\/weblog\/wp-content\/IMG_0045xm-300x200.jpg 300w, https:\/\/www.fgautron.com\/weblog\/wp-content\/IMG_0045xm-700x467.jpg 700w, https:\/\/www.fgautron.com\/weblog\/wp-content\/IMG_0045xm-1536x1024.jpg 1536w, https:\/\/www.fgautron.com\/weblog\/wp-content\/IMG_0045xm-800x533.jpg 800w\" sizes=\"auto, (max-width: 2000px) 100vw, 2000px\" \/><\/p>\n<p><img loading=\"lazy\" decoding=\"async\" data-attachment-id=\"35620\" data-permalink=\"https:\/\/www.fgautron.com\/weblog\/archives\/2022\/01\/09\/vues-du-mont-fuji-depuis-kawaguchiko\/img_0037xm\/\" data-orig-file=\"https:\/\/www.fgautron.com\/weblog\/wp-content\/\/IMG_0037xm.jpg\" data-orig-size=\"2000,1333\" data-comments-opened=\"1\" data-image-meta=\"{&quot;aperture&quot;:&quot;11&quot;,&quot;credit&quot;:&quot;&quot;,&quot;camera&quot;:&quot;Canon EOS 50D&quot;,&quot;caption&quot;:&quot;&quot;,&quot;created_timestamp&quot;:&quot;1641139292&quot;,&quot;copyright&quot;:&quot;&quot;,&quot;focal_length&quot;:&quot;17&quot;,&quot;iso&quot;:&quot;320&quot;,&quot;shutter_speed&quot;:&quot;0.004&quot;,&quot;title&quot;:&quot;&quot;,&quot;orientation&quot;:&quot;1&quot;}\" data-image-title=\"IMG_0037xm\" data-image-description=\"\" data-image-caption=\"\" data-large-file=\"https:\/\/www.fgautron.com\/weblog\/wp-content\/\/IMG_0037xm-700x467.jpg\" class=\"aligncenter size-full wp-image-35620\" src=\"https:\/\/www.fgautron.com\/weblog\/wp-content\/\/IMG_0037xm.jpg\" alt=\"\" width=\"2000\" height=\"1333\" srcset=\"https:\/\/www.fgautron.com\/weblog\/wp-content\/IMG_0037xm.jpg 2000w, https:\/\/www.fgautron.com\/weblog\/wp-content\/IMG_0037xm-300x200.jpg 300w, https:\/\/www.fgautron.com\/weblog\/wp-content\/IMG_0037xm-700x467.jpg 700w, https:\/\/www.fgautron.com\/weblog\/wp-content\/IMG_0037xm-1536x1024.jpg 1536w, https:\/\/www.fgautron.com\/weblog\/wp-content\/IMG_0037xm-800x533.jpg 800w\" sizes=\"auto, (max-width: 2000px) 100vw, 2000px\" \/><\/p>\n<p><img loading=\"lazy\" decoding=\"async\" data-attachment-id=\"35621\" data-permalink=\"https:\/\/www.fgautron.com\/weblog\/archives\/2022\/01\/09\/vues-du-mont-fuji-depuis-kawaguchiko\/img_0026xm\/\" data-orig-file=\"https:\/\/www.fgautron.com\/weblog\/wp-content\/\/IMG_0026xm.jpg\" data-orig-size=\"2000,1333\" data-comments-opened=\"1\" data-image-meta=\"{&quot;aperture&quot;:&quot;10&quot;,&quot;credit&quot;:&quot;&quot;,&quot;camera&quot;:&quot;Canon EOS 50D&quot;,&quot;caption&quot;:&quot;&quot;,&quot;created_timestamp&quot;:&quot;1641138790&quot;,&quot;copyright&quot;:&quot;&quot;,&quot;focal_length&quot;:&quot;37&quot;,&quot;iso&quot;:&quot;320&quot;,&quot;shutter_speed&quot;:&quot;0.003125&quot;,&quot;title&quot;:&quot;&quot;,&quot;orientation&quot;:&quot;1&quot;}\" data-image-title=\"IMG_0026xm\" data-image-description=\"\" data-image-caption=\"\" data-large-file=\"https:\/\/www.fgautron.com\/weblog\/wp-content\/\/IMG_0026xm-700x467.jpg\" class=\"aligncenter size-full wp-image-35621\" src=\"https:\/\/www.fgautron.com\/weblog\/wp-content\/\/IMG_0026xm.jpg\" alt=\"\" width=\"2000\" height=\"1333\" srcset=\"https:\/\/www.fgautron.com\/weblog\/wp-content\/IMG_0026xm.jpg 2000w, https:\/\/www.fgautron.com\/weblog\/wp-content\/IMG_0026xm-300x200.jpg 300w, https:\/\/www.fgautron.com\/weblog\/wp-content\/IMG_0026xm-700x467.jpg 700w, https:\/\/www.fgautron.com\/weblog\/wp-content\/IMG_0026xm-1536x1024.jpg 1536w, https:\/\/www.fgautron.com\/weblog\/wp-content\/IMG_0026xm-800x533.jpg 800w\" sizes=\"auto, (max-width: 2000px) 100vw, 2000px\" \/><\/p>\n<p><img loading=\"lazy\" decoding=\"async\" data-attachment-id=\"35622\" data-permalink=\"https:\/\/www.fgautron.com\/weblog\/archives\/2022\/01\/09\/vues-du-mont-fuji-depuis-kawaguchiko\/img_0017xm\/\" data-orig-file=\"https:\/\/www.fgautron.com\/weblog\/wp-content\/\/IMG_0017xm.jpg\" data-orig-size=\"2000,1333\" data-comments-opened=\"1\" data-image-meta=\"{&quot;aperture&quot;:&quot;13&quot;,&quot;credit&quot;:&quot;&quot;,&quot;camera&quot;:&quot;Canon EOS 50D&quot;,&quot;caption&quot;:&quot;&quot;,&quot;created_timestamp&quot;:&quot;1641137253&quot;,&quot;copyright&quot;:&quot;&quot;,&quot;focal_length&quot;:&quot;32&quot;,&quot;iso&quot;:&quot;400&quot;,&quot;shutter_speed&quot;:&quot;0.002&quot;,&quot;title&quot;:&quot;&quot;,&quot;orientation&quot;:&quot;1&quot;}\" data-image-title=\"IMG_0017xm\" data-image-description=\"\" data-image-caption=\"\" data-large-file=\"https:\/\/www.fgautron.com\/weblog\/wp-content\/\/IMG_0017xm-700x467.jpg\" class=\"aligncenter size-full wp-image-35622\" src=\"https:\/\/www.fgautron.com\/weblog\/wp-content\/\/IMG_0017xm.jpg\" alt=\"\" width=\"2000\" height=\"1333\" srcset=\"https:\/\/www.fgautron.com\/weblog\/wp-content\/IMG_0017xm.jpg 2000w, https:\/\/www.fgautron.com\/weblog\/wp-content\/IMG_0017xm-300x200.jpg 300w, https:\/\/www.fgautron.com\/weblog\/wp-content\/IMG_0017xm-700x467.jpg 700w, https:\/\/www.fgautron.com\/weblog\/wp-content\/IMG_0017xm-1536x1024.jpg 1536w, https:\/\/www.fgautron.com\/weblog\/wp-content\/IMG_0017xm-800x533.jpg 800w\" sizes=\"auto, (max-width: 2000px) 100vw, 2000px\" \/><\/p>\n<p><img loading=\"lazy\" decoding=\"async\" data-attachment-id=\"35623\" data-permalink=\"https:\/\/www.fgautron.com\/weblog\/archives\/2022\/01\/09\/vues-du-mont-fuji-depuis-kawaguchiko\/img_9991xm\/\" data-orig-file=\"https:\/\/www.fgautron.com\/weblog\/wp-content\/\/IMG_9991xm.jpg\" data-orig-size=\"2000,1333\" data-comments-opened=\"1\" data-image-meta=\"{&quot;aperture&quot;:&quot;8&quot;,&quot;credit&quot;:&quot;&quot;,&quot;camera&quot;:&quot;Canon EOS 50D&quot;,&quot;caption&quot;:&quot;&quot;,&quot;created_timestamp&quot;:&quot;1641133518&quot;,&quot;copyright&quot;:&quot;&quot;,&quot;focal_length&quot;:&quot;17&quot;,&quot;iso&quot;:&quot;800&quot;,&quot;shutter_speed&quot;:&quot;0.008&quot;,&quot;title&quot;:&quot;&quot;,&quot;orientation&quot;:&quot;1&quot;}\" data-image-title=\"IMG_9991xm\" data-image-description=\"\" data-image-caption=\"\" data-large-file=\"https:\/\/www.fgautron.com\/weblog\/wp-content\/\/IMG_9991xm-700x467.jpg\" class=\"aligncenter size-full wp-image-35623\" src=\"https:\/\/www.fgautron.com\/weblog\/wp-content\/\/IMG_9991xm.jpg\" alt=\"\" width=\"2000\" height=\"1333\" srcset=\"https:\/\/www.fgautron.com\/weblog\/wp-content\/IMG_9991xm.jpg 2000w, https:\/\/www.fgautron.com\/weblog\/wp-content\/IMG_9991xm-300x200.jpg 300w, https:\/\/www.fgautron.com\/weblog\/wp-content\/IMG_9991xm-700x467.jpg 700w, https:\/\/www.fgautron.com\/weblog\/wp-content\/IMG_9991xm-1536x1024.jpg 1536w, https:\/\/www.fgautron.com\/weblog\/wp-content\/IMG_9991xm-800x533.jpg 800w\" sizes=\"auto, (max-width: 2000px) 100vw, 2000px\" \/><\/p>\n<p><img loading=\"lazy\" decoding=\"async\" data-attachment-id=\"35624\" data-permalink=\"https:\/\/www.fgautron.com\/weblog\/archives\/2022\/01\/09\/vues-du-mont-fuji-depuis-kawaguchiko\/img_9999xm\/\" data-orig-file=\"https:\/\/www.fgautron.com\/weblog\/wp-content\/\/IMG_9999xm.jpg\" data-orig-size=\"2000,1314\" data-comments-opened=\"1\" data-image-meta=\"{&quot;aperture&quot;:&quot;4.5&quot;,&quot;credit&quot;:&quot;&quot;,&quot;camera&quot;:&quot;Canon EOS 50D&quot;,&quot;caption&quot;:&quot;&quot;,&quot;created_timestamp&quot;:&quot;1641134014&quot;,&quot;copyright&quot;:&quot;&quot;,&quot;focal_length&quot;:&quot;17&quot;,&quot;iso&quot;:&quot;400&quot;,&quot;shutter_speed&quot;:&quot;0.025&quot;,&quot;title&quot;:&quot;&quot;,&quot;orientation&quot;:&quot;1&quot;}\" data-image-title=\"IMG_9999xm\" data-image-description=\"\" data-image-caption=\"\" data-large-file=\"https:\/\/www.fgautron.com\/weblog\/wp-content\/\/IMG_9999xm-700x460.jpg\" class=\"aligncenter size-full wp-image-35624\" src=\"https:\/\/www.fgautron.com\/weblog\/wp-content\/\/IMG_9999xm.jpg\" alt=\"\" width=\"2000\" height=\"1314\" srcset=\"https:\/\/www.fgautron.com\/weblog\/wp-content\/IMG_9999xm.jpg 2000w, https:\/\/www.fgautron.com\/weblog\/wp-content\/IMG_9999xm-300x197.jpg 300w, https:\/\/www.fgautron.com\/weblog\/wp-content\/IMG_9999xm-700x460.jpg 700w, https:\/\/www.fgautron.com\/weblog\/wp-content\/IMG_9999xm-1536x1009.jpg 1536w, https:\/\/www.fgautron.com\/weblog\/wp-content\/IMG_9999xm-800x526.jpg 800w\" sizes=\"auto, (max-width: 2000px) 100vw, 2000px\" \/><\/p>\n<p><img loading=\"lazy\" decoding=\"async\" data-attachment-id=\"35625\" data-permalink=\"https:\/\/www.fgautron.com\/weblog\/archives\/2022\/01\/09\/vues-du-mont-fuji-depuis-kawaguchiko\/img_0056xm\/\" data-orig-file=\"https:\/\/www.fgautron.com\/weblog\/wp-content\/\/IMG_0056xm.jpg\" data-orig-size=\"2000,1333\" data-comments-opened=\"1\" data-image-meta=\"{&quot;aperture&quot;:&quot;5&quot;,&quot;credit&quot;:&quot;&quot;,&quot;camera&quot;:&quot;Canon EOS 50D&quot;,&quot;caption&quot;:&quot;&quot;,&quot;created_timestamp&quot;:&quot;1641142912&quot;,&quot;copyright&quot;:&quot;&quot;,&quot;focal_length&quot;:&quot;17&quot;,&quot;iso&quot;:&quot;320&quot;,&quot;shutter_speed&quot;:&quot;0.02&quot;,&quot;title&quot;:&quot;&quot;,&quot;orientation&quot;:&quot;1&quot;}\" data-image-title=\"IMG_0056xm\" data-image-description=\"\" data-image-caption=\"\" data-large-file=\"https:\/\/www.fgautron.com\/weblog\/wp-content\/\/IMG_0056xm-700x467.jpg\" class=\"aligncenter size-full wp-image-35625\" src=\"https:\/\/www.fgautron.com\/weblog\/wp-content\/\/IMG_0056xm.jpg\" alt=\"\" width=\"2000\" height=\"1333\" srcset=\"https:\/\/www.fgautron.com\/weblog\/wp-content\/IMG_0056xm.jpg 2000w, https:\/\/www.fgautron.com\/weblog\/wp-content\/IMG_0056xm-300x200.jpg 300w, https:\/\/www.fgautron.com\/weblog\/wp-content\/IMG_0056xm-700x467.jpg 700w, https:\/\/www.fgautron.com\/weblog\/wp-content\/IMG_0056xm-1536x1024.jpg 1536w, https:\/\/www.fgautron.com\/weblog\/wp-content\/IMG_0056xm-800x533.jpg 800w\" sizes=\"auto, (max-width: 2000px) 100vw, 2000px\" \/><\/p>\n<p><img loading=\"lazy\" decoding=\"async\" data-attachment-id=\"35626\" data-permalink=\"https:\/\/www.fgautron.com\/weblog\/archives\/2022\/01\/09\/vues-du-mont-fuji-depuis-kawaguchiko\/img_0058xm\/\" data-orig-file=\"https:\/\/www.fgautron.com\/weblog\/wp-content\/\/IMG_0058xm.jpg\" data-orig-size=\"2000,1333\" data-comments-opened=\"1\" data-image-meta=\"{&quot;aperture&quot;:&quot;4&quot;,&quot;credit&quot;:&quot;&quot;,&quot;camera&quot;:&quot;Canon EOS 50D&quot;,&quot;caption&quot;:&quot;&quot;,&quot;created_timestamp&quot;:&quot;1641142950&quot;,&quot;copyright&quot;:&quot;&quot;,&quot;focal_length&quot;:&quot;17&quot;,&quot;iso&quot;:&quot;320&quot;,&quot;shutter_speed&quot;:&quot;0.05&quot;,&quot;title&quot;:&quot;&quot;,&quot;orientation&quot;:&quot;1&quot;}\" data-image-title=\"IMG_0058xm\" data-image-description=\"\" data-image-caption=\"\" data-large-file=\"https:\/\/www.fgautron.com\/weblog\/wp-content\/\/IMG_0058xm-700x467.jpg\" class=\"aligncenter size-full wp-image-35626\" src=\"https:\/\/www.fgautron.com\/weblog\/wp-content\/\/IMG_0058xm.jpg\" alt=\"\" width=\"2000\" height=\"1333\" srcset=\"https:\/\/www.fgautron.com\/weblog\/wp-content\/IMG_0058xm.jpg 2000w, https:\/\/www.fgautron.com\/weblog\/wp-content\/IMG_0058xm-300x200.jpg 300w, https:\/\/www.fgautron.com\/weblog\/wp-content\/IMG_0058xm-700x467.jpg 700w, https:\/\/www.fgautron.com\/weblog\/wp-content\/IMG_0058xm-1536x1024.jpg 1536w, https:\/\/www.fgautron.com\/weblog\/wp-content\/IMG_0058xm-800x533.jpg 800w\" sizes=\"auto, (max-width: 2000px) 100vw, 2000px\" \/><\/p>\n<p><img loading=\"lazy\" decoding=\"async\" data-attachment-id=\"35627\" data-permalink=\"https:\/\/www.fgautron.com\/weblog\/archives\/2022\/01\/09\/vues-du-mont-fuji-depuis-kawaguchiko\/img_0081xm\/\" data-orig-file=\"https:\/\/www.fgautron.com\/weblog\/wp-content\/\/IMG_0081xm.jpg\" data-orig-size=\"2000,1333\" data-comments-opened=\"1\" data-image-meta=\"{&quot;aperture&quot;:&quot;5.6&quot;,&quot;credit&quot;:&quot;&quot;,&quot;camera&quot;:&quot;Canon EOS 50D&quot;,&quot;caption&quot;:&quot;&quot;,&quot;created_timestamp&quot;:&quot;1641144155&quot;,&quot;copyright&quot;:&quot;&quot;,&quot;focal_length&quot;:&quot;33&quot;,&quot;iso&quot;:&quot;400&quot;,&quot;shutter_speed&quot;:&quot;0.01&quot;,&quot;title&quot;:&quot;&quot;,&quot;orientation&quot;:&quot;1&quot;}\" data-image-title=\"IMG_0081xm\" data-image-description=\"\" data-image-caption=\"\" data-large-file=\"https:\/\/www.fgautron.com\/weblog\/wp-content\/\/IMG_0081xm-700x467.jpg\" class=\"aligncenter size-full wp-image-35627\" src=\"https:\/\/www.fgautron.com\/weblog\/wp-content\/\/IMG_0081xm.jpg\" alt=\"\" width=\"2000\" height=\"1333\" srcset=\"https:\/\/www.fgautron.com\/weblog\/wp-content\/IMG_0081xm.jpg 2000w, https:\/\/www.fgautron.com\/weblog\/wp-content\/IMG_0081xm-300x200.jpg 300w, https:\/\/www.fgautron.com\/weblog\/wp-content\/IMG_0081xm-700x467.jpg 700w, https:\/\/www.fgautron.com\/weblog\/wp-content\/IMG_0081xm-1536x1024.jpg 1536w, https:\/\/www.fgautron.com\/weblog\/wp-content\/IMG_0081xm-800x533.jpg 800w\" sizes=\"auto, (max-width: 2000px) 100vw, 2000px\" \/><\/p>\n<p>Outre notre bref passage \u00e0 Enoshima juste avant la nouvelle ann\u00e9e, nous ne sommes pas beaucoup sortis de Tokyo pendant les courtes vacances de fin d\u2019ann\u00e9e. Nous avions quand m\u00eame dans l\u2019id\u00e9e d\u2019aller voir le Mont Fuji enneig\u00e9. On peut le voir depuis Tokyo, mais il est quand m\u00eame beaucoup plus grandiose pr\u00e8s des lacs, notamment celui de Kawaguchi. J\u2019avais vu sur Instragram un point de vue int\u00e9ressant sur le Mont Fuji \u00e0 travers un petit Torii rouge de sanctuaire. Une petite recherche m\u2019indique qu\u2019il s\u2019agit du sanctuaire de Kawaguchi Asama. \u00c7a sera donc notre premi\u00e8re destination. Le trajet aller sur l\u2019autoroute Chuo se passe sans encombres et nous prendra un peu plus d\u2019une heure et demi. Le sanctuaire de Kawaguchi Asama est relativement petit mais ancien. Il y a environ 1,300 sanctuaires appel\u00e9s Asama ou Sengen d\u00e9di\u00e9s au Kami des volcans, et principalement autour du Mont Fuji. Le principal sanctuaire est le Fujisan Hong\u016b Sengen Taisha que l\u2019on trouve de l\u2019autre c\u00f4t\u00e9 du Mont Fuji, dans la ville de Fujinomiya dans la pr\u00e9fecture de Shizuoka. Nous l\u2019avions visit\u00e9 en Avril 2019 et j\u2019en avais parl\u00e9 dans <a href=\"https:\/\/www.fgautron.com\/weblog\/archives\/2019\/04\/21\/\u6625\u4f11\u307f3\u301cfujinomiya-2eme-partie\/\">un billet<\/a>. Ces sanctuaires Asama ou Sengen sont plac\u00e9s autour du volcan pour essayer de calmer sa col\u00e8re et ainsi \u00e9viter de nouvelles \u00e9ruptions. Le principe fonctionne relativement bien car le Mont Fuji n\u2019est pas entr\u00e9 en \u00e9ruption depuis plus de 300 ans. La derni\u00e8re \u00e9ruption, nomm\u00e9e \u00e9ruption de H\u014dei, date du 16 D\u00e9cembre 1707. On avait eu quelques craintes \u00e0 la fin de l\u2019ann\u00e9e 2020 car le volcan \u00e9tait \u00e9tonnamment assez peu couvert de neige lors qu\u2019on l\u2019avait vu depuis le <a href=\"https:\/\/www.fgautron.com\/weblog\/archives\/2021\/01\/09\/une-vue-du-mont-fuji-1\/\">Mont Takao<\/a>, ce qui pouvait sugg\u00e9rer un r\u00e9chauffement. Il n\u2019en est rien cette ann\u00e9e car le blanc domine sur une bonne partie du Mont Fuji.<\/p>\n<p>On dit que le sanctuaire Kawaguchi Asama a \u00e9t\u00e9 \u00e9rig\u00e9 apr\u00e8s l\u2019\u00e9ruption du Mont Fuji de 864. L\u2019all\u00e9e qui nous am\u00e8ne au sanctuaire, apr\u00e8s avoir travers\u00e9 un grand torii de 18 m\u00e8tres de haut, est bord\u00e9e de sept immenses c\u00e8dres appel\u00e9s \u00ab\u00a0Shichi-hon sugi\u00a0\u00bb datant de plus de 1,200 ans. Ils sont impressionnants et consid\u00e9r\u00e9s comme des monuments naturels de la pr\u00e9fecture de Yamanashi. Depuis l\u2019enceinte principale du sanctuaire, une petite route sinueuse de montagne donne acc\u00e8s apr\u00e8s trente minutes de marche \u00e0 <a href=\"https:\/\/en.kawaguchiko.net\/mt-fuji-view-en\/tenku-no-torii\/\">Tenku-no Torii<\/a>. A cet endroit, un Torii rouge est id\u00e9alement plac\u00e9 sur un petit plateau donnant une vue directe sur le Mont Fuji et sur le lac Kawaguchi. Le Torii est r\u00e9cent car mis en place en 2019 et fait partie enti\u00e8re du sanctuaire. L\u2019espace autour est en cours d\u2019am\u00e9nagement car on voit des marquages au sol faits de plaquettes de bois. On y fait pousser des cerisiers qui rendront certainement cette vue encore plus symbolique dans une dizaine d\u2019ann\u00e9es. Comme je le mentionnais au d\u00e9but, nous sommes venus ici car j\u2019avais vu une photo de l\u2019endroit sur Instagram. La <a href=\"https:\/\/www.instagram.com\/p\/CYL9w2zvmaK\/?utm_source=ig_web_copy_link\">photo<\/a> montrait une personne d\u00e9bout devant le Torii regardant le Mont Fuji. On avait l\u2019impression qu\u2019elle \u00e9tait seule au monde devant cette montagne majestueuse dans un endroit qui serait gard\u00e9 secret ou seulement connu des locaux. En arrivant \u00e0 Tenku-no Torii apr\u00e8s la marche de trente minutes, on se rend compte que la r\u00e9alit\u00e9 est bien diff\u00e9rente. L\u2019acc\u00e8s au Torii est marqu\u00e9 par un petit chemin de graviers et il y a une file d\u2019attente de plusieurs dizaines de personnes avant de pouvoir acc\u00e9der au Torii pour prendre les photos que je montre ci-dessus. L\u2019effet Instagram doit jouer sur la popularit\u00e9 de l\u2019endroit, et \u00e7a me rappelle que les photographies donnent souvent une vision d\u00e9form\u00e9e de la r\u00e9alit\u00e9, ou du moins une impression id\u00e9alis\u00e9e omettant m\u00eame inconsciemment une partie importante de la r\u00e9alit\u00e9. On h\u00e9site \u00e0 attendre pour prendre une photo, mais on est mont\u00e9 jusque l\u00e0 et \u00e7a serait dommage de faire demi-tour maintenant. Il faudra donc attendre environ 45 minutes, mais l\u2019attente n\u2019est pas d\u00e9sagr\u00e9able quand on a le Mont Fuji devant soi, surtout quand il a la bonne id\u00e9e de se d\u00e9couvrir au fur et \u00e0 mesure qu\u2019on approche du Torii. L\u2019acc\u00e8s au Torii est gratuit mais il y a fort \u00e0 parier qu\u2019il devienne payant ou plus polic\u00e9 \u00e0 mesure que la popularit\u00e9 de l\u2019endroit grandit quand les cerisiers auront bien pouss\u00e9. <\/p>\n<p>Comme il nous restait un peu de temps avant de reprendre la route pour Tokyo et avant que le soleil ne se couche, nous en profitons pour aller voir un autre sanctuaire assez proche, le Arakura Fuji Sengen Jinja. L\u2019endroit est tr\u00e8s connu pour la vue que l\u2019on peut prendre d\u2019une pagode appel\u00e9e <a href=\"https:\/\/en.kawaguchiko.net\/mt-fuji-view-en\/chureito-pagoda\/\">Chureito<\/a> accompagn\u00e9e du Mont Fuji en arri\u00e8re-plan. Il faut monter un long escalier de pierre de 398 marches, mais on nous indique d\u00e8s le d\u00e9but que la fameuse <a href=\"https:\/\/www.instagram.com\/p\/CX9UGE5KmN0\/?utm_source=ig_web_copy_link\">photo<\/a> de la pagode et du Mont Fuji n\u2019est pas possible en ce moment car le promontoire \u00e0 l\u2019arri\u00e8re de la pagode est en cours de r\u00e9novation. C\u2019est dommage mais la vue sur le Mont Fuji au dessus de la ville est tout de m\u00eame impressionnante et vaut tout de m\u00eame le d\u00e9tour. Il y avait peu de visiteurs \u00e0 notre passage, ce qui devait \u00eatre tr\u00e8s diff\u00e9rent avant la crise sanitaire, vue la taille du parking en bas du sanctuaire. On se sent serein apr\u00e8s avoir vu l\u2019omnipr\u00e9sent Mont Fuji pendant toute une journ\u00e9e. Cette s\u00e9r\u00e9nit\u00e9 nous sera n\u00e9cessaire pour le retour sur l\u2019autoroute et ses deux heures d\u2019embouteillage. Il nous a fallu trois heures et demi pour rentrer, mais ce long retour ne m\u2019a pourtant pas \u00e9t\u00e9 d\u00e9sagr\u00e9able, contrairement \u00e0 l\u2019habitude. J\u2019ai peut-\u00eatre maintenant int\u00e9gr\u00e9 l\u2019attente comme un param\u00e8tre in\u00e9vitable de tout d\u00e9placement hors de Tokyo, ou peut-\u00eatre \u00e9tait ce parce qu\u2019on m\u2019avait \u00ab\u00a0autoris\u00e9\u00a0\u00bb \u00e0 passer le best album de Tokyo Jihen sur la route du retour. Je me rends compte que son \u00e9coute est bien meilleure dans la voiture qu\u2019aux \u00e9couteurs.<\/p>\n","protected":false},"excerpt":{"rendered":"<p>Outre notre bref passage \u00e0 Enoshima juste avant la nouvelle ann\u00e9e, nous ne sommes pas beaucoup sortis de Tokyo pendant les courtes vacances de fin d\u2019ann\u00e9e. Nous avions quand m\u00eame dans l\u2019id\u00e9e d\u2019aller voir le Mont Fuji enneig\u00e9. On peut le voir depuis Tokyo, mais il est quand m\u00eame beaucoup plus grandiose pr\u00e8s des lacs,&#8230;<\/p>\n","protected":false},"author":1,"featured_media":0,"comment_status":"open","ping_status":"open","sticky":false,"template":"","format":"standard","meta":{"_jetpack_memberships_contains_paid_content":false,"footnotes":"","jetpack_publicize_message":"quelques vues du Mont Fuji depuis Kawaguchiko","jetpack_publicize_feature_enabled":true,"jetpack_social_post_already_shared":true,"jetpack_social_options":{"image_generator_settings":{"template":"highway","default_image_id":0,"font":"","enabled":false},"version":2}},"categories":[1127],"tags":[2257,2256,2255,1166,2258,334,2260,2259],"class_list":["post-35618","post","type-post","status-publish","format-standard","hentry","category-yamanashi","tag-arakura-fuji-sengen-jinja","tag-kawaguchi-asama-jinja","tag-kawaguchiko","tag-mont-fuji","tag-pagode-chureito","tag-334","tag-2260","tag-2259"],"jetpack_publicize_connections":[],"jetpack_featured_media_url":"","jetpack_sharing_enabled":true,"jetpack_likes_enabled":true,"_links":{"self":[{"href":"https:\/\/www.fgautron.com\/weblog\/wp-json\/wp\/v2\/posts\/35618","targetHints":{"allow":["GET"]}}],"collection":[{"href":"https:\/\/www.fgautron.com\/weblog\/wp-json\/wp\/v2\/posts"}],"about":[{"href":"https:\/\/www.fgautron.com\/weblog\/wp-json\/wp\/v2\/types\/post"}],"author":[{"embeddable":true,"href":"https:\/\/www.fgautron.com\/weblog\/wp-json\/wp\/v2\/users\/1"}],"replies":[{"embeddable":true,"href":"https:\/\/www.fgautron.com\/weblog\/wp-json\/wp\/v2\/comments?post=35618"}],"version-history":[{"count":9,"href":"https:\/\/www.fgautron.com\/weblog\/wp-json\/wp\/v2\/posts\/35618\/revisions"}],"predecessor-version":[{"id":35683,"href":"https:\/\/www.fgautron.com\/weblog\/wp-json\/wp\/v2\/posts\/35618\/revisions\/35683"}],"wp:attachment":[{"href":"https:\/\/www.fgautron.com\/weblog\/wp-json\/wp\/v2\/media?parent=35618"}],"wp:term":[{"taxonomy":"category","embeddable":true,"href":"https:\/\/www.fgautron.com\/weblog\/wp-json\/wp\/v2\/categories?post=35618"},{"taxonomy":"post_tag","embeddable":true,"href":"https:\/\/www.fgautron.com\/weblog\/wp-json\/wp\/v2\/tags?post=35618"}],"curies":[{"name":"wp","href":"https:\/\/api.w.org\/{rel}","templated":true}]}}