{"id":39515,"date":"2023-03-04T07:35:25","date_gmt":"2023-03-03T22:35:25","guid":{"rendered":"https:\/\/www.fgautron.com\/weblog\/?p=39515"},"modified":"2023-03-04T07:35:25","modified_gmt":"2023-03-03T22:35:25","slug":"soleil-couchant-sur-les-pruniers","status":"publish","type":"post","link":"https:\/\/www.fgautron.com\/weblog\/archives\/2023\/03\/04\/soleil-couchant-sur-les-pruniers\/","title":{"rendered":"soleil couchant sur les pruniers"},"content":{"rendered":"<p><img loading=\"lazy\" decoding=\"async\" data-attachment-id=\"39516\" data-permalink=\"https:\/\/www.fgautron.com\/weblog\/archives\/2023\/03\/04\/soleil-couchant-sur-les-pruniers\/img_5947zm\/\" data-orig-file=\"https:\/\/www.fgautron.com\/weblog\/wp-content\/\/IMG_5947zm.jpg\" data-orig-size=\"2000,1333\" data-comments-opened=\"1\" data-image-meta=\"{&quot;aperture&quot;:&quot;6.3&quot;,&quot;credit&quot;:&quot;&quot;,&quot;camera&quot;:&quot;Canon EOS 50D&quot;,&quot;caption&quot;:&quot;&quot;,&quot;created_timestamp&quot;:&quot;1676742690&quot;,&quot;copyright&quot;:&quot;&quot;,&quot;focal_length&quot;:&quot;17&quot;,&quot;iso&quot;:&quot;400&quot;,&quot;shutter_speed&quot;:&quot;0.0125&quot;,&quot;title&quot;:&quot;&quot;,&quot;orientation&quot;:&quot;1&quot;}\" data-image-title=\"IMG_5947zm\" data-image-description=\"\" data-image-caption=\"\" data-large-file=\"https:\/\/www.fgautron.com\/weblog\/wp-content\/\/IMG_5947zm-700x467.jpg\" src=\"https:\/\/www.fgautron.com\/weblog\/wp-content\/\/IMG_5947zm.jpg\" alt=\"\" width=\"2000\" height=\"1333\" class=\"aligncenter size-full wp-image-39516\" srcset=\"https:\/\/www.fgautron.com\/weblog\/wp-content\/IMG_5947zm.jpg 2000w, https:\/\/www.fgautron.com\/weblog\/wp-content\/IMG_5947zm-300x200.jpg 300w, https:\/\/www.fgautron.com\/weblog\/wp-content\/IMG_5947zm-700x467.jpg 700w, https:\/\/www.fgautron.com\/weblog\/wp-content\/IMG_5947zm-1536x1024.jpg 1536w, https:\/\/www.fgautron.com\/weblog\/wp-content\/IMG_5947zm-800x533.jpg 800w\" sizes=\"auto, (max-width: 2000px) 100vw, 2000px\" \/><\/p>\n<p><img loading=\"lazy\" decoding=\"async\" data-attachment-id=\"39517\" data-permalink=\"https:\/\/www.fgautron.com\/weblog\/archives\/2023\/03\/04\/soleil-couchant-sur-les-pruniers\/img_5924zm\/\" data-orig-file=\"https:\/\/www.fgautron.com\/weblog\/wp-content\/\/IMG_5924zm.jpg\" data-orig-size=\"2000,1333\" data-comments-opened=\"1\" data-image-meta=\"{&quot;aperture&quot;:&quot;6.3&quot;,&quot;credit&quot;:&quot;&quot;,&quot;camera&quot;:&quot;Canon EOS 50D&quot;,&quot;caption&quot;:&quot;&quot;,&quot;created_timestamp&quot;:&quot;1676742023&quot;,&quot;copyright&quot;:&quot;&quot;,&quot;focal_length&quot;:&quot;36&quot;,&quot;iso&quot;:&quot;400&quot;,&quot;shutter_speed&quot;:&quot;0.008&quot;,&quot;title&quot;:&quot;&quot;,&quot;orientation&quot;:&quot;1&quot;}\" data-image-title=\"IMG_5924zm\" data-image-description=\"\" data-image-caption=\"\" data-large-file=\"https:\/\/www.fgautron.com\/weblog\/wp-content\/\/IMG_5924zm-700x467.jpg\" src=\"https:\/\/www.fgautron.com\/weblog\/wp-content\/\/IMG_5924zm.jpg\" alt=\"\" width=\"2000\" height=\"1333\" class=\"aligncenter size-full wp-image-39517\" srcset=\"https:\/\/www.fgautron.com\/weblog\/wp-content\/IMG_5924zm.jpg 2000w, https:\/\/www.fgautron.com\/weblog\/wp-content\/IMG_5924zm-300x200.jpg 300w, https:\/\/www.fgautron.com\/weblog\/wp-content\/IMG_5924zm-700x467.jpg 700w, https:\/\/www.fgautron.com\/weblog\/wp-content\/IMG_5924zm-1536x1024.jpg 1536w, https:\/\/www.fgautron.com\/weblog\/wp-content\/IMG_5924zm-800x533.jpg 800w\" sizes=\"auto, (max-width: 2000px) 100vw, 2000px\" \/><\/p>\n<p><img loading=\"lazy\" decoding=\"async\" data-attachment-id=\"39518\" data-permalink=\"https:\/\/www.fgautron.com\/weblog\/archives\/2023\/03\/04\/soleil-couchant-sur-les-pruniers\/img_5960zm\/\" data-orig-file=\"https:\/\/www.fgautron.com\/weblog\/wp-content\/\/IMG_5960zm.jpg\" data-orig-size=\"2000,1333\" data-comments-opened=\"1\" data-image-meta=\"{&quot;aperture&quot;:&quot;5.6&quot;,&quot;credit&quot;:&quot;&quot;,&quot;camera&quot;:&quot;Canon EOS 50D&quot;,&quot;caption&quot;:&quot;&quot;,&quot;created_timestamp&quot;:&quot;1676742997&quot;,&quot;copyright&quot;:&quot;&quot;,&quot;focal_length&quot;:&quot;31&quot;,&quot;iso&quot;:&quot;500&quot;,&quot;shutter_speed&quot;:&quot;0.025&quot;,&quot;title&quot;:&quot;&quot;,&quot;orientation&quot;:&quot;1&quot;}\" data-image-title=\"IMG_5960zm\" data-image-description=\"\" data-image-caption=\"\" data-large-file=\"https:\/\/www.fgautron.com\/weblog\/wp-content\/\/IMG_5960zm-700x467.jpg\" src=\"https:\/\/www.fgautron.com\/weblog\/wp-content\/\/IMG_5960zm.jpg\" alt=\"\" width=\"2000\" height=\"1333\" class=\"aligncenter size-full wp-image-39518\" srcset=\"https:\/\/www.fgautron.com\/weblog\/wp-content\/IMG_5960zm.jpg 2000w, https:\/\/www.fgautron.com\/weblog\/wp-content\/IMG_5960zm-300x200.jpg 300w, https:\/\/www.fgautron.com\/weblog\/wp-content\/IMG_5960zm-700x467.jpg 700w, https:\/\/www.fgautron.com\/weblog\/wp-content\/IMG_5960zm-1536x1024.jpg 1536w, https:\/\/www.fgautron.com\/weblog\/wp-content\/IMG_5960zm-800x533.jpg 800w\" sizes=\"auto, (max-width: 2000px) 100vw, 2000px\" \/><\/p>\n<p><img loading=\"lazy\" decoding=\"async\" data-attachment-id=\"39519\" data-permalink=\"https:\/\/www.fgautron.com\/weblog\/archives\/2023\/03\/04\/soleil-couchant-sur-les-pruniers\/img_5972zm\/\" data-orig-file=\"https:\/\/www.fgautron.com\/weblog\/wp-content\/\/IMG_5972zm.jpg\" data-orig-size=\"2000,1333\" data-comments-opened=\"1\" data-image-meta=\"{&quot;aperture&quot;:&quot;9&quot;,&quot;credit&quot;:&quot;&quot;,&quot;camera&quot;:&quot;Canon EOS 50D&quot;,&quot;caption&quot;:&quot;&quot;,&quot;created_timestamp&quot;:&quot;1676743195&quot;,&quot;copyright&quot;:&quot;&quot;,&quot;focal_length&quot;:&quot;17&quot;,&quot;iso&quot;:&quot;100&quot;,&quot;shutter_speed&quot;:&quot;0.0125&quot;,&quot;title&quot;:&quot;&quot;,&quot;orientation&quot;:&quot;1&quot;}\" data-image-title=\"IMG_5972zm\" data-image-description=\"\" data-image-caption=\"\" data-large-file=\"https:\/\/www.fgautron.com\/weblog\/wp-content\/\/IMG_5972zm-700x467.jpg\" src=\"https:\/\/www.fgautron.com\/weblog\/wp-content\/\/IMG_5972zm.jpg\" alt=\"\" width=\"2000\" height=\"1333\" class=\"aligncenter size-full wp-image-39519\" srcset=\"https:\/\/www.fgautron.com\/weblog\/wp-content\/IMG_5972zm.jpg 2000w, https:\/\/www.fgautron.com\/weblog\/wp-content\/IMG_5972zm-300x200.jpg 300w, https:\/\/www.fgautron.com\/weblog\/wp-content\/IMG_5972zm-700x467.jpg 700w, https:\/\/www.fgautron.com\/weblog\/wp-content\/IMG_5972zm-1536x1024.jpg 1536w, https:\/\/www.fgautron.com\/weblog\/wp-content\/IMG_5972zm-800x533.jpg 800w\" sizes=\"auto, (max-width: 2000px) 100vw, 2000px\" \/><\/p>\n<p><img loading=\"lazy\" decoding=\"async\" data-attachment-id=\"39520\" data-permalink=\"https:\/\/www.fgautron.com\/weblog\/archives\/2023\/03\/04\/soleil-couchant-sur-les-pruniers\/img_5978zm\/\" data-orig-file=\"https:\/\/www.fgautron.com\/weblog\/wp-content\/\/IMG_5978zm.jpg\" data-orig-size=\"2000,1333\" data-comments-opened=\"1\" data-image-meta=\"{&quot;aperture&quot;:&quot;5.6&quot;,&quot;credit&quot;:&quot;&quot;,&quot;camera&quot;:&quot;Canon EOS 50D&quot;,&quot;caption&quot;:&quot;&quot;,&quot;created_timestamp&quot;:&quot;1676744017&quot;,&quot;copyright&quot;:&quot;&quot;,&quot;focal_length&quot;:&quot;28&quot;,&quot;iso&quot;:&quot;1600&quot;,&quot;shutter_speed&quot;:&quot;0.02&quot;,&quot;title&quot;:&quot;&quot;,&quot;orientation&quot;:&quot;1&quot;}\" data-image-title=\"IMG_5978zm\" data-image-description=\"\" data-image-caption=\"\" data-large-file=\"https:\/\/www.fgautron.com\/weblog\/wp-content\/\/IMG_5978zm-700x467.jpg\" src=\"https:\/\/www.fgautron.com\/weblog\/wp-content\/\/IMG_5978zm.jpg\" alt=\"\" width=\"2000\" height=\"1333\" class=\"aligncenter size-full wp-image-39520\" srcset=\"https:\/\/www.fgautron.com\/weblog\/wp-content\/IMG_5978zm.jpg 2000w, https:\/\/www.fgautron.com\/weblog\/wp-content\/IMG_5978zm-300x200.jpg 300w, https:\/\/www.fgautron.com\/weblog\/wp-content\/IMG_5978zm-700x467.jpg 700w, https:\/\/www.fgautron.com\/weblog\/wp-content\/IMG_5978zm-1536x1024.jpg 1536w, https:\/\/www.fgautron.com\/weblog\/wp-content\/IMG_5978zm-800x533.jpg 800w\" sizes=\"auto, (max-width: 2000px) 100vw, 2000px\" \/><\/p>\n<p><img loading=\"lazy\" decoding=\"async\" data-attachment-id=\"39522\" data-permalink=\"https:\/\/www.fgautron.com\/weblog\/archives\/2023\/03\/04\/soleil-couchant-sur-les-pruniers\/img_5980zm-2\/\" data-orig-file=\"https:\/\/www.fgautron.com\/weblog\/wp-content\/\/IMG_5980zm-1.jpg\" data-orig-size=\"2000,1333\" data-comments-opened=\"1\" data-image-meta=\"{&quot;aperture&quot;:&quot;5.6&quot;,&quot;credit&quot;:&quot;&quot;,&quot;camera&quot;:&quot;Canon EOS 50D&quot;,&quot;caption&quot;:&quot;&quot;,&quot;created_timestamp&quot;:&quot;1676744042&quot;,&quot;copyright&quot;:&quot;&quot;,&quot;focal_length&quot;:&quot;17&quot;,&quot;iso&quot;:&quot;800&quot;,&quot;shutter_speed&quot;:&quot;0.04&quot;,&quot;title&quot;:&quot;&quot;,&quot;orientation&quot;:&quot;1&quot;}\" data-image-title=\"IMG_5980zm\" data-image-description=\"\" data-image-caption=\"\" data-large-file=\"https:\/\/www.fgautron.com\/weblog\/wp-content\/\/IMG_5980zm-1-700x467.jpg\" src=\"https:\/\/www.fgautron.com\/weblog\/wp-content\/\/IMG_5980zm-1.jpg\" alt=\"\" width=\"2000\" height=\"1333\" class=\"aligncenter size-full wp-image-39522\" srcset=\"https:\/\/www.fgautron.com\/weblog\/wp-content\/IMG_5980zm-1.jpg 2000w, https:\/\/www.fgautron.com\/weblog\/wp-content\/IMG_5980zm-1-300x200.jpg 300w, https:\/\/www.fgautron.com\/weblog\/wp-content\/IMG_5980zm-1-700x467.jpg 700w, https:\/\/www.fgautron.com\/weblog\/wp-content\/IMG_5980zm-1-1536x1024.jpg 1536w, https:\/\/www.fgautron.com\/weblog\/wp-content\/IMG_5980zm-1-800x533.jpg 800w\" sizes=\"auto, (max-width: 2000px) 100vw, 2000px\" \/><\/p>\n<p>En suite au billet pr\u00e9c\u00e9dent, je continue \u00e0 marcher jusqu\u2019au jardin de pruniers appel\u00e9 <a href=\"https:\/\/www.city.ota.tokyo.jp\/shisetsu\/park\/ikegamibaien.html\">Ikegami Baien<\/a> (\u6c60\u4e0a\u6885\u5712), plac\u00e9 au pied de la colline portant le grand temple Ikegami Honmonji. Il ferme normalement ses portes aux alentours de 16h30 et j\u2019y suis donc arriv\u00e9 trop tard. Alors que je vois quelques personnes y entrer, le gardien me confirme que le parc reste exceptionnellement ouvert car on va y allumer les \u00e9clairages. J\u2019imagine que ces \u00e9clairages du soir sont seulement activ\u00e9s au moment de la floraison des pruniers qui vient de d\u00e9marrer. Ce n\u2019est pas encore la pleine floraison mais elle semble proche. Je suis d\u00e9j\u00e0 pass\u00e9 devant ce parc mais c\u2019est la premi\u00e8re fois que j\u2019y entre. Il est tr\u00e8s bien entretenu et am\u00e9nag\u00e9. Les pruniers sont plant\u00e9s au flanc de la colline et un escalier de bois permet de les admirer depuis les hauteurs du parc. Je d\u00e9cide de m\u2019installer pendant quelques minutes sur cette partie haute du jardin en attendant que les lumi\u00e8res s\u2019allument. Le fait d\u2019\u00eatre contraint \u00e0 attendre me donne l\u2019occasion d\u2019exp\u00e9rimenter des prises photographiques qui mettraient en valeur ces pruniers. Je me d\u00e9cide \u00e0 les saisir en contre-jour comme sur la quatri\u00e8me photographie. J\u2019ai pris beaucoup de photos dans cette configuration en modifiant les angles et les cadrages mais je ne conserve finalement que cette photographie. J\u2019ai toujours pens\u00e9 qu\u2019il \u00e9tait difficile de bien mettre en valeur la v\u00e9g\u00e9tation en photographie, notamment et surtout les arbres \u00e0 fleurs comme les cerisiers. Depuis les hauteurs de la colline, on peut observer les mouvements de la ville, au del\u00e0 de la tranquillit\u00e9 du parc. Enfin, la ville semble aussi \u00eatre tranquille en cette fin de journ\u00e9e de week-end. Le rythme est lent \u00e0 part les trains qui viennent et repartent sur une voie sur\u00e9lev\u00e9e longeant la longue route nationale num\u00e9ro 1. Les enfants qui jouaient pr\u00e8s d\u2019un des nombreux temples du quartier sont rentr\u00e9s. Quelques v\u00e9los \u00e9lectriques avec fauteuil pour enfant a l\u2019arri\u00e8re s\u2019activent dans les petites rues, certainement pour rentrer \u00e0 la maison au plus t\u00f4t. J\u2019ai encore un peu de temps pour prendre mon temps, et je m\u2019attarde volontairement pour explorer l\u2019int\u00e9rieur des cours de certains temples comme celui des deux derni\u00e8res photographies. Je me dis que je devrais la prochaine fois faire le tour complet de la colline portant le temple Ikegami Honmonji. Je n\u2019en connais qu\u2019une seule partie, celle la plus proche de la gare o\u00f9 je me trouvais aujourd\u2019hui.<\/p>\n<p><img loading=\"lazy\" decoding=\"async\" data-attachment-id=\"39604\" data-permalink=\"https:\/\/www.fgautron.com\/weblog\/archives\/2023\/03\/04\/soleil-couchant-sur-les-pruniers\/srmp-work\/\" data-orig-file=\"https:\/\/www.fgautron.com\/weblog\/wp-content\/\/srmp-work.jpg\" data-orig-size=\"1470,1000\" data-comments-opened=\"1\" data-image-meta=\"{&quot;aperture&quot;:&quot;0&quot;,&quot;credit&quot;:&quot;&quot;,&quot;camera&quot;:&quot;&quot;,&quot;caption&quot;:&quot;&quot;,&quot;created_timestamp&quot;:&quot;0&quot;,&quot;copyright&quot;:&quot;&quot;,&quot;focal_length&quot;:&quot;0&quot;,&quot;iso&quot;:&quot;0&quot;,&quot;shutter_speed&quot;:&quot;0&quot;,&quot;title&quot;:&quot;&quot;,&quot;orientation&quot;:&quot;1&quot;}\" data-image-title=\"srmp-work\" data-image-description=\"\" data-image-caption=\"\" data-large-file=\"https:\/\/www.fgautron.com\/weblog\/wp-content\/\/srmp-work-700x476.jpg\" src=\"https:\/\/www.fgautron.com\/weblog\/wp-content\/\/srmp-work.jpg\" alt=\"\" width=\"1470\" height=\"1000\" class=\"aligncenter size-full wp-image-39604\" srcset=\"https:\/\/www.fgautron.com\/weblog\/wp-content\/srmp-work.jpg 1470w, https:\/\/www.fgautron.com\/weblog\/wp-content\/srmp-work-300x204.jpg 300w, https:\/\/www.fgautron.com\/weblog\/wp-content\/srmp-work-700x476.jpg 700w, https:\/\/www.fgautron.com\/weblog\/wp-content\/srmp-work-800x544.jpg 800w\" sizes=\"auto, (max-width: 1470px) 100vw, 1470px\" \/><\/p>\n<p>Le prochain single de Sheena Ringo (\u690e\u540d\u6797\u6a8e) sera le th\u00e8me d\u2019ouverture de l\u2019anime Jigokuraku (\u5730\u7344\u697d) et sera une collaboration avec le groupe Millenium Parade de Daiki Tsuneta (\u5e38\u7530\u5927\u5e79). On pourra \u00e9couter ce nouveau morceau \u00e0 partir du 1er Avril 2023 \u00e0 23h sur TV Tokyo (\u30c6\u30ec\u30d3\u6771\u4eac). Son titre est <a href=\"https:\/\/www.kronekodow.com\/news_detail.php?id=7463&#038;r_page=9\">W\u25cfRK<\/a> (\u30ef\u30fc\u30af) avec des paroles \u00e9crites par Daiki Tsuneta et Sheena Ringo. La composition musicale est quant \u00e0 elle de Daiki Tsuneta. Le premier <a href=\"https:\/\/www.youtube.com\/watch?v=fsW0fU1hobQ\">court extrait<\/a> que l\u2019on peut \u00e9couter sur YouTube est vraiment tr\u00e8s prometteur. On reconna\u00eet assez bien l\u2019atmosph\u00e8re musicale dense que Daiki Tsuneta nous a d\u00e9j\u00e0 fait \u00e9couter sur son premier et unique album de Millenium Parade sorti en 2021. Apr\u00e8s le morceau tr\u00e8s pos\u00e9 toogood (\u3044\u3068\u3092\u304b\u3057), \u00e7a fait plaisir de retrouver cette voix l\u00e0 de Sheena Ringo, plus aggressive et jouant sur les distorsions. Je suis en fait loin d\u2019\u00eatre surpris de voir se r\u00e9aliser cette collaboration car j\u2019y avais pens\u00e9 depuis plusieurs ann\u00e9es et l\u2019avais m\u00eame mentionn\u00e9 dans l\u2019<a href=\"https:\/\/www.fgautron.com\/weblog\/archives\/2021\/11\/27\/every-cloud-is-grey-with-dreams-of-yesterday\/\">enqu\u00eate du fan club Ringohan<\/a>. Dans les enqu\u00eates Ringohan de 2020 et 2021, \u00e0 la question de savoir qui on voudrait voir collaborer avec Sheena Ringo, j\u2019avais en effet mentionn\u00e9 Daiki Tsuneta. L\u2019album de <a href=\"https:\/\/www.fgautron.com\/weblog\/archives\/2021\/06\/26\/shirokuroninarutokyo-4\/\">Millenium Parade<\/a> prenait \u00e9galement un th\u00e8me, celui de la parade des monstres des nuits d\u2019\u00e9t\u00e9 appel\u00e9 Hyakkiyak\u014d (\u767e\u9b3c\u591c\u884c), que l\u2019on trouvait \u00e9galement chez Sheena Ringo lors de sa tourn\u00e9e de 2015. Daiki Tsuneta avait \u00e9galement \u00e9t\u00e9 invit\u00e9 \u00e0 l\u2019\u00e9mission sp\u00e9ciale <a href=\"https:\/\/www.fgautron.com\/weblog\/archives\/2021\/06\/26\/shirokuroninarutokyo-4\/\">KanJam<\/a> (\u95a2\u30b8\u30e3\u30e0) d\u00e9di\u00e9e \u00e0 Tokyo Jihen les 13 et 20 Juin 2021. Sheena Ringo y mentionnait d\u2019ailleurs \u00eatre all\u00e9e voir Daiki Tsuneta en concert alors que son groupe ne s\u2019appelait pas encore King Gnu mais Srv.Vinci (avant 2017). Tous ses points de rapprochement font qu\u2019une collaboration paraissait \u00e9vidente, pour notre plus grand plaisir.<\/p>\n<p><img loading=\"lazy\" decoding=\"async\" data-attachment-id=\"39610\" data-permalink=\"https:\/\/www.fgautron.com\/weblog\/archives\/2023\/03\/04\/soleil-couchant-sur-les-pruniers\/sr2023-logo\/\" data-orig-file=\"https:\/\/www.fgautron.com\/weblog\/wp-content\/\/sr2023-logo.jpg\" data-orig-size=\"1200,399\" data-comments-opened=\"1\" data-image-meta=\"{&quot;aperture&quot;:&quot;0&quot;,&quot;credit&quot;:&quot;&quot;,&quot;camera&quot;:&quot;&quot;,&quot;caption&quot;:&quot;&quot;,&quot;created_timestamp&quot;:&quot;0&quot;,&quot;copyright&quot;:&quot;&quot;,&quot;focal_length&quot;:&quot;0&quot;,&quot;iso&quot;:&quot;0&quot;,&quot;shutter_speed&quot;:&quot;0&quot;,&quot;title&quot;:&quot;&quot;,&quot;orientation&quot;:&quot;1&quot;}\" data-image-title=\"sr2023-logo\" data-image-description=\"\" data-image-caption=\"\" data-large-file=\"https:\/\/www.fgautron.com\/weblog\/wp-content\/\/sr2023-logo-700x233.jpg\" src=\"https:\/\/www.fgautron.com\/weblog\/wp-content\/\/sr2023-logo.jpg\" alt=\"\" width=\"1200\" height=\"399\" class=\"aligncenter size-full wp-image-39610\" srcset=\"https:\/\/www.fgautron.com\/weblog\/wp-content\/sr2023-logo.jpg 1200w, https:\/\/www.fgautron.com\/weblog\/wp-content\/sr2023-logo-300x100.jpg 300w, https:\/\/www.fgautron.com\/weblog\/wp-content\/sr2023-logo-700x233.jpg 700w, https:\/\/www.fgautron.com\/weblog\/wp-content\/sr2023-logo-800x266.jpg 800w\" sizes=\"auto, (max-width: 1200px) 100vw, 1200px\" \/><\/p>\n<p>Et pendant ce temps l\u00e0, Sheena Ringo a commenc\u00e9 sa tourn\u00e9e nationale intitul\u00e9e <a href=\"https:\/\/www.kronekodow.com\/gaiko\/ringo_tour2023\/\">Sheena Ringo to Aitsura to Shiru Shogy\u014dmuj\u014d<\/a> (\u690e\u540d\u6797\u6a8e\u3068\u5f7c\u5974\u7b49\u3068\u77e5\u308b\u8af8\u884c\u7121\u5e38), qu\u2019on pourrait traduire par \u00ab\u00a0Sheena Ringo et l&rsquo;impermanence de toutes choses\u00a0\u00bb. La premi\u00e8re date \u00e9tait le Vendredi 24 F\u00e9vrier dans la ville de Kawaguchi \u00e0 Saitama. On peut voir des <a href=\"https:\/\/report-newage.com\/19971\">playlists<\/a> de 28 morceaux circuler sur Twitter mais je ne suis pas certain qu\u2019elles soient toutes correctes. Je me demande si elle va interpr\u00e9ter des morceaux dans leurs versions remix\u00e9es. J\u2019y vois en tout cas des morceaux cl\u00e9s de sa carri\u00e8re comme <a href=\"https:\/\/www.youtube.com\/watch?v=GDnLHd2Ei3Y\">Jinsei ha Yume darake<\/a> (\u4eba\u751f\u306f\u5922\u3060\u3089\u3051), des morceaux de Tokyo Jihen comme <a href=\"https:\/\/www.youtube.com\/watch?v=OS45uTF_8P0\">Ryokushu<\/a> (\u7dd1\u9152) ou <a href=\"https:\/\/www.youtube.com\/watch?v=wpgu6pac3Hk\">Hotoke Dake Toho<\/a> (\u4ecf\u3060\u3051\u5f92\u6b69), des morceaux plus r\u00e9cents comme <a href=\"https:\/\/www.youtube.com\/watch?v=B0IMgei1-g0\">Seishin no Tsuzuki<\/a> (\u9752\u6625\u306e\u7d9a\u304d &#8211; le suite) \u00e9crit pour Takahata Mitsuki (\u9ad8\u7551\u5145\u5e0c) ou <a href=\"https:\/\/www.youtube.com\/watch?v=iNuOwM-YmAU\">toogood<\/a> (\u3044\u3068\u3092\u304b\u3057). Mais, il semble \u00e9galement y avoir des morceaux in\u00e9dits ou des reprises que je ne connais pas, notamment deux morceaux de Megumi Hayashibara (\u6797\u539f\u3081\u3050\u307f) qu\u2019elle avait d\u00fb cr\u00e9er. Il semble y avoir suffisamment d\u2019inattendu pour nous surprendre et c\u2019est de tr\u00e8s bonne augure. La configuration est relativement limit\u00e9e car il ne s\u2019agit pas d\u2019une tourn\u00e9e de la s\u00e9rie Expo. On retrouve des habitu\u00e9s de ses tourn\u00e9es comme Yukio Nagoshi (\u540d\u8d8a\u7531\u8cb4\u592b) \u00e0 la guitare \u00e9lectrique et Keisuke Torigoe (\u9ce5\u8d8a\u5553\u4ecb) \u00e0 la basse. Masaki Hayashi (\u6797\u6b63\u6a39) aux claviers a d\u00e9j\u00e0 particip\u00e9 \u00e0 la tourn\u00e9e T\u014dtaikai (\u515a\u5927\u4f1a) en 2013 qui se d\u00e9roulait uniquement \u00e0 l\u2019Orchard Hall du Bunkamura \u00e0 Shibuya. Yoshiaki Sato (\u4f50\u85e4\u82b3\u660e) \u00e0 l\u2019accord\u00e9on a quant \u00e0 lui d\u00e9j\u00e0 particip\u00e9 \u00e0 la tourn\u00e9e Ringo Expo\u201914. C\u2019est par contre, \u00e0 ma connaissance, la premi\u00e8re fois que Sheena Ringo fait appel \u00e0 Shun Ishiwaka (\u77f3\u82e5\u99ff) aux percussions. Il s\u2019agit d\u2019un musicien jazz qui \u00e9tait en fait le premier batteur de King Gnu, avant l\u2019actuel batteur Y\u016b Seki. Il faisait partie du groupe alors que celui-ci s\u2019appelait encore Srv.Vinci. Shun Ishiwaka est aussi le batteur de Millenium Parade, et sa pr\u00e9sence sur cette tourn\u00e9e prend tout de suite beaucoup de sens quand on pense \u00e0 la collaboration r\u00e9cente, que je mentionnais ci-dessus, de Millenium Parade avec Sheena Ringo. Je me demande vraiment quelle sera l\u2019ambiance et la direction stylistique de cette tourn\u00e9e car l\u2019utilisation de la salle Orchard Hall de Bunkamura et la pr\u00e9sence de musiciens jazz comme Ishiwaka et Hayashi, laissent penser que cette orientation jazz sera privil\u00e9gi\u00e9e. Mais le guitariste aux sons puissants, Yukio Nagoshi, est \u00e9galement de la partie et la tourn\u00e9e passera par le Tokyo International Forum pour les deux derni\u00e8res dates, ce qui me fait plut\u00f4t penser \u00e0 une ambiance plus rock. Il y aura certainement un m\u00e9lange des genres, mais tout ceci me parait tr\u00e8s intriguant, d\u2019autant plus que rien ne filtre des premi\u00e8res repr\u00e9sentations. En cette fin de semaine, elle joue dans sa ville, \u00e0 Fukuoka, et je suis de plus en plus impatient de la voir au mois de Mai \u00e0 Tokyo. J\u2019aurais tr\u00e8s certainement l\u2019occasion d\u2019en reparler (en longueur).<\/p>\n","protected":false},"excerpt":{"rendered":"<p>En suite au billet pr\u00e9c\u00e9dent, je continue \u00e0 marcher jusqu\u2019au jardin de pruniers appel\u00e9 Ikegami Baien (\u6c60\u4e0a\u6885\u5712), plac\u00e9 au pied de la colline portant le grand temple Ikegami Honmonji. Il ferme normalement ses portes aux alentours de 16h30 et j\u2019y suis donc arriv\u00e9 trop tard. Alors que je vois quelques personnes y entrer, le gardien&#8230;<\/p>\n","protected":false},"author":1,"featured_media":0,"comment_status":"open","ping_status":"open","sticky":false,"template":"","format":"standard","meta":{"_jetpack_memberships_contains_paid_content":false,"footnotes":"","jetpack_publicize_message":"soleil couchant sur les pruniers","jetpack_publicize_feature_enabled":true,"jetpack_social_post_already_shared":true,"jetpack_social_options":{"image_generator_settings":{"template":"highway","default_image_id":0,"font":"","enabled":false},"version":2}},"categories":[4,3],"tags":[2049,2870,1760,2047,896,2868,856,2853,2869],"class_list":["post-39515","post","type-post","status-publish","format-standard","hentry","category-musiques","category-tokyo","tag-daiki-tsuneta","tag-ikegami-baien","tag-ikegami-honmonji","tag-millenium-parade","tag-sheena-ringo","tag-2868","tag-856","tag-2853","tag-2869"],"jetpack_publicize_connections":[],"jetpack_featured_media_url":"","jetpack_sharing_enabled":true,"jetpack_likes_enabled":true,"_links":{"self":[{"href":"https:\/\/www.fgautron.com\/weblog\/wp-json\/wp\/v2\/posts\/39515","targetHints":{"allow":["GET"]}}],"collection":[{"href":"https:\/\/www.fgautron.com\/weblog\/wp-json\/wp\/v2\/posts"}],"about":[{"href":"https:\/\/www.fgautron.com\/weblog\/wp-json\/wp\/v2\/types\/post"}],"author":[{"embeddable":true,"href":"https:\/\/www.fgautron.com\/weblog\/wp-json\/wp\/v2\/users\/1"}],"replies":[{"embeddable":true,"href":"https:\/\/www.fgautron.com\/weblog\/wp-json\/wp\/v2\/comments?post=39515"}],"version-history":[{"count":9,"href":"https:\/\/www.fgautron.com\/weblog\/wp-json\/wp\/v2\/posts\/39515\/revisions"}],"predecessor-version":[{"id":39614,"href":"https:\/\/www.fgautron.com\/weblog\/wp-json\/wp\/v2\/posts\/39515\/revisions\/39614"}],"wp:attachment":[{"href":"https:\/\/www.fgautron.com\/weblog\/wp-json\/wp\/v2\/media?parent=39515"}],"wp:term":[{"taxonomy":"category","embeddable":true,"href":"https:\/\/www.fgautron.com\/weblog\/wp-json\/wp\/v2\/categories?post=39515"},{"taxonomy":"post_tag","embeddable":true,"href":"https:\/\/www.fgautron.com\/weblog\/wp-json\/wp\/v2\/tags?post=39515"}],"curies":[{"name":"wp","href":"https:\/\/api.w.org\/{rel}","templated":true}]}}