{"id":42693,"date":"2024-05-03T10:50:48","date_gmt":"2024-05-03T01:50:48","guid":{"rendered":"https:\/\/www.fgautron.com\/weblog\/?p=42693"},"modified":"2024-05-03T10:50:48","modified_gmt":"2024-05-03T01:50:48","slug":"les-sakura-du-lac-kawaguchi","status":"publish","type":"post","link":"https:\/\/www.fgautron.com\/weblog\/archives\/2024\/05\/03\/les-sakura-du-lac-kawaguchi\/","title":{"rendered":"les sakura du lac Kawaguchi"},"content":{"rendered":"<p><img loading=\"lazy\" decoding=\"async\" data-attachment-id=\"42705\" data-permalink=\"https:\/\/www.fgautron.com\/weblog\/archives\/2024\/05\/03\/les-sakura-du-lac-kawaguchi\/img_0518xcn\/\" data-orig-file=\"https:\/\/www.fgautron.com\/weblog\/wp-content\/\/IMG_0518xcn.jpg\" data-orig-size=\"2000,1333\" data-comments-opened=\"1\" data-image-meta=\"{&quot;aperture&quot;:&quot;13&quot;,&quot;credit&quot;:&quot;&quot;,&quot;camera&quot;:&quot;Canon EOS 50D&quot;,&quot;caption&quot;:&quot;&quot;,&quot;created_timestamp&quot;:&quot;1713108695&quot;,&quot;copyright&quot;:&quot;&quot;,&quot;focal_length&quot;:&quot;23&quot;,&quot;iso&quot;:&quot;320&quot;,&quot;shutter_speed&quot;:&quot;0.0025&quot;,&quot;title&quot;:&quot;&quot;,&quot;orientation&quot;:&quot;1&quot;}\" data-image-title=\"IMG_0518xcn\" data-image-description=\"\" data-image-caption=\"\" data-large-file=\"https:\/\/www.fgautron.com\/weblog\/wp-content\/\/IMG_0518xcn-700x467.jpg\" src=\"https:\/\/www.fgautron.com\/weblog\/wp-content\/\/IMG_0518xcn.jpg\" alt=\"\" width=\"2000\" height=\"1333\" class=\"aligncenter size-full wp-image-42705\" srcset=\"https:\/\/www.fgautron.com\/weblog\/wp-content\/IMG_0518xcn.jpg 2000w, https:\/\/www.fgautron.com\/weblog\/wp-content\/IMG_0518xcn-300x200.jpg 300w, https:\/\/www.fgautron.com\/weblog\/wp-content\/IMG_0518xcn-700x467.jpg 700w, https:\/\/www.fgautron.com\/weblog\/wp-content\/IMG_0518xcn-1536x1024.jpg 1536w, https:\/\/www.fgautron.com\/weblog\/wp-content\/IMG_0518xcn-800x533.jpg 800w\" sizes=\"auto, (max-width: 2000px) 100vw, 2000px\" \/><\/p>\n<p><img loading=\"lazy\" decoding=\"async\" data-attachment-id=\"42694\" data-permalink=\"https:\/\/www.fgautron.com\/weblog\/archives\/2024\/05\/03\/les-sakura-du-lac-kawaguchi\/img_0478xcn\/\" data-orig-file=\"https:\/\/www.fgautron.com\/weblog\/wp-content\/\/IMG_0478xcn.jpg\" data-orig-size=\"2000,1333\" data-comments-opened=\"1\" data-image-meta=\"{&quot;aperture&quot;:&quot;13&quot;,&quot;credit&quot;:&quot;&quot;,&quot;camera&quot;:&quot;Canon EOS 50D&quot;,&quot;caption&quot;:&quot;&quot;,&quot;created_timestamp&quot;:&quot;1713102972&quot;,&quot;copyright&quot;:&quot;&quot;,&quot;focal_length&quot;:&quot;20&quot;,&quot;iso&quot;:&quot;320&quot;,&quot;shutter_speed&quot;:&quot;0.0025&quot;,&quot;title&quot;:&quot;&quot;,&quot;orientation&quot;:&quot;1&quot;}\" data-image-title=\"IMG_0478xcn\" data-image-description=\"\" data-image-caption=\"\" data-large-file=\"https:\/\/www.fgautron.com\/weblog\/wp-content\/\/IMG_0478xcn-700x467.jpg\" src=\"https:\/\/www.fgautron.com\/weblog\/wp-content\/\/IMG_0478xcn.jpg\" alt=\"\" width=\"2000\" height=\"1333\" class=\"aligncenter size-full wp-image-42694\" srcset=\"https:\/\/www.fgautron.com\/weblog\/wp-content\/IMG_0478xcn.jpg 2000w, https:\/\/www.fgautron.com\/weblog\/wp-content\/IMG_0478xcn-300x200.jpg 300w, https:\/\/www.fgautron.com\/weblog\/wp-content\/IMG_0478xcn-700x467.jpg 700w, https:\/\/www.fgautron.com\/weblog\/wp-content\/IMG_0478xcn-1536x1024.jpg 1536w, https:\/\/www.fgautron.com\/weblog\/wp-content\/IMG_0478xcn-800x533.jpg 800w\" sizes=\"auto, (max-width: 2000px) 100vw, 2000px\" \/><\/p>\n<p><img loading=\"lazy\" decoding=\"async\" data-attachment-id=\"42697\" data-permalink=\"https:\/\/www.fgautron.com\/weblog\/archives\/2024\/05\/03\/les-sakura-du-lac-kawaguchi\/img_0488xcn\/\" data-orig-file=\"https:\/\/www.fgautron.com\/weblog\/wp-content\/\/IMG_0488xcn.jpg\" data-orig-size=\"2000,1333\" data-comments-opened=\"1\" data-image-meta=\"{&quot;aperture&quot;:&quot;14&quot;,&quot;credit&quot;:&quot;&quot;,&quot;camera&quot;:&quot;Canon EOS 50D&quot;,&quot;caption&quot;:&quot;&quot;,&quot;created_timestamp&quot;:&quot;1713103259&quot;,&quot;copyright&quot;:&quot;&quot;,&quot;focal_length&quot;:&quot;22&quot;,&quot;iso&quot;:&quot;320&quot;,&quot;shutter_speed&quot;:&quot;0.0025&quot;,&quot;title&quot;:&quot;&quot;,&quot;orientation&quot;:&quot;1&quot;}\" data-image-title=\"IMG_0488xcn\" data-image-description=\"\" data-image-caption=\"\" data-large-file=\"https:\/\/www.fgautron.com\/weblog\/wp-content\/\/IMG_0488xcn-700x467.jpg\" src=\"https:\/\/www.fgautron.com\/weblog\/wp-content\/\/IMG_0488xcn.jpg\" alt=\"\" width=\"2000\" height=\"1333\" class=\"aligncenter size-full wp-image-42697\" srcset=\"https:\/\/www.fgautron.com\/weblog\/wp-content\/IMG_0488xcn.jpg 2000w, https:\/\/www.fgautron.com\/weblog\/wp-content\/IMG_0488xcn-300x200.jpg 300w, https:\/\/www.fgautron.com\/weblog\/wp-content\/IMG_0488xcn-700x467.jpg 700w, https:\/\/www.fgautron.com\/weblog\/wp-content\/IMG_0488xcn-1536x1024.jpg 1536w, https:\/\/www.fgautron.com\/weblog\/wp-content\/IMG_0488xcn-800x533.jpg 800w\" sizes=\"auto, (max-width: 2000px) 100vw, 2000px\" \/><\/p>\n<p><img loading=\"lazy\" decoding=\"async\" data-attachment-id=\"42698\" data-permalink=\"https:\/\/www.fgautron.com\/weblog\/archives\/2024\/05\/03\/les-sakura-du-lac-kawaguchi\/img_0527xcn\/\" data-orig-file=\"https:\/\/www.fgautron.com\/weblog\/wp-content\/\/IMG_0527xcn.jpg\" data-orig-size=\"2000,1333\" data-comments-opened=\"1\" data-image-meta=\"{&quot;aperture&quot;:&quot;14&quot;,&quot;credit&quot;:&quot;&quot;,&quot;camera&quot;:&quot;Canon EOS 50D&quot;,&quot;caption&quot;:&quot;&quot;,&quot;created_timestamp&quot;:&quot;1713109216&quot;,&quot;copyright&quot;:&quot;&quot;,&quot;focal_length&quot;:&quot;17&quot;,&quot;iso&quot;:&quot;320&quot;,&quot;shutter_speed&quot;:&quot;0.0025&quot;,&quot;title&quot;:&quot;&quot;,&quot;orientation&quot;:&quot;1&quot;}\" data-image-title=\"IMG_0527xcn\" data-image-description=\"\" data-image-caption=\"\" data-large-file=\"https:\/\/www.fgautron.com\/weblog\/wp-content\/\/IMG_0527xcn-700x467.jpg\" src=\"https:\/\/www.fgautron.com\/weblog\/wp-content\/\/IMG_0527xcn.jpg\" alt=\"\" width=\"2000\" height=\"1333\" class=\"aligncenter size-full wp-image-42698\" srcset=\"https:\/\/www.fgautron.com\/weblog\/wp-content\/IMG_0527xcn.jpg 2000w, https:\/\/www.fgautron.com\/weblog\/wp-content\/IMG_0527xcn-300x200.jpg 300w, https:\/\/www.fgautron.com\/weblog\/wp-content\/IMG_0527xcn-700x467.jpg 700w, https:\/\/www.fgautron.com\/weblog\/wp-content\/IMG_0527xcn-1536x1024.jpg 1536w, https:\/\/www.fgautron.com\/weblog\/wp-content\/IMG_0527xcn-800x533.jpg 800w\" sizes=\"auto, (max-width: 2000px) 100vw, 2000px\" \/><\/p>\n<p><img loading=\"lazy\" decoding=\"async\" data-attachment-id=\"42699\" data-permalink=\"https:\/\/www.fgautron.com\/weblog\/archives\/2024\/05\/03\/les-sakura-du-lac-kawaguchi\/img_0538xcn\/\" data-orig-file=\"https:\/\/www.fgautron.com\/weblog\/wp-content\/\/IMG_0538xcn.jpg\" data-orig-size=\"2000,1333\" data-comments-opened=\"1\" data-image-meta=\"{&quot;aperture&quot;:&quot;10&quot;,&quot;credit&quot;:&quot;&quot;,&quot;camera&quot;:&quot;Canon EOS 50D&quot;,&quot;caption&quot;:&quot;&quot;,&quot;created_timestamp&quot;:&quot;1713109739&quot;,&quot;copyright&quot;:&quot;&quot;,&quot;focal_length&quot;:&quot;40&quot;,&quot;iso&quot;:&quot;320&quot;,&quot;shutter_speed&quot;:&quot;0.0025&quot;,&quot;title&quot;:&quot;&quot;,&quot;orientation&quot;:&quot;1&quot;}\" data-image-title=\"IMG_0538xcn\" data-image-description=\"\" data-image-caption=\"\" data-large-file=\"https:\/\/www.fgautron.com\/weblog\/wp-content\/\/IMG_0538xcn-700x467.jpg\" src=\"https:\/\/www.fgautron.com\/weblog\/wp-content\/\/IMG_0538xcn.jpg\" alt=\"\" width=\"2000\" height=\"1333\" class=\"aligncenter size-full wp-image-42699\" srcset=\"https:\/\/www.fgautron.com\/weblog\/wp-content\/IMG_0538xcn.jpg 2000w, https:\/\/www.fgautron.com\/weblog\/wp-content\/IMG_0538xcn-300x200.jpg 300w, https:\/\/www.fgautron.com\/weblog\/wp-content\/IMG_0538xcn-700x467.jpg 700w, https:\/\/www.fgautron.com\/weblog\/wp-content\/IMG_0538xcn-1536x1024.jpg 1536w, https:\/\/www.fgautron.com\/weblog\/wp-content\/IMG_0538xcn-800x533.jpg 800w\" sizes=\"auto, (max-width: 2000px) 100vw, 2000px\" \/><\/p>\n<p><img loading=\"lazy\" decoding=\"async\" data-attachment-id=\"42700\" data-permalink=\"https:\/\/www.fgautron.com\/weblog\/archives\/2024\/05\/03\/les-sakura-du-lac-kawaguchi\/img_0551xcn\/\" data-orig-file=\"https:\/\/www.fgautron.com\/weblog\/wp-content\/\/IMG_0551xcn.jpg\" data-orig-size=\"2000,1333\" data-comments-opened=\"1\" data-image-meta=\"{&quot;aperture&quot;:&quot;13&quot;,&quot;credit&quot;:&quot;&quot;,&quot;camera&quot;:&quot;Canon EOS 50D&quot;,&quot;caption&quot;:&quot;&quot;,&quot;created_timestamp&quot;:&quot;1713112304&quot;,&quot;copyright&quot;:&quot;&quot;,&quot;focal_length&quot;:&quot;17&quot;,&quot;iso&quot;:&quot;320&quot;,&quot;shutter_speed&quot;:&quot;0.003125&quot;,&quot;title&quot;:&quot;&quot;,&quot;orientation&quot;:&quot;1&quot;}\" data-image-title=\"IMG_0551xcn\" data-image-description=\"\" data-image-caption=\"\" data-large-file=\"https:\/\/www.fgautron.com\/weblog\/wp-content\/\/IMG_0551xcn-700x467.jpg\" src=\"https:\/\/www.fgautron.com\/weblog\/wp-content\/\/IMG_0551xcn.jpg\" alt=\"\" width=\"2000\" height=\"1333\" class=\"aligncenter size-full wp-image-42700\" srcset=\"https:\/\/www.fgautron.com\/weblog\/wp-content\/IMG_0551xcn.jpg 2000w, https:\/\/www.fgautron.com\/weblog\/wp-content\/IMG_0551xcn-300x200.jpg 300w, https:\/\/www.fgautron.com\/weblog\/wp-content\/IMG_0551xcn-700x467.jpg 700w, https:\/\/www.fgautron.com\/weblog\/wp-content\/IMG_0551xcn-1536x1024.jpg 1536w, https:\/\/www.fgautron.com\/weblog\/wp-content\/IMG_0551xcn-800x533.jpg 800w\" sizes=\"auto, (max-width: 2000px) 100vw, 2000px\" \/><\/p>\n<p><img loading=\"lazy\" decoding=\"async\" data-attachment-id=\"42701\" data-permalink=\"https:\/\/www.fgautron.com\/weblog\/archives\/2024\/05\/03\/les-sakura-du-lac-kawaguchi\/img_0560xcn\/\" data-orig-file=\"https:\/\/www.fgautron.com\/weblog\/wp-content\/\/IMG_0560xcn.jpg\" data-orig-size=\"2000,1333\" data-comments-opened=\"1\" data-image-meta=\"{&quot;aperture&quot;:&quot;14&quot;,&quot;credit&quot;:&quot;&quot;,&quot;camera&quot;:&quot;Canon EOS 50D&quot;,&quot;caption&quot;:&quot;&quot;,&quot;created_timestamp&quot;:&quot;1713112581&quot;,&quot;copyright&quot;:&quot;&quot;,&quot;focal_length&quot;:&quot;17&quot;,&quot;iso&quot;:&quot;320&quot;,&quot;shutter_speed&quot;:&quot;0.0025&quot;,&quot;title&quot;:&quot;&quot;,&quot;orientation&quot;:&quot;1&quot;}\" data-image-title=\"IMG_0560xcn\" data-image-description=\"\" data-image-caption=\"\" data-large-file=\"https:\/\/www.fgautron.com\/weblog\/wp-content\/\/IMG_0560xcn-700x467.jpg\" src=\"https:\/\/www.fgautron.com\/weblog\/wp-content\/\/IMG_0560xcn.jpg\" alt=\"\" width=\"2000\" height=\"1333\" class=\"aligncenter size-full wp-image-42701\" srcset=\"https:\/\/www.fgautron.com\/weblog\/wp-content\/IMG_0560xcn.jpg 2000w, https:\/\/www.fgautron.com\/weblog\/wp-content\/IMG_0560xcn-300x200.jpg 300w, https:\/\/www.fgautron.com\/weblog\/wp-content\/IMG_0560xcn-700x467.jpg 700w, https:\/\/www.fgautron.com\/weblog\/wp-content\/IMG_0560xcn-1536x1024.jpg 1536w, https:\/\/www.fgautron.com\/weblog\/wp-content\/IMG_0560xcn-800x533.jpg 800w\" sizes=\"auto, (max-width: 2000px) 100vw, 2000px\" \/><\/p>\n<p><img loading=\"lazy\" decoding=\"async\" data-attachment-id=\"42702\" data-permalink=\"https:\/\/www.fgautron.com\/weblog\/archives\/2024\/05\/03\/les-sakura-du-lac-kawaguchi\/img_0566xcn\/\" data-orig-file=\"https:\/\/www.fgautron.com\/weblog\/wp-content\/\/IMG_0566xcn.jpg\" data-orig-size=\"2000,1326\" data-comments-opened=\"1\" data-image-meta=\"{&quot;aperture&quot;:&quot;13&quot;,&quot;credit&quot;:&quot;&quot;,&quot;camera&quot;:&quot;Canon EOS 50D&quot;,&quot;caption&quot;:&quot;&quot;,&quot;created_timestamp&quot;:&quot;1713112690&quot;,&quot;copyright&quot;:&quot;&quot;,&quot;focal_length&quot;:&quot;17&quot;,&quot;iso&quot;:&quot;320&quot;,&quot;shutter_speed&quot;:&quot;0.003125&quot;,&quot;title&quot;:&quot;&quot;,&quot;orientation&quot;:&quot;1&quot;}\" data-image-title=\"IMG_0566xcn\" data-image-description=\"\" data-image-caption=\"\" data-large-file=\"https:\/\/www.fgautron.com\/weblog\/wp-content\/\/IMG_0566xcn-700x464.jpg\" src=\"https:\/\/www.fgautron.com\/weblog\/wp-content\/\/IMG_0566xcn.jpg\" alt=\"\" width=\"2000\" height=\"1326\" class=\"aligncenter size-full wp-image-42702\" srcset=\"https:\/\/www.fgautron.com\/weblog\/wp-content\/IMG_0566xcn.jpg 2000w, https:\/\/www.fgautron.com\/weblog\/wp-content\/IMG_0566xcn-300x199.jpg 300w, https:\/\/www.fgautron.com\/weblog\/wp-content\/IMG_0566xcn-700x464.jpg 700w, https:\/\/www.fgautron.com\/weblog\/wp-content\/IMG_0566xcn-1536x1018.jpg 1536w, https:\/\/www.fgautron.com\/weblog\/wp-content\/IMG_0566xcn-800x530.jpg 800w\" sizes=\"auto, (max-width: 2000px) 100vw, 2000px\" \/><\/p>\n<p><img loading=\"lazy\" decoding=\"async\" data-attachment-id=\"42703\" data-permalink=\"https:\/\/www.fgautron.com\/weblog\/archives\/2024\/05\/03\/les-sakura-du-lac-kawaguchi\/img_0570xcn\/\" data-orig-file=\"https:\/\/www.fgautron.com\/weblog\/wp-content\/\/IMG_0570xcn.jpg\" data-orig-size=\"2000,1333\" data-comments-opened=\"1\" data-image-meta=\"{&quot;aperture&quot;:&quot;13&quot;,&quot;credit&quot;:&quot;&quot;,&quot;camera&quot;:&quot;Canon EOS 50D&quot;,&quot;caption&quot;:&quot;&quot;,&quot;created_timestamp&quot;:&quot;1713112757&quot;,&quot;copyright&quot;:&quot;&quot;,&quot;focal_length&quot;:&quot;21&quot;,&quot;iso&quot;:&quot;320&quot;,&quot;shutter_speed&quot;:&quot;0.003125&quot;,&quot;title&quot;:&quot;&quot;,&quot;orientation&quot;:&quot;1&quot;}\" data-image-title=\"IMG_0570xcn\" data-image-description=\"\" data-image-caption=\"\" data-large-file=\"https:\/\/www.fgautron.com\/weblog\/wp-content\/\/IMG_0570xcn-700x467.jpg\" src=\"https:\/\/www.fgautron.com\/weblog\/wp-content\/\/IMG_0570xcn.jpg\" alt=\"\" width=\"2000\" height=\"1333\" class=\"aligncenter size-full wp-image-42703\" srcset=\"https:\/\/www.fgautron.com\/weblog\/wp-content\/IMG_0570xcn.jpg 2000w, https:\/\/www.fgautron.com\/weblog\/wp-content\/IMG_0570xcn-300x200.jpg 300w, https:\/\/www.fgautron.com\/weblog\/wp-content\/IMG_0570xcn-700x467.jpg 700w, https:\/\/www.fgautron.com\/weblog\/wp-content\/IMG_0570xcn-1536x1024.jpg 1536w, https:\/\/www.fgautron.com\/weblog\/wp-content\/IMG_0570xcn-800x533.jpg 800w\" sizes=\"auto, (max-width: 2000px) 100vw, 2000px\" \/><\/p>\n<p>Il me reste quelques cerisiers en fleurs dans mon sac alors je l\u2019ouvre doucement pour les montrer dans un dernier billet consacr\u00e9 au sakura. On peut dire qu\u2019on en a bien profit\u00e9 cette ann\u00e9e. Alors que le pic de floraison se terminait d\u00e9j\u00e0 \u00e0 Tokyo, il \u00e9tait encore \u00e0 son maximum dans la pr\u00e9fecture de Yamanashi o\u00f9 se trouve le Mont Fuji et le lac Kawaguchi (\u6cb3\u53e3\u6e56) que nous avons <a href=\"https:\/\/www.fgautron.com\/weblog\/archives\/2024\/01\/20\/shinuhodo-utsukushii\/\">d\u00e9j\u00e0<\/a> \u00e9t\u00e9 voir au tout d\u00e9but de cette ann\u00e9e. Nous retournons au m\u00eame endroit au bord du lac, au <a href=\"https:\/\/www.fujioishihanaterasu.com\/en\/\">Fuji Oishi Hana Terrace<\/a> (\u5bcc\u58eb\u5927\u77f3\u30cf\u30ca\u30c6\u30e9\u30b9) d\u2019o\u00f9 est prise la premi\u00e8re photographie du billet. Il y a plus de touristes qu\u2019au tout d\u00e9but de l\u2019ann\u00e9e mais \u00e7a reste tout \u00e0 fait acceptable. Les informations japonaises parlent assez souvent de sur-tourisme en ce moment, mais \u00e7a ne me d\u00e9range pas trop car ce tourisme est souvent concentr\u00e9 dans des lieux particuliers. Une bonne partie du Nord des rives du lac de Kawaguchi est bord\u00e9 de cerisiers qu\u2019on essaie de conjuguer avec le Mont Fuji \u00e0 l\u2019arri\u00e8re. J\u2019ai bien entendu pris des dizaines de photos qu\u2019il a \u00e9t\u00e9 ensuite difficile de trier. Le retour a \u00e9t\u00e9 beaucoup moins serein avec embouteillages cons\u00e9quents sur l\u2019autoroute Chuo qui nous a oblig\u00e9 \u00e0 sortir et \u00e0 emprunter des petites routes de montagne. C\u2019\u00e9tait finalement une tr\u00e8s bonne id\u00e9e et j\u2019ai beaucoup appr\u00e9ci\u00e9 les routes en zigzag alors qu\u2019il ne faisait pas encore nuit. Il nous a fallu environ 4h pour rentrer, soit plus du double du temps qu\u2019on avait mis \u00e0 l\u2019aller.<\/p>\n<p><img loading=\"lazy\" decoding=\"async\" data-attachment-id=\"42773\" data-permalink=\"https:\/\/www.fgautron.com\/weblog\/archives\/2024\/05\/01\/beautifully-scary-scarefully-beautiful\/mn-salin\/\" data-orig-file=\"https:\/\/www.fgautron.com\/weblog\/wp-content\/\/mn-salin.jpg\" data-orig-size=\"1024,682\" data-comments-opened=\"1\" data-image-meta=\"{&quot;aperture&quot;:&quot;0&quot;,&quot;credit&quot;:&quot;&quot;,&quot;camera&quot;:&quot;&quot;,&quot;caption&quot;:&quot;&quot;,&quot;created_timestamp&quot;:&quot;0&quot;,&quot;copyright&quot;:&quot;&quot;,&quot;focal_length&quot;:&quot;0&quot;,&quot;iso&quot;:&quot;0&quot;,&quot;shutter_speed&quot;:&quot;0&quot;,&quot;title&quot;:&quot;&quot;,&quot;orientation&quot;:&quot;0&quot;}\" data-image-title=\"mn-salin\" data-image-description=\"\" data-image-caption=\"\" data-large-file=\"https:\/\/www.fgautron.com\/weblog\/wp-content\/\/mn-salin-700x466.jpg\" src=\"https:\/\/www.fgautron.com\/weblog\/wp-content\/\/mn-salin.jpg\" alt=\"\" width=\"1024\" height=\"682\" class=\"aligncenter size-full wp-image-42773\" srcset=\"https:\/\/www.fgautron.com\/weblog\/wp-content\/mn-salin.jpg 1024w, https:\/\/www.fgautron.com\/weblog\/wp-content\/mn-salin-300x200.jpg 300w, https:\/\/www.fgautron.com\/weblog\/wp-content\/mn-salin-700x466.jpg 700w, https:\/\/www.fgautron.com\/weblog\/wp-content\/mn-salin-800x533.jpg 800w\" sizes=\"auto, (max-width: 1024px) 100vw, 1024px\" \/><\/p>\n<p>J\u2019\u00e9coute en ce moment le neuvi\u00e8me single de la compositrice, interpr\u00e8te et guitariste, bas\u00e9e \u00e0 Shizuoka, Minori Nagashima (\u9577\u5d8b\u6c34\u5fb3) dont j\u2019ai d\u00e9j\u00e0 parl\u00e9 plusieurs fois sur ce blog pour quelques uns de ses <a href=\"https:\/\/www.fgautron.com\/weblog\/archives\/2023\/11\/04\/hanaha-kokoni-saiteimasu\/\">singles<\/a> et pour sa <a href=\"https:\/\/www.fgautron.com\/weblog\/archives\/2024\/02\/12\/japprends-tokyo-jour-apres-jour\/\">participation<\/a> en temps que guitariste au dernier EP d\u2019Haru Nemuri. Son nouveau single intitul\u00e9 <a href=\"https:\/\/music.youtube.com\/watch?v=bgYoIptiNPc&#038;si=7wXZcGwo7hnFb3cW\">SALINGER<\/a> est en fait accompagn\u00e9 de deux autres morceaux <a href=\"https:\/\/music.youtube.com\/watch?v=QqBkb7hJIxE&#038;si=fmslRtujdzUb6nfj\">LOUDNESS.DON\u2019T.IMAGINATION<\/a> (\u30e9\u30a6\u30c9\u30cd\u30b9\u30fb\u30c9\u30f3\u30c8\u30fb\u30a4\u30de\u30b8\u30cd\u30fc\u30b7\u30e7\u30f3) et <a href=\"https:\/\/music.youtube.com\/watch?v=vlaodl7TUsk&#038;si=zpyi5vpDOr4x-JhQ\">SOLAR CALENDAR<\/a> (\u592a\u967d\u66a6). J\u2019aime beaucoup l\u2019ambiance rock brut du single et des deux autres morceaux. Minori Nagashima est une excellente guitariste qui ma\u00eetrise bien son jeu tout en laissant les asp\u00e9rit\u00e9s apparentes faisant sonner ce EP comme du live underground. On ressent une grande passion dans son chant, laissant \u00e9chapper toute son agressivit\u00e9. Le solo de guitare sur SOLAR CALENDAR est excellent, tr\u00e8s puissant avec une libert\u00e9 qui nous laisse penser qu\u2019il va partir en vrille mais qui est tout \u00e0 fait ma\u00eetris\u00e9. Ces trois morceaux \u00e9cout\u00e9s comme un tout sont comme une petite pilule compacte de rock alternatif sans concessions. <\/p>\n","protected":false},"excerpt":{"rendered":"<p>Il me reste quelques cerisiers en fleurs dans mon sac alors je l\u2019ouvre doucement pour les montrer dans un dernier billet consacr\u00e9 au sakura. On peut dire qu\u2019on en a bien profit\u00e9 cette ann\u00e9e. Alors que le pic de floraison se terminait d\u00e9j\u00e0 \u00e0 Tokyo, il \u00e9tait encore \u00e0 son maximum dans la pr\u00e9fecture de&#8230;<\/p>\n","protected":false},"author":1,"featured_media":0,"comment_status":"open","ping_status":"open","sticky":false,"template":"","format":"standard","meta":{"_jetpack_memberships_contains_paid_content":false,"footnotes":"","jetpack_publicize_message":"","jetpack_publicize_feature_enabled":true,"jetpack_social_post_already_shared":true,"jetpack_social_options":{"image_generator_settings":{"template":"highway","default_image_id":0,"font":"","enabled":false},"version":2}},"categories":[4,1127],"tags":[3396,2255,1166,3599,2259],"class_list":["post-42693","post","type-post","status-publish","format-standard","hentry","category-musiques","category-yamanashi","tag-fuji-oishi-hana-terrace","tag-kawaguchiko","tag-mont-fuji","tag-3599","tag-2259"],"jetpack_publicize_connections":[],"jetpack_featured_media_url":"","jetpack_sharing_enabled":true,"jetpack_likes_enabled":true,"_links":{"self":[{"href":"https:\/\/www.fgautron.com\/weblog\/wp-json\/wp\/v2\/posts\/42693","targetHints":{"allow":["GET"]}}],"collection":[{"href":"https:\/\/www.fgautron.com\/weblog\/wp-json\/wp\/v2\/posts"}],"about":[{"href":"https:\/\/www.fgautron.com\/weblog\/wp-json\/wp\/v2\/types\/post"}],"author":[{"embeddable":true,"href":"https:\/\/www.fgautron.com\/weblog\/wp-json\/wp\/v2\/users\/1"}],"replies":[{"embeddable":true,"href":"https:\/\/www.fgautron.com\/weblog\/wp-json\/wp\/v2\/comments?post=42693"}],"version-history":[{"count":6,"href":"https:\/\/www.fgautron.com\/weblog\/wp-json\/wp\/v2\/posts\/42693\/revisions"}],"predecessor-version":[{"id":42791,"href":"https:\/\/www.fgautron.com\/weblog\/wp-json\/wp\/v2\/posts\/42693\/revisions\/42791"}],"wp:attachment":[{"href":"https:\/\/www.fgautron.com\/weblog\/wp-json\/wp\/v2\/media?parent=42693"}],"wp:term":[{"taxonomy":"category","embeddable":true,"href":"https:\/\/www.fgautron.com\/weblog\/wp-json\/wp\/v2\/categories?post=42693"},{"taxonomy":"post_tag","embeddable":true,"href":"https:\/\/www.fgautron.com\/weblog\/wp-json\/wp\/v2\/tags?post=42693"}],"curies":[{"name":"wp","href":"https:\/\/api.w.org\/{rel}","templated":true}]}}