{"id":43361,"date":"1999-07-25T22:47:43","date_gmt":"1999-07-25T13:47:43","guid":{"rendered":"https:\/\/www.fgautron.com\/weblog\/?p=43361"},"modified":"2024-07-14T09:54:29","modified_gmt":"2024-07-14T00:54:29","slug":"climbing-the-fuji","status":"publish","type":"post","link":"https:\/\/www.fgautron.com\/weblog\/archives\/1999\/07\/25\/climbing-the-fuji\/","title":{"rendered":"Climbing The FUJI"},"content":{"rendered":"<p><strong>Fuji San, la montagne sacr\u00e9e, le 24 et 25 Juillet 1999.<\/strong> Comme tout bon japonais qui se respecte, nous avons gravi le Mont Fuji (ou Fuji San et non pas FujiYama). C&rsquo;\u00e9tait ma foi assez fatiguant, plus que je le pensais et plus que me l&rsquo;avais dit les promoteurs belges de cette promenade de sant\u00e9. En fait, la chaude ambiance (surtout au sommet), en plus du violent coup de soleil de fin de journ\u00e9e ont rendu ce s\u00e9jour inoubliable.<\/p>\n<p><img loading=\"lazy\" decoding=\"async\" data-attachment-id=\"43374\" data-permalink=\"https:\/\/www.fgautron.com\/weblog\/archives\/1999\/07\/25\/climbing-the-fuji\/fujijul1999-001\/\" data-orig-file=\"https:\/\/www.fgautron.com\/weblog\/wp-content\/\/fujiJul1999-001.jpg\" data-orig-size=\"1185,443\" data-comments-opened=\"1\" data-image-meta=\"{&quot;aperture&quot;:&quot;0&quot;,&quot;credit&quot;:&quot;&quot;,&quot;camera&quot;:&quot;&quot;,&quot;caption&quot;:&quot;&quot;,&quot;created_timestamp&quot;:&quot;0&quot;,&quot;copyright&quot;:&quot;&quot;,&quot;focal_length&quot;:&quot;0&quot;,&quot;iso&quot;:&quot;0&quot;,&quot;shutter_speed&quot;:&quot;0&quot;,&quot;title&quot;:&quot;&quot;,&quot;orientation&quot;:&quot;1&quot;}\" data-image-title=\"fujiJul1999-001\" data-image-description=\"\" data-image-caption=\"\" data-large-file=\"https:\/\/www.fgautron.com\/weblog\/wp-content\/\/fujiJul1999-001-700x262.jpg\" src=\"https:\/\/www.fgautron.com\/weblog\/wp-content\/\/fujiJul1999-001.jpg\" alt=\"\" width=\"1185\" height=\"443\" class=\"aligncenter size-full wp-image-43374\" srcset=\"https:\/\/www.fgautron.com\/weblog\/wp-content\/fujiJul1999-001.jpg 1185w, https:\/\/www.fgautron.com\/weblog\/wp-content\/fujiJul1999-001-300x112.jpg 300w, https:\/\/www.fgautron.com\/weblog\/wp-content\/fujiJul1999-001-700x262.jpg 700w, https:\/\/www.fgautron.com\/weblog\/wp-content\/fujiJul1999-001-800x299.jpg 800w\" sizes=\"auto, (max-width: 1185px) 100vw, 1185px\" \/><\/p>\n<p><strong>(Ci-dessus \u00e0 gauche)<\/strong> Avant de partir, dans le village de d\u00e9part, tout le monde est content, tout le monde est joyeux. On se dit: \u00ab\u00a0Bon allez, \u00e7a va \u00eatre facile\u00a0\u00bb. De gauche \u00e0 droite, Hiroyuki, Laurent et son b\u00e2ton, Beno\u00eet, Moi, Francesca, Eddie, Kasumi, Christian le danois, Fran\u00e7ois l&rsquo;organisateur belge et dans le coin S\u00e9verine (SeB prend la photo). <strong>(Ci-dessus \u00e0 droite)<\/strong> Fran\u00e7ois, SeB et Moi, les cheveux dans le vent glac\u00e9. Il est environ 4h du matin. Le soleil se fait attendre. <\/p>\n<p><img loading=\"lazy\" decoding=\"async\" data-attachment-id=\"43375\" data-permalink=\"https:\/\/www.fgautron.com\/weblog\/archives\/1999\/07\/25\/climbing-the-fuji\/fujijul1999-002\/\" data-orig-file=\"https:\/\/www.fgautron.com\/weblog\/wp-content\/\/fujiJul1999-002.jpg\" data-orig-size=\"1185,443\" data-comments-opened=\"1\" data-image-meta=\"{&quot;aperture&quot;:&quot;0&quot;,&quot;credit&quot;:&quot;&quot;,&quot;camera&quot;:&quot;&quot;,&quot;caption&quot;:&quot;&quot;,&quot;created_timestamp&quot;:&quot;0&quot;,&quot;copyright&quot;:&quot;&quot;,&quot;focal_length&quot;:&quot;0&quot;,&quot;iso&quot;:&quot;0&quot;,&quot;shutter_speed&quot;:&quot;0&quot;,&quot;title&quot;:&quot;&quot;,&quot;orientation&quot;:&quot;1&quot;}\" data-image-title=\"fujiJul1999-002\" data-image-description=\"\" data-image-caption=\"\" data-large-file=\"https:\/\/www.fgautron.com\/weblog\/wp-content\/\/fujiJul1999-002-700x262.jpg\" src=\"https:\/\/www.fgautron.com\/weblog\/wp-content\/\/fujiJul1999-002.jpg\" alt=\"\" width=\"1185\" height=\"443\" class=\"aligncenter size-full wp-image-43375\" srcset=\"https:\/\/www.fgautron.com\/weblog\/wp-content\/fujiJul1999-002.jpg 1185w, https:\/\/www.fgautron.com\/weblog\/wp-content\/fujiJul1999-002-300x112.jpg 300w, https:\/\/www.fgautron.com\/weblog\/wp-content\/fujiJul1999-002-700x262.jpg 700w, https:\/\/www.fgautron.com\/weblog\/wp-content\/fujiJul1999-002-800x299.jpg 800w\" sizes=\"auto, (max-width: 1185px) 100vw, 1185px\" \/><\/p>\n<p><strong>(ci-dessus)<\/strong> Fran\u00e7ois et la foule. Eh oui, pas de doutes, on est bien au Japon. Y&rsquo;a du monde partout m\u00eame en haut du mont Fuji. Christian a repris la forme et s&rsquo;appr\u00eate \u00e0 franchir la porte (torii) finale.<\/p>\n<p><img loading=\"lazy\" decoding=\"async\" data-attachment-id=\"43376\" data-permalink=\"https:\/\/www.fgautron.com\/weblog\/archives\/1999\/07\/25\/climbing-the-fuji\/fujijul1999-003\/\" data-orig-file=\"https:\/\/www.fgautron.com\/weblog\/wp-content\/\/fujiJul1999-003.jpg\" data-orig-size=\"1185,443\" data-comments-opened=\"1\" data-image-meta=\"{&quot;aperture&quot;:&quot;0&quot;,&quot;credit&quot;:&quot;&quot;,&quot;camera&quot;:&quot;&quot;,&quot;caption&quot;:&quot;&quot;,&quot;created_timestamp&quot;:&quot;0&quot;,&quot;copyright&quot;:&quot;&quot;,&quot;focal_length&quot;:&quot;0&quot;,&quot;iso&quot;:&quot;0&quot;,&quot;shutter_speed&quot;:&quot;0&quot;,&quot;title&quot;:&quot;&quot;,&quot;orientation&quot;:&quot;1&quot;}\" data-image-title=\"fujiJul1999-003\" data-image-description=\"\" data-image-caption=\"\" data-large-file=\"https:\/\/www.fgautron.com\/weblog\/wp-content\/\/fujiJul1999-003-700x262.jpg\" src=\"https:\/\/www.fgautron.com\/weblog\/wp-content\/\/fujiJul1999-003.jpg\" alt=\"\" width=\"1185\" height=\"443\" class=\"aligncenter size-full wp-image-43376\" srcset=\"https:\/\/www.fgautron.com\/weblog\/wp-content\/fujiJul1999-003.jpg 1185w, https:\/\/www.fgautron.com\/weblog\/wp-content\/fujiJul1999-003-300x112.jpg 300w, https:\/\/www.fgautron.com\/weblog\/wp-content\/fujiJul1999-003-700x262.jpg 700w, https:\/\/www.fgautron.com\/weblog\/wp-content\/fujiJul1999-003-800x299.jpg 800w\" sizes=\"auto, (max-width: 1185px) 100vw, 1185px\" \/><\/p>\n<p><strong>(Ci-dessus \u00e0 gauche)<\/strong> Le jour se l\u00e8ve mais je suis quand m\u00eame gel\u00e9. Eddie, tranquille dans son petit pull simple \u00e9paisseur, Moi, Christian et Laurent. <strong>(Ci-dessus \u00e0 droite) <\/strong>Dans le restaurant d&rsquo;altitude. Un repas r\u00e9parateur ne fera pas de mal, puis&#8230; ZzZzZzZz &#8230; dans le restaurant, avant de se faire virer (on est quand m\u00eame rest\u00e9 plus d&rsquo;1 heure).<\/p>\n<p><img loading=\"lazy\" decoding=\"async\" data-attachment-id=\"43377\" data-permalink=\"https:\/\/www.fgautron.com\/weblog\/archives\/1999\/07\/25\/climbing-the-fuji\/fujijul1999-004\/\" data-orig-file=\"https:\/\/www.fgautron.com\/weblog\/wp-content\/\/fujiJul1999-004.jpg\" data-orig-size=\"1185,420\" data-comments-opened=\"1\" data-image-meta=\"{&quot;aperture&quot;:&quot;0&quot;,&quot;credit&quot;:&quot;&quot;,&quot;camera&quot;:&quot;&quot;,&quot;caption&quot;:&quot;&quot;,&quot;created_timestamp&quot;:&quot;0&quot;,&quot;copyright&quot;:&quot;&quot;,&quot;focal_length&quot;:&quot;0&quot;,&quot;iso&quot;:&quot;0&quot;,&quot;shutter_speed&quot;:&quot;0&quot;,&quot;title&quot;:&quot;&quot;,&quot;orientation&quot;:&quot;1&quot;}\" data-image-title=\"fujiJul1999-004\" data-image-description=\"\" data-image-caption=\"\" data-large-file=\"https:\/\/www.fgautron.com\/weblog\/wp-content\/\/fujiJul1999-004-700x248.jpg\" src=\"https:\/\/www.fgautron.com\/weblog\/wp-content\/\/fujiJul1999-004.jpg\" alt=\"\" width=\"1185\" height=\"420\" class=\"aligncenter size-full wp-image-43377\" srcset=\"https:\/\/www.fgautron.com\/weblog\/wp-content\/fujiJul1999-004.jpg 1185w, https:\/\/www.fgautron.com\/weblog\/wp-content\/fujiJul1999-004-300x106.jpg 300w, https:\/\/www.fgautron.com\/weblog\/wp-content\/fujiJul1999-004-700x248.jpg 700w, https:\/\/www.fgautron.com\/weblog\/wp-content\/fujiJul1999-004-800x284.jpg 800w\" sizes=\"auto, (max-width: 1185px) 100vw, 1185px\" \/><\/p>\n<p><strong>(ci-dessus)<\/strong> Photos finales dans les hauteurs du FujiSan. On a quand m\u00eame une belle vue de l\u00e0 haut. Bon, comme tout japonais, on peut se dire que, le Mont Fuji, on serait con de ne pas le grimper mais on serait encore plus con de le faire deux fois !!! Mais quand m\u00eame, qu&rsquo;est ce que la vue est belle de l\u00e0 haut. On croirait des vues d&rsquo;avions. Deux petites vues par-ci, par-l\u00e0 pour le plaisir des yeux. La premi\u00e8re photo c&rsquo;est \u00e0 4h30 du mat, le soleil se l\u00e8ve et on en prend plein les yeux. Et la deuxi\u00e8me, vers 9h du matin.<\/p>\n","protected":false},"excerpt":{"rendered":"<p>Fuji San, la montagne sacr\u00e9e, le 24 et 25 Juillet 1999. Comme tout bon japonais qui se respecte, nous avons gravi le Mont Fuji (ou Fuji San et non pas FujiYama). C&rsquo;\u00e9tait ma foi assez fatiguant, plus que je le pensais et plus que me l&rsquo;avais dit les promoteurs belges de cette promenade de sant\u00e9&#8230;.<\/p>\n","protected":false},"author":1,"featured_media":0,"comment_status":"open","ping_status":"open","sticky":false,"template":"","format":"standard","meta":{"_jetpack_memberships_contains_paid_content":false,"footnotes":"","jetpack_publicize_message":"","jetpack_publicize_feature_enabled":true,"jetpack_social_post_already_shared":true,"jetpack_social_options":{"image_generator_settings":{"template":"highway","default_image_id":0,"font":"","enabled":false},"version":2}},"categories":[1127],"tags":[1166],"class_list":["post-43361","post","type-post","status-publish","format-standard","hentry","category-yamanashi","tag-mont-fuji"],"jetpack_publicize_connections":[],"jetpack_featured_media_url":"","jetpack_sharing_enabled":true,"jetpack_likes_enabled":true,"_links":{"self":[{"href":"https:\/\/www.fgautron.com\/weblog\/wp-json\/wp\/v2\/posts\/43361","targetHints":{"allow":["GET"]}}],"collection":[{"href":"https:\/\/www.fgautron.com\/weblog\/wp-json\/wp\/v2\/posts"}],"about":[{"href":"https:\/\/www.fgautron.com\/weblog\/wp-json\/wp\/v2\/types\/post"}],"author":[{"embeddable":true,"href":"https:\/\/www.fgautron.com\/weblog\/wp-json\/wp\/v2\/users\/1"}],"replies":[{"embeddable":true,"href":"https:\/\/www.fgautron.com\/weblog\/wp-json\/wp\/v2\/comments?post=43361"}],"version-history":[{"count":8,"href":"https:\/\/www.fgautron.com\/weblog\/wp-json\/wp\/v2\/posts\/43361\/revisions"}],"predecessor-version":[{"id":43382,"href":"https:\/\/www.fgautron.com\/weblog\/wp-json\/wp\/v2\/posts\/43361\/revisions\/43382"}],"wp:attachment":[{"href":"https:\/\/www.fgautron.com\/weblog\/wp-json\/wp\/v2\/media?parent=43361"}],"wp:term":[{"taxonomy":"category","embeddable":true,"href":"https:\/\/www.fgautron.com\/weblog\/wp-json\/wp\/v2\/categories?post=43361"},{"taxonomy":"post_tag","embeddable":true,"href":"https:\/\/www.fgautron.com\/weblog\/wp-json\/wp\/v2\/tags?post=43361"}],"curies":[{"name":"wp","href":"https:\/\/api.w.org\/{rel}","templated":true}]}}