{"id":46785,"date":"2025-09-22T23:01:49","date_gmt":"2025-09-22T14:01:49","guid":{"rendered":"https:\/\/www.fgautron.com\/weblog\/?p=46785"},"modified":"2025-09-22T23:01:49","modified_gmt":"2025-09-22T14:01:49","slug":"osaka-expo-2025-1","status":"publish","type":"post","link":"https:\/\/www.fgautron.com\/weblog\/archives\/2025\/09\/22\/osaka-expo-2025-1\/","title":{"rendered":"Osaka Expo 2025 (1)"},"content":{"rendered":"<figure style=\"width: 2000px\" class=\"wp-caption aligncenter\"><img loading=\"lazy\" decoding=\"async\" data-attachment-id=\"46786\" data-permalink=\"https:\/\/www.fgautron.com\/weblog\/archives\/2025\/09\/22\/osaka-expo-2025-1\/img_6840axcm\/\" data-orig-file=\"https:\/\/www.fgautron.com\/weblog\/wp-content\/\/IMG_6840axcm.jpg\" data-orig-size=\"2000,1333\" data-comments-opened=\"1\" data-image-meta=\"{&quot;aperture&quot;:&quot;16&quot;,&quot;credit&quot;:&quot;&quot;,&quot;camera&quot;:&quot;Canon EOS 50D&quot;,&quot;caption&quot;:&quot;&quot;,&quot;created_timestamp&quot;:&quot;1758113054&quot;,&quot;copyright&quot;:&quot;&quot;,&quot;focal_length&quot;:&quot;17&quot;,&quot;iso&quot;:&quot;500&quot;,&quot;shutter_speed&quot;:&quot;0.0015625&quot;,&quot;title&quot;:&quot;&quot;,&quot;orientation&quot;:&quot;1&quot;}\" data-image-title=\"IMG_6840axcm\" data-image-description=\"\" data-image-caption=\"&lt;p&gt;Entr\u00e9e de l&amp;rsquo;Expo Osaka 2025&lt;\/p&gt;\n\" data-large-file=\"https:\/\/www.fgautron.com\/weblog\/wp-content\/\/IMG_6840axcm-700x467.jpg\" src=\"https:\/\/www.fgautron.com\/weblog\/wp-content\/\/IMG_6840axcm.jpg\" alt=\"\" width=\"2000\" height=\"1333\" class=\"size-full wp-image-46786\" srcset=\"https:\/\/www.fgautron.com\/weblog\/wp-content\/IMG_6840axcm.jpg 2000w, https:\/\/www.fgautron.com\/weblog\/wp-content\/IMG_6840axcm-300x200.jpg 300w, https:\/\/www.fgautron.com\/weblog\/wp-content\/IMG_6840axcm-700x467.jpg 700w, https:\/\/www.fgautron.com\/weblog\/wp-content\/IMG_6840axcm-1536x1024.jpg 1536w, https:\/\/www.fgautron.com\/weblog\/wp-content\/IMG_6840axcm-800x533.jpg 800w\" sizes=\"auto, (max-width: 2000px) 100vw, 2000px\" \/><figcaption class=\"wp-caption-text\">Drapeaux des nations \u00e0 l&rsquo;entr\u00e9e Ouest de l&rsquo;Expo Osaka 2025.<\/figcaption><\/figure>\n<figure style=\"width: 2000px\" class=\"wp-caption aligncenter\"><img loading=\"lazy\" decoding=\"async\" data-attachment-id=\"46787\" data-permalink=\"https:\/\/www.fgautron.com\/weblog\/archives\/2025\/09\/22\/osaka-expo-2025-1\/img_6843axcm\/\" data-orig-file=\"https:\/\/www.fgautron.com\/weblog\/wp-content\/\/IMG_6843axcm.jpg\" data-orig-size=\"2000,1333\" data-comments-opened=\"1\" data-image-meta=\"{&quot;aperture&quot;:&quot;11&quot;,&quot;credit&quot;:&quot;&quot;,&quot;camera&quot;:&quot;Canon EOS 50D&quot;,&quot;caption&quot;:&quot;&quot;,&quot;created_timestamp&quot;:&quot;1758114749&quot;,&quot;copyright&quot;:&quot;&quot;,&quot;focal_length&quot;:&quot;30&quot;,&quot;iso&quot;:&quot;200&quot;,&quot;shutter_speed&quot;:&quot;0.003125&quot;,&quot;title&quot;:&quot;&quot;,&quot;orientation&quot;:&quot;1&quot;}\" data-image-title=\"IMG_6843axcm\" data-image-description=\"\" data-image-caption=\"\" data-large-file=\"https:\/\/www.fgautron.com\/weblog\/wp-content\/\/IMG_6843axcm-700x467.jpg\" src=\"https:\/\/www.fgautron.com\/weblog\/wp-content\/\/IMG_6843axcm.jpg\" alt=\"\" width=\"2000\" height=\"1333\" class=\"aligncenter size-full wp-image-46787\" srcset=\"https:\/\/www.fgautron.com\/weblog\/wp-content\/IMG_6843axcm.jpg 2000w, https:\/\/www.fgautron.com\/weblog\/wp-content\/IMG_6843axcm-300x200.jpg 300w, https:\/\/www.fgautron.com\/weblog\/wp-content\/IMG_6843axcm-700x467.jpg 700w, https:\/\/www.fgautron.com\/weblog\/wp-content\/IMG_6843axcm-1536x1024.jpg 1536w, https:\/\/www.fgautron.com\/weblog\/wp-content\/IMG_6843axcm-800x533.jpg 800w\" sizes=\"auto, (max-width: 2000px) 100vw, 2000px\" \/><figcaption class=\"wp-caption-text\">Myaku-Myaku, mascotte de L&rsquo;Expo \u00e0 l&rsquo;entr\u00e9e Ouest, devant l&#8217;embl\u00e9matique anneau \u00ab\u00a0Grand Ring\u00a0\u00bb con\u00e7u par Sou Fujimoto.<\/figcaption><\/figure>\n<figure style=\"width: 2000px\" class=\"wp-caption aligncenter\"><img loading=\"lazy\" decoding=\"async\" data-attachment-id=\"46788\" data-permalink=\"https:\/\/www.fgautron.com\/weblog\/archives\/2025\/09\/22\/osaka-expo-2025-1\/img_6844axcm\/\" data-orig-file=\"https:\/\/www.fgautron.com\/weblog\/wp-content\/\/IMG_6844axcm.jpg\" data-orig-size=\"2000,1333\" data-comments-opened=\"1\" data-image-meta=\"{&quot;aperture&quot;:&quot;11&quot;,&quot;credit&quot;:&quot;&quot;,&quot;camera&quot;:&quot;Canon EOS 50D&quot;,&quot;caption&quot;:&quot;&quot;,&quot;created_timestamp&quot;:&quot;1758114859&quot;,&quot;copyright&quot;:&quot;&quot;,&quot;focal_length&quot;:&quot;17&quot;,&quot;iso&quot;:&quot;200&quot;,&quot;shutter_speed&quot;:&quot;0.004&quot;,&quot;title&quot;:&quot;&quot;,&quot;orientation&quot;:&quot;1&quot;}\" data-image-title=\"IMG_6844axcm\" data-image-description=\"\" data-image-caption=\"\" data-large-file=\"https:\/\/www.fgautron.com\/weblog\/wp-content\/\/IMG_6844axcm-700x467.jpg\" src=\"https:\/\/www.fgautron.com\/weblog\/wp-content\/\/IMG_6844axcm.jpg\" alt=\"\" width=\"2000\" height=\"1333\" class=\"aligncenter size-full wp-image-46788\" srcset=\"https:\/\/www.fgautron.com\/weblog\/wp-content\/IMG_6844axcm.jpg 2000w, https:\/\/www.fgautron.com\/weblog\/wp-content\/IMG_6844axcm-300x200.jpg 300w, https:\/\/www.fgautron.com\/weblog\/wp-content\/IMG_6844axcm-700x467.jpg 700w, https:\/\/www.fgautron.com\/weblog\/wp-content\/IMG_6844axcm-1536x1024.jpg 1536w, https:\/\/www.fgautron.com\/weblog\/wp-content\/IMG_6844axcm-800x533.jpg 800w\" sizes=\"auto, (max-width: 2000px) 100vw, 2000px\" \/><figcaption class=\"wp-caption-text\">Statue de Myaku-Myaku et le Pavillon Yoshimoto waraii myraii en arri\u00e8re plan.<\/figcaption><\/figure>\n<figure style=\"width: 2000px\" class=\"wp-caption aligncenter\"><img loading=\"lazy\" decoding=\"async\" data-attachment-id=\"46789\" data-permalink=\"https:\/\/www.fgautron.com\/weblog\/archives\/2025\/09\/22\/osaka-expo-2025-1\/img_6850axcm\/\" data-orig-file=\"https:\/\/www.fgautron.com\/weblog\/wp-content\/\/IMG_6850axcm.jpg\" data-orig-size=\"2000,1349\" data-comments-opened=\"1\" data-image-meta=\"{&quot;aperture&quot;:&quot;11&quot;,&quot;credit&quot;:&quot;&quot;,&quot;camera&quot;:&quot;Canon EOS 50D&quot;,&quot;caption&quot;:&quot;&quot;,&quot;created_timestamp&quot;:&quot;1758115286&quot;,&quot;copyright&quot;:&quot;&quot;,&quot;focal_length&quot;:&quot;17&quot;,&quot;iso&quot;:&quot;200&quot;,&quot;shutter_speed&quot;:&quot;0.004&quot;,&quot;title&quot;:&quot;&quot;,&quot;orientation&quot;:&quot;1&quot;}\" data-image-title=\"IMG_6850axcm\" data-image-description=\"\" data-image-caption=\"\" data-large-file=\"https:\/\/www.fgautron.com\/weblog\/wp-content\/\/IMG_6850axcm-700x472.jpg\" src=\"https:\/\/www.fgautron.com\/weblog\/wp-content\/\/IMG_6850axcm.jpg\" alt=\"\" width=\"2000\" height=\"1349\" class=\"aligncenter size-full wp-image-46789\" srcset=\"https:\/\/www.fgautron.com\/weblog\/wp-content\/IMG_6850axcm.jpg 2000w, https:\/\/www.fgautron.com\/weblog\/wp-content\/IMG_6850axcm-300x202.jpg 300w, https:\/\/www.fgautron.com\/weblog\/wp-content\/IMG_6850axcm-700x472.jpg 700w, https:\/\/www.fgautron.com\/weblog\/wp-content\/IMG_6850axcm-1536x1036.jpg 1536w, https:\/\/www.fgautron.com\/weblog\/wp-content\/IMG_6850axcm-800x540.jpg 800w\" sizes=\"auto, (max-width: 2000px) 100vw, 2000px\" \/><figcaption class=\"wp-caption-text\">Pavillon de la Serbie par ALEATEK Studio.<\/figcaption><\/figure>\n<figure style=\"width: 2000px\" class=\"wp-caption aligncenter\"><img loading=\"lazy\" decoding=\"async\" data-attachment-id=\"46790\" data-permalink=\"https:\/\/www.fgautron.com\/weblog\/archives\/2025\/09\/22\/osaka-expo-2025-1\/img_6851axcm\/\" data-orig-file=\"https:\/\/www.fgautron.com\/weblog\/wp-content\/\/IMG_6851axcm.jpg\" data-orig-size=\"2000,1333\" data-comments-opened=\"1\" data-image-meta=\"{&quot;aperture&quot;:&quot;16&quot;,&quot;credit&quot;:&quot;&quot;,&quot;camera&quot;:&quot;Canon EOS 50D&quot;,&quot;caption&quot;:&quot;&quot;,&quot;created_timestamp&quot;:&quot;1758115334&quot;,&quot;copyright&quot;:&quot;&quot;,&quot;focal_length&quot;:&quot;17&quot;,&quot;iso&quot;:&quot;200&quot;,&quot;shutter_speed&quot;:&quot;0.002&quot;,&quot;title&quot;:&quot;&quot;,&quot;orientation&quot;:&quot;1&quot;}\" data-image-title=\"IMG_6851axcm\" data-image-description=\"\" data-image-caption=\"\" data-large-file=\"https:\/\/www.fgautron.com\/weblog\/wp-content\/\/IMG_6851axcm-700x467.jpg\" src=\"https:\/\/www.fgautron.com\/weblog\/wp-content\/\/IMG_6851axcm.jpg\" alt=\"\" width=\"2000\" height=\"1333\" class=\"aligncenter size-full wp-image-46790\" srcset=\"https:\/\/www.fgautron.com\/weblog\/wp-content\/IMG_6851axcm.jpg 2000w, https:\/\/www.fgautron.com\/weblog\/wp-content\/IMG_6851axcm-300x200.jpg 300w, https:\/\/www.fgautron.com\/weblog\/wp-content\/IMG_6851axcm-700x467.jpg 700w, https:\/\/www.fgautron.com\/weblog\/wp-content\/IMG_6851axcm-1536x1024.jpg 1536w, https:\/\/www.fgautron.com\/weblog\/wp-content\/IMG_6851axcm-800x533.jpg 800w\" sizes=\"auto, (max-width: 2000px) 100vw, 2000px\" \/><figcaption class=\"wp-caption-text\">Blue Ocean Dome par Shigeru Ban.<\/figcaption><\/figure>\n<figure style=\"width: 2000px\" class=\"wp-caption aligncenter\"><img loading=\"lazy\" decoding=\"async\" data-attachment-id=\"46791\" data-permalink=\"https:\/\/www.fgautron.com\/weblog\/archives\/2025\/09\/22\/osaka-expo-2025-1\/img_6858axcm\/\" data-orig-file=\"https:\/\/www.fgautron.com\/weblog\/wp-content\/\/IMG_6858axcm.jpg\" data-orig-size=\"2000,1333\" data-comments-opened=\"1\" data-image-meta=\"{&quot;aperture&quot;:&quot;10&quot;,&quot;credit&quot;:&quot;&quot;,&quot;camera&quot;:&quot;Canon EOS 50D&quot;,&quot;caption&quot;:&quot;&quot;,&quot;created_timestamp&quot;:&quot;1758115977&quot;,&quot;copyright&quot;:&quot;&quot;,&quot;focal_length&quot;:&quot;17&quot;,&quot;iso&quot;:&quot;200&quot;,&quot;shutter_speed&quot;:&quot;0.005&quot;,&quot;title&quot;:&quot;&quot;,&quot;orientation&quot;:&quot;1&quot;}\" data-image-title=\"IMG_6858axcm\" data-image-description=\"\" data-image-caption=\"\" data-large-file=\"https:\/\/www.fgautron.com\/weblog\/wp-content\/\/IMG_6858axcm-700x467.jpg\" src=\"https:\/\/www.fgautron.com\/weblog\/wp-content\/\/IMG_6858axcm.jpg\" alt=\"\" width=\"2000\" height=\"1333\" class=\"aligncenter size-full wp-image-46791\" srcset=\"https:\/\/www.fgautron.com\/weblog\/wp-content\/IMG_6858axcm.jpg 2000w, https:\/\/www.fgautron.com\/weblog\/wp-content\/IMG_6858axcm-300x200.jpg 300w, https:\/\/www.fgautron.com\/weblog\/wp-content\/IMG_6858axcm-700x467.jpg 700w, https:\/\/www.fgautron.com\/weblog\/wp-content\/IMG_6858axcm-1536x1024.jpg 1536w, https:\/\/www.fgautron.com\/weblog\/wp-content\/IMG_6858axcm-800x533.jpg 800w\" sizes=\"auto, (max-width: 2000px) 100vw, 2000px\" \/><figcaption class=\"wp-caption-text\">Pavillon joint d&rsquo;Iida Group et de l&rsquo;Osaka Metropolitan University par Shin Takamatsu.<\/figcaption><\/figure>\n<figure style=\"width: 2000px\" class=\"wp-caption aligncenter\"><img loading=\"lazy\" decoding=\"async\" data-attachment-id=\"46792\" data-permalink=\"https:\/\/www.fgautron.com\/weblog\/archives\/2025\/09\/22\/osaka-expo-2025-1\/img_6853axcm\/\" data-orig-file=\"https:\/\/www.fgautron.com\/weblog\/wp-content\/\/IMG_6853axcm.jpg\" data-orig-size=\"2000,1333\" data-comments-opened=\"1\" data-image-meta=\"{&quot;aperture&quot;:&quot;7.1&quot;,&quot;credit&quot;:&quot;&quot;,&quot;camera&quot;:&quot;Canon EOS 50D&quot;,&quot;caption&quot;:&quot;&quot;,&quot;created_timestamp&quot;:&quot;1758115407&quot;,&quot;copyright&quot;:&quot;&quot;,&quot;focal_length&quot;:&quot;17&quot;,&quot;iso&quot;:&quot;200&quot;,&quot;shutter_speed&quot;:&quot;0.01&quot;,&quot;title&quot;:&quot;&quot;,&quot;orientation&quot;:&quot;1&quot;}\" data-image-title=\"IMG_6853axcm\" data-image-description=\"\" data-image-caption=\"\" data-large-file=\"https:\/\/www.fgautron.com\/weblog\/wp-content\/\/IMG_6853axcm-700x467.jpg\" src=\"https:\/\/www.fgautron.com\/weblog\/wp-content\/\/IMG_6853axcm.jpg\" alt=\"\" width=\"2000\" height=\"1333\" class=\"aligncenter size-full wp-image-46792\" srcset=\"https:\/\/www.fgautron.com\/weblog\/wp-content\/IMG_6853axcm.jpg 2000w, https:\/\/www.fgautron.com\/weblog\/wp-content\/IMG_6853axcm-300x200.jpg 300w, https:\/\/www.fgautron.com\/weblog\/wp-content\/IMG_6853axcm-700x467.jpg 700w, https:\/\/www.fgautron.com\/weblog\/wp-content\/IMG_6853axcm-1536x1024.jpg 1536w, https:\/\/www.fgautron.com\/weblog\/wp-content\/IMG_6853axcm-800x533.jpg 800w\" sizes=\"auto, (max-width: 2000px) 100vw, 2000px\" \/><figcaption class=\"wp-caption-text\">A l&rsquo;int\u00e9rieur du Grand Ring enti\u00e8rement construit en bois.<\/figcaption><\/figure>\n<figure style=\"width: 2000px\" class=\"wp-caption aligncenter\"><img loading=\"lazy\" decoding=\"async\" data-attachment-id=\"46793\" data-permalink=\"https:\/\/www.fgautron.com\/weblog\/archives\/2025\/09\/22\/osaka-expo-2025-1\/img_6854axcm\/\" data-orig-file=\"https:\/\/www.fgautron.com\/weblog\/wp-content\/\/IMG_6854axcm.jpg\" data-orig-size=\"2000,1349\" data-comments-opened=\"1\" data-image-meta=\"{&quot;aperture&quot;:&quot;14&quot;,&quot;credit&quot;:&quot;&quot;,&quot;camera&quot;:&quot;Canon EOS 50D&quot;,&quot;caption&quot;:&quot;&quot;,&quot;created_timestamp&quot;:&quot;1758115467&quot;,&quot;copyright&quot;:&quot;&quot;,&quot;focal_length&quot;:&quot;17&quot;,&quot;iso&quot;:&quot;200&quot;,&quot;shutter_speed&quot;:&quot;0.0025&quot;,&quot;title&quot;:&quot;&quot;,&quot;orientation&quot;:&quot;1&quot;}\" data-image-title=\"IMG_6854axcm\" data-image-description=\"\" data-image-caption=\"\" data-large-file=\"https:\/\/www.fgautron.com\/weblog\/wp-content\/\/IMG_6854axcm-700x472.jpg\" src=\"https:\/\/www.fgautron.com\/weblog\/wp-content\/\/IMG_6854axcm.jpg\" alt=\"\" width=\"2000\" height=\"1349\" class=\"aligncenter size-full wp-image-46793\" srcset=\"https:\/\/www.fgautron.com\/weblog\/wp-content\/IMG_6854axcm.jpg 2000w, https:\/\/www.fgautron.com\/weblog\/wp-content\/IMG_6854axcm-300x202.jpg 300w, https:\/\/www.fgautron.com\/weblog\/wp-content\/IMG_6854axcm-700x472.jpg 700w, https:\/\/www.fgautron.com\/weblog\/wp-content\/IMG_6854axcm-1536x1036.jpg 1536w, https:\/\/www.fgautron.com\/weblog\/wp-content\/IMG_6854axcm-800x540.jpg 800w\" sizes=\"auto, (max-width: 2000px) 100vw, 2000px\" \/><figcaption class=\"wp-caption-text\">Voie pi\u00e9tonne d&rsquo;une longueur de 2025 m\u00e8tres au dessus du Grand Ring.<\/figcaption><\/figure>\n<figure style=\"width: 2000px\" class=\"wp-caption aligncenter\"><img loading=\"lazy\" decoding=\"async\" data-attachment-id=\"46794\" data-permalink=\"https:\/\/www.fgautron.com\/weblog\/archives\/2025\/09\/22\/osaka-expo-2025-1\/img_6855axcm\/\" data-orig-file=\"https:\/\/www.fgautron.com\/weblog\/wp-content\/\/IMG_6855axcm.jpg\" data-orig-size=\"2000,1333\" data-comments-opened=\"1\" data-image-meta=\"{&quot;aperture&quot;:&quot;11&quot;,&quot;credit&quot;:&quot;&quot;,&quot;camera&quot;:&quot;Canon EOS 50D&quot;,&quot;caption&quot;:&quot;&quot;,&quot;created_timestamp&quot;:&quot;1758115585&quot;,&quot;copyright&quot;:&quot;&quot;,&quot;focal_length&quot;:&quot;17&quot;,&quot;iso&quot;:&quot;200&quot;,&quot;shutter_speed&quot;:&quot;0.004&quot;,&quot;title&quot;:&quot;&quot;,&quot;orientation&quot;:&quot;1&quot;}\" data-image-title=\"IMG_6855axcm\" data-image-description=\"\" data-image-caption=\"\" data-large-file=\"https:\/\/www.fgautron.com\/weblog\/wp-content\/\/IMG_6855axcm-700x467.jpg\" src=\"https:\/\/www.fgautron.com\/weblog\/wp-content\/\/IMG_6855axcm.jpg\" alt=\"\" width=\"2000\" height=\"1333\" class=\"aligncenter size-full wp-image-46794\" srcset=\"https:\/\/www.fgautron.com\/weblog\/wp-content\/IMG_6855axcm.jpg 2000w, https:\/\/www.fgautron.com\/weblog\/wp-content\/IMG_6855axcm-300x200.jpg 300w, https:\/\/www.fgautron.com\/weblog\/wp-content\/IMG_6855axcm-700x467.jpg 700w, https:\/\/www.fgautron.com\/weblog\/wp-content\/IMG_6855axcm-1536x1024.jpg 1536w, https:\/\/www.fgautron.com\/weblog\/wp-content\/IMG_6855axcm-800x533.jpg 800w\" sizes=\"auto, (max-width: 2000px) 100vw, 2000px\" \/><figcaption class=\"wp-caption-text\">Vue depuis l&rsquo;Anneau sur le Pavillon de la Belgique con\u00e7u par Carr\u00e9 7.<\/figcaption><\/figure>\n<figure style=\"width: 2000px\" class=\"wp-caption aligncenter\"><img loading=\"lazy\" decoding=\"async\" data-attachment-id=\"46795\" data-permalink=\"https:\/\/www.fgautron.com\/weblog\/archives\/2025\/09\/22\/osaka-expo-2025-1\/img_6848axcm\/\" data-orig-file=\"https:\/\/www.fgautron.com\/weblog\/wp-content\/\/IMG_6848axcm.jpg\" data-orig-size=\"2000,1333\" data-comments-opened=\"1\" data-image-meta=\"{&quot;aperture&quot;:&quot;11&quot;,&quot;credit&quot;:&quot;&quot;,&quot;camera&quot;:&quot;Canon EOS 50D&quot;,&quot;caption&quot;:&quot;&quot;,&quot;created_timestamp&quot;:&quot;1758115231&quot;,&quot;copyright&quot;:&quot;&quot;,&quot;focal_length&quot;:&quot;17&quot;,&quot;iso&quot;:&quot;200&quot;,&quot;shutter_speed&quot;:&quot;0.003125&quot;,&quot;title&quot;:&quot;&quot;,&quot;orientation&quot;:&quot;1&quot;}\" data-image-title=\"IMG_6848axcm\" data-image-description=\"\" data-image-caption=\"\" data-large-file=\"https:\/\/www.fgautron.com\/weblog\/wp-content\/\/IMG_6848axcm-700x467.jpg\" src=\"https:\/\/www.fgautron.com\/weblog\/wp-content\/\/IMG_6848axcm.jpg\" alt=\"\" width=\"2000\" height=\"1333\" class=\"aligncenter size-full wp-image-46795\" srcset=\"https:\/\/www.fgautron.com\/weblog\/wp-content\/IMG_6848axcm.jpg 2000w, https:\/\/www.fgautron.com\/weblog\/wp-content\/IMG_6848axcm-300x200.jpg 300w, https:\/\/www.fgautron.com\/weblog\/wp-content\/IMG_6848axcm-700x467.jpg 700w, https:\/\/www.fgautron.com\/weblog\/wp-content\/IMG_6848axcm-1536x1024.jpg 1536w, https:\/\/www.fgautron.com\/weblog\/wp-content\/IMG_6848axcm-800x533.jpg 800w\" sizes=\"auto, (max-width: 2000px) 100vw, 2000px\" \/><figcaption class=\"wp-caption-text\">Installation type_ark_spec2 de la s\u00e9rie HIWADROME de l&rsquo;artiste Kazuhio Hiwa, devant le Pavillon de la Belgique.<\/figcaption><\/figure>\n<p>Le Mercredi 17 Septembre, nous arrivons sur le site de l\u2019<a href=\"https:\/\/www.expo2025.or.jp\/en\/\">Expo 2025 d\u2019Osaka<\/a> (\u5927\u962a\u4e07\u535a2025) un peu avant midi. Nos places nous donnaient droit d\u2019entr\u00e9e dans la file d\u2019attente attitr\u00e9e \u00e0 partir de 11h00, mais certains retards ind\u00e9pendants de notre volont\u00e9 nous ont fait arriver avec presque une heure de d\u00e9calage sur notre planning. Nos billets correspondaient \u00e0 l\u2019entr\u00e9e Ouest, qui n\u2019est pas celle proche de la station de train de Yumeshima (\u5922\u6d32). Depuis la station de Yumeshima, o\u00f9 se trouve l\u2019entr\u00e9e principale Est, on peut marcher une demi-heure jusqu\u2019\u00e0 l\u2019entr\u00e9e Ouest, prendre une navette depuis Sakurajima (o\u00f9 se trouve le parc Universal Studios Japan) ou venir en taxi. Il n\u2019y a pas de parking pour les particuliers et l\u2019autoroute qui m\u00e8ne \u00e0 l\u2019\u00eele artificielle de Yumeshima n\u2019est accessible qu\u2019aux v\u00e9hicules autoris\u00e9s. L\u2019avantage de l\u2019entr\u00e9e Ouest, excentr\u00e9e par rapport \u00e0 la station, est qu\u2019elle est beaucoup moins encombr\u00e9e. Il ne nous a fallu que dix minutes pour entrer \u00e0 l\u2019int\u00e9rieur de l\u2019enceinte de l\u2019Expo, apr\u00e8s une fouille rapide des sacs et un contr\u00f4le des billets, le tout tr\u00e8s efficacement organis\u00e9.<\/p>\n<p>Nous voil\u00e0 enfin devant le grand anneau de bois con\u00e7u par Sou Fujimoto. J\u2019avais pu en voir des photographies et une reconstitution tr\u00e8s partielle d\u2019une toute petite portion lors de l\u2019exposition d\u00e9di\u00e9e \u00e0 l\u2019architecte au Mori Art Museum de Roppongi Hills. La version r\u00e9elle devant nous est impressionnante, m\u00eame de loin. La politesse nous impose de saluer la statue de l\u2019\u00e9trange mascotte bleue et rouge Myaku-Myaku (\u30df\u30e3\u30af\u30df\u30e3\u30af). Ce personnage mignon avait \u00e9tonn\u00e9 la population lors des premi\u00e8res pr\u00e9sentations, mais il est d\u00e9sormais tr\u00e8s populaire. Nous l\u2019adorons aussi, pour \u00eatre tr\u00e8s honn\u00eates. Il d\u00e9tr\u00f4nerait presque Hikonyan (\u3072\u3053\u306b\u3083\u3093), la mascotte de la ville de Hikone, dans le palmar\u00e8s tr\u00e8s limit\u00e9 des mascottes que nous appr\u00e9cions. Myaku-Myaku a \u00e9t\u00e9 cr\u00e9\u00e9 par l\u2019illustrateur Kouhei Yamashita, connu sous le pseudonyme mountain mountain. Son design a \u00e9t\u00e9 s\u00e9lectionn\u00e9 parmi pr\u00e8s de 1 900 propositions lors d\u2019un concours national organis\u00e9 en 2022. Le nom a, lui aussi, fait l\u2019objet d\u2019un concours. Cet \u00e9trange personnage un peu cosmique repr\u00e9sente une cr\u00e9ature myst\u00e9rieuse n\u00e9e de la fusion de cellules et d\u2019eau, symbolisant la vie et la transformation. Myaku (\u30df\u30e3\u30af) fait r\u00e9f\u00e9rence \u00e0 la circulation du sang, et sa r\u00e9p\u00e9tition donne une impression de continuit\u00e9 infinie, d\u2019\u00e9nergie et de vie qui se transmet. Myaku-Myaku est en quelque sorte une m\u00e9taphore vivante de la transmission de la vie, du futur et de la continuit\u00e9 entre les g\u00e9n\u00e9rations. Le personnage est tellement populaire qu\u2019on trouve toutes sortes d\u2019objets et de peluches \u00e0 son effigie.<\/p>\n<p>On nous avait pr\u00e9venus qu\u2019il y aurait foule \u00e0 l\u2019Expo, et c\u2019est le moins qu\u2019on puisse dire. Elle fermera ses portes le 13 Octobre 2025, et tout ou presque dispara\u00eetra ou sera d\u00e9localis\u00e9. Les chaleurs de l\u2019\u00e9t\u00e9 ayant \u00e9t\u00e9 infernales cette ann\u00e9e, nombreux sont ceux, comme nous, \u00e0 avoir pr\u00e9f\u00e9r\u00e9 venir en Septembre. Il fait tout de m\u00eame chaud, environ 31 degr\u00e9s, mais le ciel nuageux nous a en partie \u00e9pargn\u00e9. Les pavillons install\u00e9s \u00e0 l\u2019int\u00e9rieur de l\u2019anneau, ou \u00e0 sa p\u00e9riph\u00e9rie imm\u00e9diate, sont nombreux. Certains demandaient des r\u00e9servations pr\u00e9alables, tandis que les autres \u00e9taient libres d\u2019acc\u00e8s, \u00e0 condition d\u2019accepter parfois plusieurs heures d\u2019attente. Deux semaines avant notre d\u00e9part, nous avons tent\u00e9 la loterie pour r\u00e9server des places dans quelques pavillons, mais sans succ\u00e8s. J\u2019avais personnellement dans l\u2019id\u00e9e de d\u00e9couvrir d\u2019abord les fa\u00e7ades de la majorit\u00e9 des pavillons. L\u2019architecture des pavillons, qu\u2019ils soient nationaux ou sp\u00e9cialis\u00e9s, est tout \u00e0 fait remarquable et vaut le d\u00e9placement malgr\u00e9 la foule et la chaleur. J\u2019ai bien entendu commenc\u00e9 par gravir les escaliers du grand anneau de bois de Sou Fujimoto. Ce Grand Ring mesure 2025 m\u00e8tres de circonf\u00e9rence, un clin d\u2019\u0153il direct \u00e0 l\u2019ann\u00e9e de cette exposition. On peut en faire le tour complet, mais je n\u2019ai pas tent\u00e9 le coup, ce que je regrette un peu maintenant. On y acc\u00e8de par plusieurs escaliers et escalators, ce qui est vivement conseill\u00e9 pour avoir une vue d\u2019ensemble de l\u2019enceinte de l\u2019exposition.<\/p>\n<figure id=\"attachment_46897\" aria-describedby=\"caption-attachment-46897\" style=\"width: 2000px\" class=\"wp-caption aligncenter\"><img loading=\"lazy\" decoding=\"async\" data-attachment-id=\"46897\" data-permalink=\"https:\/\/www.fgautron.com\/weblog\/archives\/2025\/09\/22\/osaka-expo-2025-1\/screenshot-100\/\" data-orig-file=\"https:\/\/www.fgautron.com\/weblog\/wp-content\/\/Osakaexpo25-map-001m.jpg\" data-orig-size=\"2000,1286\" data-comments-opened=\"1\" data-image-meta=\"{&quot;aperture&quot;:&quot;0&quot;,&quot;credit&quot;:&quot;&quot;,&quot;camera&quot;:&quot;&quot;,&quot;caption&quot;:&quot;Screenshot&quot;,&quot;created_timestamp&quot;:&quot;0&quot;,&quot;copyright&quot;:&quot;&quot;,&quot;focal_length&quot;:&quot;0&quot;,&quot;iso&quot;:&quot;0&quot;,&quot;shutter_speed&quot;:&quot;0&quot;,&quot;title&quot;:&quot;Screenshot&quot;,&quot;orientation&quot;:&quot;1&quot;}\" data-image-title=\"Screenshot\" data-image-description=\"\" data-image-caption=\"&lt;p&gt;Screenshot&lt;\/p&gt;\n\" data-large-file=\"https:\/\/www.fgautron.com\/weblog\/wp-content\/\/Osakaexpo25-map-001m-700x450.jpg\" src=\"https:\/\/www.fgautron.com\/weblog\/wp-content\/\/Osakaexpo25-map-001m.jpg\" alt=\"\" width=\"2000\" height=\"1286\" class=\"size-full wp-image-46897\" srcset=\"https:\/\/www.fgautron.com\/weblog\/wp-content\/Osakaexpo25-map-001m.jpg 2000w, https:\/\/www.fgautron.com\/weblog\/wp-content\/Osakaexpo25-map-001m-300x193.jpg 300w, https:\/\/www.fgautron.com\/weblog\/wp-content\/Osakaexpo25-map-001m-700x450.jpg 700w, https:\/\/www.fgautron.com\/weblog\/wp-content\/Osakaexpo25-map-001m-1536x988.jpg 1536w, https:\/\/www.fgautron.com\/weblog\/wp-content\/Osakaexpo25-map-001m-800x514.jpg 800w\" sizes=\"auto, (max-width: 2000px) 100vw, 2000px\" \/><figcaption id=\"caption-attachment-46897\" class=\"wp-caption-text\"><a href=\"https:\/\/www.expo2025.or.jp\/en\/expo-map-index\/map\/\">Plan d&rsquo;ensemble<\/a> de l&rsquo;OSAKA EXPO 2025 \u00e0 Yumeshima.<\/figcaption><\/figure>\n<p>De nombreux architectes reconnus ont particip\u00e9 \u00e0 la conception des pavillons. Outre Sou Fujimoto, on retrouve des grands noms de l\u2019architecture japonaise comme Toyo Ito, Kengo Kuma, Akihisa Hirata, SANAA, Yuko Nagayama, Shin Takamatsu, Shigeru Ban, entre autres. Je commence ici une s\u00e9rie de plusieurs billets montrant tous ces \u00e9difices, en m\u2019effor\u00e7ant de commenter chaque photographie. La multitude d\u2019images que j\u2019inclus dans chaque billet vient illustrer la densit\u00e9 de l\u2019Expo 2025 d\u2019Osaka.<\/p>\n","protected":false},"excerpt":{"rendered":"<p>Le Mercredi 17 Septembre, nous arrivons sur le site de l\u2019Expo 2025 d\u2019Osaka (\u5927\u962a\u4e07\u535a2025) un peu avant midi. Nos places nous donnaient droit d\u2019entr\u00e9e dans la file d\u2019attente attitr\u00e9e \u00e0 partir de 11h00, mais certains retards ind\u00e9pendants de notre volont\u00e9 nous ont fait arriver avec presque une heure de d\u00e9calage sur notre planning. Nos billets&#8230;<\/p>\n","protected":false},"author":1,"featured_media":0,"comment_status":"open","ping_status":"open","sticky":false,"template":"","format":"standard","meta":{"_jetpack_memberships_contains_paid_content":false,"footnotes":"","jetpack_publicize_message":"","jetpack_publicize_feature_enabled":true,"jetpack_social_post_already_shared":true,"jetpack_social_options":{"image_generator_settings":{"template":"highway","default_image_id":0,"font":"","enabled":false},"version":2}},"categories":[17,1236],"tags":[4683,4680,4684,4685,4686,4679,4677,1596,577,747,4681,4682,4678],"class_list":["post-46785","post","type-post","status-publish","format-standard","hentry","category-architecture","category-osaka","tag-aleatek-studio","tag-4680","tag-carre-7","tag-kazuhio-hiwa","tag-kouhei-yamashita","tag-myaku-myaku","tag-osaka-expo-2025","tag-shigeru-ban","tag-shin-takamatsu","tag-sou-fujimoto","tag-yumeshima","tag-4682","tag-4678"],"jetpack_publicize_connections":[],"jetpack_featured_media_url":"","jetpack_sharing_enabled":true,"jetpack_likes_enabled":true,"_links":{"self":[{"href":"https:\/\/www.fgautron.com\/weblog\/wp-json\/wp\/v2\/posts\/46785","targetHints":{"allow":["GET"]}}],"collection":[{"href":"https:\/\/www.fgautron.com\/weblog\/wp-json\/wp\/v2\/posts"}],"about":[{"href":"https:\/\/www.fgautron.com\/weblog\/wp-json\/wp\/v2\/types\/post"}],"author":[{"embeddable":true,"href":"https:\/\/www.fgautron.com\/weblog\/wp-json\/wp\/v2\/users\/1"}],"replies":[{"embeddable":true,"href":"https:\/\/www.fgautron.com\/weblog\/wp-json\/wp\/v2\/comments?post=46785"}],"version-history":[{"count":13,"href":"https:\/\/www.fgautron.com\/weblog\/wp-json\/wp\/v2\/posts\/46785\/revisions"}],"predecessor-version":[{"id":46900,"href":"https:\/\/www.fgautron.com\/weblog\/wp-json\/wp\/v2\/posts\/46785\/revisions\/46900"}],"wp:attachment":[{"href":"https:\/\/www.fgautron.com\/weblog\/wp-json\/wp\/v2\/media?parent=46785"}],"wp:term":[{"taxonomy":"category","embeddable":true,"href":"https:\/\/www.fgautron.com\/weblog\/wp-json\/wp\/v2\/categories?post=46785"},{"taxonomy":"post_tag","embeddable":true,"href":"https:\/\/www.fgautron.com\/weblog\/wp-json\/wp\/v2\/tags?post=46785"}],"curies":[{"name":"wp","href":"https:\/\/api.w.org\/{rel}","templated":true}]}}