{"id":46821,"date":"2025-09-23T23:40:46","date_gmt":"2025-09-23T14:40:46","guid":{"rendered":"https:\/\/www.fgautron.com\/weblog\/?p=46821"},"modified":"2025-09-23T23:44:28","modified_gmt":"2025-09-23T14:44:28","slug":"osaka-expo-2025-4","status":"publish","type":"post","link":"https:\/\/www.fgautron.com\/weblog\/archives\/2025\/09\/23\/osaka-expo-2025-4\/","title":{"rendered":"Osaka Expo 2025 (4)"},"content":{"rendered":"<figure style=\"width: 2000px\" class=\"wp-caption aligncenter\"><img loading=\"lazy\" decoding=\"async\" data-attachment-id=\"46822\" data-permalink=\"https:\/\/www.fgautron.com\/weblog\/archives\/2025\/09\/23\/osaka-expo-2025-4\/img_6893axcm\/\" data-orig-file=\"https:\/\/www.fgautron.com\/weblog\/wp-content\/\/IMG_6893axcm.jpg\" data-orig-size=\"2000,1333\" data-comments-opened=\"1\" data-image-meta=\"{&quot;aperture&quot;:&quot;14&quot;,&quot;credit&quot;:&quot;&quot;,&quot;camera&quot;:&quot;Canon EOS 50D&quot;,&quot;caption&quot;:&quot;&quot;,&quot;created_timestamp&quot;:&quot;1758117875&quot;,&quot;copyright&quot;:&quot;&quot;,&quot;focal_length&quot;:&quot;17&quot;,&quot;iso&quot;:&quot;200&quot;,&quot;shutter_speed&quot;:&quot;0.0025&quot;,&quot;title&quot;:&quot;&quot;,&quot;orientation&quot;:&quot;1&quot;}\" data-image-title=\"IMG_6893axcm\" data-image-description=\"\" data-image-caption=\"\" data-large-file=\"https:\/\/www.fgautron.com\/weblog\/wp-content\/\/IMG_6893axcm-700x467.jpg\" src=\"https:\/\/www.fgautron.com\/weblog\/wp-content\/\/IMG_6893axcm.jpg\" alt=\"\" width=\"2000\" height=\"1333\" class=\"aligncenter size-full wp-image-46822\" srcset=\"https:\/\/www.fgautron.com\/weblog\/wp-content\/IMG_6893axcm.jpg 2000w, https:\/\/www.fgautron.com\/weblog\/wp-content\/IMG_6893axcm-300x200.jpg 300w, https:\/\/www.fgautron.com\/weblog\/wp-content\/IMG_6893axcm-700x467.jpg 700w, https:\/\/www.fgautron.com\/weblog\/wp-content\/IMG_6893axcm-1536x1024.jpg 1536w, https:\/\/www.fgautron.com\/weblog\/wp-content\/IMG_6893axcm-800x533.jpg 800w\" sizes=\"auto, (max-width: 2000px) 100vw, 2000px\" \/><figcaption class=\"wp-caption-text\">Pavillon de la Grande Bretagne et de l&rsquo;Irlande du Nord par WOO Architects.<\/figcaption><\/figure>\n<figure style=\"width: 2000px\" class=\"wp-caption aligncenter\"><img loading=\"lazy\" decoding=\"async\" data-attachment-id=\"46823\" data-permalink=\"https:\/\/www.fgautron.com\/weblog\/archives\/2025\/09\/23\/osaka-expo-2025-4\/img_6894axcm\/\" data-orig-file=\"https:\/\/www.fgautron.com\/weblog\/wp-content\/\/IMG_6894axcm.jpg\" data-orig-size=\"2000,1333\" data-comments-opened=\"1\" data-image-meta=\"{&quot;aperture&quot;:&quot;13&quot;,&quot;credit&quot;:&quot;&quot;,&quot;camera&quot;:&quot;Canon EOS 50D&quot;,&quot;caption&quot;:&quot;&quot;,&quot;created_timestamp&quot;:&quot;1758117908&quot;,&quot;copyright&quot;:&quot;&quot;,&quot;focal_length&quot;:&quot;40&quot;,&quot;iso&quot;:&quot;200&quot;,&quot;shutter_speed&quot;:&quot;0.0015625&quot;,&quot;title&quot;:&quot;&quot;,&quot;orientation&quot;:&quot;1&quot;}\" data-image-title=\"IMG_6894axcm\" data-image-description=\"\" data-image-caption=\"\" data-large-file=\"https:\/\/www.fgautron.com\/weblog\/wp-content\/\/IMG_6894axcm-700x467.jpg\" src=\"https:\/\/www.fgautron.com\/weblog\/wp-content\/\/IMG_6894axcm.jpg\" alt=\"\" width=\"2000\" height=\"1333\" class=\"aligncenter size-full wp-image-46823\" srcset=\"https:\/\/www.fgautron.com\/weblog\/wp-content\/IMG_6894axcm.jpg 2000w, https:\/\/www.fgautron.com\/weblog\/wp-content\/IMG_6894axcm-300x200.jpg 300w, https:\/\/www.fgautron.com\/weblog\/wp-content\/IMG_6894axcm-700x467.jpg 700w, https:\/\/www.fgautron.com\/weblog\/wp-content\/IMG_6894axcm-1536x1024.jpg 1536w, https:\/\/www.fgautron.com\/weblog\/wp-content\/IMG_6894axcm-800x533.jpg 800w\" sizes=\"auto, (max-width: 2000px) 100vw, 2000px\" \/><figcaption class=\"wp-caption-text\">Pavillon de la Grande Bretagne et de l&rsquo;Irlande du Nord par WOO Architects.<\/figcaption><\/figure>\n<figure style=\"width: 2000px\" class=\"wp-caption aligncenter\"><img loading=\"lazy\" decoding=\"async\" data-attachment-id=\"46824\" data-permalink=\"https:\/\/www.fgautron.com\/weblog\/archives\/2025\/09\/23\/osaka-expo-2025-4\/img_6899axcm\/\" data-orig-file=\"https:\/\/www.fgautron.com\/weblog\/wp-content\/\/IMG_6899axcm.jpg\" data-orig-size=\"2000,1333\" data-comments-opened=\"1\" data-image-meta=\"{&quot;aperture&quot;:&quot;13&quot;,&quot;credit&quot;:&quot;&quot;,&quot;camera&quot;:&quot;Canon EOS 50D&quot;,&quot;caption&quot;:&quot;&quot;,&quot;created_timestamp&quot;:&quot;1758118135&quot;,&quot;copyright&quot;:&quot;&quot;,&quot;focal_length&quot;:&quot;17&quot;,&quot;iso&quot;:&quot;200&quot;,&quot;shutter_speed&quot;:&quot;0.0025&quot;,&quot;title&quot;:&quot;&quot;,&quot;orientation&quot;:&quot;1&quot;}\" data-image-title=\"IMG_6899axcm\" data-image-description=\"\" data-image-caption=\"\" data-large-file=\"https:\/\/www.fgautron.com\/weblog\/wp-content\/\/IMG_6899axcm-700x467.jpg\" src=\"https:\/\/www.fgautron.com\/weblog\/wp-content\/\/IMG_6899axcm.jpg\" alt=\"\" width=\"2000\" height=\"1333\" class=\"aligncenter size-full wp-image-46824\" srcset=\"https:\/\/www.fgautron.com\/weblog\/wp-content\/IMG_6899axcm.jpg 2000w, https:\/\/www.fgautron.com\/weblog\/wp-content\/IMG_6899axcm-300x200.jpg 300w, https:\/\/www.fgautron.com\/weblog\/wp-content\/IMG_6899axcm-700x467.jpg 700w, https:\/\/www.fgautron.com\/weblog\/wp-content\/IMG_6899axcm-1536x1024.jpg 1536w, https:\/\/www.fgautron.com\/weblog\/wp-content\/IMG_6899axcm-800x533.jpg 800w\" sizes=\"auto, (max-width: 2000px) 100vw, 2000px\" \/><figcaption class=\"wp-caption-text\">Place d\u00e9cor\u00e9e aux couleurs de Myaku-Myaku devant le Pavillon Commons-D.<\/figcaption><\/figure>\n<figure style=\"width: 2000px\" class=\"wp-caption aligncenter\"><img loading=\"lazy\" decoding=\"async\" data-attachment-id=\"46825\" data-permalink=\"https:\/\/www.fgautron.com\/weblog\/archives\/2025\/09\/23\/osaka-expo-2025-4\/img_6901axcm\/\" data-orig-file=\"https:\/\/www.fgautron.com\/weblog\/wp-content\/\/IMG_6901axcm.jpg\" data-orig-size=\"2000,1381\" data-comments-opened=\"1\" data-image-meta=\"{&quot;aperture&quot;:&quot;10&quot;,&quot;credit&quot;:&quot;&quot;,&quot;camera&quot;:&quot;Canon EOS 50D&quot;,&quot;caption&quot;:&quot;&quot;,&quot;created_timestamp&quot;:&quot;1758118190&quot;,&quot;copyright&quot;:&quot;&quot;,&quot;focal_length&quot;:&quot;17&quot;,&quot;iso&quot;:&quot;200&quot;,&quot;shutter_speed&quot;:&quot;0.005&quot;,&quot;title&quot;:&quot;&quot;,&quot;orientation&quot;:&quot;1&quot;}\" data-image-title=\"IMG_6901axcm\" data-image-description=\"\" data-image-caption=\"\" data-large-file=\"https:\/\/www.fgautron.com\/weblog\/wp-content\/\/IMG_6901axcm-700x483.jpg\" src=\"https:\/\/www.fgautron.com\/weblog\/wp-content\/\/IMG_6901axcm.jpg\" alt=\"\" width=\"2000\" height=\"1381\" class=\"aligncenter size-full wp-image-46825\" srcset=\"https:\/\/www.fgautron.com\/weblog\/wp-content\/IMG_6901axcm.jpg 2000w, https:\/\/www.fgautron.com\/weblog\/wp-content\/IMG_6901axcm-300x207.jpg 300w, https:\/\/www.fgautron.com\/weblog\/wp-content\/IMG_6901axcm-700x483.jpg 700w, https:\/\/www.fgautron.com\/weblog\/wp-content\/IMG_6901axcm-1536x1061.jpg 1536w, https:\/\/www.fgautron.com\/weblog\/wp-content\/IMG_6901axcm-800x552.jpg 800w\" sizes=\"auto, (max-width: 2000px) 100vw, 2000px\" \/><figcaption class=\"wp-caption-text\">Pavillon de la Polande par Interplay architects.<\/figcaption><\/figure>\n<figure style=\"width: 2000px\" class=\"wp-caption aligncenter\"><img loading=\"lazy\" decoding=\"async\" data-attachment-id=\"46826\" data-permalink=\"https:\/\/www.fgautron.com\/weblog\/archives\/2025\/09\/23\/osaka-expo-2025-4\/img_6905axcm\/\" data-orig-file=\"https:\/\/www.fgautron.com\/weblog\/wp-content\/\/IMG_6905axcm.jpg\" data-orig-size=\"2000,1334\" data-comments-opened=\"1\" data-image-meta=\"{&quot;aperture&quot;:&quot;13&quot;,&quot;credit&quot;:&quot;&quot;,&quot;camera&quot;:&quot;Canon EOS 50D&quot;,&quot;caption&quot;:&quot;&quot;,&quot;created_timestamp&quot;:&quot;1758118353&quot;,&quot;copyright&quot;:&quot;&quot;,&quot;focal_length&quot;:&quot;17&quot;,&quot;iso&quot;:&quot;200&quot;,&quot;shutter_speed&quot;:&quot;0.003125&quot;,&quot;title&quot;:&quot;&quot;,&quot;orientation&quot;:&quot;1&quot;}\" data-image-title=\"IMG_6905axcm\" data-image-description=\"\" data-image-caption=\"\" data-large-file=\"https:\/\/www.fgautron.com\/weblog\/wp-content\/\/IMG_6905axcm-700x467.jpg\" src=\"https:\/\/www.fgautron.com\/weblog\/wp-content\/\/IMG_6905axcm.jpg\" alt=\"\" width=\"2000\" height=\"1334\" class=\"aligncenter size-full wp-image-46826\" srcset=\"https:\/\/www.fgautron.com\/weblog\/wp-content\/IMG_6905axcm.jpg 2000w, https:\/\/www.fgautron.com\/weblog\/wp-content\/IMG_6905axcm-300x200.jpg 300w, https:\/\/www.fgautron.com\/weblog\/wp-content\/IMG_6905axcm-700x467.jpg 700w, https:\/\/www.fgautron.com\/weblog\/wp-content\/IMG_6905axcm-1536x1025.jpg 1536w, https:\/\/www.fgautron.com\/weblog\/wp-content\/IMG_6905axcm-800x534.jpg 800w\" sizes=\"auto, (max-width: 2000px) 100vw, 2000px\" \/><figcaption class=\"wp-caption-text\">Pavillon de la Polande par Interplay architects derri\u00e8re le INTER-WORLD\/Cocooner: Apparent motion of celestial bodies, par Akihito Okunaka.<\/figcaption><\/figure>\n<figure style=\"width: 2000px\" class=\"wp-caption aligncenter\"><img loading=\"lazy\" decoding=\"async\" data-attachment-id=\"46827\" data-permalink=\"https:\/\/www.fgautron.com\/weblog\/archives\/2025\/09\/23\/osaka-expo-2025-4\/img_6907axcm\/\" data-orig-file=\"https:\/\/www.fgautron.com\/weblog\/wp-content\/\/IMG_6907axcm.jpg\" data-orig-size=\"2000,1333\" data-comments-opened=\"1\" data-image-meta=\"{&quot;aperture&quot;:&quot;10&quot;,&quot;credit&quot;:&quot;&quot;,&quot;camera&quot;:&quot;Canon EOS 50D&quot;,&quot;caption&quot;:&quot;&quot;,&quot;created_timestamp&quot;:&quot;1758118389&quot;,&quot;copyright&quot;:&quot;&quot;,&quot;focal_length&quot;:&quot;17&quot;,&quot;iso&quot;:&quot;200&quot;,&quot;shutter_speed&quot;:&quot;0.004&quot;,&quot;title&quot;:&quot;&quot;,&quot;orientation&quot;:&quot;1&quot;}\" data-image-title=\"IMG_6907axcm\" data-image-description=\"\" data-image-caption=\"\" data-large-file=\"https:\/\/www.fgautron.com\/weblog\/wp-content\/\/IMG_6907axcm-700x467.jpg\" src=\"https:\/\/www.fgautron.com\/weblog\/wp-content\/\/IMG_6907axcm.jpg\" alt=\"\" width=\"2000\" height=\"1333\" class=\"aligncenter size-full wp-image-46827\" srcset=\"https:\/\/www.fgautron.com\/weblog\/wp-content\/IMG_6907axcm.jpg 2000w, https:\/\/www.fgautron.com\/weblog\/wp-content\/IMG_6907axcm-300x200.jpg 300w, https:\/\/www.fgautron.com\/weblog\/wp-content\/IMG_6907axcm-700x467.jpg 700w, https:\/\/www.fgautron.com\/weblog\/wp-content\/IMG_6907axcm-1536x1024.jpg 1536w, https:\/\/www.fgautron.com\/weblog\/wp-content\/IMG_6907axcm-800x533.jpg 800w\" sizes=\"auto, (max-width: 2000px) 100vw, 2000px\" \/><figcaption class=\"wp-caption-text\">Live Earth Journey par Shogo Onodera, produit par Shoji Kawamori.<\/figcaption><\/figure>\n<figure style=\"width: 2000px\" class=\"wp-caption aligncenter\"><img loading=\"lazy\" decoding=\"async\" data-attachment-id=\"46828\" data-permalink=\"https:\/\/www.fgautron.com\/weblog\/archives\/2025\/09\/23\/osaka-expo-2025-4\/img_6911axcm\/\" data-orig-file=\"https:\/\/www.fgautron.com\/weblog\/wp-content\/\/IMG_6911axcm.jpg\" data-orig-size=\"2000,1333\" data-comments-opened=\"1\" data-image-meta=\"{&quot;aperture&quot;:&quot;11&quot;,&quot;credit&quot;:&quot;&quot;,&quot;camera&quot;:&quot;Canon EOS 50D&quot;,&quot;caption&quot;:&quot;&quot;,&quot;created_timestamp&quot;:&quot;1758118586&quot;,&quot;copyright&quot;:&quot;&quot;,&quot;focal_length&quot;:&quot;17&quot;,&quot;iso&quot;:&quot;200&quot;,&quot;shutter_speed&quot;:&quot;0.004&quot;,&quot;title&quot;:&quot;&quot;,&quot;orientation&quot;:&quot;1&quot;}\" data-image-title=\"IMG_6911axcm\" data-image-description=\"\" data-image-caption=\"\" data-large-file=\"https:\/\/www.fgautron.com\/weblog\/wp-content\/\/IMG_6911axcm-700x467.jpg\" src=\"https:\/\/www.fgautron.com\/weblog\/wp-content\/\/IMG_6911axcm.jpg\" alt=\"\" width=\"2000\" height=\"1333\" class=\"aligncenter size-full wp-image-46828\" srcset=\"https:\/\/www.fgautron.com\/weblog\/wp-content\/IMG_6911axcm.jpg 2000w, https:\/\/www.fgautron.com\/weblog\/wp-content\/IMG_6911axcm-300x200.jpg 300w, https:\/\/www.fgautron.com\/weblog\/wp-content\/IMG_6911axcm-700x467.jpg 700w, https:\/\/www.fgautron.com\/weblog\/wp-content\/IMG_6911axcm-1536x1024.jpg 1536w, https:\/\/www.fgautron.com\/weblog\/wp-content\/IMG_6911axcm-800x533.jpg 800w\" sizes=\"auto, (max-width: 2000px) 100vw, 2000px\" \/><figcaption class=\"wp-caption-text\">Pavillon de la Chine par China Academy of Building Research.<\/figcaption><\/figure>\n<figure style=\"width: 2000px\" class=\"wp-caption aligncenter\"><img loading=\"lazy\" decoding=\"async\" data-attachment-id=\"46829\" data-permalink=\"https:\/\/www.fgautron.com\/weblog\/archives\/2025\/09\/23\/osaka-expo-2025-4\/img_6915axcm\/\" data-orig-file=\"https:\/\/www.fgautron.com\/weblog\/wp-content\/\/IMG_6915axcm.jpg\" data-orig-size=\"2000,1333\" data-comments-opened=\"1\" data-image-meta=\"{&quot;aperture&quot;:&quot;11&quot;,&quot;credit&quot;:&quot;&quot;,&quot;camera&quot;:&quot;Canon EOS 50D&quot;,&quot;caption&quot;:&quot;&quot;,&quot;created_timestamp&quot;:&quot;1758118819&quot;,&quot;copyright&quot;:&quot;&quot;,&quot;focal_length&quot;:&quot;17&quot;,&quot;iso&quot;:&quot;200&quot;,&quot;shutter_speed&quot;:&quot;0.004&quot;,&quot;title&quot;:&quot;&quot;,&quot;orientation&quot;:&quot;1&quot;}\" data-image-title=\"IMG_6915axcm\" data-image-description=\"\" data-image-caption=\"\" data-large-file=\"https:\/\/www.fgautron.com\/weblog\/wp-content\/\/IMG_6915axcm-700x467.jpg\" src=\"https:\/\/www.fgautron.com\/weblog\/wp-content\/\/IMG_6915axcm.jpg\" alt=\"\" width=\"2000\" height=\"1333\" class=\"aligncenter size-full wp-image-46829\" srcset=\"https:\/\/www.fgautron.com\/weblog\/wp-content\/IMG_6915axcm.jpg 2000w, https:\/\/www.fgautron.com\/weblog\/wp-content\/IMG_6915axcm-300x200.jpg 300w, https:\/\/www.fgautron.com\/weblog\/wp-content\/IMG_6915axcm-700x467.jpg 700w, https:\/\/www.fgautron.com\/weblog\/wp-content\/IMG_6915axcm-1536x1024.jpg 1536w, https:\/\/www.fgautron.com\/weblog\/wp-content\/IMG_6915axcm-800x533.jpg 800w\" sizes=\"auto, (max-width: 2000px) 100vw, 2000px\" \/><figcaption class=\"wp-caption-text\">Pavillon de l&rsquo;Autriche par BWM Designers &#038; Architects.<\/figcaption><\/figure>\n<figure style=\"width: 2000px\" class=\"wp-caption aligncenter\"><img loading=\"lazy\" decoding=\"async\" data-attachment-id=\"46830\" data-permalink=\"https:\/\/www.fgautron.com\/weblog\/archives\/2025\/09\/23\/osaka-expo-2025-4\/img_6987axcm\/\" data-orig-file=\"https:\/\/www.fgautron.com\/weblog\/wp-content\/\/IMG_6987axcm.jpg\" data-orig-size=\"2000,1250\" data-comments-opened=\"1\" data-image-meta=\"{&quot;aperture&quot;:&quot;10&quot;,&quot;credit&quot;:&quot;&quot;,&quot;camera&quot;:&quot;Canon EOS 50D&quot;,&quot;caption&quot;:&quot;&quot;,&quot;created_timestamp&quot;:&quot;1758130983&quot;,&quot;copyright&quot;:&quot;&quot;,&quot;focal_length&quot;:&quot;23&quot;,&quot;iso&quot;:&quot;200&quot;,&quot;shutter_speed&quot;:&quot;0.005&quot;,&quot;title&quot;:&quot;&quot;,&quot;orientation&quot;:&quot;1&quot;}\" data-image-title=\"IMG_6987axcm\" data-image-description=\"\" data-image-caption=\"\" data-large-file=\"https:\/\/www.fgautron.com\/weblog\/wp-content\/\/IMG_6987axcm-700x438.jpg\" src=\"https:\/\/www.fgautron.com\/weblog\/wp-content\/\/IMG_6987axcm.jpg\" alt=\"\" width=\"2000\" height=\"1250\" class=\"aligncenter size-full wp-image-46830\" srcset=\"https:\/\/www.fgautron.com\/weblog\/wp-content\/IMG_6987axcm.jpg 2000w, https:\/\/www.fgautron.com\/weblog\/wp-content\/IMG_6987axcm-300x188.jpg 300w, https:\/\/www.fgautron.com\/weblog\/wp-content\/IMG_6987axcm-700x438.jpg 700w, https:\/\/www.fgautron.com\/weblog\/wp-content\/IMG_6987axcm-1536x960.jpg 1536w, https:\/\/www.fgautron.com\/weblog\/wp-content\/IMG_6987axcm-800x500.jpg 800w, https:\/\/www.fgautron.com\/weblog\/wp-content\/IMG_6987axcm-482x300.jpg 482w\" sizes=\"auto, (max-width: 2000px) 100vw, 2000px\" \/><figcaption class=\"wp-caption-text\">Pavillon de l&rsquo;Autriche par BWM Designers &#038; Architects.<\/figcaption><\/figure>\n<figure style=\"width: 2000px\" class=\"wp-caption aligncenter\"><img loading=\"lazy\" decoding=\"async\" data-attachment-id=\"46831\" data-permalink=\"https:\/\/www.fgautron.com\/weblog\/archives\/2025\/09\/23\/osaka-expo-2025-4\/img_6918axcm\/\" data-orig-file=\"https:\/\/www.fgautron.com\/weblog\/wp-content\/\/IMG_6918axcm.jpg\" data-orig-size=\"2000,1329\" data-comments-opened=\"1\" data-image-meta=\"{&quot;aperture&quot;:&quot;14&quot;,&quot;credit&quot;:&quot;&quot;,&quot;camera&quot;:&quot;Canon EOS 50D&quot;,&quot;caption&quot;:&quot;&quot;,&quot;created_timestamp&quot;:&quot;1758118927&quot;,&quot;copyright&quot;:&quot;&quot;,&quot;focal_length&quot;:&quot;17&quot;,&quot;iso&quot;:&quot;200&quot;,&quot;shutter_speed&quot;:&quot;0.0025&quot;,&quot;title&quot;:&quot;&quot;,&quot;orientation&quot;:&quot;1&quot;}\" data-image-title=\"IMG_6918axcm\" data-image-description=\"\" data-image-caption=\"\" data-large-file=\"https:\/\/www.fgautron.com\/weblog\/wp-content\/\/IMG_6918axcm-700x465.jpg\" src=\"https:\/\/www.fgautron.com\/weblog\/wp-content\/\/IMG_6918axcm.jpg\" alt=\"\" width=\"2000\" height=\"1329\" class=\"aligncenter size-full wp-image-46831\" srcset=\"https:\/\/www.fgautron.com\/weblog\/wp-content\/IMG_6918axcm.jpg 2000w, https:\/\/www.fgautron.com\/weblog\/wp-content\/IMG_6918axcm-300x199.jpg 300w, https:\/\/www.fgautron.com\/weblog\/wp-content\/IMG_6918axcm-700x465.jpg 700w, https:\/\/www.fgautron.com\/weblog\/wp-content\/IMG_6918axcm-1536x1021.jpg 1536w, https:\/\/www.fgautron.com\/weblog\/wp-content\/IMG_6918axcm-800x532.jpg 800w\" sizes=\"auto, (max-width: 2000px) 100vw, 2000px\" \/><figcaption class=\"wp-caption-text\">Pavillon de la Suisse par Manuel Herz.<\/figcaption><\/figure>\n<p>J\u2019avais pr\u00e9venu au d\u00e9but de cette s\u00e9rie que j\u2019avais beaucoup de photographies \u00e0 montrer des nombreux pavillons de l\u2019Expo 2025 d\u2019Osaka. L\u2019\u00eele artificielle de Yumeshima est remplie \u00e0 ras bord de constructions toutes plus int\u00e9ressantes les unes que les autres. La densit\u00e9 pourrait m\u00eame devenir \u00e9crasante. La foule rend parfois le cadrage des photographies difficile, mais je m\u2019applique du mieux possible pour donner une repr\u00e9sentation d\u2019ensemble de chaque pavillon. Je marche beaucoup, me perds parfois et reviens souvent sur mes pas. Les pavillons sont regroup\u00e9s par blocs et il faut parfois effectuer de longs d\u00e9tours pour atteindre celui que l\u2019on souhaite voir. On aimerait parfois devenir un drone pour se projeter dans les airs et avoir une vue d\u2019ensemble du site. Lorsque ce besoin de prendre de la hauteur se fait sentir, je monte sur le grand anneau. J\u2019y suis mont\u00e9 trois ou quatre fois.<\/p>\n<p><img loading=\"lazy\" decoding=\"async\" data-attachment-id=\"46921\" data-permalink=\"https:\/\/www.fgautron.com\/weblog\/archives\/2025\/09\/23\/osaka-expo-2025-4\/expo2025-full\/\" data-orig-file=\"https:\/\/www.fgautron.com\/weblog\/wp-content\/\/EXPO2025-full.jpg\" data-orig-size=\"2000,1038\" data-comments-opened=\"1\" data-image-meta=\"{&quot;aperture&quot;:&quot;0&quot;,&quot;credit&quot;:&quot;&quot;,&quot;camera&quot;:&quot;&quot;,&quot;caption&quot;:&quot;&quot;,&quot;created_timestamp&quot;:&quot;0&quot;,&quot;copyright&quot;:&quot;&quot;,&quot;focal_length&quot;:&quot;0&quot;,&quot;iso&quot;:&quot;0&quot;,&quot;shutter_speed&quot;:&quot;0&quot;,&quot;title&quot;:&quot;&quot;,&quot;orientation&quot;:&quot;0&quot;}\" data-image-title=\"EXPO2025-full\" data-image-description=\"\" data-image-caption=\"\" data-large-file=\"https:\/\/www.fgautron.com\/weblog\/wp-content\/\/EXPO2025-full-700x363.jpg\" src=\"https:\/\/www.fgautron.com\/weblog\/wp-content\/\/EXPO2025-full.jpg\" alt=\"\" width=\"2000\" height=\"1038\" class=\"aligncenter size-full wp-image-46921\" srcset=\"https:\/\/www.fgautron.com\/weblog\/wp-content\/EXPO2025-full.jpg 2000w, https:\/\/www.fgautron.com\/weblog\/wp-content\/EXPO2025-full-300x156.jpg 300w, https:\/\/www.fgautron.com\/weblog\/wp-content\/EXPO2025-full-700x363.jpg 700w, https:\/\/www.fgautron.com\/weblog\/wp-content\/EXPO2025-full-1536x797.jpg 1536w, https:\/\/www.fgautron.com\/weblog\/wp-content\/EXPO2025-full-800x415.jpg 800w\" sizes=\"auto, (max-width: 2000px) 100vw, 2000px\" \/><\/p>\n<p>Il arrive que, pour certains pavillons sans file d\u2019attente pr\u00e9cise, les portes s\u2019ouvrent soudainement \u00e0 notre passage, devenant une sorte d\u2019invitation \u00e0 d\u00e9couvrir l\u2019int\u00e9rieur. C\u2019\u00e9tait le cas du pavillon Commons-A, commun \u00e0 plusieurs pays. Les portes se sont ouvertes \u00e0 mon passage et je m\u2019y suis engouffr\u00e9 en suivant le flot de la foule, sans r\u00e9sister. Une fois \u00e0 l\u2019int\u00e9rieur, on ne se bouscule plus. Je passe en revue les diff\u00e9rents stands, mais je m\u2019attarde un peu plus sur celui de la Mac\u00e9doine du Nord, non pas parce que la responsable du stand \u00e9tait charmante, mais parce qu\u2019on y pr\u00e9sentait une maquette de la capitale Skopje con\u00e7ue par Kenzo Tange.<\/p>\n<p><img loading=\"lazy\" decoding=\"async\" data-attachment-id=\"46931\" data-permalink=\"https:\/\/www.fgautron.com\/weblog\/archives\/2025\/09\/23\/osaka-expo-2025-4\/img_3042axcm\/\" data-orig-file=\"https:\/\/www.fgautron.com\/weblog\/wp-content\/\/IMG_3042axcm.jpg\" data-orig-size=\"2000,978\" data-comments-opened=\"1\" data-image-meta=\"{&quot;aperture&quot;:&quot;1.6&quot;,&quot;credit&quot;:&quot;&quot;,&quot;camera&quot;:&quot;iPhone 13&quot;,&quot;caption&quot;:&quot;&quot;,&quot;created_timestamp&quot;:&quot;1758118393&quot;,&quot;copyright&quot;:&quot;&quot;,&quot;focal_length&quot;:&quot;5.1&quot;,&quot;iso&quot;:&quot;64&quot;,&quot;shutter_speed&quot;:&quot;0.0083333333333333&quot;,&quot;title&quot;:&quot;&quot;,&quot;orientation&quot;:&quot;1&quot;}\" data-image-title=\"IMG_3042axcm\" data-image-description=\"\" data-image-caption=\"\" data-large-file=\"https:\/\/www.fgautron.com\/weblog\/wp-content\/\/IMG_3042axcm-700x342.jpg\" src=\"https:\/\/www.fgautron.com\/weblog\/wp-content\/\/IMG_3042axcm.jpg\" alt=\"\" width=\"2000\" height=\"978\" class=\"aligncenter size-full wp-image-46931\" srcset=\"https:\/\/www.fgautron.com\/weblog\/wp-content\/IMG_3042axcm.jpg 2000w, https:\/\/www.fgautron.com\/weblog\/wp-content\/IMG_3042axcm-300x147.jpg 300w, https:\/\/www.fgautron.com\/weblog\/wp-content\/IMG_3042axcm-700x342.jpg 700w, https:\/\/www.fgautron.com\/weblog\/wp-content\/IMG_3042axcm-1536x751.jpg 1536w, https:\/\/www.fgautron.com\/weblog\/wp-content\/IMG_3042axcm-800x391.jpg 800w\" sizes=\"auto, (max-width: 2000px) 100vw, 2000px\" \/><\/p>\n<p>Kenzo Tange a jou\u00e9 un r\u00f4le central dans la <a href=\"https:\/\/en.wikipedia.org\/wiki\/Reconstruction_of_Skopje_1963\">reconstruction de Skopje<\/a> apr\u00e8s le tremblement de terre de 1963, qui d\u00e9truisit une grande partie de la ville. Avec son \u00e9quipe, il remporta en 1965 un concours organis\u00e9 par les Nations Unies pour le plan directeur de reconstruction. Le plan propos\u00e9, que l\u2019on pouvait voir en maquette, \u00e9tait moderniste avec des \u00e9l\u00e9ments m\u00e9tabolistes, pensant la ville comme un ensemble ouvert organis\u00e9 autour d\u2019un grand ensemble r\u00e9sidentiel lin\u00e9aire appel\u00e9 City Wall. Au final, certaines parties du plan ont \u00e9t\u00e9 construites, mais beaucoup d\u2019\u00e9l\u00e9ments sont rest\u00e9s sur le papier. Cette partie de la visite \u00e9tait particuli\u00e8rement int\u00e9ressante, mais j\u2019ai eu, dans l\u2019ensemble, plut\u00f4t l\u2019impression que les pays pr\u00e9sentaient leurs pavillons de mani\u00e8re attractive, voire commerciale, plut\u00f4t que de pr\u00e9senter des innovations ou sp\u00e9cialit\u00e9s qui nous auraient amen\u00e9 \u00e0 une r\u00e9flexion. J\u2019ai \u00e9galement ressenti cela sur les quelques autres pavillons que nous avons visit\u00e9s plus tard.<\/p>\n","protected":false},"excerpt":{"rendered":"<p>J\u2019avais pr\u00e9venu au d\u00e9but de cette s\u00e9rie que j\u2019avais beaucoup de photographies \u00e0 montrer des nombreux pavillons de l\u2019Expo 2025 d\u2019Osaka. L\u2019\u00eele artificielle de Yumeshima est remplie \u00e0 ras bord de constructions toutes plus int\u00e9ressantes les unes que les autres. La densit\u00e9 pourrait m\u00eame devenir \u00e9crasante. La foule rend parfois le cadrage des photographies difficile,&#8230;<\/p>\n","protected":false},"author":1,"featured_media":0,"comment_status":"open","ping_status":"open","sticky":false,"template":"","format":"standard","meta":{"_jetpack_memberships_contains_paid_content":false,"footnotes":"","jetpack_publicize_message":"","jetpack_publicize_feature_enabled":true,"jetpack_social_post_already_shared":true,"jetpack_social_options":{"image_generator_settings":{"template":"highway","default_image_id":0,"font":"","enabled":false},"version":2}},"categories":[17,1236],"tags":[4707,4703,4704,4706,186,4702,4679,4677,4705,4701,747,4708,4678],"class_list":["post-46821","post","type-post","status-publish","format-standard","hentry","category-architecture","category-osaka","tag-akihito-okunaka","tag-bwm-designers-architects","tag-china-academy-of-building-research","tag-interplay-architects","tag-kenzo-tange","tag-manuel-herz","tag-myaku-myaku","tag-osaka-expo-2025","tag-shogo-onodera","tag-skopje","tag-sou-fujimoto","tag-woo-architects","tag-4678"],"jetpack_publicize_connections":[],"jetpack_featured_media_url":"","jetpack_sharing_enabled":true,"jetpack_likes_enabled":true,"_links":{"self":[{"href":"https:\/\/www.fgautron.com\/weblog\/wp-json\/wp\/v2\/posts\/46821","targetHints":{"allow":["GET"]}}],"collection":[{"href":"https:\/\/www.fgautron.com\/weblog\/wp-json\/wp\/v2\/posts"}],"about":[{"href":"https:\/\/www.fgautron.com\/weblog\/wp-json\/wp\/v2\/types\/post"}],"author":[{"embeddable":true,"href":"https:\/\/www.fgautron.com\/weblog\/wp-json\/wp\/v2\/users\/1"}],"replies":[{"embeddable":true,"href":"https:\/\/www.fgautron.com\/weblog\/wp-json\/wp\/v2\/comments?post=46821"}],"version-history":[{"count":9,"href":"https:\/\/www.fgautron.com\/weblog\/wp-json\/wp\/v2\/posts\/46821\/revisions"}],"predecessor-version":[{"id":46933,"href":"https:\/\/www.fgautron.com\/weblog\/wp-json\/wp\/v2\/posts\/46821\/revisions\/46933"}],"wp:attachment":[{"href":"https:\/\/www.fgautron.com\/weblog\/wp-json\/wp\/v2\/media?parent=46821"}],"wp:term":[{"taxonomy":"category","embeddable":true,"href":"https:\/\/www.fgautron.com\/weblog\/wp-json\/wp\/v2\/categories?post=46821"},{"taxonomy":"post_tag","embeddable":true,"href":"https:\/\/www.fgautron.com\/weblog\/wp-json\/wp\/v2\/tags?post=46821"}],"curies":[{"name":"wp","href":"https:\/\/api.w.org\/{rel}","templated":true}]}}