{"id":46833,"date":"2025-09-25T23:11:13","date_gmt":"2025-09-25T14:11:13","guid":{"rendered":"https:\/\/www.fgautron.com\/weblog\/?p=46833"},"modified":"2025-09-25T23:11:13","modified_gmt":"2025-09-25T14:11:13","slug":"osaka-expo-2025-5","status":"publish","type":"post","link":"https:\/\/www.fgautron.com\/weblog\/archives\/2025\/09\/25\/osaka-expo-2025-5\/","title":{"rendered":"Osaka Expo 2025 (5)"},"content":{"rendered":"<figure style=\"width: 2000px\" class=\"wp-caption aligncenter\"><img loading=\"lazy\" decoding=\"async\" data-attachment-id=\"46834\" data-permalink=\"https:\/\/www.fgautron.com\/weblog\/archives\/2025\/09\/25\/osaka-expo-2025-5\/img_6923axcm\/\" data-orig-file=\"https:\/\/www.fgautron.com\/weblog\/wp-content\/\/IMG_6923axcm.jpg\" data-orig-size=\"2000,1333\" data-comments-opened=\"1\" data-image-meta=\"{&quot;aperture&quot;:&quot;11&quot;,&quot;credit&quot;:&quot;&quot;,&quot;camera&quot;:&quot;Canon EOS 50D&quot;,&quot;caption&quot;:&quot;&quot;,&quot;created_timestamp&quot;:&quot;1758119334&quot;,&quot;copyright&quot;:&quot;&quot;,&quot;focal_length&quot;:&quot;17&quot;,&quot;iso&quot;:&quot;200&quot;,&quot;shutter_speed&quot;:&quot;0.004&quot;,&quot;title&quot;:&quot;&quot;,&quot;orientation&quot;:&quot;1&quot;}\" data-image-title=\"IMG_6923axcm\" data-image-description=\"\" data-image-caption=\"&lt;p&gt;EXPO National Day Hall par Akihisa Hirata.&lt;\/p&gt;\n\" data-large-file=\"https:\/\/www.fgautron.com\/weblog\/wp-content\/\/IMG_6923axcm-700x467.jpg\" src=\"https:\/\/www.fgautron.com\/weblog\/wp-content\/\/IMG_6923axcm.jpg\" alt=\"\" width=\"2000\" height=\"1333\" class=\"size-full wp-image-46834\" srcset=\"https:\/\/www.fgautron.com\/weblog\/wp-content\/IMG_6923axcm.jpg 2000w, https:\/\/www.fgautron.com\/weblog\/wp-content\/IMG_6923axcm-300x200.jpg 300w, https:\/\/www.fgautron.com\/weblog\/wp-content\/IMG_6923axcm-700x467.jpg 700w, https:\/\/www.fgautron.com\/weblog\/wp-content\/IMG_6923axcm-1536x1024.jpg 1536w, https:\/\/www.fgautron.com\/weblog\/wp-content\/IMG_6923axcm-800x533.jpg 800w\" sizes=\"auto, (max-width: 2000px) 100vw, 2000px\" \/><figcaption class=\"wp-caption-text\">EXPO National Day Hall par Akihisa Hirata.<\/figcaption><\/figure>\n<figure style=\"width: 2000px\" class=\"wp-caption aligncenter\"><img loading=\"lazy\" decoding=\"async\" data-attachment-id=\"46835\" data-permalink=\"https:\/\/www.fgautron.com\/weblog\/archives\/2025\/09\/25\/osaka-expo-2025-5\/img_6925axcm\/\" data-orig-file=\"https:\/\/www.fgautron.com\/weblog\/wp-content\/\/IMG_6925axcm.jpg\" data-orig-size=\"2000,1333\" data-comments-opened=\"1\" data-image-meta=\"{&quot;aperture&quot;:&quot;13&quot;,&quot;credit&quot;:&quot;&quot;,&quot;camera&quot;:&quot;Canon EOS 50D&quot;,&quot;caption&quot;:&quot;&quot;,&quot;created_timestamp&quot;:&quot;1758119458&quot;,&quot;copyright&quot;:&quot;&quot;,&quot;focal_length&quot;:&quot;17&quot;,&quot;iso&quot;:&quot;200&quot;,&quot;shutter_speed&quot;:&quot;0.003125&quot;,&quot;title&quot;:&quot;&quot;,&quot;orientation&quot;:&quot;1&quot;}\" data-image-title=\"IMG_6925axcm\" data-image-description=\"\" data-image-caption=\"\" data-large-file=\"https:\/\/www.fgautron.com\/weblog\/wp-content\/\/IMG_6925axcm-700x467.jpg\" src=\"https:\/\/www.fgautron.com\/weblog\/wp-content\/\/IMG_6925axcm.jpg\" alt=\"\" width=\"2000\" height=\"1333\" class=\"aligncenter size-full wp-image-46835\" srcset=\"https:\/\/www.fgautron.com\/weblog\/wp-content\/IMG_6925axcm.jpg 2000w, https:\/\/www.fgautron.com\/weblog\/wp-content\/IMG_6925axcm-300x200.jpg 300w, https:\/\/www.fgautron.com\/weblog\/wp-content\/IMG_6925axcm-700x467.jpg 700w, https:\/\/www.fgautron.com\/weblog\/wp-content\/IMG_6925axcm-1536x1024.jpg 1536w, https:\/\/www.fgautron.com\/weblog\/wp-content\/IMG_6925axcm-800x533.jpg 800w\" sizes=\"auto, (max-width: 2000px) 100vw, 2000px\" \/><figcaption class=\"wp-caption-text\">EXPO National Day Hall par Akihisa Hirata.<\/figcaption><\/figure>\n<figure style=\"width: 2000px\" class=\"wp-caption aligncenter\"><img loading=\"lazy\" decoding=\"async\" data-attachment-id=\"46836\" data-permalink=\"https:\/\/www.fgautron.com\/weblog\/archives\/2025\/09\/25\/osaka-expo-2025-5\/img_6919axcm\/\" data-orig-file=\"https:\/\/www.fgautron.com\/weblog\/wp-content\/\/IMG_6919axcm.jpg\" data-orig-size=\"2000,1333\" data-comments-opened=\"1\" data-image-meta=\"{&quot;aperture&quot;:&quot;13&quot;,&quot;credit&quot;:&quot;&quot;,&quot;camera&quot;:&quot;Canon EOS 50D&quot;,&quot;caption&quot;:&quot;&quot;,&quot;created_timestamp&quot;:&quot;1758119159&quot;,&quot;copyright&quot;:&quot;&quot;,&quot;focal_length&quot;:&quot;17&quot;,&quot;iso&quot;:&quot;200&quot;,&quot;shutter_speed&quot;:&quot;0.003125&quot;,&quot;title&quot;:&quot;&quot;,&quot;orientation&quot;:&quot;1&quot;}\" data-image-title=\"IMG_6919axcm\" data-image-description=\"\" data-image-caption=\"\" data-large-file=\"https:\/\/www.fgautron.com\/weblog\/wp-content\/\/IMG_6919axcm-700x467.jpg\" src=\"https:\/\/www.fgautron.com\/weblog\/wp-content\/\/IMG_6919axcm.jpg\" alt=\"\" width=\"2000\" height=\"1333\" class=\"aligncenter size-full wp-image-46836\" srcset=\"https:\/\/www.fgautron.com\/weblog\/wp-content\/IMG_6919axcm.jpg 2000w, https:\/\/www.fgautron.com\/weblog\/wp-content\/IMG_6919axcm-300x200.jpg 300w, https:\/\/www.fgautron.com\/weblog\/wp-content\/IMG_6919axcm-700x467.jpg 700w, https:\/\/www.fgautron.com\/weblog\/wp-content\/IMG_6919axcm-1536x1024.jpg 1536w, https:\/\/www.fgautron.com\/weblog\/wp-content\/IMG_6919axcm-800x533.jpg 800w\" sizes=\"auto, (max-width: 2000px) 100vw, 2000px\" \/><figcaption class=\"wp-caption-text\">Pavillon du Portugal par Kengo Kuma.<\/figcaption><\/figure>\n<figure style=\"width: 2000px\" class=\"wp-caption aligncenter\"><img loading=\"lazy\" decoding=\"async\" data-attachment-id=\"46837\" data-permalink=\"https:\/\/www.fgautron.com\/weblog\/archives\/2025\/09\/25\/osaka-expo-2025-5\/img_6920axcm\/\" data-orig-file=\"https:\/\/www.fgautron.com\/weblog\/wp-content\/\/IMG_6920axcm.jpg\" data-orig-size=\"2000,1333\" data-comments-opened=\"1\" data-image-meta=\"{&quot;aperture&quot;:&quot;13&quot;,&quot;credit&quot;:&quot;&quot;,&quot;camera&quot;:&quot;Canon EOS 50D&quot;,&quot;caption&quot;:&quot;&quot;,&quot;created_timestamp&quot;:&quot;1758119253&quot;,&quot;copyright&quot;:&quot;&quot;,&quot;focal_length&quot;:&quot;17&quot;,&quot;iso&quot;:&quot;200&quot;,&quot;shutter_speed&quot;:&quot;0.003125&quot;,&quot;title&quot;:&quot;&quot;,&quot;orientation&quot;:&quot;1&quot;}\" data-image-title=\"IMG_6920axcm\" data-image-description=\"\" data-image-caption=\"\" data-large-file=\"https:\/\/www.fgautron.com\/weblog\/wp-content\/\/IMG_6920axcm-700x467.jpg\" src=\"https:\/\/www.fgautron.com\/weblog\/wp-content\/\/IMG_6920axcm.jpg\" alt=\"\" width=\"2000\" height=\"1333\" class=\"aligncenter size-full wp-image-46837\" srcset=\"https:\/\/www.fgautron.com\/weblog\/wp-content\/IMG_6920axcm.jpg 2000w, https:\/\/www.fgautron.com\/weblog\/wp-content\/IMG_6920axcm-300x200.jpg 300w, https:\/\/www.fgautron.com\/weblog\/wp-content\/IMG_6920axcm-700x467.jpg 700w, https:\/\/www.fgautron.com\/weblog\/wp-content\/IMG_6920axcm-1536x1024.jpg 1536w, https:\/\/www.fgautron.com\/weblog\/wp-content\/IMG_6920axcm-800x533.jpg 800w\" sizes=\"auto, (max-width: 2000px) 100vw, 2000px\" \/><figcaption class=\"wp-caption-text\">Vue d&rsquo;ensemble depuis l&rsquo;Est du grand anneau.<\/figcaption><\/figure>\n<figure style=\"width: 2000px\" class=\"wp-caption aligncenter\"><img loading=\"lazy\" decoding=\"async\" data-attachment-id=\"46838\" data-permalink=\"https:\/\/www.fgautron.com\/weblog\/archives\/2025\/09\/25\/osaka-expo-2025-5\/img_6929axcm\/\" data-orig-file=\"https:\/\/www.fgautron.com\/weblog\/wp-content\/\/IMG_6929axcm.jpg\" data-orig-size=\"2000,1333\" data-comments-opened=\"1\" data-image-meta=\"{&quot;aperture&quot;:&quot;13&quot;,&quot;credit&quot;:&quot;&quot;,&quot;camera&quot;:&quot;Canon EOS 50D&quot;,&quot;caption&quot;:&quot;&quot;,&quot;created_timestamp&quot;:&quot;1758119649&quot;,&quot;copyright&quot;:&quot;&quot;,&quot;focal_length&quot;:&quot;17&quot;,&quot;iso&quot;:&quot;200&quot;,&quot;shutter_speed&quot;:&quot;0.003125&quot;,&quot;title&quot;:&quot;&quot;,&quot;orientation&quot;:&quot;1&quot;}\" data-image-title=\"IMG_6929axcm\" data-image-description=\"\" data-image-caption=\"\" data-large-file=\"https:\/\/www.fgautron.com\/weblog\/wp-content\/\/IMG_6929axcm-700x467.jpg\" src=\"https:\/\/www.fgautron.com\/weblog\/wp-content\/\/IMG_6929axcm.jpg\" alt=\"\" width=\"2000\" height=\"1333\" class=\"aligncenter size-full wp-image-46838\" srcset=\"https:\/\/www.fgautron.com\/weblog\/wp-content\/IMG_6929axcm.jpg 2000w, https:\/\/www.fgautron.com\/weblog\/wp-content\/IMG_6929axcm-300x200.jpg 300w, https:\/\/www.fgautron.com\/weblog\/wp-content\/IMG_6929axcm-700x467.jpg 700w, https:\/\/www.fgautron.com\/weblog\/wp-content\/IMG_6929axcm-1536x1024.jpg 1536w, https:\/\/www.fgautron.com\/weblog\/wp-content\/IMG_6929axcm-800x533.jpg 800w\" sizes=\"auto, (max-width: 2000px) 100vw, 2000px\" \/><figcaption class=\"wp-caption-text\">EXPO Hall par Toyo Ito.<\/figcaption><\/figure>\n<figure style=\"width: 2000px\" class=\"wp-caption aligncenter\"><img loading=\"lazy\" decoding=\"async\" data-attachment-id=\"46839\" data-permalink=\"https:\/\/www.fgautron.com\/weblog\/archives\/2025\/09\/25\/osaka-expo-2025-5\/img_6932axcm\/\" data-orig-file=\"https:\/\/www.fgautron.com\/weblog\/wp-content\/\/IMG_6932axcm.jpg\" data-orig-size=\"2000,1344\" data-comments-opened=\"1\" data-image-meta=\"{&quot;aperture&quot;:&quot;13&quot;,&quot;credit&quot;:&quot;&quot;,&quot;camera&quot;:&quot;Canon EOS 50D&quot;,&quot;caption&quot;:&quot;&quot;,&quot;created_timestamp&quot;:&quot;1758119776&quot;,&quot;copyright&quot;:&quot;&quot;,&quot;focal_length&quot;:&quot;19&quot;,&quot;iso&quot;:&quot;200&quot;,&quot;shutter_speed&quot;:&quot;0.0025&quot;,&quot;title&quot;:&quot;&quot;,&quot;orientation&quot;:&quot;1&quot;}\" data-image-title=\"IMG_6932axcm\" data-image-description=\"\" data-image-caption=\"\" data-large-file=\"https:\/\/www.fgautron.com\/weblog\/wp-content\/\/IMG_6932axcm-700x470.jpg\" src=\"https:\/\/www.fgautron.com\/weblog\/wp-content\/\/IMG_6932axcm.jpg\" alt=\"\" width=\"2000\" height=\"1344\" class=\"aligncenter size-full wp-image-46839\" srcset=\"https:\/\/www.fgautron.com\/weblog\/wp-content\/IMG_6932axcm.jpg 2000w, https:\/\/www.fgautron.com\/weblog\/wp-content\/IMG_6932axcm-300x202.jpg 300w, https:\/\/www.fgautron.com\/weblog\/wp-content\/IMG_6932axcm-700x470.jpg 700w, https:\/\/www.fgautron.com\/weblog\/wp-content\/IMG_6932axcm-1536x1032.jpg 1536w, https:\/\/www.fgautron.com\/weblog\/wp-content\/IMG_6932axcm-800x538.jpg 800w\" sizes=\"auto, (max-width: 2000px) 100vw, 2000px\" \/><figcaption class=\"wp-caption-text\">Pavillon du Canada par Rayside Labossi\u00e8re &#038; Guillaume Pelletier.<\/figcaption><\/figure>\n<figure style=\"width: 2000px\" class=\"wp-caption aligncenter\"><img loading=\"lazy\" decoding=\"async\" data-attachment-id=\"46840\" data-permalink=\"https:\/\/www.fgautron.com\/weblog\/archives\/2025\/09\/25\/osaka-expo-2025-5\/img_6934axcm\/\" data-orig-file=\"https:\/\/www.fgautron.com\/weblog\/wp-content\/\/IMG_6934axcm.jpg\" data-orig-size=\"2000,1333\" data-comments-opened=\"1\" data-image-meta=\"{&quot;aperture&quot;:&quot;13&quot;,&quot;credit&quot;:&quot;&quot;,&quot;camera&quot;:&quot;Canon EOS 50D&quot;,&quot;caption&quot;:&quot;&quot;,&quot;created_timestamp&quot;:&quot;1758119958&quot;,&quot;copyright&quot;:&quot;&quot;,&quot;focal_length&quot;:&quot;17&quot;,&quot;iso&quot;:&quot;200&quot;,&quot;shutter_speed&quot;:&quot;0.0025&quot;,&quot;title&quot;:&quot;&quot;,&quot;orientation&quot;:&quot;1&quot;}\" data-image-title=\"IMG_6934axcm\" data-image-description=\"\" data-image-caption=\"\" data-large-file=\"https:\/\/www.fgautron.com\/weblog\/wp-content\/\/IMG_6934axcm-700x467.jpg\" src=\"https:\/\/www.fgautron.com\/weblog\/wp-content\/\/IMG_6934axcm.jpg\" alt=\"\" width=\"2000\" height=\"1333\" class=\"aligncenter size-full wp-image-46840\" srcset=\"https:\/\/www.fgautron.com\/weblog\/wp-content\/IMG_6934axcm.jpg 2000w, https:\/\/www.fgautron.com\/weblog\/wp-content\/IMG_6934axcm-300x200.jpg 300w, https:\/\/www.fgautron.com\/weblog\/wp-content\/IMG_6934axcm-700x467.jpg 700w, https:\/\/www.fgautron.com\/weblog\/wp-content\/IMG_6934axcm-1536x1024.jpg 1536w, https:\/\/www.fgautron.com\/weblog\/wp-content\/IMG_6934axcm-800x533.jpg 800w\" sizes=\"auto, (max-width: 2000px) 100vw, 2000px\" \/><figcaption class=\"wp-caption-text\">Pavillon du Qatar par Kengo Kuma.<\/figcaption><\/figure>\n<figure style=\"width: 2000px\" class=\"wp-caption aligncenter\"><img loading=\"lazy\" decoding=\"async\" data-attachment-id=\"46841\" data-permalink=\"https:\/\/www.fgautron.com\/weblog\/archives\/2025\/09\/25\/osaka-expo-2025-5\/img_6936axcm\/\" data-orig-file=\"https:\/\/www.fgautron.com\/weblog\/wp-content\/\/IMG_6936axcm.jpg\" data-orig-size=\"2000,1333\" data-comments-opened=\"1\" data-image-meta=\"{&quot;aperture&quot;:&quot;13&quot;,&quot;credit&quot;:&quot;&quot;,&quot;camera&quot;:&quot;Canon EOS 50D&quot;,&quot;caption&quot;:&quot;&quot;,&quot;created_timestamp&quot;:&quot;1758120164&quot;,&quot;copyright&quot;:&quot;&quot;,&quot;focal_length&quot;:&quot;17&quot;,&quot;iso&quot;:&quot;200&quot;,&quot;shutter_speed&quot;:&quot;0.003125&quot;,&quot;title&quot;:&quot;&quot;,&quot;orientation&quot;:&quot;1&quot;}\" data-image-title=\"IMG_6936axcm\" data-image-description=\"\" data-image-caption=\"\" data-large-file=\"https:\/\/www.fgautron.com\/weblog\/wp-content\/\/IMG_6936axcm-700x467.jpg\" src=\"https:\/\/www.fgautron.com\/weblog\/wp-content\/\/IMG_6936axcm.jpg\" alt=\"\" width=\"2000\" height=\"1333\" class=\"aligncenter size-full wp-image-46841\" srcset=\"https:\/\/www.fgautron.com\/weblog\/wp-content\/IMG_6936axcm.jpg 2000w, https:\/\/www.fgautron.com\/weblog\/wp-content\/IMG_6936axcm-300x200.jpg 300w, https:\/\/www.fgautron.com\/weblog\/wp-content\/IMG_6936axcm-700x467.jpg 700w, https:\/\/www.fgautron.com\/weblog\/wp-content\/IMG_6936axcm-1536x1024.jpg 1536w, https:\/\/www.fgautron.com\/weblog\/wp-content\/IMG_6936axcm-800x533.jpg 800w\" sizes=\"auto, (max-width: 2000px) 100vw, 2000px\" \/><figcaption class=\"wp-caption-text\">Pavillon de la France par Thomas Coldefy &#038; Carlo Ratti.<\/figcaption><\/figure>\n<figure style=\"width: 2000px\" class=\"wp-caption aligncenter\"><img loading=\"lazy\" decoding=\"async\" data-attachment-id=\"46842\" data-permalink=\"https:\/\/www.fgautron.com\/weblog\/archives\/2025\/09\/25\/osaka-expo-2025-5\/img_6953axcm\/\" data-orig-file=\"https:\/\/www.fgautron.com\/weblog\/wp-content\/\/IMG_6953axcm.jpg\" data-orig-size=\"2000,1333\" data-comments-opened=\"1\" data-image-meta=\"{&quot;aperture&quot;:&quot;10&quot;,&quot;credit&quot;:&quot;&quot;,&quot;camera&quot;:&quot;Canon EOS 50D&quot;,&quot;caption&quot;:&quot;&quot;,&quot;created_timestamp&quot;:&quot;1758121169&quot;,&quot;copyright&quot;:&quot;&quot;,&quot;focal_length&quot;:&quot;17&quot;,&quot;iso&quot;:&quot;200&quot;,&quot;shutter_speed&quot;:&quot;0.005&quot;,&quot;title&quot;:&quot;&quot;,&quot;orientation&quot;:&quot;1&quot;}\" data-image-title=\"IMG_6953axcm\" data-image-description=\"\" data-image-caption=\"\" data-large-file=\"https:\/\/www.fgautron.com\/weblog\/wp-content\/\/IMG_6953axcm-700x467.jpg\" src=\"https:\/\/www.fgautron.com\/weblog\/wp-content\/\/IMG_6953axcm.jpg\" alt=\"\" width=\"2000\" height=\"1333\" class=\"aligncenter size-full wp-image-46842\" srcset=\"https:\/\/www.fgautron.com\/weblog\/wp-content\/IMG_6953axcm.jpg 2000w, https:\/\/www.fgautron.com\/weblog\/wp-content\/IMG_6953axcm-300x200.jpg 300w, https:\/\/www.fgautron.com\/weblog\/wp-content\/IMG_6953axcm-700x467.jpg 700w, https:\/\/www.fgautron.com\/weblog\/wp-content\/IMG_6953axcm-1536x1024.jpg 1536w, https:\/\/www.fgautron.com\/weblog\/wp-content\/IMG_6953axcm-800x533.jpg 800w\" sizes=\"auto, (max-width: 2000px) 100vw, 2000px\" \/><figcaption class=\"wp-caption-text\">Pavillon des United States of America par Trey Trahan.<\/figcaption><\/figure>\n<figure style=\"width: 2000px\" class=\"wp-caption aligncenter\"><img loading=\"lazy\" decoding=\"async\" data-attachment-id=\"46843\" data-permalink=\"https:\/\/www.fgautron.com\/weblog\/archives\/2025\/09\/25\/osaka-expo-2025-5\/img_6938axcm\/\" data-orig-file=\"https:\/\/www.fgautron.com\/weblog\/wp-content\/\/IMG_6938axcm.jpg\" data-orig-size=\"2000,1333\" data-comments-opened=\"1\" data-image-meta=\"{&quot;aperture&quot;:&quot;11&quot;,&quot;credit&quot;:&quot;&quot;,&quot;camera&quot;:&quot;Canon EOS 50D&quot;,&quot;caption&quot;:&quot;&quot;,&quot;created_timestamp&quot;:&quot;1758120438&quot;,&quot;copyright&quot;:&quot;&quot;,&quot;focal_length&quot;:&quot;17&quot;,&quot;iso&quot;:&quot;200&quot;,&quot;shutter_speed&quot;:&quot;0.004&quot;,&quot;title&quot;:&quot;&quot;,&quot;orientation&quot;:&quot;1&quot;}\" data-image-title=\"IMG_6938axcm\" data-image-description=\"\" data-image-caption=\"\" data-large-file=\"https:\/\/www.fgautron.com\/weblog\/wp-content\/\/IMG_6938axcm-700x467.jpg\" src=\"https:\/\/www.fgautron.com\/weblog\/wp-content\/\/IMG_6938axcm.jpg\" alt=\"\" width=\"2000\" height=\"1333\" class=\"aligncenter size-full wp-image-46843\" srcset=\"https:\/\/www.fgautron.com\/weblog\/wp-content\/IMG_6938axcm.jpg 2000w, https:\/\/www.fgautron.com\/weblog\/wp-content\/IMG_6938axcm-300x200.jpg 300w, https:\/\/www.fgautron.com\/weblog\/wp-content\/IMG_6938axcm-700x467.jpg 700w, https:\/\/www.fgautron.com\/weblog\/wp-content\/IMG_6938axcm-1536x1024.jpg 1536w, https:\/\/www.fgautron.com\/weblog\/wp-content\/IMG_6938axcm-800x533.jpg 800w\" sizes=\"auto, (max-width: 2000px) 100vw, 2000px\" \/><figcaption class=\"wp-caption-text\">Electric Power Pavillon &#8211; Eggs of Possibilities par Dentsu Live &#038; Nikken Sekkei.<\/figcaption><\/figure>\n<p>J\u2019\u00e9volue ensuite dans la zone Empowering Lives, qui est certainement la plus grande section de l\u2019Expo, et dont la bordure Est comprend l\u2019entr\u00e9e principale. Cette zone est la plus dense en visiteurs mais, comme la foule se concentre dans les files d\u2019attente devant certains pavillons, on peut tout de m\u00eame trouver des espaces o\u00f9 circuler librement. On y trouve des b\u00e2timents \u00e0 l\u2019architecture tr\u00e8s int\u00e9ressante comme l\u2019EXPO National Day Hall con\u00e7u par Akihisa Hirata. La structure de l\u2019\u00e9difice est l\u00e9g\u00e8re, plac\u00e9e au-dessus d\u2019un b\u00e2timent plus traditionnel ressemblant \u00e0 un petit sanctuaire. Ce b\u00e2timent tr\u00e8s \u00e9l\u00e9gant est situ\u00e9 en bordure du parc, pr\u00e8s de l\u2019oc\u00e9an. On imagine assez bien que sa structure fragile n\u2019est pas faite pour durer. Elle para\u00eet en tout point \u00e9ph\u00e9m\u00e8re, et c\u2019est m\u00eame ce qui fait sa beaut\u00e9 et son int\u00e9r\u00eat. Un peu plus loin, on trouve le fameux EXPO Hall, surnomm\u00e9 Shining Hat, con\u00e7u par Toyo Ito. Ce b\u00e2timent, qui accueillait la c\u00e9r\u00e9monie d\u2019ouverture et certainement celle de fermeture, se compose d\u2019un disque dor\u00e9 pos\u00e9 sur une base cylindrique. Cet \u00e9difice imm\u00e9diatement remarquable repr\u00e9sente une sorte d\u2019antenne parabolique transmettant et recevant des informations. Ce pavillon est accessible uniquement sur r\u00e9servation pr\u00e9alable et il est donc tr\u00e8s difficile de le visiter. Un coll\u00e8gue ayant visit\u00e9 l\u2019Expo \u00e0 la fin du mois d\u2019avril (le mois d\u2019ouverture) m\u2019a fait part du fait que le pavillon \u00e9tait bien sous r\u00e9servation la journ\u00e9e \u00e0 cette \u00e9poque, mais devenait ouvert au public le soir. Il y avait beaucoup moins de monde au d\u00e9but de l\u2019Expo, ce qui me fait un peu regretter de ne pas nous \u00eatre d\u00e9cid\u00e9s \u00e0 y aller plus t\u00f4t. J\u2019ai pu au moins profiter de son ext\u00e9rieur, comme pour un grand nombre de pavillons, celui-ci ayant la particularit\u00e9 visuelle de ressembler \u00e0 un <a href=\"https:\/\/www.instagram.com\/p\/DLrRiGjsDl7\/?img_index=2\">trou dans le ciel<\/a>. Il semble tout droit sorti de l\u2019imagination du manga Doraemon. Ce rapprochement me revient soudainement en t\u00eate car il y a un \u00e9pisode o\u00f9 Doraemon fait transiter des robots dans un monde parall\u00e8le gr\u00e2ce \u00e0 un trou dans le ciel. Mes photographies ne rendent pas vraiment cette impression, mais ce b\u00e2timent n\u2019en reste pas moins po\u00e9tique et \u00e9l\u00e9gant, comme un bel objet d\u2019art.<\/p>\n<p>Le pavillon fran\u00e7ais est de grande taille et est tr\u00e8s bien plac\u00e9 sur le site de l\u2019Expo. Je dirais qu\u2019il occupe, avec le pavillon am\u00e9ricain, un espace privil\u00e9gi\u00e9 au niveau de l\u2019entr\u00e9e principale (l\u2019entr\u00e9e Est), apr\u00e8s avoir travers\u00e9 le grand anneau. On disait qu\u2019il fallait au moins quatre heures d\u2019attente pour y entrer, car il \u00e9tait accessible sans r\u00e9servation. Plusieurs b\u00e2timents de pays \u00e9trangers ont \u00e9t\u00e9 con\u00e7us par Kengo Kuma, ce qui m\u2019a \u00e9tonn\u00e9. Le pavillon malaisien, construit de lamelles de bois, est typique de l\u2019architecture de Kuma, mais les pavillons du Qatar et du Portugal ont une apparence bien diff\u00e9rente et tr\u00e8s int\u00e9ressante. Dans la chaleur de l\u2019apr\u00e8s-midi, les bassins d\u2019eau devant certains pavillons, comme celui du Qatar, apportaient une certaine fra\u00eecheur. Le pavillon du Canada en forme d\u2019iceberg sur une banquise pouvait \u00e9galement donner une impression de fra\u00eecheur, mais il fallait tout de m\u00eame un peu d\u2019imagination. Nous sommes pr\u00e8s de l\u2019oc\u00e9an et le vent marin parvenait jusqu\u2019\u00e0 nous. Il y a assez peu d\u2019endroits o\u00f9 se prot\u00e9ger du soleil, mais on pouvait tout de m\u00eame prendre refuge sous le grand anneau.<\/p>\n<p><img loading=\"lazy\" decoding=\"async\" data-attachment-id=\"46939\" data-permalink=\"https:\/\/www.fgautron.com\/weblog\/archives\/2025\/09\/25\/osaka-expo-2025-5\/maihamainc-001\/\" data-orig-file=\"https:\/\/www.fgautron.com\/weblog\/wp-content\/\/maihamainc-001.jpg\" data-orig-size=\"1575,530\" data-comments-opened=\"1\" data-image-meta=\"{&quot;aperture&quot;:&quot;0&quot;,&quot;credit&quot;:&quot;&quot;,&quot;camera&quot;:&quot;&quot;,&quot;caption&quot;:&quot;&quot;,&quot;created_timestamp&quot;:&quot;0&quot;,&quot;copyright&quot;:&quot;&quot;,&quot;focal_length&quot;:&quot;0&quot;,&quot;iso&quot;:&quot;0&quot;,&quot;shutter_speed&quot;:&quot;0&quot;,&quot;title&quot;:&quot;&quot;,&quot;orientation&quot;:&quot;1&quot;}\" data-image-title=\"maihamainc-001\" data-image-description=\"\" data-image-caption=\"\" data-large-file=\"https:\/\/www.fgautron.com\/weblog\/wp-content\/\/maihamainc-001-700x236.jpg\" src=\"https:\/\/www.fgautron.com\/weblog\/wp-content\/\/maihamainc-001.jpg\" alt=\"\" width=\"1575\" height=\"530\" class=\"aligncenter size-full wp-image-46939\" srcset=\"https:\/\/www.fgautron.com\/weblog\/wp-content\/maihamainc-001.jpg 1575w, https:\/\/www.fgautron.com\/weblog\/wp-content\/maihamainc-001-300x101.jpg 300w, https:\/\/www.fgautron.com\/weblog\/wp-content\/maihamainc-001-700x236.jpg 700w, https:\/\/www.fgautron.com\/weblog\/wp-content\/maihamainc-001-1536x517.jpg 1536w, https:\/\/www.fgautron.com\/weblog\/wp-content\/maihamainc-001-800x269.jpg 800w\" sizes=\"auto, (max-width: 1575px) 100vw, 1575px\" \/><\/p>\n<p>Tous ces pavillons, tous plus originaux les uns que les autres, m\u2019ont presque fait oublier celui que l\u2019on avait aper\u00e7u sur l\u2019\u00eele de Maishima, alors que nous nous d\u00e9placions le matin du centre d\u2019Osaka jusqu\u2019\u00e0 l\u2019entr\u00e9e Ouest de l\u2019Expo. Il ne s\u2019agissait bien s\u00fbr pas d\u2019un pavillon en dehors de l\u2019Expo mais de l\u2019usine d\u2019incin\u00e9ration de Maishima (\u821e\u6d32\u5de5\u5834). Elle est remarquable pour son architecture unique et spectaculaire con\u00e7ue par l\u2019architecte autrichien Friedensreich Hundertwasser, connu pour son style color\u00e9 et organique. Les fa\u00e7ades orn\u00e9es de motifs color\u00e9s et de mosa\u00efques t\u00e9moignent d\u2019une fantaisie qui contraste fortement avec la fonction de l\u2019usine. Elle a \u00e9t\u00e9 con\u00e7ue en 2001, \u00e0 distance par Hundertwasser, qui n\u2019a jamais mis les pieds au Japon pour ce projet. L\u2019architecte est d\u00e9c\u00e9d\u00e9 en f\u00e9vrier 2000 et n\u2019a donc pas connu cette \u0153uvre architecturale termin\u00e9e. L\u2019usine d\u2019incin\u00e9ration de Maishima (\u821e\u6d32\u5de5\u5834) est le seul projet architectural de Hundertwasser au Japon. Ce complexe comprend en fait \u00e9galement un b\u00e2timent voisin qui joue le r\u00f4le de station de traitement des boues. \u00c0 noter, en d\u00e9tail, que la deuxi\u00e8me \u00e9pouse de Hundertwasser \u00e9tait une artiste japonaise nomm\u00e9e Yuko Ikewada (\u6c60\u548c\u7530\u512a\u5b50). Ils se sont mari\u00e9s en 1962. Cette union explique en partie les liens personnels de Hundertwasser avec le Japon d\u00e8s les ann\u00e9es 1960, bien avant ce projet \u00e0 Osaka.<\/p>\n","protected":false},"excerpt":{"rendered":"<p>J\u2019\u00e9volue ensuite dans la zone Empowering Lives, qui est certainement la plus grande section de l\u2019Expo, et dont la bordure Est comprend l\u2019entr\u00e9e principale. Cette zone est la plus dense en visiteurs mais, comme la foule se concentre dans les files d\u2019attente devant certains pavillons, on peut tout de m\u00eame trouver des espaces o\u00f9 circuler&#8230;<\/p>\n","protected":false},"author":1,"featured_media":0,"comment_status":"open","ping_status":"open","sticky":false,"template":"","format":"standard","meta":{"_jetpack_memberships_contains_paid_content":false,"footnotes":"","jetpack_publicize_message":"","jetpack_publicize_feature_enabled":true,"jetpack_social_post_already_shared":true,"jetpack_social_options":{"image_generator_settings":{"template":"highway","default_image_id":0,"font":"","enabled":false},"version":2}},"categories":[17,1236],"tags":[1051,4712,4714,4710,172,559,4677,4709,747,4711,179,4713,4678],"class_list":["post-46833","post","type-post","status-publish","format-standard","hentry","category-architecture","category-osaka","tag-akihisa-hirata","tag-carlo-ratti","tag-dentsu-live","tag-guillaume-pelletier","tag-kengo-kuma","tag-nikken-sekkei","tag-osaka-expo-2025","tag-rayside-labossiere","tag-sou-fujimoto","tag-thomas-coldefy","tag-toyo-ito","tag-trey-trahan","tag-4678"],"jetpack_publicize_connections":[],"jetpack_featured_media_url":"","jetpack_sharing_enabled":true,"jetpack_likes_enabled":true,"_links":{"self":[{"href":"https:\/\/www.fgautron.com\/weblog\/wp-json\/wp\/v2\/posts\/46833","targetHints":{"allow":["GET"]}}],"collection":[{"href":"https:\/\/www.fgautron.com\/weblog\/wp-json\/wp\/v2\/posts"}],"about":[{"href":"https:\/\/www.fgautron.com\/weblog\/wp-json\/wp\/v2\/types\/post"}],"author":[{"embeddable":true,"href":"https:\/\/www.fgautron.com\/weblog\/wp-json\/wp\/v2\/users\/1"}],"replies":[{"embeddable":true,"href":"https:\/\/www.fgautron.com\/weblog\/wp-json\/wp\/v2\/comments?post=46833"}],"version-history":[{"count":5,"href":"https:\/\/www.fgautron.com\/weblog\/wp-json\/wp\/v2\/posts\/46833\/revisions"}],"predecessor-version":[{"id":46942,"href":"https:\/\/www.fgautron.com\/weblog\/wp-json\/wp\/v2\/posts\/46833\/revisions\/46942"}],"wp:attachment":[{"href":"https:\/\/www.fgautron.com\/weblog\/wp-json\/wp\/v2\/media?parent=46833"}],"wp:term":[{"taxonomy":"category","embeddable":true,"href":"https:\/\/www.fgautron.com\/weblog\/wp-json\/wp\/v2\/categories?post=46833"},{"taxonomy":"post_tag","embeddable":true,"href":"https:\/\/www.fgautron.com\/weblog\/wp-json\/wp\/v2\/tags?post=46833"}],"curies":[{"name":"wp","href":"https:\/\/api.w.org\/{rel}","templated":true}]}}