{"id":46845,"date":"2025-09-26T22:44:59","date_gmt":"2025-09-26T13:44:59","guid":{"rendered":"https:\/\/www.fgautron.com\/weblog\/?p=46845"},"modified":"2025-09-26T22:44:59","modified_gmt":"2025-09-26T13:44:59","slug":"osaka-expo-2025-6","status":"publish","type":"post","link":"https:\/\/www.fgautron.com\/weblog\/archives\/2025\/09\/26\/osaka-expo-2025-6\/","title":{"rendered":"Osaka Expo 2025 (6)"},"content":{"rendered":"<figure style=\"width: 2000px\" class=\"wp-caption aligncenter\"><img loading=\"lazy\" decoding=\"async\" data-attachment-id=\"46846\" data-permalink=\"https:\/\/www.fgautron.com\/weblog\/archives\/2025\/09\/26\/osaka-expo-2025-6\/img_6942axcm\/\" data-orig-file=\"https:\/\/www.fgautron.com\/weblog\/wp-content\/\/IMG_6942axcm.jpg\" data-orig-size=\"2000,1355\" data-comments-opened=\"1\" data-image-meta=\"{&quot;aperture&quot;:&quot;13&quot;,&quot;credit&quot;:&quot;&quot;,&quot;camera&quot;:&quot;Canon EOS 50D&quot;,&quot;caption&quot;:&quot;&quot;,&quot;created_timestamp&quot;:&quot;1758120567&quot;,&quot;copyright&quot;:&quot;&quot;,&quot;focal_length&quot;:&quot;17&quot;,&quot;iso&quot;:&quot;200&quot;,&quot;shutter_speed&quot;:&quot;0.003125&quot;,&quot;title&quot;:&quot;&quot;,&quot;orientation&quot;:&quot;1&quot;}\" data-image-title=\"IMG_6942axcm\" data-image-description=\"\" data-image-caption=\"&lt;p&gt;Ext\u00e9rieur du NTT Pavillon par NTT Facilities Inc.&lt;\/p&gt;\n\" data-large-file=\"https:\/\/www.fgautron.com\/weblog\/wp-content\/\/IMG_6942axcm-700x474.jpg\" src=\"https:\/\/www.fgautron.com\/weblog\/wp-content\/\/IMG_6942axcm.jpg\" alt=\"\" width=\"2000\" height=\"1355\" class=\"size-full wp-image-46846\" srcset=\"https:\/\/www.fgautron.com\/weblog\/wp-content\/IMG_6942axcm.jpg 2000w, https:\/\/www.fgautron.com\/weblog\/wp-content\/IMG_6942axcm-300x203.jpg 300w, https:\/\/www.fgautron.com\/weblog\/wp-content\/IMG_6942axcm-700x474.jpg 700w, https:\/\/www.fgautron.com\/weblog\/wp-content\/IMG_6942axcm-1536x1041.jpg 1536w, https:\/\/www.fgautron.com\/weblog\/wp-content\/IMG_6942axcm-800x542.jpg 800w\" sizes=\"auto, (max-width: 2000px) 100vw, 2000px\" \/><figcaption class=\"wp-caption-text\">Ext\u00e9rieur du NTT Pavillon par NTT Facilities Inc.<\/figcaption><\/figure>\n<figure style=\"width: 2000px\" class=\"wp-caption aligncenter\"><img loading=\"lazy\" decoding=\"async\" data-attachment-id=\"46847\" data-permalink=\"https:\/\/www.fgautron.com\/weblog\/archives\/2025\/09\/26\/osaka-expo-2025-6\/img_6943axcm\/\" data-orig-file=\"https:\/\/www.fgautron.com\/weblog\/wp-content\/\/IMG_6943axcm.jpg\" data-orig-size=\"2000,1333\" data-comments-opened=\"1\" data-image-meta=\"{&quot;aperture&quot;:&quot;10&quot;,&quot;credit&quot;:&quot;&quot;,&quot;camera&quot;:&quot;Canon EOS 50D&quot;,&quot;caption&quot;:&quot;&quot;,&quot;created_timestamp&quot;:&quot;1758120648&quot;,&quot;copyright&quot;:&quot;&quot;,&quot;focal_length&quot;:&quot;17&quot;,&quot;iso&quot;:&quot;200&quot;,&quot;shutter_speed&quot;:&quot;0.005&quot;,&quot;title&quot;:&quot;&quot;,&quot;orientation&quot;:&quot;1&quot;}\" data-image-title=\"IMG_6943axcm\" data-image-description=\"\" data-image-caption=\"\" data-large-file=\"https:\/\/www.fgautron.com\/weblog\/wp-content\/\/IMG_6943axcm-700x467.jpg\" src=\"https:\/\/www.fgautron.com\/weblog\/wp-content\/\/IMG_6943axcm.jpg\" alt=\"\" width=\"2000\" height=\"1333\" class=\"aligncenter size-full wp-image-46847\" srcset=\"https:\/\/www.fgautron.com\/weblog\/wp-content\/IMG_6943axcm.jpg 2000w, https:\/\/www.fgautron.com\/weblog\/wp-content\/IMG_6943axcm-300x200.jpg 300w, https:\/\/www.fgautron.com\/weblog\/wp-content\/IMG_6943axcm-700x467.jpg 700w, https:\/\/www.fgautron.com\/weblog\/wp-content\/IMG_6943axcm-1536x1024.jpg 1536w, https:\/\/www.fgautron.com\/weblog\/wp-content\/IMG_6943axcm-800x533.jpg 800w\" sizes=\"auto, (max-width: 2000px) 100vw, 2000px\" \/><figcaption class=\"wp-caption-text\">Int\u00e9rieur du NTT Pavillon par NTT Facilities Inc.<\/figcaption><\/figure>\n<figure style=\"width: 2000px\" class=\"wp-caption aligncenter\"><img loading=\"lazy\" decoding=\"async\" data-attachment-id=\"46848\" data-permalink=\"https:\/\/www.fgautron.com\/weblog\/archives\/2025\/09\/26\/osaka-expo-2025-6\/img_6940axcm\/\" data-orig-file=\"https:\/\/www.fgautron.com\/weblog\/wp-content\/\/IMG_6940axcm.jpg\" data-orig-size=\"2000,1333\" data-comments-opened=\"1\" data-image-meta=\"{&quot;aperture&quot;:&quot;13&quot;,&quot;credit&quot;:&quot;&quot;,&quot;camera&quot;:&quot;Canon EOS 50D&quot;,&quot;caption&quot;:&quot;&quot;,&quot;created_timestamp&quot;:&quot;1758120474&quot;,&quot;copyright&quot;:&quot;&quot;,&quot;focal_length&quot;:&quot;17&quot;,&quot;iso&quot;:&quot;200&quot;,&quot;shutter_speed&quot;:&quot;0.0025&quot;,&quot;title&quot;:&quot;&quot;,&quot;orientation&quot;:&quot;1&quot;}\" data-image-title=\"IMG_6940axcm\" data-image-description=\"\" data-image-caption=\"\" data-large-file=\"https:\/\/www.fgautron.com\/weblog\/wp-content\/\/IMG_6940axcm-700x467.jpg\" src=\"https:\/\/www.fgautron.com\/weblog\/wp-content\/\/IMG_6940axcm.jpg\" alt=\"\" width=\"2000\" height=\"1333\" class=\"aligncenter size-full wp-image-46848\" srcset=\"https:\/\/www.fgautron.com\/weblog\/wp-content\/IMG_6940axcm.jpg 2000w, https:\/\/www.fgautron.com\/weblog\/wp-content\/IMG_6940axcm-300x200.jpg 300w, https:\/\/www.fgautron.com\/weblog\/wp-content\/IMG_6940axcm-700x467.jpg 700w, https:\/\/www.fgautron.com\/weblog\/wp-content\/IMG_6940axcm-1536x1024.jpg 1536w, https:\/\/www.fgautron.com\/weblog\/wp-content\/IMG_6940axcm-800x533.jpg 800w\" sizes=\"auto, (max-width: 2000px) 100vw, 2000px\" \/><figcaption class=\"wp-caption-text\">Sumitomo Pavillon par Dentsu Live &#038; Nikken Sekkei.<\/figcaption><\/figure>\n<figure style=\"width: 2000px\" class=\"wp-caption aligncenter\"><img loading=\"lazy\" decoding=\"async\" data-attachment-id=\"46849\" data-permalink=\"https:\/\/www.fgautron.com\/weblog\/archives\/2025\/09\/26\/osaka-expo-2025-6\/img_6941axcm\/\" data-orig-file=\"https:\/\/www.fgautron.com\/weblog\/wp-content\/\/IMG_6941axcm.jpg\" data-orig-size=\"2000,1409\" data-comments-opened=\"1\" data-image-meta=\"{&quot;aperture&quot;:&quot;11&quot;,&quot;credit&quot;:&quot;&quot;,&quot;camera&quot;:&quot;Canon EOS 50D&quot;,&quot;caption&quot;:&quot;&quot;,&quot;created_timestamp&quot;:&quot;1758120495&quot;,&quot;copyright&quot;:&quot;&quot;,&quot;focal_length&quot;:&quot;20&quot;,&quot;iso&quot;:&quot;200&quot;,&quot;shutter_speed&quot;:&quot;0.004&quot;,&quot;title&quot;:&quot;&quot;,&quot;orientation&quot;:&quot;1&quot;}\" data-image-title=\"IMG_6941axcm\" data-image-description=\"\" data-image-caption=\"\" data-large-file=\"https:\/\/www.fgautron.com\/weblog\/wp-content\/\/IMG_6941axcm-700x493.jpg\" src=\"https:\/\/www.fgautron.com\/weblog\/wp-content\/\/IMG_6941axcm.jpg\" alt=\"\" width=\"2000\" height=\"1409\" class=\"aligncenter size-full wp-image-46849\" srcset=\"https:\/\/www.fgautron.com\/weblog\/wp-content\/IMG_6941axcm.jpg 2000w, https:\/\/www.fgautron.com\/weblog\/wp-content\/IMG_6941axcm-300x211.jpg 300w, https:\/\/www.fgautron.com\/weblog\/wp-content\/IMG_6941axcm-700x493.jpg 700w, https:\/\/www.fgautron.com\/weblog\/wp-content\/IMG_6941axcm-1536x1082.jpg 1536w, https:\/\/www.fgautron.com\/weblog\/wp-content\/IMG_6941axcm-800x564.jpg 800w\" sizes=\"auto, (max-width: 2000px) 100vw, 2000px\" \/><figcaption class=\"wp-caption-text\">Pop-up Stage (Outer East) par Motosuke Mandai.<\/figcaption><\/figure>\n<figure style=\"width: 2000px\" class=\"wp-caption aligncenter\"><img loading=\"lazy\" decoding=\"async\" data-attachment-id=\"46850\" data-permalink=\"https:\/\/www.fgautron.com\/weblog\/archives\/2025\/09\/26\/osaka-expo-2025-6\/img_6946axcm\/\" data-orig-file=\"https:\/\/www.fgautron.com\/weblog\/wp-content\/\/IMG_6946axcm.jpg\" data-orig-size=\"2000,1333\" data-comments-opened=\"1\" data-image-meta=\"{&quot;aperture&quot;:&quot;11&quot;,&quot;credit&quot;:&quot;&quot;,&quot;camera&quot;:&quot;Canon EOS 50D&quot;,&quot;caption&quot;:&quot;&quot;,&quot;created_timestamp&quot;:&quot;1758120785&quot;,&quot;copyright&quot;:&quot;&quot;,&quot;focal_length&quot;:&quot;17&quot;,&quot;iso&quot;:&quot;200&quot;,&quot;shutter_speed&quot;:&quot;0.004&quot;,&quot;title&quot;:&quot;&quot;,&quot;orientation&quot;:&quot;1&quot;}\" data-image-title=\"IMG_6946axcm\" data-image-description=\"\" data-image-caption=\"\" data-large-file=\"https:\/\/www.fgautron.com\/weblog\/wp-content\/\/IMG_6946axcm-700x467.jpg\" src=\"https:\/\/www.fgautron.com\/weblog\/wp-content\/\/IMG_6946axcm.jpg\" alt=\"\" width=\"2000\" height=\"1333\" class=\"aligncenter size-full wp-image-46850\" srcset=\"https:\/\/www.fgautron.com\/weblog\/wp-content\/IMG_6946axcm.jpg 2000w, https:\/\/www.fgautron.com\/weblog\/wp-content\/IMG_6946axcm-300x200.jpg 300w, https:\/\/www.fgautron.com\/weblog\/wp-content\/IMG_6946axcm-700x467.jpg 700w, https:\/\/www.fgautron.com\/weblog\/wp-content\/IMG_6946axcm-1536x1024.jpg 1536w, https:\/\/www.fgautron.com\/weblog\/wp-content\/IMG_6946axcm-800x533.jpg 800w\" sizes=\"auto, (max-width: 2000px) 100vw, 2000px\" \/><figcaption class=\"wp-caption-text\">Wolf Benches par Tomoko Konoike au bord du bassin de l\u2019Osaka Healthcare Pavillon &#8211; Nest for Reborn par Tohata Architects &#038; Engineers.<\/figcaption><\/figure>\n<figure style=\"width: 2000px\" class=\"wp-caption aligncenter\"><img loading=\"lazy\" decoding=\"async\" data-attachment-id=\"46851\" data-permalink=\"https:\/\/www.fgautron.com\/weblog\/archives\/2025\/09\/26\/osaka-expo-2025-6\/img_6949axcm\/\" data-orig-file=\"https:\/\/www.fgautron.com\/weblog\/wp-content\/\/IMG_6949axcm.jpg\" data-orig-size=\"2000,1333\" data-comments-opened=\"1\" data-image-meta=\"{&quot;aperture&quot;:&quot;11&quot;,&quot;credit&quot;:&quot;&quot;,&quot;camera&quot;:&quot;Canon EOS 50D&quot;,&quot;caption&quot;:&quot;&quot;,&quot;created_timestamp&quot;:&quot;1758120995&quot;,&quot;copyright&quot;:&quot;&quot;,&quot;focal_length&quot;:&quot;17&quot;,&quot;iso&quot;:&quot;200&quot;,&quot;shutter_speed&quot;:&quot;0.004&quot;,&quot;title&quot;:&quot;&quot;,&quot;orientation&quot;:&quot;1&quot;}\" data-image-title=\"IMG_6949axcm\" data-image-description=\"\" data-image-caption=\"\" data-large-file=\"https:\/\/www.fgautron.com\/weblog\/wp-content\/\/IMG_6949axcm-700x467.jpg\" src=\"https:\/\/www.fgautron.com\/weblog\/wp-content\/\/IMG_6949axcm.jpg\" alt=\"\" width=\"2000\" height=\"1333\" class=\"aligncenter size-full wp-image-46851\" srcset=\"https:\/\/www.fgautron.com\/weblog\/wp-content\/IMG_6949axcm.jpg 2000w, https:\/\/www.fgautron.com\/weblog\/wp-content\/IMG_6949axcm-300x200.jpg 300w, https:\/\/www.fgautron.com\/weblog\/wp-content\/IMG_6949axcm-700x467.jpg 700w, https:\/\/www.fgautron.com\/weblog\/wp-content\/IMG_6949axcm-1536x1024.jpg 1536w, https:\/\/www.fgautron.com\/weblog\/wp-content\/IMG_6949axcm-800x533.jpg 800w\" sizes=\"auto, (max-width: 2000px) 100vw, 2000px\" \/><figcaption class=\"wp-caption-text\">Vue sur le Grand Anneau con\u00e7u par Sou Fujimoto.<\/figcaption><\/figure>\n<figure style=\"width: 2000px\" class=\"wp-caption aligncenter\"><img loading=\"lazy\" decoding=\"async\" data-attachment-id=\"46852\" data-permalink=\"https:\/\/www.fgautron.com\/weblog\/archives\/2025\/09\/26\/osaka-expo-2025-6\/img_6951axcm\/\" data-orig-file=\"https:\/\/www.fgautron.com\/weblog\/wp-content\/\/IMG_6951axcm.jpg\" data-orig-size=\"2000,1333\" data-comments-opened=\"1\" data-image-meta=\"{&quot;aperture&quot;:&quot;11&quot;,&quot;credit&quot;:&quot;&quot;,&quot;camera&quot;:&quot;Canon EOS 50D&quot;,&quot;caption&quot;:&quot;&quot;,&quot;created_timestamp&quot;:&quot;1758121073&quot;,&quot;copyright&quot;:&quot;&quot;,&quot;focal_length&quot;:&quot;17&quot;,&quot;iso&quot;:&quot;200&quot;,&quot;shutter_speed&quot;:&quot;0.003125&quot;,&quot;title&quot;:&quot;&quot;,&quot;orientation&quot;:&quot;1&quot;}\" data-image-title=\"IMG_6951axcm\" data-image-description=\"\" data-image-caption=\"\" data-large-file=\"https:\/\/www.fgautron.com\/weblog\/wp-content\/\/IMG_6951axcm-700x467.jpg\" src=\"https:\/\/www.fgautron.com\/weblog\/wp-content\/\/IMG_6951axcm.jpg\" alt=\"\" width=\"2000\" height=\"1333\" class=\"aligncenter size-full wp-image-46852\" srcset=\"https:\/\/www.fgautron.com\/weblog\/wp-content\/IMG_6951axcm.jpg 2000w, https:\/\/www.fgautron.com\/weblog\/wp-content\/IMG_6951axcm-300x200.jpg 300w, https:\/\/www.fgautron.com\/weblog\/wp-content\/IMG_6951axcm-700x467.jpg 700w, https:\/\/www.fgautron.com\/weblog\/wp-content\/IMG_6951axcm-1536x1024.jpg 1536w, https:\/\/www.fgautron.com\/weblog\/wp-content\/IMG_6951axcm-800x533.jpg 800w\" sizes=\"auto, (max-width: 2000px) 100vw, 2000px\" \/><figcaption class=\"wp-caption-text\">Pavillon de la Malaisie par Kengo Kuma.<\/figcaption><\/figure>\n<figure style=\"width: 2000px\" class=\"wp-caption aligncenter\"><img loading=\"lazy\" decoding=\"async\" data-attachment-id=\"46853\" data-permalink=\"https:\/\/www.fgautron.com\/weblog\/archives\/2025\/09\/26\/osaka-expo-2025-6\/img_6954axm\/\" data-orig-file=\"https:\/\/www.fgautron.com\/weblog\/wp-content\/\/IMG_6954axm.jpg\" data-orig-size=\"2000,1333\" data-comments-opened=\"1\" data-image-meta=\"{&quot;aperture&quot;:&quot;11&quot;,&quot;credit&quot;:&quot;&quot;,&quot;camera&quot;:&quot;Canon EOS 50D&quot;,&quot;caption&quot;:&quot;&quot;,&quot;created_timestamp&quot;:&quot;1758121180&quot;,&quot;copyright&quot;:&quot;&quot;,&quot;focal_length&quot;:&quot;17&quot;,&quot;iso&quot;:&quot;200&quot;,&quot;shutter_speed&quot;:&quot;0.004&quot;,&quot;title&quot;:&quot;&quot;,&quot;orientation&quot;:&quot;1&quot;}\" data-image-title=\"IMG_6954axm\" data-image-description=\"\" data-image-caption=\"\" data-large-file=\"https:\/\/www.fgautron.com\/weblog\/wp-content\/\/IMG_6954axm-700x467.jpg\" src=\"https:\/\/www.fgautron.com\/weblog\/wp-content\/\/IMG_6954axm.jpg\" alt=\"\" width=\"2000\" height=\"1333\" class=\"aligncenter size-full wp-image-46853\" srcset=\"https:\/\/www.fgautron.com\/weblog\/wp-content\/IMG_6954axm.jpg 2000w, https:\/\/www.fgautron.com\/weblog\/wp-content\/IMG_6954axm-300x200.jpg 300w, https:\/\/www.fgautron.com\/weblog\/wp-content\/IMG_6954axm-700x467.jpg 700w, https:\/\/www.fgautron.com\/weblog\/wp-content\/IMG_6954axm-1536x1024.jpg 1536w, https:\/\/www.fgautron.com\/weblog\/wp-content\/IMG_6954axm-800x533.jpg 800w\" sizes=\"auto, (max-width: 2000px) 100vw, 2000px\" \/><figcaption class=\"wp-caption-text\">Pavillon des Philippines par Carlo Calma &#038; cat,1053.CO.<\/figcaption><\/figure>\n<figure style=\"width: 2000px\" class=\"wp-caption aligncenter\"><img loading=\"lazy\" decoding=\"async\" data-attachment-id=\"46854\" data-permalink=\"https:\/\/www.fgautron.com\/weblog\/archives\/2025\/09\/26\/osaka-expo-2025-6\/img_6963axcm\/\" data-orig-file=\"https:\/\/www.fgautron.com\/weblog\/wp-content\/\/IMG_6963axcm.jpg\" data-orig-size=\"2000,1333\" data-comments-opened=\"1\" data-image-meta=\"{&quot;aperture&quot;:&quot;10&quot;,&quot;credit&quot;:&quot;&quot;,&quot;camera&quot;:&quot;Canon EOS 50D&quot;,&quot;caption&quot;:&quot;&quot;,&quot;created_timestamp&quot;:&quot;1758124149&quot;,&quot;copyright&quot;:&quot;&quot;,&quot;focal_length&quot;:&quot;17&quot;,&quot;iso&quot;:&quot;200&quot;,&quot;shutter_speed&quot;:&quot;0.005&quot;,&quot;title&quot;:&quot;&quot;,&quot;orientation&quot;:&quot;1&quot;}\" data-image-title=\"IMG_6963axcm\" data-image-description=\"\" data-image-caption=\"\" data-large-file=\"https:\/\/www.fgautron.com\/weblog\/wp-content\/\/IMG_6963axcm-700x467.jpg\" src=\"https:\/\/www.fgautron.com\/weblog\/wp-content\/\/IMG_6963axcm.jpg\" alt=\"\" width=\"2000\" height=\"1333\" class=\"aligncenter size-full wp-image-46854\" srcset=\"https:\/\/www.fgautron.com\/weblog\/wp-content\/IMG_6963axcm.jpg 2000w, https:\/\/www.fgautron.com\/weblog\/wp-content\/IMG_6963axcm-300x200.jpg 300w, https:\/\/www.fgautron.com\/weblog\/wp-content\/IMG_6963axcm-700x467.jpg 700w, https:\/\/www.fgautron.com\/weblog\/wp-content\/IMG_6963axcm-1536x1024.jpg 1536w, https:\/\/www.fgautron.com\/weblog\/wp-content\/IMG_6963axcm-800x533.jpg 800w\" sizes=\"auto, (max-width: 2000px) 100vw, 2000px\" \/><figcaption class=\"wp-caption-text\">Pavillon des Philippines par Carlo Calma &#038; cat,1053.CO.<\/figcaption><\/figure>\n<figure style=\"width: 2000px\" class=\"wp-caption aligncenter\"><img loading=\"lazy\" decoding=\"async\" data-attachment-id=\"46855\" data-permalink=\"https:\/\/www.fgautron.com\/weblog\/archives\/2025\/09\/26\/osaka-expo-2025-6\/img_6950axcm\/\" data-orig-file=\"https:\/\/www.fgautron.com\/weblog\/wp-content\/\/IMG_6950axcm.jpg\" data-orig-size=\"2000,1333\" data-comments-opened=\"1\" data-image-meta=\"{&quot;aperture&quot;:&quot;10&quot;,&quot;credit&quot;:&quot;&quot;,&quot;camera&quot;:&quot;Canon EOS 50D&quot;,&quot;caption&quot;:&quot;&quot;,&quot;created_timestamp&quot;:&quot;1758121022&quot;,&quot;copyright&quot;:&quot;&quot;,&quot;focal_length&quot;:&quot;17&quot;,&quot;iso&quot;:&quot;200&quot;,&quot;shutter_speed&quot;:&quot;0.005&quot;,&quot;title&quot;:&quot;&quot;,&quot;orientation&quot;:&quot;1&quot;}\" data-image-title=\"IMG_6950axcm\" data-image-description=\"\" data-image-caption=\"\" data-large-file=\"https:\/\/www.fgautron.com\/weblog\/wp-content\/\/IMG_6950axcm-700x467.jpg\" src=\"https:\/\/www.fgautron.com\/weblog\/wp-content\/\/IMG_6950axcm.jpg\" alt=\"\" width=\"2000\" height=\"1333\" class=\"aligncenter size-full wp-image-46855\" srcset=\"https:\/\/www.fgautron.com\/weblog\/wp-content\/IMG_6950axcm.jpg 2000w, https:\/\/www.fgautron.com\/weblog\/wp-content\/IMG_6950axcm-300x200.jpg 300w, https:\/\/www.fgautron.com\/weblog\/wp-content\/IMG_6950axcm-700x467.jpg 700w, https:\/\/www.fgautron.com\/weblog\/wp-content\/IMG_6950axcm-1536x1024.jpg 1536w, https:\/\/www.fgautron.com\/weblog\/wp-content\/IMG_6950axcm-800x533.jpg 800w\" sizes=\"auto, (max-width: 2000px) 100vw, 2000px\" \/><figcaption class=\"wp-caption-text\">Pavillon de l&rsquo;Irlande par Government of Ireland.<\/figcaption><\/figure>\n<p>Je parcours ensuite de mani\u00e8re m\u00e9thodique les pavillons japonais situ\u00e9s dans le grand espace de l\u2019entr\u00e9e Est. Ce sont principalement des pavillons d\u00e9di\u00e9s \u00e0 de grands groupes japonais comme Mitsubishi, Sumitomo ou NTT. Le pavillon NTT \u00e9tait en partie accessible, ouvert sur un petit jardin aux murs couverts de tissus color\u00e9s. Des c\u00e2bles verticaux \u00e9mettaient des notes de musique lorsqu\u2019on les touchait de la main, cr\u00e9ant une symphonie \u00e9trange. Au d\u00e9tour des pavillons, je reconnais la touche artistique de Tomoko Konoike sur des bancs en forme de loups dispos\u00e9s autour du bassin de l\u2019Osaka Healthcare Pavilion. Ces loups m\u2019ont tout de suite sembl\u00e9 familiers.<\/p>\n<p>Il faut \u00e0 tout moment avoir une petite carte de l\u2019Expo avec soi, car on pourrait s\u2019y perdre assez facilement, ou plut\u00f4t perdre du temps en n\u2019empruntant pas les bons chemins. Je me rends compte qu\u2019il y a des recoins que je n\u2019avais pas encore explor\u00e9s, ce qui me fait revenir vers la zone Ouest de l\u2019anneau par o\u00f9 nous \u00e9tions initialement entr\u00e9s. J\u2019ai march\u00e9 environ 26 000 pas pendant cette journ\u00e9e. Je pensais d\u00e9passer mon record de pas en une journ\u00e9e, qui doit \u00eatre autour de 30 000, mais ce n\u2019a finalement pas \u00e9t\u00e9 le cas. Je me situe en ce moment \u00e0 10 000 pas en moyenne par jour depuis le d\u00e9but de l\u2019ann\u00e9e, ce qui est, je pense, une bonne moyenne.<\/p>\n","protected":false},"excerpt":{"rendered":"<p>Je parcours ensuite de mani\u00e8re m\u00e9thodique les pavillons japonais situ\u00e9s dans le grand espace de l\u2019entr\u00e9e Est. Ce sont principalement des pavillons d\u00e9di\u00e9s \u00e0 de grands groupes japonais comme Mitsubishi, Sumitomo ou NTT. Le pavillon NTT \u00e9tait en partie accessible, ouvert sur un petit jardin aux murs couverts de tissus color\u00e9s. Des c\u00e2bles verticaux \u00e9mettaient&#8230;<\/p>\n","protected":false},"author":1,"featured_media":0,"comment_status":"open","ping_status":"open","sticky":false,"template":"","format":"standard","meta":{"_jetpack_memberships_contains_paid_content":false,"footnotes":"","jetpack_publicize_message":"","jetpack_publicize_feature_enabled":true,"jetpack_social_post_already_shared":true,"jetpack_social_options":{"image_generator_settings":{"template":"highway","default_image_id":0,"font":"","enabled":false},"version":2}},"categories":[17,1236],"tags":[4720,4718,4719,4714,4721,172,4716,559,4715,4677,747,4717,1182,4678],"class_list":["post-46845","post","type-post","status-publish","format-standard","hentry","category-architecture","category-osaka","tag-1053-co","tag-carlo-calma","tag-cat","tag-dentsu-live","tag-government-of-ireland","tag-kengo-kuma","tag-motosuke-mandai","tag-nikken-sekkei","tag-ntt-facilities-inc","tag-osaka-expo-2025","tag-sou-fujimoto","tag-tohata-architects-engineers","tag-tomoko-konoike","tag-4678"],"jetpack_publicize_connections":[],"jetpack_featured_media_url":"","jetpack_sharing_enabled":true,"jetpack_likes_enabled":true,"_links":{"self":[{"href":"https:\/\/www.fgautron.com\/weblog\/wp-json\/wp\/v2\/posts\/46845","targetHints":{"allow":["GET"]}}],"collection":[{"href":"https:\/\/www.fgautron.com\/weblog\/wp-json\/wp\/v2\/posts"}],"about":[{"href":"https:\/\/www.fgautron.com\/weblog\/wp-json\/wp\/v2\/types\/post"}],"author":[{"embeddable":true,"href":"https:\/\/www.fgautron.com\/weblog\/wp-json\/wp\/v2\/users\/1"}],"replies":[{"embeddable":true,"href":"https:\/\/www.fgautron.com\/weblog\/wp-json\/wp\/v2\/comments?post=46845"}],"version-history":[{"count":6,"href":"https:\/\/www.fgautron.com\/weblog\/wp-json\/wp\/v2\/posts\/46845\/revisions"}],"predecessor-version":[{"id":46944,"href":"https:\/\/www.fgautron.com\/weblog\/wp-json\/wp\/v2\/posts\/46845\/revisions\/46944"}],"wp:attachment":[{"href":"https:\/\/www.fgautron.com\/weblog\/wp-json\/wp\/v2\/media?parent=46845"}],"wp:term":[{"taxonomy":"category","embeddable":true,"href":"https:\/\/www.fgautron.com\/weblog\/wp-json\/wp\/v2\/categories?post=46845"},{"taxonomy":"post_tag","embeddable":true,"href":"https:\/\/www.fgautron.com\/weblog\/wp-json\/wp\/v2\/tags?post=46845"}],"curies":[{"name":"wp","href":"https:\/\/api.w.org\/{rel}","templated":true}]}}