{"id":46857,"date":"2025-09-27T00:25:28","date_gmt":"2025-09-26T15:25:28","guid":{"rendered":"https:\/\/www.fgautron.com\/weblog\/?p=46857"},"modified":"2025-09-27T00:25:28","modified_gmt":"2025-09-26T15:25:28","slug":"osaka-expo-2025-7","status":"publish","type":"post","link":"https:\/\/www.fgautron.com\/weblog\/archives\/2025\/09\/27\/osaka-expo-2025-7\/","title":{"rendered":"Osaka Expo 2025 (7)"},"content":{"rendered":"<figure style=\"width: 2000px\" class=\"wp-caption aligncenter\"><img loading=\"lazy\" decoding=\"async\" data-attachment-id=\"46858\" data-permalink=\"https:\/\/www.fgautron.com\/weblog\/archives\/2025\/09\/27\/osaka-expo-2025-7\/img_6967axcm\/\" data-orig-file=\"https:\/\/www.fgautron.com\/weblog\/wp-content\/\/IMG_6967axcm.jpg\" data-orig-size=\"2000,1313\" data-comments-opened=\"1\" data-image-meta=\"{&quot;aperture&quot;:&quot;9&quot;,&quot;credit&quot;:&quot;&quot;,&quot;camera&quot;:&quot;Canon EOS 50D&quot;,&quot;caption&quot;:&quot;&quot;,&quot;created_timestamp&quot;:&quot;1758125582&quot;,&quot;copyright&quot;:&quot;&quot;,&quot;focal_length&quot;:&quot;17&quot;,&quot;iso&quot;:&quot;200&quot;,&quot;shutter_speed&quot;:&quot;0.005&quot;,&quot;title&quot;:&quot;&quot;,&quot;orientation&quot;:&quot;1&quot;}\" data-image-title=\"IMG_6967axcm\" data-image-description=\"\" data-image-caption=\"&lt;p&gt;Installation Conviviality par Tomas Saraceno.&lt;\/p&gt;\n\" data-large-file=\"https:\/\/www.fgautron.com\/weblog\/wp-content\/\/IMG_6967axcm-700x460.jpg\" src=\"https:\/\/www.fgautron.com\/weblog\/wp-content\/\/IMG_6967axcm.jpg\" alt=\"\" width=\"2000\" height=\"1313\" class=\"size-full wp-image-46858\" srcset=\"https:\/\/www.fgautron.com\/weblog\/wp-content\/IMG_6967axcm.jpg 2000w, https:\/\/www.fgautron.com\/weblog\/wp-content\/IMG_6967axcm-300x197.jpg 300w, https:\/\/www.fgautron.com\/weblog\/wp-content\/IMG_6967axcm-700x460.jpg 700w, https:\/\/www.fgautron.com\/weblog\/wp-content\/IMG_6967axcm-1536x1008.jpg 1536w, https:\/\/www.fgautron.com\/weblog\/wp-content\/IMG_6967axcm-800x525.jpg 800w\" sizes=\"auto, (max-width: 2000px) 100vw, 2000px\" \/><figcaption class=\"wp-caption-text\">Installation Conviviality par Tomas Saraceno.<\/figcaption><\/figure>\n<figure style=\"width: 2000px\" class=\"wp-caption aligncenter\"><img loading=\"lazy\" decoding=\"async\" data-attachment-id=\"46859\" data-permalink=\"https:\/\/www.fgautron.com\/weblog\/archives\/2025\/09\/27\/osaka-expo-2025-7\/img_6969axcm\/\" data-orig-file=\"https:\/\/www.fgautron.com\/weblog\/wp-content\/\/IMG_6969axcm.jpg\" data-orig-size=\"2000,1333\" data-comments-opened=\"1\" data-image-meta=\"{&quot;aperture&quot;:&quot;7.1&quot;,&quot;credit&quot;:&quot;&quot;,&quot;camera&quot;:&quot;Canon EOS 50D&quot;,&quot;caption&quot;:&quot;&quot;,&quot;created_timestamp&quot;:&quot;1758125670&quot;,&quot;copyright&quot;:&quot;&quot;,&quot;focal_length&quot;:&quot;17&quot;,&quot;iso&quot;:&quot;200&quot;,&quot;shutter_speed&quot;:&quot;0.01&quot;,&quot;title&quot;:&quot;&quot;,&quot;orientation&quot;:&quot;1&quot;}\" data-image-title=\"IMG_6969axcm\" data-image-description=\"\" data-image-caption=\"\" data-large-file=\"https:\/\/www.fgautron.com\/weblog\/wp-content\/\/IMG_6969axcm-700x467.jpg\" src=\"https:\/\/www.fgautron.com\/weblog\/wp-content\/\/IMG_6969axcm.jpg\" alt=\"\" width=\"2000\" height=\"1333\" class=\"aligncenter size-full wp-image-46859\" srcset=\"https:\/\/www.fgautron.com\/weblog\/wp-content\/IMG_6969axcm.jpg 2000w, https:\/\/www.fgautron.com\/weblog\/wp-content\/IMG_6969axcm-300x200.jpg 300w, https:\/\/www.fgautron.com\/weblog\/wp-content\/IMG_6969axcm-700x467.jpg 700w, https:\/\/www.fgautron.com\/weblog\/wp-content\/IMG_6969axcm-1536x1024.jpg 1536w, https:\/\/www.fgautron.com\/weblog\/wp-content\/IMG_6969axcm-800x533.jpg 800w\" sizes=\"auto, (max-width: 2000px) 100vw, 2000px\" \/><figcaption class=\"wp-caption-text\">Forest of Tranquility par Hiroki Kutsuna &#038; Nikken Sekkei<\/figcaption><\/figure>\n<figure style=\"width: 2000px\" class=\"wp-caption aligncenter\"><img loading=\"lazy\" decoding=\"async\" data-attachment-id=\"46860\" data-permalink=\"https:\/\/www.fgautron.com\/weblog\/archives\/2025\/09\/27\/osaka-expo-2025-7\/img_6971axcm\/\" data-orig-file=\"https:\/\/www.fgautron.com\/weblog\/wp-content\/\/IMG_6971axcm.jpg\" data-orig-size=\"2000,1333\" data-comments-opened=\"1\" data-image-meta=\"{&quot;aperture&quot;:&quot;8&quot;,&quot;credit&quot;:&quot;&quot;,&quot;camera&quot;:&quot;Canon EOS 50D&quot;,&quot;caption&quot;:&quot;&quot;,&quot;created_timestamp&quot;:&quot;1758125751&quot;,&quot;copyright&quot;:&quot;&quot;,&quot;focal_length&quot;:&quot;17&quot;,&quot;iso&quot;:&quot;200&quot;,&quot;shutter_speed&quot;:&quot;0.008&quot;,&quot;title&quot;:&quot;&quot;,&quot;orientation&quot;:&quot;1&quot;}\" data-image-title=\"IMG_6971axcm\" data-image-description=\"\" data-image-caption=\"\" data-large-file=\"https:\/\/www.fgautron.com\/weblog\/wp-content\/\/IMG_6971axcm-700x467.jpg\" src=\"https:\/\/www.fgautron.com\/weblog\/wp-content\/\/IMG_6971axcm.jpg\" alt=\"\" width=\"2000\" height=\"1333\" class=\"aligncenter size-full wp-image-46860\" srcset=\"https:\/\/www.fgautron.com\/weblog\/wp-content\/IMG_6971axcm.jpg 2000w, https:\/\/www.fgautron.com\/weblog\/wp-content\/IMG_6971axcm-300x200.jpg 300w, https:\/\/www.fgautron.com\/weblog\/wp-content\/IMG_6971axcm-700x467.jpg 700w, https:\/\/www.fgautron.com\/weblog\/wp-content\/IMG_6971axcm-1536x1024.jpg 1536w, https:\/\/www.fgautron.com\/weblog\/wp-content\/IMG_6971axcm-800x533.jpg 800w\" sizes=\"auto, (max-width: 2000px) 100vw, 2000px\" \/><figcaption class=\"wp-caption-text\">Installations The Hidden Plant Community par Stefano Mancuso &#038; PINAT.<\/figcaption><\/figure>\n<figure style=\"width: 2000px\" class=\"wp-caption aligncenter\"><img loading=\"lazy\" decoding=\"async\" data-attachment-id=\"46861\" data-permalink=\"https:\/\/www.fgautron.com\/weblog\/archives\/2025\/09\/27\/osaka-expo-2025-7\/img_6957axcm\/\" data-orig-file=\"https:\/\/www.fgautron.com\/weblog\/wp-content\/\/IMG_6957axcm.jpg\" data-orig-size=\"2000,1333\" data-comments-opened=\"1\" data-image-meta=\"{&quot;aperture&quot;:&quot;11&quot;,&quot;credit&quot;:&quot;&quot;,&quot;camera&quot;:&quot;Canon EOS 50D&quot;,&quot;caption&quot;:&quot;&quot;,&quot;created_timestamp&quot;:&quot;1758121951&quot;,&quot;copyright&quot;:&quot;&quot;,&quot;focal_length&quot;:&quot;17&quot;,&quot;iso&quot;:&quot;200&quot;,&quot;shutter_speed&quot;:&quot;0.004&quot;,&quot;title&quot;:&quot;&quot;,&quot;orientation&quot;:&quot;1&quot;}\" data-image-title=\"IMG_6957axcm\" data-image-description=\"\" data-image-caption=\"\" data-large-file=\"https:\/\/www.fgautron.com\/weblog\/wp-content\/\/IMG_6957axcm-700x467.jpg\" src=\"https:\/\/www.fgautron.com\/weblog\/wp-content\/\/IMG_6957axcm.jpg\" alt=\"\" width=\"2000\" height=\"1333\" class=\"aligncenter size-full wp-image-46861\" srcset=\"https:\/\/www.fgautron.com\/weblog\/wp-content\/IMG_6957axcm.jpg 2000w, https:\/\/www.fgautron.com\/weblog\/wp-content\/IMG_6957axcm-300x200.jpg 300w, https:\/\/www.fgautron.com\/weblog\/wp-content\/IMG_6957axcm-700x467.jpg 700w, https:\/\/www.fgautron.com\/weblog\/wp-content\/IMG_6957axcm-1536x1024.jpg 1536w, https:\/\/www.fgautron.com\/weblog\/wp-content\/IMG_6957axcm-800x533.jpg 800w\" sizes=\"auto, (max-width: 2000px) 100vw, 2000px\" \/><figcaption class=\"wp-caption-text\">Zone de repos Resting Area 4 par Daisuke Hattori, Saori Hattori\/MIDW &#038; Yudai Niimori.<\/figcaption><\/figure>\n<figure style=\"width: 2000px\" class=\"wp-caption aligncenter\"><img loading=\"lazy\" decoding=\"async\" data-attachment-id=\"46862\" data-permalink=\"https:\/\/www.fgautron.com\/weblog\/archives\/2025\/09\/27\/osaka-expo-2025-7\/img_6962axcm\/\" data-orig-file=\"https:\/\/www.fgautron.com\/weblog\/wp-content\/\/IMG_6962axcm.jpg\" data-orig-size=\"2000,1333\" data-comments-opened=\"1\" data-image-meta=\"{&quot;aperture&quot;:&quot;10&quot;,&quot;credit&quot;:&quot;&quot;,&quot;camera&quot;:&quot;Canon EOS 50D&quot;,&quot;caption&quot;:&quot;&quot;,&quot;created_timestamp&quot;:&quot;1758122322&quot;,&quot;copyright&quot;:&quot;&quot;,&quot;focal_length&quot;:&quot;17&quot;,&quot;iso&quot;:&quot;200&quot;,&quot;shutter_speed&quot;:&quot;0.005&quot;,&quot;title&quot;:&quot;&quot;,&quot;orientation&quot;:&quot;1&quot;}\" data-image-title=\"IMG_6962axcm\" data-image-description=\"\" data-image-caption=\"\" data-large-file=\"https:\/\/www.fgautron.com\/weblog\/wp-content\/\/IMG_6962axcm-700x467.jpg\" src=\"https:\/\/www.fgautron.com\/weblog\/wp-content\/\/IMG_6962axcm.jpg\" alt=\"\" width=\"2000\" height=\"1333\" class=\"aligncenter size-full wp-image-46862\" srcset=\"https:\/\/www.fgautron.com\/weblog\/wp-content\/IMG_6962axcm.jpg 2000w, https:\/\/www.fgautron.com\/weblog\/wp-content\/IMG_6962axcm-300x200.jpg 300w, https:\/\/www.fgautron.com\/weblog\/wp-content\/IMG_6962axcm-700x467.jpg 700w, https:\/\/www.fgautron.com\/weblog\/wp-content\/IMG_6962axcm-1536x1024.jpg 1536w, https:\/\/www.fgautron.com\/weblog\/wp-content\/IMG_6962axcm-800x533.jpg 800w\" sizes=\"auto, (max-width: 2000px) 100vw, 2000px\" \/><figcaption class=\"wp-caption-text\">Pavillon de la Cor\u00e9e du Sud par Urban Intensity Architects &#038; Nikki.<\/figcaption><\/figure>\n<figure style=\"width: 2000px\" class=\"wp-caption aligncenter\"><img loading=\"lazy\" decoding=\"async\" data-attachment-id=\"46863\" data-permalink=\"https:\/\/www.fgautron.com\/weblog\/archives\/2025\/09\/27\/osaka-expo-2025-7\/img_6974axcm\/\" data-orig-file=\"https:\/\/www.fgautron.com\/weblog\/wp-content\/\/IMG_6974axcm.jpg\" data-orig-size=\"2000,1333\" data-comments-opened=\"1\" data-image-meta=\"{&quot;aperture&quot;:&quot;8&quot;,&quot;credit&quot;:&quot;&quot;,&quot;camera&quot;:&quot;Canon EOS 50D&quot;,&quot;caption&quot;:&quot;&quot;,&quot;created_timestamp&quot;:&quot;1758127448&quot;,&quot;copyright&quot;:&quot;&quot;,&quot;focal_length&quot;:&quot;17&quot;,&quot;iso&quot;:&quot;200&quot;,&quot;shutter_speed&quot;:&quot;0.00625&quot;,&quot;title&quot;:&quot;&quot;,&quot;orientation&quot;:&quot;1&quot;}\" data-image-title=\"IMG_6974axcm\" data-image-description=\"\" data-image-caption=\"\" data-large-file=\"https:\/\/www.fgautron.com\/weblog\/wp-content\/\/IMG_6974axcm-700x467.jpg\" src=\"https:\/\/www.fgautron.com\/weblog\/wp-content\/\/IMG_6974axcm.jpg\" alt=\"\" width=\"2000\" height=\"1333\" class=\"aligncenter size-full wp-image-46863\" srcset=\"https:\/\/www.fgautron.com\/weblog\/wp-content\/IMG_6974axcm.jpg 2000w, https:\/\/www.fgautron.com\/weblog\/wp-content\/IMG_6974axcm-300x200.jpg 300w, https:\/\/www.fgautron.com\/weblog\/wp-content\/IMG_6974axcm-700x467.jpg 700w, https:\/\/www.fgautron.com\/weblog\/wp-content\/IMG_6974axcm-1536x1024.jpg 1536w, https:\/\/www.fgautron.com\/weblog\/wp-content\/IMG_6974axcm-800x533.jpg 800w\" sizes=\"auto, (max-width: 2000px) 100vw, 2000px\" \/><figcaption class=\"wp-caption-text\">Pavillon de l&rsquo;Union Europ\u00e9enne.<\/figcaption><\/figure>\n<figure style=\"width: 2000px\" class=\"wp-caption aligncenter\"><img loading=\"lazy\" decoding=\"async\" data-attachment-id=\"46864\" data-permalink=\"https:\/\/www.fgautron.com\/weblog\/archives\/2025\/09\/27\/osaka-expo-2025-7\/img_6976axcm\/\" data-orig-file=\"https:\/\/www.fgautron.com\/weblog\/wp-content\/\/IMG_6976axcm.jpg\" data-orig-size=\"2000,1333\" data-comments-opened=\"1\" data-image-meta=\"{&quot;aperture&quot;:&quot;11&quot;,&quot;credit&quot;:&quot;&quot;,&quot;camera&quot;:&quot;Canon EOS 50D&quot;,&quot;caption&quot;:&quot;&quot;,&quot;created_timestamp&quot;:&quot;1758127620&quot;,&quot;copyright&quot;:&quot;&quot;,&quot;focal_length&quot;:&quot;19&quot;,&quot;iso&quot;:&quot;200&quot;,&quot;shutter_speed&quot;:&quot;0.004&quot;,&quot;title&quot;:&quot;&quot;,&quot;orientation&quot;:&quot;1&quot;}\" data-image-title=\"IMG_6976axcm\" data-image-description=\"\" data-image-caption=\"\" data-large-file=\"https:\/\/www.fgautron.com\/weblog\/wp-content\/\/IMG_6976axcm-700x467.jpg\" src=\"https:\/\/www.fgautron.com\/weblog\/wp-content\/\/IMG_6976axcm.jpg\" alt=\"\" width=\"2000\" height=\"1333\" class=\"aligncenter size-full wp-image-46864\" srcset=\"https:\/\/www.fgautron.com\/weblog\/wp-content\/IMG_6976axcm.jpg 2000w, https:\/\/www.fgautron.com\/weblog\/wp-content\/IMG_6976axcm-300x200.jpg 300w, https:\/\/www.fgautron.com\/weblog\/wp-content\/IMG_6976axcm-700x467.jpg 700w, https:\/\/www.fgautron.com\/weblog\/wp-content\/IMG_6976axcm-1536x1024.jpg 1536w, https:\/\/www.fgautron.com\/weblog\/wp-content\/IMG_6976axcm-800x533.jpg 800w\" sizes=\"auto, (max-width: 2000px) 100vw, 2000px\" \/><figcaption class=\"wp-caption-text\">Pavillon de Singapour par DP Architects.<\/figcaption><\/figure>\n<figure style=\"width: 2000px\" class=\"wp-caption aligncenter\"><img loading=\"lazy\" decoding=\"async\" data-attachment-id=\"46865\" data-permalink=\"https:\/\/www.fgautron.com\/weblog\/archives\/2025\/09\/27\/osaka-expo-2025-7\/img_6982axcm\/\" data-orig-file=\"https:\/\/www.fgautron.com\/weblog\/wp-content\/\/IMG_6982axcm.jpg\" data-orig-size=\"2000,1333\" data-comments-opened=\"1\" data-image-meta=\"{&quot;aperture&quot;:&quot;10&quot;,&quot;credit&quot;:&quot;&quot;,&quot;camera&quot;:&quot;Canon EOS 50D&quot;,&quot;caption&quot;:&quot;&quot;,&quot;created_timestamp&quot;:&quot;1758129033&quot;,&quot;copyright&quot;:&quot;&quot;,&quot;focal_length&quot;:&quot;19&quot;,&quot;iso&quot;:&quot;200&quot;,&quot;shutter_speed&quot;:&quot;0.005&quot;,&quot;title&quot;:&quot;&quot;,&quot;orientation&quot;:&quot;1&quot;}\" data-image-title=\"IMG_6982axcm\" data-image-description=\"\" data-image-caption=\"\" data-large-file=\"https:\/\/www.fgautron.com\/weblog\/wp-content\/\/IMG_6982axcm-700x467.jpg\" src=\"https:\/\/www.fgautron.com\/weblog\/wp-content\/\/IMG_6982axcm.jpg\" alt=\"\" width=\"2000\" height=\"1333\" class=\"aligncenter size-full wp-image-46865\" srcset=\"https:\/\/www.fgautron.com\/weblog\/wp-content\/IMG_6982axcm.jpg 2000w, https:\/\/www.fgautron.com\/weblog\/wp-content\/IMG_6982axcm-300x200.jpg 300w, https:\/\/www.fgautron.com\/weblog\/wp-content\/IMG_6982axcm-700x467.jpg 700w, https:\/\/www.fgautron.com\/weblog\/wp-content\/IMG_6982axcm-1536x1024.jpg 1536w, https:\/\/www.fgautron.com\/weblog\/wp-content\/IMG_6982axcm-800x533.jpg 800w\" sizes=\"auto, (max-width: 2000px) 100vw, 2000px\" \/><figcaption class=\"wp-caption-text\">Pavillon de la R\u00e9publique Tch\u00e8que par Apropos Architects.<\/figcaption><\/figure>\n<figure style=\"width: 2000px\" class=\"wp-caption aligncenter\"><img loading=\"lazy\" decoding=\"async\" data-attachment-id=\"46866\" data-permalink=\"https:\/\/www.fgautron.com\/weblog\/archives\/2025\/09\/27\/osaka-expo-2025-7\/img_6985axcm\/\" data-orig-file=\"https:\/\/www.fgautron.com\/weblog\/wp-content\/\/IMG_6985axcm.jpg\" data-orig-size=\"2000,1333\" data-comments-opened=\"1\" data-image-meta=\"{&quot;aperture&quot;:&quot;10&quot;,&quot;credit&quot;:&quot;&quot;,&quot;camera&quot;:&quot;Canon EOS 50D&quot;,&quot;caption&quot;:&quot;&quot;,&quot;created_timestamp&quot;:&quot;1758130892&quot;,&quot;copyright&quot;:&quot;&quot;,&quot;focal_length&quot;:&quot;17&quot;,&quot;iso&quot;:&quot;200&quot;,&quot;shutter_speed&quot;:&quot;0.005&quot;,&quot;title&quot;:&quot;&quot;,&quot;orientation&quot;:&quot;1&quot;}\" data-image-title=\"IMG_6985axcm\" data-image-description=\"\" data-image-caption=\"\" data-large-file=\"https:\/\/www.fgautron.com\/weblog\/wp-content\/\/IMG_6985axcm-700x467.jpg\" src=\"https:\/\/www.fgautron.com\/weblog\/wp-content\/\/IMG_6985axcm.jpg\" alt=\"\" width=\"2000\" height=\"1333\" class=\"aligncenter size-full wp-image-46866\" srcset=\"https:\/\/www.fgautron.com\/weblog\/wp-content\/IMG_6985axcm.jpg 2000w, https:\/\/www.fgautron.com\/weblog\/wp-content\/IMG_6985axcm-300x200.jpg 300w, https:\/\/www.fgautron.com\/weblog\/wp-content\/IMG_6985axcm-700x467.jpg 700w, https:\/\/www.fgautron.com\/weblog\/wp-content\/IMG_6985axcm-1536x1024.jpg 1536w, https:\/\/www.fgautron.com\/weblog\/wp-content\/IMG_6985axcm-800x533.jpg 800w\" sizes=\"auto, (max-width: 2000px) 100vw, 2000px\" \/><figcaption class=\"wp-caption-text\">Pavillon de la Colombie par Atelier MORF.<\/figcaption><\/figure>\n<p>Le centre vide de l\u2019Expo d\u2019Osaka 2025 est occup\u00e9 par un espace naturel am\u00e9nag\u00e9 nomm\u00e9 For\u00eat de la Tranquillit\u00e9. Ce nom me rappelle chaque fois le titre de la trilogie romanesque La Mer de la fertilit\u00e9 de l\u2019\u00e9crivain Yukio Mishima. Cette for\u00eat porte en tout cas assez bien son nom, car elle est beaucoup plus tranquille que le reste de l\u2019Expo. J\u2019ai m\u00eame r\u00e9ussi \u00e0 y prendre une photographie sans \u00e2me qui vive. La for\u00eat est tr\u00e8s bien am\u00e9nag\u00e9e, avec un \u00e9tang en son centre et des all\u00e9es agr\u00e9ment\u00e9es d\u2019installations artistiques. J\u2019aime beaucoup les dr\u00f4les de nids d\u2019abeilles (c\u2019est ce que cela m\u2019\u00e9voque imm\u00e9diatement) suspendus par l\u2019artiste Tom\u00e1s Saraceno. Comme je le mentionnais dans un pr\u00e9c\u00e9dent billet de cette longue s\u00e9rie de photographies, chaque d\u00e9tail et recoin de l\u2019Expo a \u00e9t\u00e9 r\u00e9fl\u00e9chi et stylis\u00e9. C\u2019est \u00e9galement le cas des quelques aires de repos diss\u00e9min\u00e9es sur le site, comme celle nomm\u00e9e Resting Area 4, con\u00e7ue par Daisuke et Saori Hattori &#038; Yudai Niimori. Le terrain et sa toiture grillag\u00e9e ondulent comme des vagues.<\/p>\n<p>Parmi les nombreux pavillons de l\u2019Expo, je me suis fait la r\u00e9flexion qu\u2019aucun n\u2019a \u00e9t\u00e9 sign\u00e9 par Tadao Ando, pourtant originaire d\u2019Osaka. Il intervient par contre sur l\u2019Expo comme <a href=\"https:\/\/www.expo2025.or.jp.ef.atu.hp.transer.com\/en\/senioradvisor\/?_gl=1*1vp7gan*_gcl_au*MTQ4NDAyOTA2Mi4xNzU4ODA1NjEw*_ga*MTk1NTgzOTc1MS4xNzU4ODA1NjEw*_ga_JSJ77CR4LH*czE3NTg4OTcxOTUkbzIkZzEkdDE3NTg4OTcyMzAkajI1JGwwJGgw\">conseiller<\/a> (Senior Advisor). Je me suis en fait dit que l\u2019architecture de b\u00e9ton de Tadao Ando ne s\u2019adaptait pas vraiment \u00e0 des pavillons \u00e9ph\u00e9m\u00e8res, amen\u00e9s \u00e0 dispara\u00eetre apr\u00e8s quelques mois.<\/p>\n<figure id=\"attachment_46947\" aria-describedby=\"caption-attachment-46947\" style=\"width: 1505px\" class=\"wp-caption aligncenter\"><img loading=\"lazy\" decoding=\"async\" data-attachment-id=\"46947\" data-permalink=\"https:\/\/www.fgautron.com\/weblog\/archives\/2025\/09\/27\/osaka-expo-2025-7\/img_3060axcm\/\" data-orig-file=\"https:\/\/www.fgautron.com\/weblog\/wp-content\/\/IMG_3060axcm.jpg\" data-orig-size=\"1505,1000\" data-comments-opened=\"1\" data-image-meta=\"{&quot;aperture&quot;:&quot;1.6&quot;,&quot;credit&quot;:&quot;&quot;,&quot;camera&quot;:&quot;iPhone 13&quot;,&quot;caption&quot;:&quot;&quot;,&quot;created_timestamp&quot;:&quot;1758128765&quot;,&quot;copyright&quot;:&quot;&quot;,&quot;focal_length&quot;:&quot;5.1&quot;,&quot;iso&quot;:&quot;200&quot;,&quot;shutter_speed&quot;:&quot;0.016666666666667&quot;,&quot;title&quot;:&quot;&quot;,&quot;orientation&quot;:&quot;1&quot;}\" data-image-title=\"IMG_3060axcm\" data-image-description=\"\" data-image-caption=\"&lt;p&gt;Int\u00e9rieur du Pavillon de la Colombie&lt;\/p&gt;\n\" data-large-file=\"https:\/\/www.fgautron.com\/weblog\/wp-content\/\/IMG_3060axcm-700x465.jpg\" src=\"https:\/\/www.fgautron.com\/weblog\/wp-content\/\/IMG_3060axcm.jpg\" alt=\"\" width=\"1505\" height=\"1000\" class=\"size-full wp-image-46947\" srcset=\"https:\/\/www.fgautron.com\/weblog\/wp-content\/IMG_3060axcm.jpg 1505w, https:\/\/www.fgautron.com\/weblog\/wp-content\/IMG_3060axcm-300x199.jpg 300w, https:\/\/www.fgautron.com\/weblog\/wp-content\/IMG_3060axcm-700x465.jpg 700w, https:\/\/www.fgautron.com\/weblog\/wp-content\/IMG_3060axcm-800x532.jpg 800w\" sizes=\"auto, (max-width: 1505px) 100vw, 1505px\" \/><figcaption id=\"caption-attachment-46947\" class=\"wp-caption-text\">Int\u00e9rieur du Pavillon de la Colombie<\/figcaption><\/figure>\n<p>Notre petit groupe s\u2019est finalement r\u00e9uni en deuxi\u00e8me partie d\u2019apr\u00e8s-midi et nous avons tent\u00e9 de visiter quelques pavillons, en commen\u00e7ant par celui de la Colombie. Il n\u2019y avait pas de file d\u2019attente attitr\u00e9e, mais l\u2019entr\u00e9e s\u2019est miraculeusement ouverte lors de notre passage, ce qui nous a permis d\u2019y entrer apr\u00e8s une petite dizaine de minutes d\u2019attente. Nous avons eu moins de chance pour les pavillons tch\u00e8que et maltais, que nous \u00e9tions curieux de visiter. Cette petite d\u00e9ception a \u00e9t\u00e9 compens\u00e9e par une pause boisson au pavillon maltais. J\u2019y ai achet\u00e9 une bi\u00e8re maltaise, tout en me pin\u00e7ant en voyant le prix annonc\u00e9 de 1 400 yens. L\u2019inflation \u00e0 l\u2019Expo d\u2019Osaka est particuli\u00e8rement marqu\u00e9e. La bi\u00e8re n\u2019en \u00e9tait heureusement pas moins rafra\u00eechissante, et je n\u2019ai pas boud\u00e9 mon plaisir, assis sur un des bancs du parc \u00e0 proximit\u00e9 de l\u2019eau de la Water Plaza. Ces quelques minutes de repos nous ont redonn\u00e9 un peu de force pour terminer notre visite, qui se conclura avec le prochain billet.<\/p>\n","protected":false},"excerpt":{"rendered":"<p>Le centre vide de l\u2019Expo d\u2019Osaka 2025 est occup\u00e9 par un espace naturel am\u00e9nag\u00e9 nomm\u00e9 For\u00eat de la Tranquillit\u00e9. Ce nom me rappelle chaque fois le titre de la trilogie romanesque La Mer de la fertilit\u00e9 de l\u2019\u00e9crivain Yukio Mishima. Cette for\u00eat porte en tout cas assez bien son nom, car elle est beaucoup plus&#8230;<\/p>\n","protected":false},"author":1,"featured_media":0,"comment_status":"open","ping_status":"open","sticky":false,"template":"","format":"standard","meta":{"_jetpack_memberships_contains_paid_content":false,"footnotes":"","jetpack_publicize_message":"","jetpack_publicize_feature_enabled":true,"jetpack_social_post_already_shared":true,"jetpack_social_options":{"image_generator_settings":{"template":"highway","default_image_id":0,"font":"","enabled":false},"version":2}},"categories":[17,1236],"tags":[4731,4732,4726,4730,4723,559,4677,4725,4727,747,4724,4722,4729,4728,4678],"class_list":["post-46857","post","type-post","status-publish","format-standard","hentry","category-architecture","category-osaka","tag-apropos-architects","tag-atelier-morf","tag-daisuke-hattori","tag-dp-architects","tag-hiroki-kutsuna","tag-nikken-sekkei","tag-osaka-expo-2025","tag-pinat","tag-saori-hattori-midw","tag-sou-fujimoto","tag-stefano-mancuso","tag-tomas-saraceno","tag-urban-intensity-architects-nikki","tag-yudai-niimori","tag-4678"],"jetpack_publicize_connections":[],"jetpack_featured_media_url":"","jetpack_sharing_enabled":true,"jetpack_likes_enabled":true,"_links":{"self":[{"href":"https:\/\/www.fgautron.com\/weblog\/wp-json\/wp\/v2\/posts\/46857","targetHints":{"allow":["GET"]}}],"collection":[{"href":"https:\/\/www.fgautron.com\/weblog\/wp-json\/wp\/v2\/posts"}],"about":[{"href":"https:\/\/www.fgautron.com\/weblog\/wp-json\/wp\/v2\/types\/post"}],"author":[{"embeddable":true,"href":"https:\/\/www.fgautron.com\/weblog\/wp-json\/wp\/v2\/users\/1"}],"replies":[{"embeddable":true,"href":"https:\/\/www.fgautron.com\/weblog\/wp-json\/wp\/v2\/comments?post=46857"}],"version-history":[{"count":5,"href":"https:\/\/www.fgautron.com\/weblog\/wp-json\/wp\/v2\/posts\/46857\/revisions"}],"predecessor-version":[{"id":46948,"href":"https:\/\/www.fgautron.com\/weblog\/wp-json\/wp\/v2\/posts\/46857\/revisions\/46948"}],"wp:attachment":[{"href":"https:\/\/www.fgautron.com\/weblog\/wp-json\/wp\/v2\/media?parent=46857"}],"wp:term":[{"taxonomy":"category","embeddable":true,"href":"https:\/\/www.fgautron.com\/weblog\/wp-json\/wp\/v2\/categories?post=46857"},{"taxonomy":"post_tag","embeddable":true,"href":"https:\/\/www.fgautron.com\/weblog\/wp-json\/wp\/v2\/tags?post=46857"}],"curies":[{"name":"wp","href":"https:\/\/api.w.org\/{rel}","templated":true}]}}