{"id":526,"date":"2005-10-03T23:29:42","date_gmt":"2005-10-03T14:29:42","guid":{"rendered":"http:\/\/www.fgautron.com\/weblog\/archives\/2005\/10\/03\/car-crash\/"},"modified":"2017-08-13T07:29:40","modified_gmt":"2017-08-12T22:29:40","slug":"car-crash","status":"publish","type":"post","link":"https:\/\/www.fgautron.com\/weblog\/archives\/2005\/10\/03\/car-crash\/","title":{"rendered":"Car Crash"},"content":{"rendered":"<p><img loading=\"lazy\" decoding=\"async\" data-attachment-id=\"19775\" data-permalink=\"https:\/\/www.fgautron.com\/weblog\/archives\/2005\/10\/03\/car-crash\/crw_8645m\/\" data-orig-file=\"https:\/\/www.fgautron.com\/weblog\/wp-content\/\/CRW_8645m.jpg\" data-orig-size=\"614,922\" data-comments-opened=\"1\" data-image-meta=\"{&quot;aperture&quot;:&quot;0&quot;,&quot;credit&quot;:&quot;&quot;,&quot;camera&quot;:&quot;&quot;,&quot;caption&quot;:&quot;&quot;,&quot;created_timestamp&quot;:&quot;0&quot;,&quot;copyright&quot;:&quot;&quot;,&quot;focal_length&quot;:&quot;0&quot;,&quot;iso&quot;:&quot;0&quot;,&quot;shutter_speed&quot;:&quot;0&quot;,&quot;title&quot;:&quot;&quot;,&quot;orientation&quot;:&quot;1&quot;}\" data-image-title=\"CRW_8645m\" data-image-description=\"\" data-image-caption=\"\" data-large-file=\"https:\/\/www.fgautron.com\/weblog\/wp-content\/\/CRW_8645m.jpg\" src=\"https:\/\/www.fgautron.com\/weblog\/wp-content\/\/CRW_8645m.jpg\" alt=\"\" width=\"614\" height=\"922\" class=\"aligncenter size-full wp-image-19775\" srcset=\"https:\/\/www.fgautron.com\/weblog\/wp-content\/CRW_8645m.jpg 614w, https:\/\/www.fgautron.com\/weblog\/wp-content\/CRW_8645m-200x300.jpg 200w\" sizes=\"auto, (max-width: 614px) 100vw, 614px\" \/><\/p>\n<p><img loading=\"lazy\" decoding=\"async\" data-attachment-id=\"19776\" data-permalink=\"https:\/\/www.fgautron.com\/weblog\/archives\/2005\/10\/03\/car-crash\/crw_8648m\/\" data-orig-file=\"https:\/\/www.fgautron.com\/weblog\/wp-content\/\/CRW_8648m.jpg\" data-orig-size=\"922,614\" data-comments-opened=\"1\" data-image-meta=\"{&quot;aperture&quot;:&quot;0&quot;,&quot;credit&quot;:&quot;&quot;,&quot;camera&quot;:&quot;&quot;,&quot;caption&quot;:&quot;&quot;,&quot;created_timestamp&quot;:&quot;0&quot;,&quot;copyright&quot;:&quot;&quot;,&quot;focal_length&quot;:&quot;0&quot;,&quot;iso&quot;:&quot;0&quot;,&quot;shutter_speed&quot;:&quot;0&quot;,&quot;title&quot;:&quot;&quot;,&quot;orientation&quot;:&quot;1&quot;}\" data-image-title=\"CRW_8648m\" data-image-description=\"\" data-image-caption=\"\" data-large-file=\"https:\/\/www.fgautron.com\/weblog\/wp-content\/\/CRW_8648m-700x466.jpg\" src=\"https:\/\/www.fgautron.com\/weblog\/wp-content\/\/CRW_8648m.jpg\" alt=\"\" width=\"922\" height=\"614\" class=\"aligncenter size-full wp-image-19776\" srcset=\"https:\/\/www.fgautron.com\/weblog\/wp-content\/CRW_8648m.jpg 922w, https:\/\/www.fgautron.com\/weblog\/wp-content\/CRW_8648m-300x200.jpg 300w, https:\/\/www.fgautron.com\/weblog\/wp-content\/CRW_8648m-700x466.jpg 700w, https:\/\/www.fgautron.com\/weblog\/wp-content\/CRW_8648m-800x533.jpg 800w\" sizes=\"auto, (max-width: 922px) 100vw, 922px\" \/><\/p>\n<p><img loading=\"lazy\" decoding=\"async\" data-attachment-id=\"19777\" data-permalink=\"https:\/\/www.fgautron.com\/weblog\/archives\/2005\/10\/03\/car-crash\/crw_8650m\/\" data-orig-file=\"https:\/\/www.fgautron.com\/weblog\/wp-content\/\/CRW_8650m.jpg\" data-orig-size=\"922,614\" data-comments-opened=\"1\" data-image-meta=\"{&quot;aperture&quot;:&quot;0&quot;,&quot;credit&quot;:&quot;&quot;,&quot;camera&quot;:&quot;&quot;,&quot;caption&quot;:&quot;&quot;,&quot;created_timestamp&quot;:&quot;0&quot;,&quot;copyright&quot;:&quot;&quot;,&quot;focal_length&quot;:&quot;0&quot;,&quot;iso&quot;:&quot;0&quot;,&quot;shutter_speed&quot;:&quot;0&quot;,&quot;title&quot;:&quot;&quot;,&quot;orientation&quot;:&quot;1&quot;}\" data-image-title=\"CRW_8650m\" data-image-description=\"\" data-image-caption=\"\" data-large-file=\"https:\/\/www.fgautron.com\/weblog\/wp-content\/\/CRW_8650m-700x466.jpg\" src=\"https:\/\/www.fgautron.com\/weblog\/wp-content\/\/CRW_8650m.jpg\" alt=\"\" width=\"922\" height=\"614\" class=\"aligncenter size-full wp-image-19777\" srcset=\"https:\/\/www.fgautron.com\/weblog\/wp-content\/CRW_8650m.jpg 922w, https:\/\/www.fgautron.com\/weblog\/wp-content\/CRW_8650m-300x200.jpg 300w, https:\/\/www.fgautron.com\/weblog\/wp-content\/CRW_8650m-700x466.jpg 700w, https:\/\/www.fgautron.com\/weblog\/wp-content\/CRW_8650m-800x533.jpg 800w\" sizes=\"auto, (max-width: 922px) 100vw, 922px\" \/><\/p>\n<p>Une vielle voiture us\u00e9e par une non-utilisation au bord d&rsquo;une rue r\u00e9sidentielle de Kamakura Yama, fait echo \u00e0 cette photo d&rsquo;une <a href=\"https:\/\/www.fgautron.com\/weblog\/archives\/2004\/09\/27\/tokyo-en-noir-et-blanc-2\/\" title=\"vieille am\u00e9ricaine\">vielle am\u00e9ricaine<\/a> prise \u00e0 Aoyama. C&rsquo;est assez \u00e9trange de trouver une \u00e9pave pareille<\/a> dans un quartier r\u00e9sidentiel propre et net.<\/p>\n<p>En revoyant les similitudes entre cette photo \u00e0 Kamakura et celle de Aoyama, il me manque une troisi\u00e8me photo pour composer un triptyque. Un certain nombre de photos que j&rsquo;au pu pendre durant ces deux derni\u00e8res ann\u00e9es semblent se faire echo pour constituer des pairs (par exemple les deux compositions: <a href=\"https:\/\/www.fgautron.com\/weblog\/archives\/2005\/05\/29\/shiro\/\">Shiro<\/a> et <a href=\"https:\/\/www.fgautron.com\/weblog\/archives\/2005\/06\/15\/\u9ed2\u82b1\/\">Kuro Hana<\/a>), il me resterait \u00e0 trouver l&rsquo;\u00e9l\u00e9ment manquant.<\/p>\n<p><img loading=\"lazy\" decoding=\"async\" data-attachment-id=\"19781\" data-permalink=\"https:\/\/www.fgautron.com\/weblog\/archives\/2005\/10\/03\/car-crash\/crw_8640\/\" data-orig-file=\"https:\/\/www.fgautron.com\/weblog\/wp-content\/\/CRW_8640.jpg\" data-orig-size=\"614,922\" data-comments-opened=\"1\" data-image-meta=\"{&quot;aperture&quot;:&quot;0&quot;,&quot;credit&quot;:&quot;&quot;,&quot;camera&quot;:&quot;&quot;,&quot;caption&quot;:&quot;&quot;,&quot;created_timestamp&quot;:&quot;0&quot;,&quot;copyright&quot;:&quot;&quot;,&quot;focal_length&quot;:&quot;0&quot;,&quot;iso&quot;:&quot;0&quot;,&quot;shutter_speed&quot;:&quot;0&quot;,&quot;title&quot;:&quot;&quot;,&quot;orientation&quot;:&quot;1&quot;}\" data-image-title=\"CRW_8640\" data-image-description=\"\" data-image-caption=\"\" data-large-file=\"https:\/\/www.fgautron.com\/weblog\/wp-content\/\/CRW_8640.jpg\" src=\"https:\/\/www.fgautron.com\/weblog\/wp-content\/\/CRW_8640.jpg\" alt=\"\" width=\"614\" height=\"922\" class=\"aligncenter size-full wp-image-19781\" srcset=\"https:\/\/www.fgautron.com\/weblog\/wp-content\/CRW_8640.jpg 614w, https:\/\/www.fgautron.com\/weblog\/wp-content\/CRW_8640-200x300.jpg 200w\" sizes=\"auto, (max-width: 614px) 100vw, 614px\" \/><\/p>\n<p>L&rsquo;\u00e9t\u00e9 joue les prolongations aujourd&rsquo;hui dimanche, le ciel bleu est plus que jamais bleu en haut des collines de Kamakura. Cet arbre est au point culminant de la colline que nous visitons aujourd&rsquo;hui. Il y avait tr\u00e8s certainement une maison ici autrefois, mais il n&rsquo;en reste que des herbes mortes vivant sur les murets de la propri\u00e9t\u00e9. D&rsquo;ici, nous voyons loin, jusqu&rsquo;\u00e0 la presqu&rsquo;\u00eele de Enoshima presque dissimul\u00e9e par les nuages et les collines. Pourquoi pas une maison de vacances ici? Je m&rsquo;imagine sur la terrasse \u00e0 fixer la <a href=\"http:\/\/www.artnet.com\/artwork\/424150774\/hiroshi-sugimoto-pacific-ocean-iv.html\">mer jusqu&rsquo;\u00e0 la rendre floue<\/a>. Ca se sera pour bien plus tard, peut \u00eatre&#8230;<\/p>\n<p><img loading=\"lazy\" decoding=\"async\" data-attachment-id=\"19782\" data-permalink=\"https:\/\/www.fgautron.com\/weblog\/archives\/2005\/10\/03\/car-crash\/crw_8655m\/\" data-orig-file=\"https:\/\/www.fgautron.com\/weblog\/wp-content\/\/CRW_8655m.jpg\" data-orig-size=\"922,614\" data-comments-opened=\"1\" data-image-meta=\"{&quot;aperture&quot;:&quot;0&quot;,&quot;credit&quot;:&quot;&quot;,&quot;camera&quot;:&quot;&quot;,&quot;caption&quot;:&quot;&quot;,&quot;created_timestamp&quot;:&quot;0&quot;,&quot;copyright&quot;:&quot;&quot;,&quot;focal_length&quot;:&quot;0&quot;,&quot;iso&quot;:&quot;0&quot;,&quot;shutter_speed&quot;:&quot;0&quot;,&quot;title&quot;:&quot;&quot;,&quot;orientation&quot;:&quot;1&quot;}\" data-image-title=\"CRW_8655m\" data-image-description=\"\" data-image-caption=\"\" data-large-file=\"https:\/\/www.fgautron.com\/weblog\/wp-content\/\/CRW_8655m-700x466.jpg\" src=\"https:\/\/www.fgautron.com\/weblog\/wp-content\/\/CRW_8655m.jpg\" alt=\"\" width=\"922\" height=\"614\" class=\"aligncenter size-full wp-image-19782\" srcset=\"https:\/\/www.fgautron.com\/weblog\/wp-content\/CRW_8655m.jpg 922w, https:\/\/www.fgautron.com\/weblog\/wp-content\/CRW_8655m-300x200.jpg 300w, https:\/\/www.fgautron.com\/weblog\/wp-content\/CRW_8655m-700x466.jpg 700w, https:\/\/www.fgautron.com\/weblog\/wp-content\/CRW_8655m-800x533.jpg 800w\" sizes=\"auto, (max-width: 922px) 100vw, 922px\" \/><\/p>\n<p>Au bords des routes du Kamakura champ\u00eatre, une petite fleur pointe son nez et chatouille le mien.<\/p>\n<p>Pour revenir \u00e0 la <a href=\"http:\/\/www.artnet.com\/artwork\/424150774\/hiroshi-sugimoto-pacific-ocean-iv.html\">mer floue<\/a>, il s&rsquo;agit d&rsquo;une des photos de <a href=\"http:\/\/www.pbs.org\/art21\/artists\/sugimoto\/\">Hiroshi Sugimoto<\/a> pr\u00e9sent\u00e9es \u00e0 l&rsquo;exposition <a href=\"http:\/\/www.mori.art.museum\/english\/contents\/sugimoto\/index.html\">Hiroshi Sugimoto End of Time au Mori Art Museum<\/a>. L&rsquo;exposition pr\u00e9sente \u00e9galement les photos de ces <a href=\"http:\/\/www.eyestorm.com\/artist\/Hiroshi_Sugimoto.aspx\">th\u00e9atres<\/a> pris en tr\u00e8s longue exposition, le temps de la dur\u00e9e du spectacle; une longue exposition gommant tous les d\u00e9tails et pr\u00e9servant les effets lumineux. A voir, tr\u00e8s certainement.<\/p>\n","protected":false},"excerpt":{"rendered":"<p>Une vielle voiture us\u00e9e par une non-utilisation au bord d&rsquo;une rue r\u00e9sidentielle de Kamakura Yama, fait echo \u00e0 cette photo d&rsquo;une vielle am\u00e9ricaine prise \u00e0 Aoyama. C&rsquo;est assez \u00e9trange de trouver une \u00e9pave pareille dans un quartier r\u00e9sidentiel propre et net. En revoyant les similitudes entre cette photo \u00e0 Kamakura et celle de Aoyama, il&#8230;<\/p>\n","protected":false},"author":1,"featured_media":0,"comment_status":"open","ping_status":"open","sticky":false,"template":"","format":"standard","meta":{"_jetpack_memberships_contains_paid_content":false,"footnotes":"","jetpack_publicize_message":"","jetpack_publicize_feature_enabled":true,"jetpack_social_post_already_shared":false,"jetpack_social_options":{"image_generator_settings":{"template":"highway","default_image_id":0,"font":"","enabled":false},"version":2}},"categories":[6,18],"tags":[],"class_list":["post-526","post","type-post","status-publish","format-standard","hentry","category-art","category-kamakura-et-shonan"],"jetpack_publicize_connections":[],"jetpack_featured_media_url":"","jetpack_sharing_enabled":true,"jetpack_likes_enabled":true,"_links":{"self":[{"href":"https:\/\/www.fgautron.com\/weblog\/wp-json\/wp\/v2\/posts\/526","targetHints":{"allow":["GET"]}}],"collection":[{"href":"https:\/\/www.fgautron.com\/weblog\/wp-json\/wp\/v2\/posts"}],"about":[{"href":"https:\/\/www.fgautron.com\/weblog\/wp-json\/wp\/v2\/types\/post"}],"author":[{"embeddable":true,"href":"https:\/\/www.fgautron.com\/weblog\/wp-json\/wp\/v2\/users\/1"}],"replies":[{"embeddable":true,"href":"https:\/\/www.fgautron.com\/weblog\/wp-json\/wp\/v2\/comments?post=526"}],"version-history":[{"count":5,"href":"https:\/\/www.fgautron.com\/weblog\/wp-json\/wp\/v2\/posts\/526\/revisions"}],"predecessor-version":[{"id":19783,"href":"https:\/\/www.fgautron.com\/weblog\/wp-json\/wp\/v2\/posts\/526\/revisions\/19783"}],"wp:attachment":[{"href":"https:\/\/www.fgautron.com\/weblog\/wp-json\/wp\/v2\/media?parent=526"}],"wp:term":[{"taxonomy":"category","embeddable":true,"href":"https:\/\/www.fgautron.com\/weblog\/wp-json\/wp\/v2\/categories?post=526"},{"taxonomy":"post_tag","embeddable":true,"href":"https:\/\/www.fgautron.com\/weblog\/wp-json\/wp\/v2\/tags?post=526"}],"curies":[{"name":"wp","href":"https:\/\/api.w.org\/{rel}","templated":true}]}}