{"id":547,"date":"2006-01-06T21:05:06","date_gmt":"2006-01-06T12:05:06","guid":{"rendered":"http:\/\/www.fgautron.com\/weblog\/archives\/2006\/01\/05\/nexico-et-new-york-city\/"},"modified":"2017-08-14T22:23:41","modified_gmt":"2017-08-14T13:23:41","slug":"mexico-et-new-york-city","status":"publish","type":"post","link":"https:\/\/www.fgautron.com\/weblog\/archives\/2006\/01\/06\/mexico-et-new-york-city\/","title":{"rendered":"Mexico et New York City"},"content":{"rendered":"<p><img loading=\"lazy\" decoding=\"async\" data-attachment-id=\"15022\" data-permalink=\"https:\/\/www.fgautron.com\/weblog\/archives\/2006\/01\/06\/mexico-et-new-york-city\/dsc03995\/\" data-orig-file=\"https:\/\/www.fgautron.com\/weblog\/wp-content\/\/DSC03995.jpg\" data-orig-size=\"922,692\" data-comments-opened=\"1\" data-image-meta=\"{&quot;aperture&quot;:&quot;5.6&quot;,&quot;credit&quot;:&quot;&quot;,&quot;camera&quot;:&quot;DSC-T33&quot;,&quot;caption&quot;:&quot;&quot;,&quot;created_timestamp&quot;:&quot;1135225850&quot;,&quot;copyright&quot;:&quot;&quot;,&quot;focal_length&quot;:&quot;6.7&quot;,&quot;iso&quot;:&quot;100&quot;,&quot;shutter_speed&quot;:&quot;0.004&quot;,&quot;title&quot;:&quot;&quot;,&quot;orientation&quot;:&quot;1&quot;}\" data-image-title=\"La grande place Zocalo et la cath\u00e9drale\" data-image-description=\"\" data-image-caption=\"\" data-large-file=\"https:\/\/www.fgautron.com\/weblog\/wp-content\/\/DSC03995.jpg\" src=\"https:\/\/www.fgautron.com\/weblog\/wp-content\/\/DSC03995.jpg\" alt=\"DSC03995\" width=\"922\" height=\"692\" class=\"aligncenter size-full wp-image-15022\" srcset=\"https:\/\/www.fgautron.com\/weblog\/wp-content\/DSC03995.jpg 922w, https:\/\/www.fgautron.com\/weblog\/wp-content\/DSC03995-300x225.jpg 300w\" sizes=\"auto, (max-width: 922px) 100vw, 922px\" \/><\/p>\n<p>Lundi 19 d\u00e9cembre, d\u00e9part pour le Mexique. Le voyage all\u00e9 qui nous attend sera long et \u00e9puisant avec une halte \u00e0 Houston (sans probl\u00e8me). Les 11h de trajet passeront comme une lettre \u00e0 la poste mais l&rsquo;attente \u00e0 l&rsquo;immigration sera longue. M\u00eame si nous ne sommes qu&rsquo;en transit vers Mexico, il nous faudra passer par l&rsquo;immigration et r\u00e9cup\u00e9rer nos bagages pour refaire un check-in ult\u00e9rieurement. Nous voyageons ensuite \u00e0 bord d&rsquo;un petit zing de 100 passagers vers notre destination. L&rsquo;arriv\u00e9e \u00e0 Mexico est impressionante, la ville que nous survolons s&rsquo;\u00e9tend sans limite. Nous sommes morts de fatigue, mais le taxi nous d\u00e9posera tr\u00e8s bient\u00f4t \u00e0 notre hotel pour un bon repos.<\/p>\n<p>Notre premi\u00e8re journ\u00e9e \u00e0 Mexico se passe pas tr\u00e8s loin de notre hotel, dans le Bosque de Chapultepec, le plus grand parc de Mexico. On commence par le Castillo de Chapultepec, un ch\u00e2teau datant de 1785, au sommet d&rsquo;une colline du parc. Ce ch\u00e2teau \u00e9tait la demeure des anciens rois du Mexique venus d&rsquo;Espagne, puis des pr\u00e9sidents mexicains jusqu&rsquo;en 1939. La mont\u00e9e vers les hauteurs du ch\u00e2teau est un peu difficile, Mexico est \u00e0 2200m d&rsquo;altitude et ca se ressent, on manque d&rsquo;air. Tout effort semblant plus fatiguant que d&rsquo;accoutum\u00e9, ou est ce l&rsquo;effet qu&rsquo;on s&rsquo;en fait&#8230; Le ch\u00e2teau s&rsquo;est transform\u00e9 en mus\u00e9e avec une grande s\u00e9rie de mobiliers d&rsquo;\u00e9poque, des tableaux et surtout des peintures murales repr\u00e9sentant des sc\u00e8nes de l&rsquo;histoire r\u00e9volutionnaire du pays. Certaines sont impressionantes de d\u00e9tails et de dynamisme, comme celle gigantesque de Siqueiros. Les couleurs rouges sont d&rsquo;une violence que je n&rsquo;ai que rarement vu. Midi pass\u00e9, nous marchons vers le Paseo de la Reforma, la plus grosse avenue de Mexico DF (City) pour y d\u00e9couvrir la grande colonne de l&rsquo;ind\u00e9pendance El Angel sur un rond point de l&rsquo;avenue. <\/p>\n<p><img loading=\"lazy\" decoding=\"async\" data-attachment-id=\"15018\" data-permalink=\"https:\/\/www.fgautron.com\/weblog\/archives\/2006\/01\/06\/mexico-et-new-york-city\/dsc03983\/\" data-orig-file=\"https:\/\/www.fgautron.com\/weblog\/wp-content\/\/DSC03983.jpg\" data-orig-size=\"922,692\" data-comments-opened=\"1\" data-image-meta=\"{&quot;aperture&quot;:&quot;3.5&quot;,&quot;credit&quot;:&quot;&quot;,&quot;camera&quot;:&quot;DSC-T33&quot;,&quot;caption&quot;:&quot;&quot;,&quot;created_timestamp&quot;:&quot;1135149338&quot;,&quot;copyright&quot;:&quot;&quot;,&quot;focal_length&quot;:&quot;6.7&quot;,&quot;iso&quot;:&quot;250&quot;,&quot;shutter_speed&quot;:&quot;0.125&quot;,&quot;title&quot;:&quot;&quot;,&quot;orientation&quot;:&quot;1&quot;}\" data-image-title=\"Mus\u00e9e d&amp;rsquo;Art Moderne et Frida Kahlo\" data-image-description=\"\" data-image-caption=\"\" data-large-file=\"https:\/\/www.fgautron.com\/weblog\/wp-content\/\/DSC03983.jpg\" src=\"https:\/\/www.fgautron.com\/weblog\/wp-content\/\/DSC03983.jpg\" alt=\"DSC03983\" width=\"922\" height=\"692\" class=\"aligncenter size-full wp-image-15018\" srcset=\"https:\/\/www.fgautron.com\/weblog\/wp-content\/DSC03983.jpg 922w, https:\/\/www.fgautron.com\/weblog\/wp-content\/DSC03983-300x225.jpg 300w\" sizes=\"auto, (max-width: 922px) 100vw, 922px\" \/><\/p>\n<p>Nous reviendrons un peu plus tard vers le parc pour visiter le Museo del Arte Moderno cette fois-ci. Il propose une belle collection d&rsquo;artistes mexicains mais seulement 2 Frida Kahlo et 4 Diego Rivera. Le tableau de Frida Kahlo: \u00ab\u00a0Las Dos Frida\u00a0\u00bb est superbe: un portrait de son mari Diego Rivera enfant reli\u00e9 \u00e0 son coeur dont un des vaisseaux se brise \u00e0 une extr\u00e9mit\u00e9. Ce tableau est pour s\u00fbr un reflet de leur vie de couple tumultueuse, et le point marquant du mus\u00e9e.<\/p>\n<p>Le lendemain Mercredi, nous nous dirigeons vers le centre historique de Mexico, le Centro Historico au coeur de la ville avec comme point central une place pav\u00e9e gigantesque nomm\u00e9e Zocalo. Un endroit tr\u00e8s anim\u00e9, notamment par des danseurs en habits azt\u00e8ques, est entour\u00e9e de monuments espagnols impressionants. On commence par la grande Cath\u00e9drale M\u00e9tropolitaine construite sur les ruines d&rsquo;un temple azt\u00e8que. En deuxi\u00e8me \u00e9tape, on visite le Palacio Nacional (qui abrite les bureaux de l&rsquo;actuel pr\u00e9sident). Le palais est agr\u00e9ment\u00e9 d&rsquo;une grande cour int\u00e9rieure dont les murs sont orn\u00e9s de gigantesques fresques de Diego Rivera retacant l&rsquo;histoire du mexique. C&rsquo;est impressionant. A quelques pas de l\u00e0, le Templo Mayor nous am\u00e8ne dans le pass\u00e9 sur les traces des azt\u00e8ques. Des fouilles r\u00e9centes (1978) ont d\u00e9couvert ces ruines de la grande cit\u00e9 de Tenochtitlan devenue Mexico. Un peu plus tard, nous tentons de rejoindre \u00e0 pied \u00e0 travers les rues mouvement\u00e9es du Centro Historico, le Museo Rural de Diego Rivera, malheureusement ferm\u00e9 aujourd&rsquo;hui. Nous avons tout de m\u00eame pu sentir le poux de la ville \u00e0 travers ses rues, la tranquilit\u00e9 du parc Almeda. Apr\u00e8s quelques instants shopping artisanal dans le march\u00e9 de la Ciudadela, nous regagnons la place Zocalo d\u00e9cor\u00e9e pour les f\u00eates de fin d&rsquo;ann\u00e9e, tout en n&rsquo;omettant pas de s&rsquo;arr\u00eater prendre un caf\u00e9 dans la superbe demeure Azuleros couverte de fayences. Le taxi du retour pris \u00e0 partir d&rsquo;un hotel de la place Zocalo (et surtout pas h\u00eal\u00e9 dans la rue, ce qui est fortement d\u00e9conseill\u00e9 par tous les guides) nous propose une excursion pour la journ\u00e9e vers les pyramides de Teotihuacan, une vieille cit\u00e9e de 250 apr\u00e8s JC. Le taxi a une t\u00eate sympa, on va accepter son offre.<\/p>\n<p><img loading=\"lazy\" decoding=\"async\" data-attachment-id=\"15042\" data-permalink=\"https:\/\/www.fgautron.com\/weblog\/archives\/2006\/01\/06\/mexico-et-new-york-city\/dsc04075\/\" data-orig-file=\"https:\/\/www.fgautron.com\/weblog\/wp-content\/\/DSC04075.jpg\" data-orig-size=\"922,692\" data-comments-opened=\"1\" data-image-meta=\"{&quot;aperture&quot;:&quot;5.6&quot;,&quot;credit&quot;:&quot;&quot;,&quot;camera&quot;:&quot;DSC-T33&quot;,&quot;caption&quot;:&quot;&quot;,&quot;created_timestamp&quot;:&quot;1135312743&quot;,&quot;copyright&quot;:&quot;&quot;,&quot;focal_length&quot;:&quot;6.7&quot;,&quot;iso&quot;:&quot;100&quot;,&quot;shutter_speed&quot;:&quot;0.0025&quot;,&quot;title&quot;:&quot;&quot;,&quot;orientation&quot;:&quot;1&quot;}\" data-image-title=\"Vue sur le site de Teotihuacan\" data-image-description=\"\" data-image-caption=\"\" data-large-file=\"https:\/\/www.fgautron.com\/weblog\/wp-content\/\/DSC04075.jpg\" src=\"https:\/\/www.fgautron.com\/weblog\/wp-content\/\/DSC04075.jpg\" alt=\"DSC04075\" width=\"922\" height=\"692\" class=\"aligncenter size-full wp-image-15042\" srcset=\"https:\/\/www.fgautron.com\/weblog\/wp-content\/DSC04075.jpg 922w, https:\/\/www.fgautron.com\/weblog\/wp-content\/DSC04075-300x225.jpg 300w\" sizes=\"auto, (max-width: 922px) 100vw, 922px\" \/><\/p>\n<p>Comme pr\u00e9vu, nous voyageons le lendemain avec notre chauffeur de la veille vers les ruines de la grande cit\u00e9 de Teotihuacan, \u00e0 environ 50 kms du centre de Mexico. La route se fait rapidement et permet de d\u00e9couvrir la banlieue parfois d\u00e9sol\u00e9e de Mexico. La cit\u00e9 de Teotihuacan date des ann\u00e9es 250, d&rsquo;une civilisation bien ant\u00e9rieure \u00e0 celle azt\u00e8que. Cette grande civilisation prenait pour centre de l&rsquo;Univers cette cit\u00e9 compos\u00e9e principalement de 2 pyramides. La pyramide du Soleil est la plus grande (3\u00e8me du monde par sa taille) et la plus impressionante. On se fatigue \u00e9norm\u00e9ment \u00e0 la grimper sous un ciel d\u00e9couvert et un soleil de plomb. La deuxi\u00e8me pyramide, celle de la Lune est plus petite, mais donne une vue inoubliable de la cit\u00e9. On s&rsquo;imagine, les fresques de Diego Rivera en t\u00eate, la vie de la cit\u00e9 \u00e0 l&rsquo;\u00e9poque. Comment pourrait on se projeter quelques heures dans le pass\u00e9 pour mieux comprendre cette vie et toute ces richesses? Les deux pyramides sont d\u00e9sservies par une grande route de 2kms, d\u00e9nomm\u00e9e Calzada de los Muertos. Elle rejoint en son autre extr\u00e9mit\u00e9 les ruines du Temple de Quetzalcoatl, le dieu \u00e0 t\u00eate de serpent. Le temple est actuellement en cours de r\u00e9novation et laisse d\u00e9j\u00e0 appara\u00eetre des sculptures de dieux \u00e0 t\u00eates d&rsquo;animaux. Teotihuacan est un lieu magique et immanquable \u00e0 proximit\u00e9 de Mexico.<\/p>\n<p>On repart ensuite avec notre chauffeur vers le Museo de Dolores Olmedo. Au sud de Mexico, on retrouve cette riche demeure entour\u00e9e de jardins verts et de paons dans tous les coins. La propri\u00e9t\u00e9 fut transform\u00e9e en mus\u00e9e \u00e0 la mort de sa propri\u00e9taire Dolores Olmedo, une fervente amatrice d&rsquo;art. On y trouve un tr\u00e8s grand nombre d&rsquo;oeuvres de Diego Rivera et une salle d\u00e9di\u00e9e \u00e0 Frida Kahlo.<\/p>\n<p><img loading=\"lazy\" decoding=\"async\" data-attachment-id=\"15050\" data-permalink=\"https:\/\/www.fgautron.com\/weblog\/archives\/2006\/01\/06\/mexico-et-new-york-city\/dsc04098\/\" data-orig-file=\"https:\/\/www.fgautron.com\/weblog\/wp-content\/\/DSC04098.jpg\" data-orig-size=\"922,692\" data-comments-opened=\"1\" data-image-meta=\"{&quot;aperture&quot;:&quot;3.5&quot;,&quot;credit&quot;:&quot;&quot;,&quot;camera&quot;:&quot;DSC-T33&quot;,&quot;caption&quot;:&quot;&quot;,&quot;created_timestamp&quot;:&quot;1135327402&quot;,&quot;copyright&quot;:&quot;&quot;,&quot;focal_length&quot;:&quot;6.7&quot;,&quot;iso&quot;:&quot;250&quot;,&quot;shutter_speed&quot;:&quot;0.033333333333333&quot;,&quot;title&quot;:&quot;&quot;,&quot;orientation&quot;:&quot;1&quot;}\" data-image-title=\"Les canaux sont envahis d&amp;#8217;embarcations les apr\u00e8s-midi dominicales\" data-image-description=\"\" data-image-caption=\"\" data-large-file=\"https:\/\/www.fgautron.com\/weblog\/wp-content\/\/DSC04098.jpg\" src=\"https:\/\/www.fgautron.com\/weblog\/wp-content\/\/DSC04098.jpg\" alt=\"DSC04098\" width=\"922\" height=\"692\" class=\"aligncenter size-full wp-image-15050\" srcset=\"https:\/\/www.fgautron.com\/weblog\/wp-content\/DSC04098.jpg 922w, https:\/\/www.fgautron.com\/weblog\/wp-content\/DSC04098-300x225.jpg 300w\" sizes=\"auto, (max-width: 922px) 100vw, 922px\" \/><\/p>\n<p>La derni\u00e8re \u00e9tape de la journ\u00e9e sera Xochimilco (20 kms au sud de Mexico), un grand r\u00e9seau de canaux et de jardins flottants d&rsquo;origine azt\u00e8que (\u00ab\u00a0chinampas\u00a0\u00bb), couverts d&#8217;embarcations \u00ab\u00a0richement\u00a0\u00bb d\u00e9cor\u00e9es. Les mexicains sont tr\u00e8s friands de ballades sur les canaux les apr\u00e8s midi dominicales. On arrive un peu tard dans la soir\u00e9e pour appr\u00e9cier l&rsquo;animation. Les couleurs de ces embarcations particuli\u00e8res sont quand m\u00eame bien intriguantes. Notre journ\u00e9e se termine sur ces images d&rsquo;un monde flottant.<\/p>\n<p><img loading=\"lazy\" decoding=\"async\" data-attachment-id=\"15058\" data-permalink=\"https:\/\/www.fgautron.com\/weblog\/archives\/2006\/01\/06\/mexico-et-new-york-city\/dsc04130\/\" data-orig-file=\"https:\/\/www.fgautron.com\/weblog\/wp-content\/\/DSC04130.jpg\" data-orig-size=\"692,922\" data-comments-opened=\"1\" data-image-meta=\"{&quot;aperture&quot;:&quot;3.5&quot;,&quot;credit&quot;:&quot;&quot;,&quot;camera&quot;:&quot;DSC-T33&quot;,&quot;caption&quot;:&quot;&quot;,&quot;created_timestamp&quot;:&quot;1135403088&quot;,&quot;copyright&quot;:&quot;&quot;,&quot;focal_length&quot;:&quot;6.7&quot;,&quot;iso&quot;:&quot;100&quot;,&quot;shutter_speed&quot;:&quot;0.016666666666667&quot;,&quot;title&quot;:&quot;&quot;,&quot;orientation&quot;:&quot;1&quot;}\" data-image-title=\"Mus\u00e9e national d&amp;rsquo;Antropologie, reconstitution Maya\" data-image-description=\"\" data-image-caption=\"\" data-large-file=\"https:\/\/www.fgautron.com\/weblog\/wp-content\/\/DSC04130.jpg\" src=\"https:\/\/www.fgautron.com\/weblog\/wp-content\/\/DSC04130.jpg\" alt=\"DSC04130\" width=\"692\" height=\"922\" class=\"aligncenter size-full wp-image-15058\" srcset=\"https:\/\/www.fgautron.com\/weblog\/wp-content\/DSC04130.jpg 692w, https:\/\/www.fgautron.com\/weblog\/wp-content\/DSC04130-225x300.jpg 225w\" sizes=\"auto, (max-width: 692px) 100vw, 692px\" \/><\/p>\n<p>Le vendredi, nous consacrons notre derni\u00e8re journ\u00e9e \u00e0 Mexico au gigantesque Mus\u00e9e National d&rsquo;Anthropologie, situ\u00e9 \u00e0 l&rsquo;int\u00e9rieur du parc de Chapultepec. Il retrace les diff\u00e9rentes \u00e9poques et \u00e9volutions du Mexique, notamment les p\u00e9riodes Olm\u00e8ques, de Teotihuacan, Maya dans la r\u00e9gion du Yucatan, la p\u00e9riode de Vera Cruz (pendant ce temps), la p\u00e9riode azt\u00e8que avec la ville de Tenochtitlan\/Mexico en son centre, &#8230; Le mus\u00e9e pr\u00e9sente \u00e9galement chacune des particularit\u00e9s culturelles des r\u00e9gions du Mexique, \u00e0 travers des \u00e9l\u00e9ments de folklore, de religion, &#8230; Ce mus\u00e9e tr\u00e8s riche nous prendra une bonne partie de la journ\u00e9e. A c\u00f4t\u00e9 du mus\u00e9e, un spectacle de Voladores se d\u00e9roule sous nos yeux. 4 \u00ab\u00a0\u00e9quilibristes\u00a0\u00bb prodigieux en costume traditionel nous font une repr\u00e9sentation d&rsquo;un curieux rituel. En haut d&rsquo;un m\u00e2t, ils sont accroch\u00e9s par les pieds par une corde et se font tourn\u00e9s autour du m\u00e2t jusqu&rsquo;\u00e0 atteindre le sol.<\/p>\n<p>Notre s\u00e9jour se terminera par un retaurant argentin sur la rue Campeo Elyseo, pour changer des sp\u00e9cialit\u00e9s mexicaines de tacos, enchiladas, poulet sauce cholcolat dont nous avons bien profit\u00e9. Le s\u00e9jour s&rsquo;est merveilleusement bien pass\u00e9 \u00e0 Mexico. Nous craignions beaucoup les pickpockets ou autres d\u00e9sagr\u00e9ments tr\u00e8s\/trop accentu\u00e9s dans les guides de voyage, mais rien du tout. Nous prenions beaucoup de pr\u00e9cautions. Le nombre de policiers (une arm\u00e9e de) mexicains est impressionant en ville et surtout dans les lieux touristiques comme le centre historique, mais \u00e9galement \u00e0 l&rsquo;int\u00e9rieur de certains magasins. Notre regret est quand m\u00eame de ne pas avoir pu visiter la maison de Frida Kahlo, faute de temps. Pour une prochaine fois, si nous revenons au Mexique, on devra \u00e9galement passer par la r\u00e9gion de Oaxaca qui s&rsquo;av\u00e8re tr\u00e8s typique.<\/p>\n<p><img loading=\"lazy\" decoding=\"async\" data-attachment-id=\"15063\" data-permalink=\"https:\/\/www.fgautron.com\/weblog\/archives\/2006\/01\/06\/mexico-et-new-york-city\/dsc04160\/\" data-orig-file=\"https:\/\/www.fgautron.com\/weblog\/wp-content\/\/DSC04160.jpg\" data-orig-size=\"922,692\" data-comments-opened=\"1\" data-image-meta=\"{&quot;aperture&quot;:&quot;3.5&quot;,&quot;credit&quot;:&quot;&quot;,&quot;camera&quot;:&quot;DSC-T33&quot;,&quot;caption&quot;:&quot;&quot;,&quot;created_timestamp&quot;:&quot;1135650168&quot;,&quot;copyright&quot;:&quot;&quot;,&quot;focal_length&quot;:&quot;6.7&quot;,&quot;iso&quot;:&quot;320&quot;,&quot;shutter_speed&quot;:&quot;0.125&quot;,&quot;title&quot;:&quot;&quot;,&quot;orientation&quot;:&quot;1&quot;}\" data-image-title=\"Moma\" data-image-description=\"\" data-image-caption=\"\" data-large-file=\"https:\/\/www.fgautron.com\/weblog\/wp-content\/\/DSC04160.jpg\" src=\"https:\/\/www.fgautron.com\/weblog\/wp-content\/\/DSC04160.jpg\" alt=\"DSC04160\" width=\"922\" height=\"692\" class=\"aligncenter size-full wp-image-15063\" srcset=\"https:\/\/www.fgautron.com\/weblog\/wp-content\/DSC04160.jpg 922w, https:\/\/www.fgautron.com\/weblog\/wp-content\/DSC04160-300x225.jpg 300w\" sizes=\"auto, (max-width: 922px) 100vw, 922px\" \/><\/p>\n<p>Samedi 24 d\u00e9cembre, la veille de Noel, nous prenons l&rsquo;avion pour New York. On s&rsquo;attendait \u00e0 de longues files d&rsquo;attente \u00e0 notre arriv\u00e9e \u00e0 l&rsquo;a\u00e9roport Newark, mais tout s&rsquo;est pass\u00e9 relativement vite (sauf le train Amtrak de Newark jusqu&rsquo;\u00e0 New York qui est d&rsquo;une lenteur exceptionnelle). D\u00e8s notre arriv\u00e9e \u00e0 Manahattan, nous ne resistons pas \u00e0 l&rsquo;appel d&rsquo;une premi\u00e8re ballade dans les rues de New York, dans MidTown, pr\u00e8s de la grande et ancienne gare Grand Central Terminal. Tout est assez calme, c&rsquo;est la veille de Noel et les d\u00e9corations sont bien l\u00e0. Le 25 d\u00e9cembre est plut\u00f4t tr\u00e8s calme, tout est ferm\u00e9 et il pleut des cordes. On a un peu de mal \u00e0 se mettre en route, scotch\u00e9 \u00e0 la t\u00e9le am\u00e9ricaine sur la chaine de cin\u00e9ma HBO (la profusion de cin\u00e9ma \u00e0 la t\u00e9l\u00e9 me manquait). La pluie n&rsquo;arr\u00eate pas, mais nous prenons notre courage \u00e0 deux mains, \u00e0 la recherche d&rsquo;un restaurant ouvert dans Midtown Manhattan. Nous att\u00e9rirons finalement au Mandarin Hotel, dans le Upper West Side pr\u00e8s de Central Park, pour un brunch reposant dans le lounge au 35\u00e8me \u00e9tage avec vue splendide sur les vieux immeubles de New York. New York ressemble trop \u00e0 New York, l&rsquo;image que j&rsquo;en avais des films ou s\u00e9ries t\u00e9l\u00e9vis\u00e9es.<\/p>\n<p>Le lendemain est culturel avec Moma, le fameux Museum of Modern Art. Ce complexe sur 5 \u00e9tages est \u00e9norme et couvre des grands noms de l&rsquo;art contemporain am\u00e9ricain (Warhol et compagnie) et international (Picasso, Matisse, Magritte, &#8230;). Nous consacrons une bonne partie de la journ\u00e9e \u00e0 la visite de ce superbe mus\u00e9e. Nous naviguons ensuite dans la foule de la 5\u00e8me Avenue avec quelques arr\u00eats oblig\u00e9s dans les Department Store, comme le tr\u00e8s riche Bergdorf Goodman ou Sacks, Bloomingdales, &#8230; Alors que la nuit est d\u00e9j\u00e0 l\u00e0, nous descendons vers Times Square, o\u00f9 la 7\u00e8me Avenue et Broadway se croisent. Un coin tr\u00e8s electrique, un m\u00e9lange de Shibuya et de Roppongi. Plein de lumi\u00e8res&#8230;<br \/>\n<center><br \/>\n<div data-carousel-extra='{&quot;blog_id&quot;:1,&quot;permalink&quot;:&quot;https:\/\/www.fgautron.com\/weblog\/archives\/2006\/01\/06\/mexico-et-new-york-city\/&quot;}' id='gallery-1' class='gallery galleryid-547 gallery-columns-4 gallery-size-thumbnail'><figure class='gallery-item'>\n\t\t\t<div class='gallery-icon portrait'>\n\t\t\t\t<a href='https:\/\/www.fgautron.com\/weblog\/archives\/2006\/01\/06\/mexico-et-new-york-city\/dsc03968\/'><img loading=\"lazy\" decoding=\"async\" width=\"150\" height=\"150\" src=\"https:\/\/www.fgautron.com\/weblog\/wp-content\/\/DSC03968-150x150.jpg\" class=\"attachment-thumbnail size-thumbnail\" alt=\"\" data-attachment-id=\"15013\" data-permalink=\"https:\/\/www.fgautron.com\/weblog\/archives\/2006\/01\/06\/mexico-et-new-york-city\/dsc03968\/\" data-orig-file=\"https:\/\/www.fgautron.com\/weblog\/wp-content\/\/DSC03968.jpg\" data-orig-size=\"692,922\" data-comments-opened=\"1\" data-image-meta=\"{&quot;aperture&quot;:&quot;3.5&quot;,&quot;credit&quot;:&quot;&quot;,&quot;camera&quot;:&quot;DSC-T33&quot;,&quot;caption&quot;:&quot;&quot;,&quot;created_timestamp&quot;:&quot;1135134832&quot;,&quot;copyright&quot;:&quot;&quot;,&quot;focal_length&quot;:&quot;6.7&quot;,&quot;iso&quot;:&quot;250&quot;,&quot;shutter_speed&quot;:&quot;0.05&quot;,&quot;title&quot;:&quot;&quot;,&quot;orientation&quot;:&quot;1&quot;}\" data-image-title=\"Hotel Camino Real\" data-image-description=\"\" data-image-caption=\"\" data-large-file=\"https:\/\/www.fgautron.com\/weblog\/wp-content\/\/DSC03968.jpg\" \/><\/a>\n\t\t\t<\/div><\/figure><figure class='gallery-item'>\n\t\t\t<div class='gallery-icon landscape'>\n\t\t\t\t<a href='https:\/\/www.fgautron.com\/weblog\/archives\/2006\/01\/06\/mexico-et-new-york-city\/dsc03969\/'><img loading=\"lazy\" decoding=\"async\" width=\"150\" height=\"150\" src=\"https:\/\/www.fgautron.com\/weblog\/wp-content\/\/DSC03969-150x150.jpg\" class=\"attachment-thumbnail size-thumbnail\" alt=\"\" data-attachment-id=\"15014\" data-permalink=\"https:\/\/www.fgautron.com\/weblog\/archives\/2006\/01\/06\/mexico-et-new-york-city\/dsc03969\/\" data-orig-file=\"https:\/\/www.fgautron.com\/weblog\/wp-content\/\/DSC03969.jpg\" data-orig-size=\"922,692\" data-comments-opened=\"1\" data-image-meta=\"{&quot;aperture&quot;:&quot;5.6&quot;,&quot;credit&quot;:&quot;&quot;,&quot;camera&quot;:&quot;DSC-T33&quot;,&quot;caption&quot;:&quot;&quot;,&quot;created_timestamp&quot;:&quot;1135136898&quot;,&quot;copyright&quot;:&quot;&quot;,&quot;focal_length&quot;:&quot;6.7&quot;,&quot;iso&quot;:&quot;100&quot;,&quot;shutter_speed&quot;:&quot;0.004&quot;,&quot;title&quot;:&quot;&quot;,&quot;orientation&quot;:&quot;1&quot;}\" data-image-title=\"Chateau du Bosque de Chapultepec\" data-image-description=\"\" data-image-caption=\"\" data-large-file=\"https:\/\/www.fgautron.com\/weblog\/wp-content\/\/DSC03969.jpg\" \/><\/a>\n\t\t\t<\/div><\/figure><figure class='gallery-item'>\n\t\t\t<div class='gallery-icon portrait'>\n\t\t\t\t<a href='https:\/\/www.fgautron.com\/weblog\/archives\/2006\/01\/06\/mexico-et-new-york-city\/dsc03970\/'><img loading=\"lazy\" decoding=\"async\" width=\"150\" height=\"150\" src=\"https:\/\/www.fgautron.com\/weblog\/wp-content\/\/DSC03970-150x150.jpg\" class=\"attachment-thumbnail size-thumbnail\" alt=\"\" data-attachment-id=\"15015\" data-permalink=\"https:\/\/www.fgautron.com\/weblog\/archives\/2006\/01\/06\/mexico-et-new-york-city\/dsc03970\/\" data-orig-file=\"https:\/\/www.fgautron.com\/weblog\/wp-content\/\/DSC03970.jpg\" data-orig-size=\"692,922\" data-comments-opened=\"1\" data-image-meta=\"{&quot;aperture&quot;:&quot;3.5&quot;,&quot;credit&quot;:&quot;&quot;,&quot;camera&quot;:&quot;DSC-T33&quot;,&quot;caption&quot;:&quot;&quot;,&quot;created_timestamp&quot;:&quot;1135137060&quot;,&quot;copyright&quot;:&quot;&quot;,&quot;focal_length&quot;:&quot;6.7&quot;,&quot;iso&quot;:&quot;320&quot;,&quot;shutter_speed&quot;:&quot;0.125&quot;,&quot;title&quot;:&quot;&quot;,&quot;orientation&quot;:&quot;1&quot;}\" data-image-title=\"Grande Peinture murale de Siqueiros \u00e0 l&amp;rsquo;int\u00e9rieur de la demeure\" data-image-description=\"\" data-image-caption=\"\" data-large-file=\"https:\/\/www.fgautron.com\/weblog\/wp-content\/\/DSC03970.jpg\" \/><\/a>\n\t\t\t<\/div><\/figure><figure class='gallery-item'>\n\t\t\t<div class='gallery-icon landscape'>\n\t\t\t\t<a href='https:\/\/www.fgautron.com\/weblog\/archives\/2006\/01\/06\/mexico-et-new-york-city\/dsc03971\/'><img loading=\"lazy\" decoding=\"async\" width=\"150\" height=\"150\" src=\"https:\/\/www.fgautron.com\/weblog\/wp-content\/\/DSC03971-150x150.jpg\" class=\"attachment-thumbnail size-thumbnail\" alt=\"\" data-attachment-id=\"15016\" data-permalink=\"https:\/\/www.fgautron.com\/weblog\/archives\/2006\/01\/06\/mexico-et-new-york-city\/dsc03971\/\" data-orig-file=\"https:\/\/www.fgautron.com\/weblog\/wp-content\/\/DSC03971.jpg\" data-orig-size=\"922,692\" data-comments-opened=\"1\" data-image-meta=\"{&quot;aperture&quot;:&quot;3.5&quot;,&quot;credit&quot;:&quot;&quot;,&quot;camera&quot;:&quot;DSC-T33&quot;,&quot;caption&quot;:&quot;&quot;,&quot;created_timestamp&quot;:&quot;1135137070&quot;,&quot;copyright&quot;:&quot;&quot;,&quot;focal_length&quot;:&quot;6.7&quot;,&quot;iso&quot;:&quot;320&quot;,&quot;shutter_speed&quot;:&quot;0.125&quot;,&quot;title&quot;:&quot;&quot;,&quot;orientation&quot;:&quot;1&quot;}\" data-image-title=\"Une arm\u00e9e de mexicains, fresque de Siqueiros\" data-image-description=\"\" data-image-caption=\"\" data-large-file=\"https:\/\/www.fgautron.com\/weblog\/wp-content\/\/DSC03971.jpg\" \/><\/a>\n\t\t\t<\/div><\/figure><figure class='gallery-item'>\n\t\t\t<div class='gallery-icon portrait'>\n\t\t\t\t<a href='https:\/\/www.fgautron.com\/weblog\/archives\/2006\/01\/06\/mexico-et-new-york-city\/dsc03975\/'><img loading=\"lazy\" decoding=\"async\" width=\"150\" height=\"150\" src=\"https:\/\/www.fgautron.com\/weblog\/wp-content\/\/DSC03975-150x150.jpg\" class=\"attachment-thumbnail size-thumbnail\" alt=\"\" data-attachment-id=\"15017\" data-permalink=\"https:\/\/www.fgautron.com\/weblog\/archives\/2006\/01\/06\/mexico-et-new-york-city\/dsc03975\/\" data-orig-file=\"https:\/\/www.fgautron.com\/weblog\/wp-content\/\/DSC03975.jpg\" data-orig-size=\"692,922\" data-comments-opened=\"1\" data-image-meta=\"{&quot;aperture&quot;:&quot;5.6&quot;,&quot;credit&quot;:&quot;&quot;,&quot;camera&quot;:&quot;DSC-T33&quot;,&quot;caption&quot;:&quot;&quot;,&quot;created_timestamp&quot;:&quot;1135139656&quot;,&quot;copyright&quot;:&quot;&quot;,&quot;focal_length&quot;:&quot;6.7&quot;,&quot;iso&quot;:&quot;100&quot;,&quot;shutter_speed&quot;:&quot;0.008&quot;,&quot;title&quot;:&quot;&quot;,&quot;orientation&quot;:&quot;1&quot;}\" data-image-title=\"Le bosque et au loin l&amp;rsquo;avenue Paseo de la Reforma\" data-image-description=\"\" data-image-caption=\"\" data-large-file=\"https:\/\/www.fgautron.com\/weblog\/wp-content\/\/DSC03975.jpg\" \/><\/a>\n\t\t\t<\/div><\/figure><figure class='gallery-item'>\n\t\t\t<div class='gallery-icon landscape'>\n\t\t\t\t<a href='https:\/\/www.fgautron.com\/weblog\/archives\/2006\/01\/06\/mexico-et-new-york-city\/dsc03983\/'><img loading=\"lazy\" decoding=\"async\" width=\"150\" height=\"150\" src=\"https:\/\/www.fgautron.com\/weblog\/wp-content\/\/DSC03983-150x150.jpg\" class=\"attachment-thumbnail size-thumbnail\" alt=\"\" data-attachment-id=\"15018\" data-permalink=\"https:\/\/www.fgautron.com\/weblog\/archives\/2006\/01\/06\/mexico-et-new-york-city\/dsc03983\/\" data-orig-file=\"https:\/\/www.fgautron.com\/weblog\/wp-content\/\/DSC03983.jpg\" data-orig-size=\"922,692\" data-comments-opened=\"1\" data-image-meta=\"{&quot;aperture&quot;:&quot;3.5&quot;,&quot;credit&quot;:&quot;&quot;,&quot;camera&quot;:&quot;DSC-T33&quot;,&quot;caption&quot;:&quot;&quot;,&quot;created_timestamp&quot;:&quot;1135149338&quot;,&quot;copyright&quot;:&quot;&quot;,&quot;focal_length&quot;:&quot;6.7&quot;,&quot;iso&quot;:&quot;250&quot;,&quot;shutter_speed&quot;:&quot;0.125&quot;,&quot;title&quot;:&quot;&quot;,&quot;orientation&quot;:&quot;1&quot;}\" data-image-title=\"Mus\u00e9e d&amp;rsquo;Art Moderne et Frida Kahlo\" data-image-description=\"\" data-image-caption=\"\" data-large-file=\"https:\/\/www.fgautron.com\/weblog\/wp-content\/\/DSC03983.jpg\" \/><\/a>\n\t\t\t<\/div><\/figure><figure class='gallery-item'>\n\t\t\t<div class='gallery-icon portrait'>\n\t\t\t\t<a href='https:\/\/www.fgautron.com\/weblog\/archives\/2006\/01\/06\/mexico-et-new-york-city\/dsc03985\/'><img loading=\"lazy\" decoding=\"async\" width=\"150\" height=\"150\" src=\"https:\/\/www.fgautron.com\/weblog\/wp-content\/\/DSC03985-150x150.jpg\" class=\"attachment-thumbnail size-thumbnail\" alt=\"\" data-attachment-id=\"15019\" data-permalink=\"https:\/\/www.fgautron.com\/weblog\/archives\/2006\/01\/06\/mexico-et-new-york-city\/dsc03985\/\" data-orig-file=\"https:\/\/www.fgautron.com\/weblog\/wp-content\/\/DSC03985.jpg\" data-orig-size=\"692,922\" data-comments-opened=\"1\" data-image-meta=\"{&quot;aperture&quot;:&quot;3.5&quot;,&quot;credit&quot;:&quot;&quot;,&quot;camera&quot;:&quot;DSC-T33&quot;,&quot;caption&quot;:&quot;&quot;,&quot;created_timestamp&quot;:&quot;1135149476&quot;,&quot;copyright&quot;:&quot;&quot;,&quot;focal_length&quot;:&quot;6.7&quot;,&quot;iso&quot;:&quot;320&quot;,&quot;shutter_speed&quot;:&quot;0.125&quot;,&quot;title&quot;:&quot;&quot;,&quot;orientation&quot;:&quot;1&quot;}\" data-image-title=\"Mus\u00e9e d&amp;rsquo;Art Moderne, Int\u00e9rieur\" data-image-description=\"\" data-image-caption=\"\" data-large-file=\"https:\/\/www.fgautron.com\/weblog\/wp-content\/\/DSC03985.jpg\" \/><\/a>\n\t\t\t<\/div><\/figure><figure class='gallery-item'>\n\t\t\t<div class='gallery-icon landscape'>\n\t\t\t\t<a href='https:\/\/www.fgautron.com\/weblog\/archives\/2006\/01\/06\/mexico-et-new-york-city\/dsc03992\/'><img loading=\"lazy\" decoding=\"async\" width=\"150\" height=\"150\" src=\"https:\/\/www.fgautron.com\/weblog\/wp-content\/\/DSC03992-150x150.jpg\" class=\"attachment-thumbnail size-thumbnail\" alt=\"\" data-attachment-id=\"15020\" data-permalink=\"https:\/\/www.fgautron.com\/weblog\/archives\/2006\/01\/06\/mexico-et-new-york-city\/dsc03992\/\" data-orig-file=\"https:\/\/www.fgautron.com\/weblog\/wp-content\/\/DSC03992.jpg\" data-orig-size=\"922,692\" data-comments-opened=\"1\" data-image-meta=\"{&quot;aperture&quot;:&quot;5.6&quot;,&quot;credit&quot;:&quot;&quot;,&quot;camera&quot;:&quot;DSC-T33&quot;,&quot;caption&quot;:&quot;&quot;,&quot;created_timestamp&quot;:&quot;1135224464&quot;,&quot;copyright&quot;:&quot;&quot;,&quot;focal_length&quot;:&quot;6.7&quot;,&quot;iso&quot;:&quot;100&quot;,&quot;shutter_speed&quot;:&quot;0.0025&quot;,&quot;title&quot;:&quot;&quot;,&quot;orientation&quot;:&quot;1&quot;}\" data-image-title=\"Cath\u00e9drale m\u00e9tropolitaine sur la place Zocalo, le centre historique de Mexico.\" data-image-description=\"\" data-image-caption=\"\" data-large-file=\"https:\/\/www.fgautron.com\/weblog\/wp-content\/\/DSC03992.jpg\" \/><\/a>\n\t\t\t<\/div><\/figure><figure class='gallery-item'>\n\t\t\t<div class='gallery-icon landscape'>\n\t\t\t\t<a href='https:\/\/www.fgautron.com\/weblog\/archives\/2006\/01\/06\/mexico-et-new-york-city\/dsc03993\/'><img loading=\"lazy\" decoding=\"async\" width=\"150\" height=\"150\" src=\"https:\/\/www.fgautron.com\/weblog\/wp-content\/\/DSC03993-150x150.jpg\" class=\"attachment-thumbnail size-thumbnail\" alt=\"\" data-attachment-id=\"15021\" data-permalink=\"https:\/\/www.fgautron.com\/weblog\/archives\/2006\/01\/06\/mexico-et-new-york-city\/dsc03993\/\" data-orig-file=\"https:\/\/www.fgautron.com\/weblog\/wp-content\/\/DSC03993.jpg\" data-orig-size=\"922,692\" data-comments-opened=\"1\" data-image-meta=\"{&quot;aperture&quot;:&quot;3.5&quot;,&quot;credit&quot;:&quot;&quot;,&quot;camera&quot;:&quot;DSC-T33&quot;,&quot;caption&quot;:&quot;&quot;,&quot;created_timestamp&quot;:&quot;1135224525&quot;,&quot;copyright&quot;:&quot;&quot;,&quot;focal_length&quot;:&quot;6.7&quot;,&quot;iso&quot;:&quot;320&quot;,&quot;shutter_speed&quot;:&quot;0.125&quot;,&quot;title&quot;:&quot;&quot;,&quot;orientation&quot;:&quot;1&quot;}\" data-image-title=\"A l&amp;rsquo;int\u00e9rieur de la cath\u00e9drale\" data-image-description=\"\" data-image-caption=\"\" data-large-file=\"https:\/\/www.fgautron.com\/weblog\/wp-content\/\/DSC03993.jpg\" \/><\/a>\n\t\t\t<\/div><\/figure><figure class='gallery-item'>\n\t\t\t<div class='gallery-icon landscape'>\n\t\t\t\t<a href='https:\/\/www.fgautron.com\/weblog\/archives\/2006\/01\/06\/mexico-et-new-york-city\/dsc03995\/'><img loading=\"lazy\" decoding=\"async\" width=\"150\" height=\"150\" src=\"https:\/\/www.fgautron.com\/weblog\/wp-content\/\/DSC03995-150x150.jpg\" class=\"attachment-thumbnail size-thumbnail\" alt=\"\" data-attachment-id=\"15022\" data-permalink=\"https:\/\/www.fgautron.com\/weblog\/archives\/2006\/01\/06\/mexico-et-new-york-city\/dsc03995\/\" data-orig-file=\"https:\/\/www.fgautron.com\/weblog\/wp-content\/\/DSC03995.jpg\" data-orig-size=\"922,692\" data-comments-opened=\"1\" data-image-meta=\"{&quot;aperture&quot;:&quot;5.6&quot;,&quot;credit&quot;:&quot;&quot;,&quot;camera&quot;:&quot;DSC-T33&quot;,&quot;caption&quot;:&quot;&quot;,&quot;created_timestamp&quot;:&quot;1135225850&quot;,&quot;copyright&quot;:&quot;&quot;,&quot;focal_length&quot;:&quot;6.7&quot;,&quot;iso&quot;:&quot;100&quot;,&quot;shutter_speed&quot;:&quot;0.004&quot;,&quot;title&quot;:&quot;&quot;,&quot;orientation&quot;:&quot;1&quot;}\" data-image-title=\"La grande place Zocalo et la cath\u00e9drale\" data-image-description=\"\" data-image-caption=\"\" data-large-file=\"https:\/\/www.fgautron.com\/weblog\/wp-content\/\/DSC03995.jpg\" \/><\/a>\n\t\t\t<\/div><\/figure><figure class='gallery-item'>\n\t\t\t<div class='gallery-icon portrait'>\n\t\t\t\t<a href='https:\/\/www.fgautron.com\/weblog\/archives\/2006\/01\/06\/mexico-et-new-york-city\/dsc03996\/'><img loading=\"lazy\" decoding=\"async\" width=\"150\" height=\"150\" src=\"https:\/\/www.fgautron.com\/weblog\/wp-content\/\/DSC03996-150x150.jpg\" class=\"attachment-thumbnail size-thumbnail\" alt=\"\" data-attachment-id=\"15023\" data-permalink=\"https:\/\/www.fgautron.com\/weblog\/archives\/2006\/01\/06\/mexico-et-new-york-city\/dsc03996\/\" data-orig-file=\"https:\/\/www.fgautron.com\/weblog\/wp-content\/\/DSC03996.jpg\" data-orig-size=\"692,922\" data-comments-opened=\"1\" data-image-meta=\"{&quot;aperture&quot;:&quot;3.5&quot;,&quot;credit&quot;:&quot;&quot;,&quot;camera&quot;:&quot;DSC-T33&quot;,&quot;caption&quot;:&quot;&quot;,&quot;created_timestamp&quot;:&quot;1135226436&quot;,&quot;copyright&quot;:&quot;&quot;,&quot;focal_length&quot;:&quot;6.7&quot;,&quot;iso&quot;:&quot;320&quot;,&quot;shutter_speed&quot;:&quot;0.125&quot;,&quot;title&quot;:&quot;&quot;,&quot;orientation&quot;:&quot;1&quot;}\" data-image-title=\"A l&amp;rsquo;int\u00e9rieur du Palacio National, une grande fresque de Diego Rivera\" data-image-description=\"\" data-image-caption=\"\" data-large-file=\"https:\/\/www.fgautron.com\/weblog\/wp-content\/\/DSC03996.jpg\" \/><\/a>\n\t\t\t<\/div><\/figure><figure class='gallery-item'>\n\t\t\t<div class='gallery-icon landscape'>\n\t\t\t\t<a href='https:\/\/www.fgautron.com\/weblog\/archives\/2006\/01\/06\/mexico-et-new-york-city\/dsc03997\/'><img loading=\"lazy\" decoding=\"async\" width=\"150\" height=\"150\" src=\"https:\/\/www.fgautron.com\/weblog\/wp-content\/\/DSC03997-150x150.jpg\" class=\"attachment-thumbnail size-thumbnail\" alt=\"\" data-attachment-id=\"15024\" data-permalink=\"https:\/\/www.fgautron.com\/weblog\/archives\/2006\/01\/06\/mexico-et-new-york-city\/dsc03997\/\" data-orig-file=\"https:\/\/www.fgautron.com\/weblog\/wp-content\/\/DSC03997.jpg\" data-orig-size=\"922,692\" data-comments-opened=\"1\" data-image-meta=\"{&quot;aperture&quot;:&quot;3.5&quot;,&quot;credit&quot;:&quot;&quot;,&quot;camera&quot;:&quot;DSC-T33&quot;,&quot;caption&quot;:&quot;&quot;,&quot;created_timestamp&quot;:&quot;1135226474&quot;,&quot;copyright&quot;:&quot;&quot;,&quot;focal_length&quot;:&quot;6.7&quot;,&quot;iso&quot;:&quot;320&quot;,&quot;shutter_speed&quot;:&quot;0.125&quot;,&quot;title&quot;:&quot;&quot;,&quot;orientation&quot;:&quot;1&quot;}\" data-image-title=\"La peinture murale retrace l&amp;rsquo;histoire du Mexique\" data-image-description=\"\" data-image-caption=\"\" data-large-file=\"https:\/\/www.fgautron.com\/weblog\/wp-content\/\/DSC03997.jpg\" \/><\/a>\n\t\t\t<\/div><\/figure><figure class='gallery-item'>\n\t\t\t<div class='gallery-icon landscape'>\n\t\t\t\t<a href='https:\/\/www.fgautron.com\/weblog\/archives\/2006\/01\/06\/mexico-et-new-york-city\/dsc04000\/'><img loading=\"lazy\" decoding=\"async\" width=\"150\" height=\"150\" src=\"https:\/\/www.fgautron.com\/weblog\/wp-content\/\/DSC04000-150x150.jpg\" class=\"attachment-thumbnail size-thumbnail\" alt=\"\" data-attachment-id=\"15025\" data-permalink=\"https:\/\/www.fgautron.com\/weblog\/archives\/2006\/01\/06\/mexico-et-new-york-city\/dsc04000\/\" data-orig-file=\"https:\/\/www.fgautron.com\/weblog\/wp-content\/\/DSC04000.jpg\" data-orig-size=\"922,692\" data-comments-opened=\"1\" data-image-meta=\"{&quot;aperture&quot;:&quot;3.5&quot;,&quot;credit&quot;:&quot;&quot;,&quot;camera&quot;:&quot;DSC-T33&quot;,&quot;caption&quot;:&quot;&quot;,&quot;created_timestamp&quot;:&quot;1135226681&quot;,&quot;copyright&quot;:&quot;&quot;,&quot;focal_length&quot;:&quot;6.7&quot;,&quot;iso&quot;:&quot;250&quot;,&quot;shutter_speed&quot;:&quot;0.05&quot;,&quot;title&quot;:&quot;&quot;,&quot;orientation&quot;:&quot;1&quot;}\" data-image-title=\"Une grande partie des couloirs de la cour du palais National sous couvertes de fresques de Rivera &amp;#8230;\" data-image-description=\"\" data-image-caption=\"\" data-large-file=\"https:\/\/www.fgautron.com\/weblog\/wp-content\/\/DSC04000.jpg\" \/><\/a>\n\t\t\t<\/div><\/figure><figure class='gallery-item'>\n\t\t\t<div class='gallery-icon landscape'>\n\t\t\t\t<a href='https:\/\/www.fgautron.com\/weblog\/archives\/2006\/01\/06\/mexico-et-new-york-city\/dsc04002\/'><img loading=\"lazy\" decoding=\"async\" width=\"150\" height=\"150\" src=\"https:\/\/www.fgautron.com\/weblog\/wp-content\/\/DSC04002-150x150.jpg\" class=\"attachment-thumbnail size-thumbnail\" alt=\"\" data-attachment-id=\"15026\" data-permalink=\"https:\/\/www.fgautron.com\/weblog\/archives\/2006\/01\/06\/mexico-et-new-york-city\/dsc04002\/\" data-orig-file=\"https:\/\/www.fgautron.com\/weblog\/wp-content\/\/DSC04002.jpg\" data-orig-size=\"922,692\" data-comments-opened=\"1\" data-image-meta=\"{&quot;aperture&quot;:&quot;3.5&quot;,&quot;credit&quot;:&quot;&quot;,&quot;camera&quot;:&quot;DSC-T33&quot;,&quot;caption&quot;:&quot;&quot;,&quot;created_timestamp&quot;:&quot;1135227133&quot;,&quot;copyright&quot;:&quot;&quot;,&quot;focal_length&quot;:&quot;6.7&quot;,&quot;iso&quot;:&quot;120&quot;,&quot;shutter_speed&quot;:&quot;0.025&quot;,&quot;title&quot;:&quot;&quot;,&quot;orientation&quot;:&quot;1&quot;}\" data-image-title=\"&amp;#8230; retracant l&amp;rsquo;histoire du Mexique &amp;#8230;\" data-image-description=\"\" data-image-caption=\"\" data-large-file=\"https:\/\/www.fgautron.com\/weblog\/wp-content\/\/DSC04002.jpg\" \/><\/a>\n\t\t\t<\/div><\/figure><figure class='gallery-item'>\n\t\t\t<div class='gallery-icon portrait'>\n\t\t\t\t<a href='https:\/\/www.fgautron.com\/weblog\/archives\/2006\/01\/06\/mexico-et-new-york-city\/dsc04003\/'><img loading=\"lazy\" decoding=\"async\" width=\"150\" height=\"150\" src=\"https:\/\/www.fgautron.com\/weblog\/wp-content\/\/DSC04003-150x150.jpg\" class=\"attachment-thumbnail size-thumbnail\" alt=\"\" data-attachment-id=\"15027\" data-permalink=\"https:\/\/www.fgautron.com\/weblog\/archives\/2006\/01\/06\/mexico-et-new-york-city\/dsc04003\/\" data-orig-file=\"https:\/\/www.fgautron.com\/weblog\/wp-content\/\/DSC04003.jpg\" data-orig-size=\"692,922\" data-comments-opened=\"1\" data-image-meta=\"{&quot;aperture&quot;:&quot;3.5&quot;,&quot;credit&quot;:&quot;&quot;,&quot;camera&quot;:&quot;DSC-T33&quot;,&quot;caption&quot;:&quot;&quot;,&quot;created_timestamp&quot;:&quot;1135227228&quot;,&quot;copyright&quot;:&quot;&quot;,&quot;focal_length&quot;:&quot;6.7&quot;,&quot;iso&quot;:&quot;200&quot;,&quot;shutter_speed&quot;:&quot;0.025&quot;,&quot;title&quot;:&quot;&quot;,&quot;orientation&quot;:&quot;1&quot;}\" data-image-title=\"&amp;#8230; notamment la p\u00e9riode ast\u00e8que ou la conqu\u00e8te espagnole et l&amp;rsquo;arriv\u00e9e de Cortes.\" data-image-description=\"\" data-image-caption=\"\" data-large-file=\"https:\/\/www.fgautron.com\/weblog\/wp-content\/\/DSC04003.jpg\" \/><\/a>\n\t\t\t<\/div><\/figure><figure class='gallery-item'>\n\t\t\t<div class='gallery-icon landscape'>\n\t\t\t\t<a href='https:\/\/www.fgautron.com\/weblog\/archives\/2006\/01\/06\/mexico-et-new-york-city\/dsc04012\/'><img loading=\"lazy\" decoding=\"async\" width=\"150\" height=\"150\" src=\"https:\/\/www.fgautron.com\/weblog\/wp-content\/\/DSC04012-150x150.jpg\" class=\"attachment-thumbnail size-thumbnail\" alt=\"\" data-attachment-id=\"15028\" data-permalink=\"https:\/\/www.fgautron.com\/weblog\/archives\/2006\/01\/06\/mexico-et-new-york-city\/dsc04012\/\" data-orig-file=\"https:\/\/www.fgautron.com\/weblog\/wp-content\/\/DSC04012.jpg\" data-orig-size=\"922,692\" data-comments-opened=\"1\" data-image-meta=\"{&quot;aperture&quot;:&quot;5.6&quot;,&quot;credit&quot;:&quot;&quot;,&quot;camera&quot;:&quot;DSC-T33&quot;,&quot;caption&quot;:&quot;&quot;,&quot;created_timestamp&quot;:&quot;1135229737&quot;,&quot;copyright&quot;:&quot;&quot;,&quot;focal_length&quot;:&quot;6.7&quot;,&quot;iso&quot;:&quot;100&quot;,&quot;shutter_speed&quot;:&quot;0.004&quot;,&quot;title&quot;:&quot;&quot;,&quot;orientation&quot;:&quot;1&quot;}\" data-image-title=\"Templo Mayor, la ville ville ast\u00e8que repose sous Mexico City\" data-image-description=\"\" data-image-caption=\"\" data-large-file=\"https:\/\/www.fgautron.com\/weblog\/wp-content\/\/DSC04012.jpg\" \/><\/a>\n\t\t\t<\/div><\/figure><figure class='gallery-item'>\n\t\t\t<div class='gallery-icon landscape'>\n\t\t\t\t<a href='https:\/\/www.fgautron.com\/weblog\/archives\/2006\/01\/06\/mexico-et-new-york-city\/dsc04015\/'><img loading=\"lazy\" decoding=\"async\" width=\"150\" height=\"150\" src=\"https:\/\/www.fgautron.com\/weblog\/wp-content\/\/DSC04015-150x150.jpg\" class=\"attachment-thumbnail size-thumbnail\" alt=\"\" data-attachment-id=\"15029\" data-permalink=\"https:\/\/www.fgautron.com\/weblog\/archives\/2006\/01\/06\/mexico-et-new-york-city\/dsc04015\/\" data-orig-file=\"https:\/\/www.fgautron.com\/weblog\/wp-content\/\/DSC04015.jpg\" data-orig-size=\"922,692\" data-comments-opened=\"1\" data-image-meta=\"{&quot;aperture&quot;:&quot;3.5&quot;,&quot;credit&quot;:&quot;&quot;,&quot;camera&quot;:&quot;DSC-T33&quot;,&quot;caption&quot;:&quot;&quot;,&quot;created_timestamp&quot;:&quot;1135232808&quot;,&quot;copyright&quot;:&quot;&quot;,&quot;focal_length&quot;:&quot;6.7&quot;,&quot;iso&quot;:&quot;100&quot;,&quot;shutter_speed&quot;:&quot;0.008&quot;,&quot;title&quot;:&quot;&quot;,&quot;orientation&quot;:&quot;1&quot;}\" data-image-title=\"March\u00e9 de rue dans le Centro Historico\" data-image-description=\"\" data-image-caption=\"\" data-large-file=\"https:\/\/www.fgautron.com\/weblog\/wp-content\/\/DSC04015.jpg\" \/><\/a>\n\t\t\t<\/div><\/figure><figure class='gallery-item'>\n\t\t\t<div class='gallery-icon landscape'>\n\t\t\t\t<a href='https:\/\/www.fgautron.com\/weblog\/archives\/2006\/01\/06\/mexico-et-new-york-city\/dsc04017\/'><img loading=\"lazy\" decoding=\"async\" width=\"150\" height=\"150\" src=\"https:\/\/www.fgautron.com\/weblog\/wp-content\/\/DSC04017-150x150.jpg\" class=\"attachment-thumbnail size-thumbnail\" alt=\"\" data-attachment-id=\"15030\" data-permalink=\"https:\/\/www.fgautron.com\/weblog\/archives\/2006\/01\/06\/mexico-et-new-york-city\/dsc04017\/\" data-orig-file=\"https:\/\/www.fgautron.com\/weblog\/wp-content\/\/DSC04017.jpg\" data-orig-size=\"922,692\" data-comments-opened=\"1\" data-image-meta=\"{&quot;aperture&quot;:&quot;5.6&quot;,&quot;credit&quot;:&quot;&quot;,&quot;camera&quot;:&quot;DSC-T33&quot;,&quot;caption&quot;:&quot;&quot;,&quot;created_timestamp&quot;:&quot;1135233044&quot;,&quot;copyright&quot;:&quot;&quot;,&quot;focal_length&quot;:&quot;6.7&quot;,&quot;iso&quot;:&quot;100&quot;,&quot;shutter_speed&quot;:&quot;0.004&quot;,&quot;title&quot;:&quot;&quot;,&quot;orientation&quot;:&quot;1&quot;}\" data-image-title=\"Danse sur la place Zocalo\" data-image-description=\"\" data-image-caption=\"\" data-large-file=\"https:\/\/www.fgautron.com\/weblog\/wp-content\/\/DSC04017.jpg\" \/><\/a>\n\t\t\t<\/div><\/figure><figure class='gallery-item'>\n\t\t\t<div class='gallery-icon landscape'>\n\t\t\t\t<a href='https:\/\/www.fgautron.com\/weblog\/archives\/2006\/01\/06\/mexico-et-new-york-city\/dsc04019\/'><img loading=\"lazy\" decoding=\"async\" width=\"150\" height=\"150\" src=\"https:\/\/www.fgautron.com\/weblog\/wp-content\/\/DSC04019-150x150.jpg\" class=\"attachment-thumbnail size-thumbnail\" alt=\"\" data-attachment-id=\"15031\" data-permalink=\"https:\/\/www.fgautron.com\/weblog\/archives\/2006\/01\/06\/mexico-et-new-york-city\/dsc04019\/\" data-orig-file=\"https:\/\/www.fgautron.com\/weblog\/wp-content\/\/DSC04019.jpg\" data-orig-size=\"922,692\" data-comments-opened=\"1\" data-image-meta=\"{&quot;aperture&quot;:&quot;5.6&quot;,&quot;credit&quot;:&quot;&quot;,&quot;camera&quot;:&quot;DSC-T33&quot;,&quot;caption&quot;:&quot;&quot;,&quot;created_timestamp&quot;:&quot;1135234961&quot;,&quot;copyright&quot;:&quot;&quot;,&quot;focal_length&quot;:&quot;6.7&quot;,&quot;iso&quot;:&quot;100&quot;,&quot;shutter_speed&quot;:&quot;0.00625&quot;,&quot;title&quot;:&quot;&quot;,&quot;orientation&quot;:&quot;1&quot;}\" data-image-title=\"Theatre Bellas Artes, et une sortie de metro toute parisienne\" data-image-description=\"\" data-image-caption=\"\" data-large-file=\"https:\/\/www.fgautron.com\/weblog\/wp-content\/\/DSC04019.jpg\" \/><\/a>\n\t\t\t<\/div><\/figure><figure class='gallery-item'>\n\t\t\t<div class='gallery-icon landscape'>\n\t\t\t\t<a href='https:\/\/www.fgautron.com\/weblog\/archives\/2006\/01\/06\/mexico-et-new-york-city\/dsc04020\/'><img loading=\"lazy\" decoding=\"async\" width=\"150\" height=\"150\" src=\"https:\/\/www.fgautron.com\/weblog\/wp-content\/\/DSC04020-150x150.jpg\" class=\"attachment-thumbnail size-thumbnail\" alt=\"\" data-attachment-id=\"15032\" data-permalink=\"https:\/\/www.fgautron.com\/weblog\/archives\/2006\/01\/06\/mexico-et-new-york-city\/dsc04020\/\" data-orig-file=\"https:\/\/www.fgautron.com\/weblog\/wp-content\/\/DSC04020.jpg\" data-orig-size=\"922,692\" data-comments-opened=\"1\" data-image-meta=\"{&quot;aperture&quot;:&quot;3.5&quot;,&quot;credit&quot;:&quot;&quot;,&quot;camera&quot;:&quot;DSC-T33&quot;,&quot;caption&quot;:&quot;&quot;,&quot;created_timestamp&quot;:&quot;1135234977&quot;,&quot;copyright&quot;:&quot;&quot;,&quot;focal_length&quot;:&quot;6.7&quot;,&quot;iso&quot;:&quot;100&quot;,&quot;shutter_speed&quot;:&quot;0.00625&quot;,&quot;title&quot;:&quot;&quot;,&quot;orientation&quot;:&quot;1&quot;}\" data-image-title=\"Police mont\u00e9e \u00e0 cheval pr\u00e8s du parc Almeda\" data-image-description=\"\" data-image-caption=\"\" data-large-file=\"https:\/\/www.fgautron.com\/weblog\/wp-content\/\/DSC04020.jpg\" \/><\/a>\n\t\t\t<\/div><\/figure><figure class='gallery-item'>\n\t\t\t<div class='gallery-icon landscape'>\n\t\t\t\t<a href='https:\/\/www.fgautron.com\/weblog\/archives\/2006\/01\/06\/mexico-et-new-york-city\/dsc04032\/'><img loading=\"lazy\" decoding=\"async\" width=\"150\" height=\"150\" src=\"https:\/\/www.fgautron.com\/weblog\/wp-content\/\/DSC04032-150x150.jpg\" class=\"attachment-thumbnail size-thumbnail\" alt=\"\" data-attachment-id=\"15033\" data-permalink=\"https:\/\/www.fgautron.com\/weblog\/archives\/2006\/01\/06\/mexico-et-new-york-city\/dsc04032\/\" data-orig-file=\"https:\/\/www.fgautron.com\/weblog\/wp-content\/\/DSC04032.jpg\" data-orig-size=\"922,692\" data-comments-opened=\"1\" data-image-meta=\"{&quot;aperture&quot;:&quot;5.6&quot;,&quot;credit&quot;:&quot;&quot;,&quot;camera&quot;:&quot;DSC-T33&quot;,&quot;caption&quot;:&quot;&quot;,&quot;created_timestamp&quot;:&quot;1135303192&quot;,&quot;copyright&quot;:&quot;&quot;,&quot;focal_length&quot;:&quot;6.7&quot;,&quot;iso&quot;:&quot;100&quot;,&quot;shutter_speed&quot;:&quot;0.003125&quot;,&quot;title&quot;:&quot;&quot;,&quot;orientation&quot;:&quot;1&quot;}\" data-image-title=\"Pyramide du Soleil de Teotihuacan, \u00e0 environ 50kms de Mexico City\" data-image-description=\"\" data-image-caption=\"\" data-large-file=\"https:\/\/www.fgautron.com\/weblog\/wp-content\/\/DSC04032.jpg\" \/><\/a>\n\t\t\t<\/div><\/figure><figure class='gallery-item'>\n\t\t\t<div class='gallery-icon landscape'>\n\t\t\t\t<a href='https:\/\/www.fgautron.com\/weblog\/archives\/2006\/01\/06\/mexico-et-new-york-city\/dsc04035\/'><img loading=\"lazy\" decoding=\"async\" width=\"150\" height=\"150\" src=\"https:\/\/www.fgautron.com\/weblog\/wp-content\/\/DSC04035-150x150.jpg\" class=\"attachment-thumbnail size-thumbnail\" alt=\"\" data-attachment-id=\"15034\" data-permalink=\"https:\/\/www.fgautron.com\/weblog\/archives\/2006\/01\/06\/mexico-et-new-york-city\/dsc04035\/\" data-orig-file=\"https:\/\/www.fgautron.com\/weblog\/wp-content\/\/DSC04035.jpg\" data-orig-size=\"922,692\" data-comments-opened=\"1\" data-image-meta=\"{&quot;aperture&quot;:&quot;5.6&quot;,&quot;credit&quot;:&quot;&quot;,&quot;camera&quot;:&quot;DSC-T33&quot;,&quot;caption&quot;:&quot;&quot;,&quot;created_timestamp&quot;:&quot;1135303733&quot;,&quot;copyright&quot;:&quot;&quot;,&quot;focal_length&quot;:&quot;6.7&quot;,&quot;iso&quot;:&quot;100&quot;,&quot;shutter_speed&quot;:&quot;0.002&quot;,&quot;title&quot;:&quot;&quot;,&quot;orientation&quot;:&quot;1&quot;}\" data-image-title=\"Du haut de la pyramide du soleil, l&amp;rsquo;all\u00e9e des morts\" data-image-description=\"\" data-image-caption=\"\" data-large-file=\"https:\/\/www.fgautron.com\/weblog\/wp-content\/\/DSC04035.jpg\" \/><\/a>\n\t\t\t<\/div><\/figure><figure class='gallery-item'>\n\t\t\t<div class='gallery-icon landscape'>\n\t\t\t\t<a href='https:\/\/www.fgautron.com\/weblog\/archives\/2006\/01\/06\/mexico-et-new-york-city\/dsc04053\/'><img loading=\"lazy\" decoding=\"async\" width=\"150\" height=\"150\" src=\"https:\/\/www.fgautron.com\/weblog\/wp-content\/\/DSC04053-150x150.jpg\" class=\"attachment-thumbnail size-thumbnail\" alt=\"\" data-attachment-id=\"15035\" data-permalink=\"https:\/\/www.fgautron.com\/weblog\/archives\/2006\/01\/06\/mexico-et-new-york-city\/dsc04053\/\" data-orig-file=\"https:\/\/www.fgautron.com\/weblog\/wp-content\/\/DSC04053.jpg\" data-orig-size=\"922,692\" data-comments-opened=\"1\" data-image-meta=\"{&quot;aperture&quot;:&quot;5.6&quot;,&quot;credit&quot;:&quot;&quot;,&quot;camera&quot;:&quot;DSC-T33&quot;,&quot;caption&quot;:&quot;&quot;,&quot;created_timestamp&quot;:&quot;1135307791&quot;,&quot;copyright&quot;:&quot;&quot;,&quot;focal_length&quot;:&quot;6.7&quot;,&quot;iso&quot;:&quot;100&quot;,&quot;shutter_speed&quot;:&quot;0.002&quot;,&quot;title&quot;:&quot;&quot;,&quot;orientation&quot;:&quot;1&quot;}\" data-image-title=\"Le temple de QUETZALCOATL\" data-image-description=\"\" data-image-caption=\"\" data-large-file=\"https:\/\/www.fgautron.com\/weblog\/wp-content\/\/DSC04053.jpg\" \/><\/a>\n\t\t\t<\/div><\/figure><figure class='gallery-item'>\n\t\t\t<div class='gallery-icon landscape'>\n\t\t\t\t<a href='https:\/\/www.fgautron.com\/weblog\/archives\/2006\/01\/06\/mexico-et-new-york-city\/dsc04055\/'><img loading=\"lazy\" decoding=\"async\" width=\"150\" height=\"150\" src=\"https:\/\/www.fgautron.com\/weblog\/wp-content\/\/DSC04055-150x150.jpg\" class=\"attachment-thumbnail size-thumbnail\" alt=\"\" data-attachment-id=\"15036\" data-permalink=\"https:\/\/www.fgautron.com\/weblog\/archives\/2006\/01\/06\/mexico-et-new-york-city\/dsc04055\/\" data-orig-file=\"https:\/\/www.fgautron.com\/weblog\/wp-content\/\/DSC04055.jpg\" data-orig-size=\"922,692\" data-comments-opened=\"1\" data-image-meta=\"{&quot;aperture&quot;:&quot;5.6&quot;,&quot;credit&quot;:&quot;&quot;,&quot;camera&quot;:&quot;DSC-T33&quot;,&quot;caption&quot;:&quot;&quot;,&quot;created_timestamp&quot;:&quot;1135308147&quot;,&quot;copyright&quot;:&quot;&quot;,&quot;focal_length&quot;:&quot;6.7&quot;,&quot;iso&quot;:&quot;100&quot;,&quot;shutter_speed&quot;:&quot;0.005&quot;,&quot;title&quot;:&quot;&quot;,&quot;orientation&quot;:&quot;1&quot;}\" data-image-title=\"Le temple de QUETZALCOATL\" data-image-description=\"\" data-image-caption=\"\" data-large-file=\"https:\/\/www.fgautron.com\/weblog\/wp-content\/\/DSC04055.jpg\" \/><\/a>\n\t\t\t<\/div><\/figure><figure class='gallery-item'>\n\t\t\t<div class='gallery-icon landscape'>\n\t\t\t\t<a href='https:\/\/www.fgautron.com\/weblog\/archives\/2006\/01\/06\/mexico-et-new-york-city\/dsc04056\/'><img loading=\"lazy\" decoding=\"async\" width=\"150\" height=\"150\" src=\"https:\/\/www.fgautron.com\/weblog\/wp-content\/\/DSC04056-150x150.jpg\" class=\"attachment-thumbnail size-thumbnail\" alt=\"\" data-attachment-id=\"15037\" data-permalink=\"https:\/\/www.fgautron.com\/weblog\/archives\/2006\/01\/06\/mexico-et-new-york-city\/dsc04056\/\" data-orig-file=\"https:\/\/www.fgautron.com\/weblog\/wp-content\/\/DSC04056.jpg\" data-orig-size=\"922,692\" data-comments-opened=\"1\" data-image-meta=\"{&quot;aperture&quot;:&quot;6.3&quot;,&quot;credit&quot;:&quot;&quot;,&quot;camera&quot;:&quot;DSC-T33&quot;,&quot;caption&quot;:&quot;&quot;,&quot;created_timestamp&quot;:&quot;1135308362&quot;,&quot;copyright&quot;:&quot;&quot;,&quot;focal_length&quot;:&quot;12.7&quot;,&quot;iso&quot;:&quot;100&quot;,&quot;shutter_speed&quot;:&quot;0.00625&quot;,&quot;title&quot;:&quot;&quot;,&quot;orientation&quot;:&quot;1&quot;}\" data-image-title=\"Des ornements en court de restauration\" data-image-description=\"\" data-image-caption=\"\" data-large-file=\"https:\/\/www.fgautron.com\/weblog\/wp-content\/\/DSC04056.jpg\" \/><\/a>\n\t\t\t<\/div><\/figure><figure class='gallery-item'>\n\t\t\t<div class='gallery-icon landscape'>\n\t\t\t\t<a href='https:\/\/www.fgautron.com\/weblog\/archives\/2006\/01\/06\/mexico-et-new-york-city\/dsc04061\/'><img loading=\"lazy\" decoding=\"async\" width=\"150\" height=\"150\" src=\"https:\/\/www.fgautron.com\/weblog\/wp-content\/\/DSC04061-150x150.jpg\" class=\"attachment-thumbnail size-thumbnail\" alt=\"\" data-attachment-id=\"15038\" data-permalink=\"https:\/\/www.fgautron.com\/weblog\/archives\/2006\/01\/06\/mexico-et-new-york-city\/dsc04061\/\" data-orig-file=\"https:\/\/www.fgautron.com\/weblog\/wp-content\/\/DSC04061.jpg\" data-orig-size=\"922,692\" data-comments-opened=\"1\" data-image-meta=\"{&quot;aperture&quot;:&quot;5.6&quot;,&quot;credit&quot;:&quot;&quot;,&quot;camera&quot;:&quot;DSC-T33&quot;,&quot;caption&quot;:&quot;&quot;,&quot;created_timestamp&quot;:&quot;1135308869&quot;,&quot;copyright&quot;:&quot;&quot;,&quot;focal_length&quot;:&quot;6.7&quot;,&quot;iso&quot;:&quot;100&quot;,&quot;shutter_speed&quot;:&quot;0.0025&quot;,&quot;title&quot;:&quot;&quot;,&quot;orientation&quot;:&quot;1&quot;}\" data-image-title=\"Marche le long de l&amp;rsquo;all\u00e9e des morts\" data-image-description=\"\" data-image-caption=\"\" data-large-file=\"https:\/\/www.fgautron.com\/weblog\/wp-content\/\/DSC04061.jpg\" \/><\/a>\n\t\t\t<\/div><\/figure><figure class='gallery-item'>\n\t\t\t<div class='gallery-icon landscape'>\n\t\t\t\t<a href='https:\/\/www.fgautron.com\/weblog\/archives\/2006\/01\/06\/mexico-et-new-york-city\/dsc04065\/'><img loading=\"lazy\" decoding=\"async\" width=\"150\" height=\"150\" src=\"https:\/\/www.fgautron.com\/weblog\/wp-content\/\/DSC04065-150x150.jpg\" class=\"attachment-thumbnail size-thumbnail\" alt=\"\" data-attachment-id=\"15039\" data-permalink=\"https:\/\/www.fgautron.com\/weblog\/archives\/2006\/01\/06\/mexico-et-new-york-city\/dsc04065\/\" data-orig-file=\"https:\/\/www.fgautron.com\/weblog\/wp-content\/\/DSC04065.jpg\" data-orig-size=\"922,692\" data-comments-opened=\"1\" data-image-meta=\"{&quot;aperture&quot;:&quot;5.6&quot;,&quot;credit&quot;:&quot;&quot;,&quot;camera&quot;:&quot;DSC-T33&quot;,&quot;caption&quot;:&quot;&quot;,&quot;created_timestamp&quot;:&quot;1135310186&quot;,&quot;copyright&quot;:&quot;&quot;,&quot;focal_length&quot;:&quot;6.7&quot;,&quot;iso&quot;:&quot;100&quot;,&quot;shutter_speed&quot;:&quot;0.0025&quot;,&quot;title&quot;:&quot;&quot;,&quot;orientation&quot;:&quot;1&quot;}\" data-image-title=\"Pyramide du Soleil, 3\u00e8me plus haute pyramide du Monde\" data-image-description=\"\" data-image-caption=\"\" data-large-file=\"https:\/\/www.fgautron.com\/weblog\/wp-content\/\/DSC04065.jpg\" \/><\/a>\n\t\t\t<\/div><\/figure><figure class='gallery-item'>\n\t\t\t<div class='gallery-icon landscape'>\n\t\t\t\t<a href='https:\/\/www.fgautron.com\/weblog\/archives\/2006\/01\/06\/mexico-et-new-york-city\/dsc04066\/'><img loading=\"lazy\" decoding=\"async\" width=\"150\" height=\"150\" src=\"https:\/\/www.fgautron.com\/weblog\/wp-content\/\/DSC04066-150x150.jpg\" class=\"attachment-thumbnail size-thumbnail\" alt=\"\" data-attachment-id=\"15040\" data-permalink=\"https:\/\/www.fgautron.com\/weblog\/archives\/2006\/01\/06\/mexico-et-new-york-city\/dsc04066\/\" data-orig-file=\"https:\/\/www.fgautron.com\/weblog\/wp-content\/\/DSC04066.jpg\" data-orig-size=\"922,692\" data-comments-opened=\"1\" data-image-meta=\"{&quot;aperture&quot;:&quot;3.5&quot;,&quot;credit&quot;:&quot;&quot;,&quot;camera&quot;:&quot;DSC-T33&quot;,&quot;caption&quot;:&quot;&quot;,&quot;created_timestamp&quot;:&quot;1135311758&quot;,&quot;copyright&quot;:&quot;&quot;,&quot;focal_length&quot;:&quot;6.7&quot;,&quot;iso&quot;:&quot;100&quot;,&quot;shutter_speed&quot;:&quot;0.00625&quot;,&quot;title&quot;:&quot;&quot;,&quot;orientation&quot;:&quot;1&quot;}\" data-image-title=\"Quelques salles et couloirs restaur\u00e9es\" data-image-description=\"\" data-image-caption=\"\" data-large-file=\"https:\/\/www.fgautron.com\/weblog\/wp-content\/\/DSC04066.jpg\" \/><\/a>\n\t\t\t<\/div><\/figure><figure class='gallery-item'>\n\t\t\t<div class='gallery-icon portrait'>\n\t\t\t\t<a href='https:\/\/www.fgautron.com\/weblog\/archives\/2006\/01\/06\/mexico-et-new-york-city\/dsc04072\/'><img loading=\"lazy\" decoding=\"async\" width=\"150\" height=\"150\" src=\"https:\/\/www.fgautron.com\/weblog\/wp-content\/\/DSC04072-150x150.jpg\" class=\"attachment-thumbnail size-thumbnail\" alt=\"\" data-attachment-id=\"15041\" data-permalink=\"https:\/\/www.fgautron.com\/weblog\/archives\/2006\/01\/06\/mexico-et-new-york-city\/dsc04072\/\" data-orig-file=\"https:\/\/www.fgautron.com\/weblog\/wp-content\/\/DSC04072.jpg\" data-orig-size=\"692,922\" data-comments-opened=\"1\" data-image-meta=\"{&quot;aperture&quot;:&quot;5.6&quot;,&quot;credit&quot;:&quot;&quot;,&quot;camera&quot;:&quot;DSC-T33&quot;,&quot;caption&quot;:&quot;&quot;,&quot;created_timestamp&quot;:&quot;1135312172&quot;,&quot;copyright&quot;:&quot;&quot;,&quot;focal_length&quot;:&quot;6.7&quot;,&quot;iso&quot;:&quot;100&quot;,&quot;shutter_speed&quot;:&quot;0.0025&quot;,&quot;title&quot;:&quot;&quot;,&quot;orientation&quot;:&quot;1&quot;}\" data-image-title=\"Les marches pentues de la pyramide de la Lune\" data-image-description=\"\" data-image-caption=\"\" data-large-file=\"https:\/\/www.fgautron.com\/weblog\/wp-content\/\/DSC04072.jpg\" \/><\/a>\n\t\t\t<\/div><\/figure><figure class='gallery-item'>\n\t\t\t<div class='gallery-icon landscape'>\n\t\t\t\t<a href='https:\/\/www.fgautron.com\/weblog\/archives\/2006\/01\/06\/mexico-et-new-york-city\/dsc04075\/'><img loading=\"lazy\" decoding=\"async\" width=\"150\" height=\"150\" src=\"https:\/\/www.fgautron.com\/weblog\/wp-content\/\/DSC04075-150x150.jpg\" class=\"attachment-thumbnail size-thumbnail\" alt=\"\" data-attachment-id=\"15042\" data-permalink=\"https:\/\/www.fgautron.com\/weblog\/archives\/2006\/01\/06\/mexico-et-new-york-city\/dsc04075\/\" data-orig-file=\"https:\/\/www.fgautron.com\/weblog\/wp-content\/\/DSC04075.jpg\" data-orig-size=\"922,692\" data-comments-opened=\"1\" data-image-meta=\"{&quot;aperture&quot;:&quot;5.6&quot;,&quot;credit&quot;:&quot;&quot;,&quot;camera&quot;:&quot;DSC-T33&quot;,&quot;caption&quot;:&quot;&quot;,&quot;created_timestamp&quot;:&quot;1135312743&quot;,&quot;copyright&quot;:&quot;&quot;,&quot;focal_length&quot;:&quot;6.7&quot;,&quot;iso&quot;:&quot;100&quot;,&quot;shutter_speed&quot;:&quot;0.0025&quot;,&quot;title&quot;:&quot;&quot;,&quot;orientation&quot;:&quot;1&quot;}\" data-image-title=\"Vue sur le site de Teotihuacan\" data-image-description=\"\" data-image-caption=\"\" data-large-file=\"https:\/\/www.fgautron.com\/weblog\/wp-content\/\/DSC04075.jpg\" \/><\/a>\n\t\t\t<\/div><\/figure><figure class='gallery-item'>\n\t\t\t<div class='gallery-icon landscape'>\n\t\t\t\t<a href='https:\/\/www.fgautron.com\/weblog\/archives\/2006\/01\/06\/mexico-et-new-york-city\/dsc04078\/'><img loading=\"lazy\" decoding=\"async\" width=\"150\" height=\"150\" src=\"https:\/\/www.fgautron.com\/weblog\/wp-content\/\/DSC04078-150x150.jpg\" class=\"attachment-thumbnail size-thumbnail\" alt=\"\" data-attachment-id=\"15043\" data-permalink=\"https:\/\/www.fgautron.com\/weblog\/archives\/2006\/01\/06\/mexico-et-new-york-city\/dsc04078\/\" data-orig-file=\"https:\/\/www.fgautron.com\/weblog\/wp-content\/\/DSC04078.jpg\" data-orig-size=\"922,692\" data-comments-opened=\"1\" data-image-meta=\"{&quot;aperture&quot;:&quot;4.4&quot;,&quot;credit&quot;:&quot;&quot;,&quot;camera&quot;:&quot;DSC-T33&quot;,&quot;caption&quot;:&quot;&quot;,&quot;created_timestamp&quot;:&quot;1135322457&quot;,&quot;copyright&quot;:&quot;&quot;,&quot;focal_length&quot;:&quot;20.1&quot;,&quot;iso&quot;:&quot;250&quot;,&quot;shutter_speed&quot;:&quot;0.0125&quot;,&quot;title&quot;:&quot;&quot;,&quot;orientation&quot;:&quot;1&quot;}\" data-image-title=\"Les paons du mus\u00e9e Dolores Olmedo\" data-image-description=\"\" data-image-caption=\"\" data-large-file=\"https:\/\/www.fgautron.com\/weblog\/wp-content\/\/DSC04078.jpg\" \/><\/a>\n\t\t\t<\/div><\/figure><figure class='gallery-item'>\n\t\t\t<div class='gallery-icon landscape'>\n\t\t\t\t<a href='https:\/\/www.fgautron.com\/weblog\/archives\/2006\/01\/06\/mexico-et-new-york-city\/dsc04079\/'><img loading=\"lazy\" decoding=\"async\" width=\"150\" height=\"150\" src=\"https:\/\/www.fgautron.com\/weblog\/wp-content\/\/DSC04079-150x150.jpg\" class=\"attachment-thumbnail size-thumbnail\" alt=\"\" data-attachment-id=\"15044\" data-permalink=\"https:\/\/www.fgautron.com\/weblog\/archives\/2006\/01\/06\/mexico-et-new-york-city\/dsc04079\/\" data-orig-file=\"https:\/\/www.fgautron.com\/weblog\/wp-content\/\/DSC04079.jpg\" data-orig-size=\"922,692\" data-comments-opened=\"1\" data-image-meta=\"{&quot;aperture&quot;:&quot;3.5&quot;,&quot;credit&quot;:&quot;&quot;,&quot;camera&quot;:&quot;DSC-T33&quot;,&quot;caption&quot;:&quot;&quot;,&quot;created_timestamp&quot;:&quot;1135322479&quot;,&quot;copyright&quot;:&quot;&quot;,&quot;focal_length&quot;:&quot;6.7&quot;,&quot;iso&quot;:&quot;100&quot;,&quot;shutter_speed&quot;:&quot;0.02&quot;,&quot;title&quot;:&quot;&quot;,&quot;orientation&quot;:&quot;1&quot;}\" data-image-title=\"Vue sur la demeure de Dolores Olmedo, tranform\u00e9e en mus\u00e9e regroupant un nombre important d&amp;rsquo;oeuvres du couple Rivera Kahlo\" data-image-description=\"\" data-image-caption=\"\" data-large-file=\"https:\/\/www.fgautron.com\/weblog\/wp-content\/\/DSC04079.jpg\" \/><\/a>\n\t\t\t<\/div><\/figure><figure class='gallery-item'>\n\t\t\t<div class='gallery-icon landscape'>\n\t\t\t\t<a href='https:\/\/www.fgautron.com\/weblog\/archives\/2006\/01\/06\/mexico-et-new-york-city\/dsc04082\/'><img loading=\"lazy\" decoding=\"async\" width=\"150\" height=\"150\" src=\"https:\/\/www.fgautron.com\/weblog\/wp-content\/\/DSC04082-150x150.jpg\" class=\"attachment-thumbnail size-thumbnail\" alt=\"\" data-attachment-id=\"15045\" data-permalink=\"https:\/\/www.fgautron.com\/weblog\/archives\/2006\/01\/06\/mexico-et-new-york-city\/dsc04082\/\" data-orig-file=\"https:\/\/www.fgautron.com\/weblog\/wp-content\/\/DSC04082.jpg\" data-orig-size=\"922,692\" data-comments-opened=\"1\" data-image-meta=\"{&quot;aperture&quot;:&quot;4&quot;,&quot;credit&quot;:&quot;&quot;,&quot;camera&quot;:&quot;DSC-T33&quot;,&quot;caption&quot;:&quot;&quot;,&quot;created_timestamp&quot;:&quot;1135322582&quot;,&quot;copyright&quot;:&quot;&quot;,&quot;focal_length&quot;:&quot;10.4&quot;,&quot;iso&quot;:&quot;160&quot;,&quot;shutter_speed&quot;:&quot;0.016666666666667&quot;,&quot;title&quot;:&quot;&quot;,&quot;orientation&quot;:&quot;1&quot;}\" data-image-title=\"Chiens et statue, sur le mod\u00e8le du chien de Frida Kahlo\" data-image-description=\"\" data-image-caption=\"\" data-large-file=\"https:\/\/www.fgautron.com\/weblog\/wp-content\/\/DSC04082.jpg\" \/><\/a>\n\t\t\t<\/div><\/figure><figure class='gallery-item'>\n\t\t\t<div class='gallery-icon landscape'>\n\t\t\t\t<a href='https:\/\/www.fgautron.com\/weblog\/archives\/2006\/01\/06\/mexico-et-new-york-city\/dsc04084\/'><img loading=\"lazy\" decoding=\"async\" width=\"150\" height=\"150\" src=\"https:\/\/www.fgautron.com\/weblog\/wp-content\/\/DSC04084-150x150.jpg\" class=\"attachment-thumbnail size-thumbnail\" alt=\"\" data-attachment-id=\"15046\" data-permalink=\"https:\/\/www.fgautron.com\/weblog\/archives\/2006\/01\/06\/mexico-et-new-york-city\/dsc04084\/\" data-orig-file=\"https:\/\/www.fgautron.com\/weblog\/wp-content\/\/DSC04084.jpg\" data-orig-size=\"922,692\" data-comments-opened=\"1\" data-image-meta=\"{&quot;aperture&quot;:&quot;3.5&quot;,&quot;credit&quot;:&quot;&quot;,&quot;camera&quot;:&quot;DSC-T33&quot;,&quot;caption&quot;:&quot;&quot;,&quot;created_timestamp&quot;:&quot;1135322630&quot;,&quot;copyright&quot;:&quot;&quot;,&quot;focal_length&quot;:&quot;6.7&quot;,&quot;iso&quot;:&quot;100&quot;,&quot;shutter_speed&quot;:&quot;0.008&quot;,&quot;title&quot;:&quot;&quot;,&quot;orientation&quot;:&quot;1&quot;}\" data-image-title=\"All\u00e9e de la demeure\" data-image-description=\"\" data-image-caption=\"\" data-large-file=\"https:\/\/www.fgautron.com\/weblog\/wp-content\/\/DSC04084.jpg\" \/><\/a>\n\t\t\t<\/div><\/figure><figure class='gallery-item'>\n\t\t\t<div class='gallery-icon landscape'>\n\t\t\t\t<a href='https:\/\/www.fgautron.com\/weblog\/archives\/2006\/01\/06\/mexico-et-new-york-city\/dsc04088\/'><img loading=\"lazy\" decoding=\"async\" width=\"150\" height=\"150\" src=\"https:\/\/www.fgautron.com\/weblog\/wp-content\/\/DSC04088-150x150.jpg\" class=\"attachment-thumbnail size-thumbnail\" alt=\"\" data-attachment-id=\"15047\" data-permalink=\"https:\/\/www.fgautron.com\/weblog\/archives\/2006\/01\/06\/mexico-et-new-york-city\/dsc04088\/\" data-orig-file=\"https:\/\/www.fgautron.com\/weblog\/wp-content\/\/DSC04088.jpg\" data-orig-size=\"922,692\" data-comments-opened=\"1\" data-image-meta=\"{&quot;aperture&quot;:&quot;3.5&quot;,&quot;credit&quot;:&quot;&quot;,&quot;camera&quot;:&quot;DSC-T33&quot;,&quot;caption&quot;:&quot;&quot;,&quot;created_timestamp&quot;:&quot;1135324560&quot;,&quot;copyright&quot;:&quot;&quot;,&quot;focal_length&quot;:&quot;6.7&quot;,&quot;iso&quot;:&quot;100&quot;,&quot;shutter_speed&quot;:&quot;0.025&quot;,&quot;title&quot;:&quot;&quot;,&quot;orientation&quot;:&quot;1&quot;}\" data-image-title=\"Les jardins\" data-image-description=\"\" data-image-caption=\"\" data-large-file=\"https:\/\/www.fgautron.com\/weblog\/wp-content\/\/DSC04088.jpg\" \/><\/a>\n\t\t\t<\/div><\/figure><figure class='gallery-item'>\n\t\t\t<div class='gallery-icon landscape'>\n\t\t\t\t<a href='https:\/\/www.fgautron.com\/weblog\/archives\/2006\/01\/06\/mexico-et-new-york-city\/dsc04092\/'><img loading=\"lazy\" decoding=\"async\" width=\"150\" height=\"150\" src=\"https:\/\/www.fgautron.com\/weblog\/wp-content\/\/DSC04092-150x150.jpg\" class=\"attachment-thumbnail size-thumbnail\" alt=\"\" data-attachment-id=\"15048\" data-permalink=\"https:\/\/www.fgautron.com\/weblog\/archives\/2006\/01\/06\/mexico-et-new-york-city\/dsc04092\/\" data-orig-file=\"https:\/\/www.fgautron.com\/weblog\/wp-content\/\/DSC04092.jpg\" data-orig-size=\"922,692\" data-comments-opened=\"1\" data-image-meta=\"{&quot;aperture&quot;:&quot;3.5&quot;,&quot;credit&quot;:&quot;&quot;,&quot;camera&quot;:&quot;DSC-T33&quot;,&quot;caption&quot;:&quot;&quot;,&quot;created_timestamp&quot;:&quot;1135327095&quot;,&quot;copyright&quot;:&quot;&quot;,&quot;focal_length&quot;:&quot;6.7&quot;,&quot;iso&quot;:&quot;200&quot;,&quot;shutter_speed&quot;:&quot;0.025&quot;,&quot;title&quot;:&quot;&quot;,&quot;orientation&quot;:&quot;1&quot;}\" data-image-title=\"Xochimilco, \u00e0 20 kms au sud de Mexico. Embarcations d\u00e9cor\u00e9es sur les canaux\" data-image-description=\"\" data-image-caption=\"\" data-large-file=\"https:\/\/www.fgautron.com\/weblog\/wp-content\/\/DSC04092.jpg\" \/><\/a>\n\t\t\t<\/div><\/figure><figure class='gallery-item'>\n\t\t\t<div class='gallery-icon portrait'>\n\t\t\t\t<a href='https:\/\/www.fgautron.com\/weblog\/archives\/2006\/01\/06\/mexico-et-new-york-city\/dsc04097\/'><img loading=\"lazy\" decoding=\"async\" width=\"150\" height=\"150\" src=\"https:\/\/www.fgautron.com\/weblog\/wp-content\/\/DSC04097-150x150.jpg\" class=\"attachment-thumbnail size-thumbnail\" alt=\"\" data-attachment-id=\"15049\" data-permalink=\"https:\/\/www.fgautron.com\/weblog\/archives\/2006\/01\/06\/mexico-et-new-york-city\/dsc04097\/\" data-orig-file=\"https:\/\/www.fgautron.com\/weblog\/wp-content\/\/DSC04097.jpg\" data-orig-size=\"692,922\" data-comments-opened=\"1\" data-image-meta=\"{&quot;aperture&quot;:&quot;3.5&quot;,&quot;credit&quot;:&quot;&quot;,&quot;camera&quot;:&quot;DSC-T33&quot;,&quot;caption&quot;:&quot;&quot;,&quot;created_timestamp&quot;:&quot;1135327344&quot;,&quot;copyright&quot;:&quot;&quot;,&quot;focal_length&quot;:&quot;6.7&quot;,&quot;iso&quot;:&quot;250&quot;,&quot;shutter_speed&quot;:&quot;0.033333333333333&quot;,&quot;title&quot;:&quot;&quot;,&quot;orientation&quot;:&quot;1&quot;}\" data-image-title=\"Xochimilco est constitu\u00e9e de jardins flottants azt\u00e8ques (\u00ab\u00a0chinampas\u00a0\u00bb)\" data-image-description=\"\" data-image-caption=\"\" data-large-file=\"https:\/\/www.fgautron.com\/weblog\/wp-content\/\/DSC04097.jpg\" \/><\/a>\n\t\t\t<\/div><\/figure><figure class='gallery-item'>\n\t\t\t<div class='gallery-icon landscape'>\n\t\t\t\t<a href='https:\/\/www.fgautron.com\/weblog\/archives\/2006\/01\/06\/mexico-et-new-york-city\/dsc04098\/'><img loading=\"lazy\" decoding=\"async\" width=\"150\" height=\"150\" src=\"https:\/\/www.fgautron.com\/weblog\/wp-content\/\/DSC04098-150x150.jpg\" class=\"attachment-thumbnail size-thumbnail\" alt=\"\" data-attachment-id=\"15050\" data-permalink=\"https:\/\/www.fgautron.com\/weblog\/archives\/2006\/01\/06\/mexico-et-new-york-city\/dsc04098\/\" data-orig-file=\"https:\/\/www.fgautron.com\/weblog\/wp-content\/\/DSC04098.jpg\" data-orig-size=\"922,692\" data-comments-opened=\"1\" data-image-meta=\"{&quot;aperture&quot;:&quot;3.5&quot;,&quot;credit&quot;:&quot;&quot;,&quot;camera&quot;:&quot;DSC-T33&quot;,&quot;caption&quot;:&quot;&quot;,&quot;created_timestamp&quot;:&quot;1135327402&quot;,&quot;copyright&quot;:&quot;&quot;,&quot;focal_length&quot;:&quot;6.7&quot;,&quot;iso&quot;:&quot;250&quot;,&quot;shutter_speed&quot;:&quot;0.033333333333333&quot;,&quot;title&quot;:&quot;&quot;,&quot;orientation&quot;:&quot;1&quot;}\" data-image-title=\"Les canaux sont envahis d&amp;#8217;embarcations les apr\u00e8s-midi dominicales\" data-image-description=\"\" data-image-caption=\"\" data-large-file=\"https:\/\/www.fgautron.com\/weblog\/wp-content\/\/DSC04098.jpg\" \/><\/a>\n\t\t\t<\/div><\/figure><figure class='gallery-item'>\n\t\t\t<div class='gallery-icon landscape'>\n\t\t\t\t<a href='https:\/\/www.fgautron.com\/weblog\/archives\/2006\/01\/06\/mexico-et-new-york-city\/dsc04113\/'><img loading=\"lazy\" decoding=\"async\" width=\"150\" height=\"150\" src=\"https:\/\/www.fgautron.com\/weblog\/wp-content\/\/DSC04113-150x150.jpg\" class=\"attachment-thumbnail size-thumbnail\" alt=\"\" data-attachment-id=\"15051\" data-permalink=\"https:\/\/www.fgautron.com\/weblog\/archives\/2006\/01\/06\/mexico-et-new-york-city\/dsc04113\/\" data-orig-file=\"https:\/\/www.fgautron.com\/weblog\/wp-content\/\/DSC04113.jpg\" data-orig-size=\"922,692\" data-comments-opened=\"1\" data-image-meta=\"{&quot;aperture&quot;:&quot;8&quot;,&quot;credit&quot;:&quot;&quot;,&quot;camera&quot;:&quot;DSC-T33&quot;,&quot;caption&quot;:&quot;&quot;,&quot;created_timestamp&quot;:&quot;1135393638&quot;,&quot;copyright&quot;:&quot;&quot;,&quot;focal_length&quot;:&quot;6.7&quot;,&quot;iso&quot;:&quot;100&quot;,&quot;shutter_speed&quot;:&quot;0.0015625&quot;,&quot;title&quot;:&quot;&quot;,&quot;orientation&quot;:&quot;1&quot;}\" data-image-title=\"Les Voladores, pr\u00e8s du grand mus\u00e9e d&amp;rsquo;antropologie\" data-image-description=\"\" data-image-caption=\"\" data-large-file=\"https:\/\/www.fgautron.com\/weblog\/wp-content\/\/DSC04113.jpg\" \/><\/a>\n\t\t\t<\/div><\/figure><figure class='gallery-item'>\n\t\t\t<div class='gallery-icon portrait'>\n\t\t\t\t<a href='https:\/\/www.fgautron.com\/weblog\/archives\/2006\/01\/06\/mexico-et-new-york-city\/dsc04117\/'><img loading=\"lazy\" decoding=\"async\" width=\"150\" height=\"150\" src=\"https:\/\/www.fgautron.com\/weblog\/wp-content\/\/DSC04117-150x150.jpg\" class=\"attachment-thumbnail size-thumbnail\" alt=\"\" data-attachment-id=\"15052\" data-permalink=\"https:\/\/www.fgautron.com\/weblog\/archives\/2006\/01\/06\/mexico-et-new-york-city\/dsc04117\/\" data-orig-file=\"https:\/\/www.fgautron.com\/weblog\/wp-content\/\/DSC04117.jpg\" data-orig-size=\"692,922\" data-comments-opened=\"1\" data-image-meta=\"{&quot;aperture&quot;:&quot;3.5&quot;,&quot;credit&quot;:&quot;&quot;,&quot;camera&quot;:&quot;DSC-T33&quot;,&quot;caption&quot;:&quot;&quot;,&quot;created_timestamp&quot;:&quot;1135396226&quot;,&quot;copyright&quot;:&quot;&quot;,&quot;focal_length&quot;:&quot;6.7&quot;,&quot;iso&quot;:&quot;320&quot;,&quot;shutter_speed&quot;:&quot;0.125&quot;,&quot;title&quot;:&quot;&quot;,&quot;orientation&quot;:&quot;1&quot;}\" data-image-title=\"Mus\u00e9e National d\u2019Anthropologie, dans le parc de Chapultepec\" data-image-description=\"\" data-image-caption=\"\" data-large-file=\"https:\/\/www.fgautron.com\/weblog\/wp-content\/\/DSC04117.jpg\" \/><\/a>\n\t\t\t<\/div><\/figure><figure class='gallery-item'>\n\t\t\t<div class='gallery-icon landscape'>\n\t\t\t\t<a href='https:\/\/www.fgautron.com\/weblog\/archives\/2006\/01\/06\/mexico-et-new-york-city\/dsc04121\/'><img loading=\"lazy\" decoding=\"async\" width=\"150\" height=\"150\" src=\"https:\/\/www.fgautron.com\/weblog\/wp-content\/\/DSC04121-150x150.jpg\" class=\"attachment-thumbnail size-thumbnail\" alt=\"\" data-attachment-id=\"15053\" data-permalink=\"https:\/\/www.fgautron.com\/weblog\/archives\/2006\/01\/06\/mexico-et-new-york-city\/dsc04121\/\" data-orig-file=\"https:\/\/www.fgautron.com\/weblog\/wp-content\/\/DSC04121.jpg\" data-orig-size=\"922,692\" data-comments-opened=\"1\" data-image-meta=\"{&quot;aperture&quot;:&quot;3.5&quot;,&quot;credit&quot;:&quot;&quot;,&quot;camera&quot;:&quot;DSC-T33&quot;,&quot;caption&quot;:&quot;&quot;,&quot;created_timestamp&quot;:&quot;1135398314&quot;,&quot;copyright&quot;:&quot;&quot;,&quot;focal_length&quot;:&quot;6.7&quot;,&quot;iso&quot;:&quot;250&quot;,&quot;shutter_speed&quot;:&quot;0.125&quot;,&quot;title&quot;:&quot;&quot;,&quot;orientation&quot;:&quot;1&quot;}\" data-image-title=\"Mus\u00e9e national d&amp;rsquo;Antropologie, une fresque\" data-image-description=\"\" data-image-caption=\"\" data-large-file=\"https:\/\/www.fgautron.com\/weblog\/wp-content\/\/DSC04121.jpg\" \/><\/a>\n\t\t\t<\/div><\/figure><figure class='gallery-item'>\n\t\t\t<div class='gallery-icon landscape'>\n\t\t\t\t<a href='https:\/\/www.fgautron.com\/weblog\/archives\/2006\/01\/06\/mexico-et-new-york-city\/dsc04123\/'><img loading=\"lazy\" decoding=\"async\" width=\"150\" height=\"150\" src=\"https:\/\/www.fgautron.com\/weblog\/wp-content\/\/DSC04123-150x150.jpg\" class=\"attachment-thumbnail size-thumbnail\" alt=\"\" data-attachment-id=\"15054\" data-permalink=\"https:\/\/www.fgautron.com\/weblog\/archives\/2006\/01\/06\/mexico-et-new-york-city\/dsc04123\/\" data-orig-file=\"https:\/\/www.fgautron.com\/weblog\/wp-content\/\/DSC04123.jpg\" data-orig-size=\"922,692\" data-comments-opened=\"1\" data-image-meta=\"{&quot;aperture&quot;:&quot;3.5&quot;,&quot;credit&quot;:&quot;&quot;,&quot;camera&quot;:&quot;DSC-T33&quot;,&quot;caption&quot;:&quot;&quot;,&quot;created_timestamp&quot;:&quot;1135399093&quot;,&quot;copyright&quot;:&quot;&quot;,&quot;focal_length&quot;:&quot;6.7&quot;,&quot;iso&quot;:&quot;320&quot;,&quot;shutter_speed&quot;:&quot;0.125&quot;,&quot;title&quot;:&quot;&quot;,&quot;orientation&quot;:&quot;1&quot;}\" data-image-title=\"Une repr\u00e9sentation de Tenochtitl\u00e1n, la grande ville azt\u00e8que devenue Mexico. Elle est construite en grande partie sur les eaux d&amp;rsquo;un lac.\" data-image-description=\"\" data-image-caption=\"\" data-large-file=\"https:\/\/www.fgautron.com\/weblog\/wp-content\/\/DSC04123.jpg\" \/><\/a>\n\t\t\t<\/div><\/figure><figure class='gallery-item'>\n\t\t\t<div class='gallery-icon portrait'>\n\t\t\t\t<a href='https:\/\/www.fgautron.com\/weblog\/archives\/2006\/01\/06\/mexico-et-new-york-city\/dsc04124\/'><img loading=\"lazy\" decoding=\"async\" width=\"150\" height=\"150\" src=\"https:\/\/www.fgautron.com\/weblog\/wp-content\/\/DSC04124-150x150.jpg\" class=\"attachment-thumbnail size-thumbnail\" alt=\"\" data-attachment-id=\"15055\" data-permalink=\"https:\/\/www.fgautron.com\/weblog\/archives\/2006\/01\/06\/mexico-et-new-york-city\/dsc04124\/\" data-orig-file=\"https:\/\/www.fgautron.com\/weblog\/wp-content\/\/DSC04124.jpg\" data-orig-size=\"692,922\" data-comments-opened=\"1\" data-image-meta=\"{&quot;aperture&quot;:&quot;3.5&quot;,&quot;credit&quot;:&quot;&quot;,&quot;camera&quot;:&quot;DSC-T33&quot;,&quot;caption&quot;:&quot;&quot;,&quot;created_timestamp&quot;:&quot;1135399451&quot;,&quot;copyright&quot;:&quot;&quot;,&quot;focal_length&quot;:&quot;6.7&quot;,&quot;iso&quot;:&quot;320&quot;,&quot;shutter_speed&quot;:&quot;0.125&quot;,&quot;title&quot;:&quot;&quot;,&quot;orientation&quot;:&quot;1&quot;}\" data-image-title=\"Pierre du Soleil dit \u00ab\u00a0Calendrier Azt\u00e8que\u00a0\u00bb\" data-image-description=\"\" data-image-caption=\"\" data-large-file=\"https:\/\/www.fgautron.com\/weblog\/wp-content\/\/DSC04124.jpg\" \/><\/a>\n\t\t\t<\/div><\/figure><figure class='gallery-item'>\n\t\t\t<div class='gallery-icon landscape'>\n\t\t\t\t<a href='https:\/\/www.fgautron.com\/weblog\/archives\/2006\/01\/06\/mexico-et-new-york-city\/dsc04126\/'><img loading=\"lazy\" decoding=\"async\" width=\"150\" height=\"150\" src=\"https:\/\/www.fgautron.com\/weblog\/wp-content\/\/DSC04126-150x150.jpg\" class=\"attachment-thumbnail size-thumbnail\" alt=\"\" data-attachment-id=\"15056\" data-permalink=\"https:\/\/www.fgautron.com\/weblog\/archives\/2006\/01\/06\/mexico-et-new-york-city\/dsc04126\/\" data-orig-file=\"https:\/\/www.fgautron.com\/weblog\/wp-content\/\/DSC04126.jpg\" data-orig-size=\"922,692\" data-comments-opened=\"1\" data-image-meta=\"{&quot;aperture&quot;:&quot;5.6&quot;,&quot;credit&quot;:&quot;&quot;,&quot;camera&quot;:&quot;DSC-T33&quot;,&quot;caption&quot;:&quot;&quot;,&quot;created_timestamp&quot;:&quot;1135400854&quot;,&quot;copyright&quot;:&quot;&quot;,&quot;focal_length&quot;:&quot;6.7&quot;,&quot;iso&quot;:&quot;100&quot;,&quot;shutter_speed&quot;:&quot;0.005&quot;,&quot;title&quot;:&quot;&quot;,&quot;orientation&quot;:&quot;1&quot;}\" data-image-title=\"Le Mus\u00e9e national d&amp;rsquo;Antropologie, dans toute sa grandeur\" data-image-description=\"\" data-image-caption=\"\" data-large-file=\"https:\/\/www.fgautron.com\/weblog\/wp-content\/\/DSC04126.jpg\" \/><\/a>\n\t\t\t<\/div><\/figure><figure class='gallery-item'>\n\t\t\t<div class='gallery-icon portrait'>\n\t\t\t\t<a href='https:\/\/www.fgautron.com\/weblog\/archives\/2006\/01\/06\/mexico-et-new-york-city\/dsc04127\/'><img loading=\"lazy\" decoding=\"async\" width=\"150\" height=\"150\" src=\"https:\/\/www.fgautron.com\/weblog\/wp-content\/\/DSC04127-150x150.jpg\" class=\"attachment-thumbnail size-thumbnail\" alt=\"\" data-attachment-id=\"15057\" data-permalink=\"https:\/\/www.fgautron.com\/weblog\/archives\/2006\/01\/06\/mexico-et-new-york-city\/dsc04127\/\" data-orig-file=\"https:\/\/www.fgautron.com\/weblog\/wp-content\/\/DSC04127.jpg\" data-orig-size=\"692,922\" data-comments-opened=\"1\" data-image-meta=\"{&quot;aperture&quot;:&quot;3.5&quot;,&quot;credit&quot;:&quot;&quot;,&quot;camera&quot;:&quot;DSC-T33&quot;,&quot;caption&quot;:&quot;&quot;,&quot;created_timestamp&quot;:&quot;1135402454&quot;,&quot;copyright&quot;:&quot;&quot;,&quot;focal_length&quot;:&quot;6.7&quot;,&quot;iso&quot;:&quot;320&quot;,&quot;shutter_speed&quot;:&quot;0.125&quot;,&quot;title&quot;:&quot;&quot;,&quot;orientation&quot;:&quot;1&quot;}\" data-image-title=\"Mus\u00e9e national d&amp;rsquo;Antropologie, Visage\" data-image-description=\"\" data-image-caption=\"\" data-large-file=\"https:\/\/www.fgautron.com\/weblog\/wp-content\/\/DSC04127.jpg\" \/><\/a>\n\t\t\t<\/div><\/figure><figure class='gallery-item'>\n\t\t\t<div class='gallery-icon portrait'>\n\t\t\t\t<a href='https:\/\/www.fgautron.com\/weblog\/archives\/2006\/01\/06\/mexico-et-new-york-city\/dsc04130\/'><img loading=\"lazy\" decoding=\"async\" width=\"150\" height=\"150\" src=\"https:\/\/www.fgautron.com\/weblog\/wp-content\/\/DSC04130-150x150.jpg\" class=\"attachment-thumbnail size-thumbnail\" alt=\"\" data-attachment-id=\"15058\" data-permalink=\"https:\/\/www.fgautron.com\/weblog\/archives\/2006\/01\/06\/mexico-et-new-york-city\/dsc04130\/\" data-orig-file=\"https:\/\/www.fgautron.com\/weblog\/wp-content\/\/DSC04130.jpg\" data-orig-size=\"692,922\" data-comments-opened=\"1\" data-image-meta=\"{&quot;aperture&quot;:&quot;3.5&quot;,&quot;credit&quot;:&quot;&quot;,&quot;camera&quot;:&quot;DSC-T33&quot;,&quot;caption&quot;:&quot;&quot;,&quot;created_timestamp&quot;:&quot;1135403088&quot;,&quot;copyright&quot;:&quot;&quot;,&quot;focal_length&quot;:&quot;6.7&quot;,&quot;iso&quot;:&quot;100&quot;,&quot;shutter_speed&quot;:&quot;0.016666666666667&quot;,&quot;title&quot;:&quot;&quot;,&quot;orientation&quot;:&quot;1&quot;}\" data-image-title=\"Mus\u00e9e national d&amp;rsquo;Antropologie, reconstitution Maya\" data-image-description=\"\" data-image-caption=\"\" data-large-file=\"https:\/\/www.fgautron.com\/weblog\/wp-content\/\/DSC04130.jpg\" \/><\/a>\n\t\t\t<\/div><\/figure><figure class='gallery-item'>\n\t\t\t<div class='gallery-icon landscape'>\n\t\t\t\t<a href='https:\/\/www.fgautron.com\/weblog\/archives\/2006\/01\/06\/mexico-et-new-york-city\/dsc04131\/'><img loading=\"lazy\" decoding=\"async\" width=\"150\" height=\"150\" src=\"https:\/\/www.fgautron.com\/weblog\/wp-content\/\/DSC04131-150x150.jpg\" class=\"attachment-thumbnail size-thumbnail\" alt=\"\" data-attachment-id=\"15059\" data-permalink=\"https:\/\/www.fgautron.com\/weblog\/archives\/2006\/01\/06\/mexico-et-new-york-city\/dsc04131\/\" data-orig-file=\"https:\/\/www.fgautron.com\/weblog\/wp-content\/\/DSC04131.jpg\" data-orig-size=\"922,692\" data-comments-opened=\"1\" data-image-meta=\"{&quot;aperture&quot;:&quot;3.5&quot;,&quot;credit&quot;:&quot;&quot;,&quot;camera&quot;:&quot;DSC-T33&quot;,&quot;caption&quot;:&quot;&quot;,&quot;created_timestamp&quot;:&quot;1135403150&quot;,&quot;copyright&quot;:&quot;&quot;,&quot;focal_length&quot;:&quot;6.7&quot;,&quot;iso&quot;:&quot;320&quot;,&quot;shutter_speed&quot;:&quot;0.125&quot;,&quot;title&quot;:&quot;&quot;,&quot;orientation&quot;:&quot;1&quot;}\" data-image-title=\"Mus\u00e9e national d&amp;rsquo;Antropologie\" data-image-description=\"\" data-image-caption=\"\" data-large-file=\"https:\/\/www.fgautron.com\/weblog\/wp-content\/\/DSC04131.jpg\" \/><\/a>\n\t\t\t<\/div><\/figure><figure class='gallery-item'>\n\t\t\t<div class='gallery-icon portrait'>\n\t\t\t\t<a href='https:\/\/www.fgautron.com\/weblog\/archives\/2006\/01\/06\/mexico-et-new-york-city\/dsc04154\/'><img loading=\"lazy\" decoding=\"async\" width=\"150\" height=\"150\" src=\"https:\/\/www.fgautron.com\/weblog\/wp-content\/\/DSC04154-150x150.jpg\" class=\"attachment-thumbnail size-thumbnail\" alt=\"\" data-attachment-id=\"15060\" data-permalink=\"https:\/\/www.fgautron.com\/weblog\/archives\/2006\/01\/06\/mexico-et-new-york-city\/dsc04154\/\" data-orig-file=\"https:\/\/www.fgautron.com\/weblog\/wp-content\/\/DSC04154.jpg\" data-orig-size=\"692,922\" data-comments-opened=\"1\" data-image-meta=\"{&quot;aperture&quot;:&quot;3.5&quot;,&quot;credit&quot;:&quot;&quot;,&quot;camera&quot;:&quot;DSC-T33&quot;,&quot;caption&quot;:&quot;&quot;,&quot;created_timestamp&quot;:&quot;1135645235&quot;,&quot;copyright&quot;:&quot;&quot;,&quot;focal_length&quot;:&quot;6.7&quot;,&quot;iso&quot;:&quot;100&quot;,&quot;shutter_speed&quot;:&quot;0.008&quot;,&quot;title&quot;:&quot;&quot;,&quot;orientation&quot;:&quot;1&quot;}\" data-image-title=\"Les Rues de New York\" data-image-description=\"\" data-image-caption=\"\" data-large-file=\"https:\/\/www.fgautron.com\/weblog\/wp-content\/\/DSC04154.jpg\" \/><\/a>\n\t\t\t<\/div><\/figure><figure class='gallery-item'>\n\t\t\t<div class='gallery-icon portrait'>\n\t\t\t\t<a href='https:\/\/www.fgautron.com\/weblog\/archives\/2006\/01\/06\/mexico-et-new-york-city\/dsc04156\/'><img loading=\"lazy\" decoding=\"async\" width=\"150\" height=\"150\" src=\"https:\/\/www.fgautron.com\/weblog\/wp-content\/\/DSC04156-150x150.jpg\" class=\"attachment-thumbnail size-thumbnail\" alt=\"\" data-attachment-id=\"15061\" data-permalink=\"https:\/\/www.fgautron.com\/weblog\/archives\/2006\/01\/06\/mexico-et-new-york-city\/dsc04156\/\" data-orig-file=\"https:\/\/www.fgautron.com\/weblog\/wp-content\/\/DSC04156.jpg\" data-orig-size=\"692,922\" data-comments-opened=\"1\" data-image-meta=\"{&quot;aperture&quot;:&quot;5.6&quot;,&quot;credit&quot;:&quot;&quot;,&quot;camera&quot;:&quot;DSC-T33&quot;,&quot;caption&quot;:&quot;&quot;,&quot;created_timestamp&quot;:&quot;1135647288&quot;,&quot;copyright&quot;:&quot;&quot;,&quot;focal_length&quot;:&quot;6.7&quot;,&quot;iso&quot;:&quot;100&quot;,&quot;shutter_speed&quot;:&quot;0.008&quot;,&quot;title&quot;:&quot;&quot;,&quot;orientation&quot;:&quot;1&quot;}\" data-image-title=\"New York, un immeuble tr\u00e8s Gotham City\" data-image-description=\"\" data-image-caption=\"\" data-large-file=\"https:\/\/www.fgautron.com\/weblog\/wp-content\/\/DSC04156.jpg\" \/><\/a>\n\t\t\t<\/div><\/figure><figure class='gallery-item'>\n\t\t\t<div class='gallery-icon landscape'>\n\t\t\t\t<a href='https:\/\/www.fgautron.com\/weblog\/archives\/2006\/01\/06\/mexico-et-new-york-city\/dsc04158\/'><img loading=\"lazy\" decoding=\"async\" width=\"150\" height=\"150\" src=\"https:\/\/www.fgautron.com\/weblog\/wp-content\/\/DSC04158-150x150.jpg\" class=\"attachment-thumbnail size-thumbnail\" alt=\"\" data-attachment-id=\"15062\" data-permalink=\"https:\/\/www.fgautron.com\/weblog\/archives\/2006\/01\/06\/mexico-et-new-york-city\/dsc04158\/\" data-orig-file=\"https:\/\/www.fgautron.com\/weblog\/wp-content\/\/DSC04158.jpg\" data-orig-size=\"922,692\" data-comments-opened=\"1\" data-image-meta=\"{&quot;aperture&quot;:&quot;3.5&quot;,&quot;credit&quot;:&quot;&quot;,&quot;camera&quot;:&quot;DSC-T33&quot;,&quot;caption&quot;:&quot;&quot;,&quot;created_timestamp&quot;:&quot;1135647528&quot;,&quot;copyright&quot;:&quot;&quot;,&quot;focal_length&quot;:&quot;6.7&quot;,&quot;iso&quot;:&quot;100&quot;,&quot;shutter_speed&quot;:&quot;0.0125&quot;,&quot;title&quot;:&quot;&quot;,&quot;orientation&quot;:&quot;1&quot;}\" data-image-title=\"Les Rues de New York\" data-image-description=\"\" data-image-caption=\"\" data-large-file=\"https:\/\/www.fgautron.com\/weblog\/wp-content\/\/DSC04158.jpg\" \/><\/a>\n\t\t\t<\/div><\/figure><figure class='gallery-item'>\n\t\t\t<div class='gallery-icon landscape'>\n\t\t\t\t<a href='https:\/\/www.fgautron.com\/weblog\/archives\/2006\/01\/06\/mexico-et-new-york-city\/dsc04160\/'><img loading=\"lazy\" decoding=\"async\" width=\"150\" height=\"150\" src=\"https:\/\/www.fgautron.com\/weblog\/wp-content\/\/DSC04160-150x150.jpg\" class=\"attachment-thumbnail size-thumbnail\" alt=\"\" data-attachment-id=\"15063\" data-permalink=\"https:\/\/www.fgautron.com\/weblog\/archives\/2006\/01\/06\/mexico-et-new-york-city\/dsc04160\/\" data-orig-file=\"https:\/\/www.fgautron.com\/weblog\/wp-content\/\/DSC04160.jpg\" data-orig-size=\"922,692\" data-comments-opened=\"1\" data-image-meta=\"{&quot;aperture&quot;:&quot;3.5&quot;,&quot;credit&quot;:&quot;&quot;,&quot;camera&quot;:&quot;DSC-T33&quot;,&quot;caption&quot;:&quot;&quot;,&quot;created_timestamp&quot;:&quot;1135650168&quot;,&quot;copyright&quot;:&quot;&quot;,&quot;focal_length&quot;:&quot;6.7&quot;,&quot;iso&quot;:&quot;320&quot;,&quot;shutter_speed&quot;:&quot;0.125&quot;,&quot;title&quot;:&quot;&quot;,&quot;orientation&quot;:&quot;1&quot;}\" data-image-title=\"Moma\" data-image-description=\"\" data-image-caption=\"\" data-large-file=\"https:\/\/www.fgautron.com\/weblog\/wp-content\/\/DSC04160.jpg\" \/><\/a>\n\t\t\t<\/div><\/figure><figure class='gallery-item'>\n\t\t\t<div class='gallery-icon landscape'>\n\t\t\t\t<a href='https:\/\/www.fgautron.com\/weblog\/archives\/2006\/01\/06\/mexico-et-new-york-city\/dsc04164\/'><img loading=\"lazy\" decoding=\"async\" width=\"150\" height=\"150\" src=\"https:\/\/www.fgautron.com\/weblog\/wp-content\/\/DSC04164-150x150.jpg\" class=\"attachment-thumbnail size-thumbnail\" alt=\"\" data-attachment-id=\"15064\" data-permalink=\"https:\/\/www.fgautron.com\/weblog\/archives\/2006\/01\/06\/mexico-et-new-york-city\/dsc04164\/\" data-orig-file=\"https:\/\/www.fgautron.com\/weblog\/wp-content\/\/DSC04164.jpg\" data-orig-size=\"922,692\" data-comments-opened=\"1\" data-image-meta=\"{&quot;aperture&quot;:&quot;3.5&quot;,&quot;credit&quot;:&quot;&quot;,&quot;camera&quot;:&quot;DSC-T33&quot;,&quot;caption&quot;:&quot;&quot;,&quot;created_timestamp&quot;:&quot;1135650953&quot;,&quot;copyright&quot;:&quot;&quot;,&quot;focal_length&quot;:&quot;6.7&quot;,&quot;iso&quot;:&quot;250&quot;,&quot;shutter_speed&quot;:&quot;0.076923076923077&quot;,&quot;title&quot;:&quot;&quot;,&quot;orientation&quot;:&quot;1&quot;}\" data-image-title=\"Moma, Andy Warhol\" data-image-description=\"\" data-image-caption=\"\" data-large-file=\"https:\/\/www.fgautron.com\/weblog\/wp-content\/\/DSC04164.jpg\" \/><\/a>\n\t\t\t<\/div><\/figure><figure class='gallery-item'>\n\t\t\t<div class='gallery-icon landscape'>\n\t\t\t\t<a href='https:\/\/www.fgautron.com\/weblog\/archives\/2006\/01\/06\/mexico-et-new-york-city\/dsc04165\/'><img loading=\"lazy\" decoding=\"async\" width=\"150\" height=\"150\" src=\"https:\/\/www.fgautron.com\/weblog\/wp-content\/\/DSC04165-150x150.jpg\" class=\"attachment-thumbnail size-thumbnail\" alt=\"\" data-attachment-id=\"15065\" data-permalink=\"https:\/\/www.fgautron.com\/weblog\/archives\/2006\/01\/06\/mexico-et-new-york-city\/dsc04165\/\" data-orig-file=\"https:\/\/www.fgautron.com\/weblog\/wp-content\/\/DSC04165.jpg\" data-orig-size=\"922,692\" data-comments-opened=\"1\" data-image-meta=\"{&quot;aperture&quot;:&quot;3.5&quot;,&quot;credit&quot;:&quot;&quot;,&quot;camera&quot;:&quot;DSC-T33&quot;,&quot;caption&quot;:&quot;&quot;,&quot;created_timestamp&quot;:&quot;1135651515&quot;,&quot;copyright&quot;:&quot;&quot;,&quot;focal_length&quot;:&quot;6.7&quot;,&quot;iso&quot;:&quot;320&quot;,&quot;shutter_speed&quot;:&quot;0.125&quot;,&quot;title&quot;:&quot;&quot;,&quot;orientation&quot;:&quot;1&quot;}\" data-image-title=\"Moma, installation video\" data-image-description=\"\" data-image-caption=\"\" data-large-file=\"https:\/\/www.fgautron.com\/weblog\/wp-content\/\/DSC04165.jpg\" \/><\/a>\n\t\t\t<\/div><\/figure><figure class='gallery-item'>\n\t\t\t<div class='gallery-icon landscape'>\n\t\t\t\t<a href='https:\/\/www.fgautron.com\/weblog\/archives\/2006\/01\/06\/mexico-et-new-york-city\/dsc04166\/'><img loading=\"lazy\" decoding=\"async\" width=\"150\" height=\"150\" src=\"https:\/\/www.fgautron.com\/weblog\/wp-content\/\/DSC04166-150x150.jpg\" class=\"attachment-thumbnail size-thumbnail\" alt=\"\" data-attachment-id=\"15066\" data-permalink=\"https:\/\/www.fgautron.com\/weblog\/archives\/2006\/01\/06\/mexico-et-new-york-city\/dsc04166\/\" data-orig-file=\"https:\/\/www.fgautron.com\/weblog\/wp-content\/\/DSC04166.jpg\" data-orig-size=\"922,692\" data-comments-opened=\"1\" data-image-meta=\"{&quot;aperture&quot;:&quot;3.5&quot;,&quot;credit&quot;:&quot;&quot;,&quot;camera&quot;:&quot;DSC-T33&quot;,&quot;caption&quot;:&quot;&quot;,&quot;created_timestamp&quot;:&quot;1135652156&quot;,&quot;copyright&quot;:&quot;&quot;,&quot;focal_length&quot;:&quot;6.7&quot;,&quot;iso&quot;:&quot;320&quot;,&quot;shutter_speed&quot;:&quot;0.125&quot;,&quot;title&quot;:&quot;&quot;,&quot;orientation&quot;:&quot;1&quot;}\" data-image-title=\"Moma\" data-image-description=\"\" data-image-caption=\"\" data-large-file=\"https:\/\/www.fgautron.com\/weblog\/wp-content\/\/DSC04166.jpg\" \/><\/a>\n\t\t\t<\/div><\/figure><figure class='gallery-item'>\n\t\t\t<div class='gallery-icon portrait'>\n\t\t\t\t<a href='https:\/\/www.fgautron.com\/weblog\/archives\/2006\/01\/06\/mexico-et-new-york-city\/dsc04169\/'><img loading=\"lazy\" decoding=\"async\" width=\"150\" height=\"150\" src=\"https:\/\/www.fgautron.com\/weblog\/wp-content\/\/DSC04169-150x150.jpg\" class=\"attachment-thumbnail size-thumbnail\" alt=\"\" data-attachment-id=\"15067\" data-permalink=\"https:\/\/www.fgautron.com\/weblog\/archives\/2006\/01\/06\/mexico-et-new-york-city\/dsc04169\/\" data-orig-file=\"https:\/\/www.fgautron.com\/weblog\/wp-content\/\/DSC04169.jpg\" data-orig-size=\"692,922\" data-comments-opened=\"1\" data-image-meta=\"{&quot;aperture&quot;:&quot;3.5&quot;,&quot;credit&quot;:&quot;&quot;,&quot;camera&quot;:&quot;DSC-T33&quot;,&quot;caption&quot;:&quot;&quot;,&quot;created_timestamp&quot;:&quot;1135655383&quot;,&quot;copyright&quot;:&quot;&quot;,&quot;focal_length&quot;:&quot;6.7&quot;,&quot;iso&quot;:&quot;320&quot;,&quot;shutter_speed&quot;:&quot;0.125&quot;,&quot;title&quot;:&quot;&quot;,&quot;orientation&quot;:&quot;1&quot;}\" data-image-title=\"Moma, la Marylin de Andy Warhol\" data-image-description=\"\" data-image-caption=\"\" data-large-file=\"https:\/\/www.fgautron.com\/weblog\/wp-content\/\/DSC04169.jpg\" \/><\/a>\n\t\t\t<\/div><\/figure><figure class='gallery-item'>\n\t\t\t<div class='gallery-icon landscape'>\n\t\t\t\t<a href='https:\/\/www.fgautron.com\/weblog\/archives\/2006\/01\/06\/mexico-et-new-york-city\/dsc04175\/'><img loading=\"lazy\" decoding=\"async\" width=\"150\" height=\"150\" src=\"https:\/\/www.fgautron.com\/weblog\/wp-content\/\/DSC04175-150x150.jpg\" class=\"attachment-thumbnail size-thumbnail\" alt=\"\" data-attachment-id=\"15068\" data-permalink=\"https:\/\/www.fgautron.com\/weblog\/archives\/2006\/01\/06\/mexico-et-new-york-city\/dsc04175\/\" data-orig-file=\"https:\/\/www.fgautron.com\/weblog\/wp-content\/\/DSC04175.jpg\" data-orig-size=\"922,692\" data-comments-opened=\"1\" data-image-meta=\"{&quot;aperture&quot;:&quot;3.5&quot;,&quot;credit&quot;:&quot;&quot;,&quot;camera&quot;:&quot;DSC-T33&quot;,&quot;caption&quot;:&quot;&quot;,&quot;created_timestamp&quot;:&quot;1135656803&quot;,&quot;copyright&quot;:&quot;&quot;,&quot;focal_length&quot;:&quot;6.7&quot;,&quot;iso&quot;:&quot;320&quot;,&quot;shutter_speed&quot;:&quot;0.125&quot;,&quot;title&quot;:&quot;&quot;,&quot;orientation&quot;:&quot;1&quot;}\" data-image-title=\"Ren\u00e9 Magritte\" data-image-description=\"\" data-image-caption=\"\" data-large-file=\"https:\/\/www.fgautron.com\/weblog\/wp-content\/\/DSC04175.jpg\" \/><\/a>\n\t\t\t<\/div><\/figure><figure class='gallery-item'>\n\t\t\t<div class='gallery-icon landscape'>\n\t\t\t\t<a href='https:\/\/www.fgautron.com\/weblog\/archives\/2006\/01\/06\/mexico-et-new-york-city\/dsc04184\/'><img loading=\"lazy\" decoding=\"async\" width=\"150\" height=\"150\" src=\"https:\/\/www.fgautron.com\/weblog\/wp-content\/\/DSC04184-150x150.jpg\" class=\"attachment-thumbnail size-thumbnail\" alt=\"\" data-attachment-id=\"15069\" data-permalink=\"https:\/\/www.fgautron.com\/weblog\/archives\/2006\/01\/06\/mexico-et-new-york-city\/dsc04184\/\" data-orig-file=\"https:\/\/www.fgautron.com\/weblog\/wp-content\/\/DSC04184.jpg\" data-orig-size=\"922,692\" data-comments-opened=\"1\" data-image-meta=\"{&quot;aperture&quot;:&quot;3.5&quot;,&quot;credit&quot;:&quot;&quot;,&quot;camera&quot;:&quot;DSC-T33&quot;,&quot;caption&quot;:&quot;&quot;,&quot;created_timestamp&quot;:&quot;1135670445&quot;,&quot;copyright&quot;:&quot;&quot;,&quot;focal_length&quot;:&quot;6.7&quot;,&quot;iso&quot;:&quot;320&quot;,&quot;shutter_speed&quot;:&quot;0.125&quot;,&quot;title&quot;:&quot;&quot;,&quot;orientation&quot;:&quot;1&quot;}\" data-image-title=\"D\u00e9corations de Noel au Time Warner Center\" data-image-description=\"\" data-image-caption=\"\" data-large-file=\"https:\/\/www.fgautron.com\/weblog\/wp-content\/\/DSC04184.jpg\" \/><\/a>\n\t\t\t<\/div><\/figure><figure class='gallery-item'>\n\t\t\t<div class='gallery-icon landscape'>\n\t\t\t\t<a href='https:\/\/www.fgautron.com\/weblog\/archives\/2006\/01\/06\/mexico-et-new-york-city\/dsc04187\/'><img loading=\"lazy\" decoding=\"async\" width=\"150\" height=\"150\" src=\"https:\/\/www.fgautron.com\/weblog\/wp-content\/\/DSC04187-150x150.jpg\" class=\"attachment-thumbnail size-thumbnail\" alt=\"\" data-attachment-id=\"15070\" data-permalink=\"https:\/\/www.fgautron.com\/weblog\/archives\/2006\/01\/06\/mexico-et-new-york-city\/dsc04187\/\" data-orig-file=\"https:\/\/www.fgautron.com\/weblog\/wp-content\/\/DSC04187.jpg\" data-orig-size=\"922,692\" data-comments-opened=\"1\" data-image-meta=\"{&quot;aperture&quot;:&quot;3.5&quot;,&quot;credit&quot;:&quot;&quot;,&quot;camera&quot;:&quot;DSC-T33&quot;,&quot;caption&quot;:&quot;&quot;,&quot;created_timestamp&quot;:&quot;1135684074&quot;,&quot;copyright&quot;:&quot;&quot;,&quot;focal_length&quot;:&quot;6.7&quot;,&quot;iso&quot;:&quot;250&quot;,&quot;shutter_speed&quot;:&quot;0.066666666666667&quot;,&quot;title&quot;:&quot;&quot;,&quot;orientation&quot;:&quot;1&quot;}\" data-image-title=\"Les lumi\u00e8res de Times Square\" data-image-description=\"\" data-image-caption=\"\" data-large-file=\"https:\/\/www.fgautron.com\/weblog\/wp-content\/\/DSC04187.jpg\" \/><\/a>\n\t\t\t<\/div><\/figure><figure class='gallery-item'>\n\t\t\t<div class='gallery-icon landscape'>\n\t\t\t\t<a href='https:\/\/www.fgautron.com\/weblog\/archives\/2006\/01\/06\/mexico-et-new-york-city\/dsc04192\/'><img loading=\"lazy\" decoding=\"async\" width=\"150\" height=\"150\" src=\"https:\/\/www.fgautron.com\/weblog\/wp-content\/\/DSC04192-150x150.jpg\" class=\"attachment-thumbnail size-thumbnail\" alt=\"\" data-attachment-id=\"15071\" data-permalink=\"https:\/\/www.fgautron.com\/weblog\/archives\/2006\/01\/06\/mexico-et-new-york-city\/dsc04192\/\" data-orig-file=\"https:\/\/www.fgautron.com\/weblog\/wp-content\/\/DSC04192.jpg\" data-orig-size=\"922,692\" data-comments-opened=\"1\" data-image-meta=\"{&quot;aperture&quot;:&quot;3.5&quot;,&quot;credit&quot;:&quot;&quot;,&quot;camera&quot;:&quot;DSC-T33&quot;,&quot;caption&quot;:&quot;&quot;,&quot;created_timestamp&quot;:&quot;1135684946&quot;,&quot;copyright&quot;:&quot;&quot;,&quot;focal_length&quot;:&quot;6.7&quot;,&quot;iso&quot;:&quot;320&quot;,&quot;shutter_speed&quot;:&quot;0.125&quot;,&quot;title&quot;:&quot;&quot;,&quot;orientation&quot;:&quot;1&quot;}\" data-image-title=\"Hip Hop \u00e0 Times Square\" data-image-description=\"\" data-image-caption=\"\" data-large-file=\"https:\/\/www.fgautron.com\/weblog\/wp-content\/\/DSC04192.jpg\" \/><\/a>\n\t\t\t<\/div><\/figure><figure class='gallery-item'>\n\t\t\t<div class='gallery-icon portrait'>\n\t\t\t\t<a href='https:\/\/www.fgautron.com\/weblog\/archives\/2006\/01\/06\/mexico-et-new-york-city\/dsc04195\/'><img loading=\"lazy\" decoding=\"async\" width=\"150\" height=\"150\" src=\"https:\/\/www.fgautron.com\/weblog\/wp-content\/\/DSC04195-150x150.jpg\" class=\"attachment-thumbnail size-thumbnail\" alt=\"\" data-attachment-id=\"15072\" data-permalink=\"https:\/\/www.fgautron.com\/weblog\/archives\/2006\/01\/06\/mexico-et-new-york-city\/dsc04195\/\" data-orig-file=\"https:\/\/www.fgautron.com\/weblog\/wp-content\/\/DSC04195.jpg\" data-orig-size=\"692,922\" data-comments-opened=\"1\" data-image-meta=\"{&quot;aperture&quot;:&quot;6.3&quot;,&quot;credit&quot;:&quot;&quot;,&quot;camera&quot;:&quot;DSC-T33&quot;,&quot;caption&quot;:&quot;&quot;,&quot;created_timestamp&quot;:&quot;1135734098&quot;,&quot;copyright&quot;:&quot;&quot;,&quot;focal_length&quot;:&quot;15.1&quot;,&quot;iso&quot;:&quot;100&quot;,&quot;shutter_speed&quot;:&quot;0.00625&quot;,&quot;title&quot;:&quot;&quot;,&quot;orientation&quot;:&quot;1&quot;}\" data-image-title=\"Chrysler Building \u00e0 New York Midtown\" data-image-description=\"\" data-image-caption=\"\" data-large-file=\"https:\/\/www.fgautron.com\/weblog\/wp-content\/\/DSC04195.jpg\" \/><\/a>\n\t\t\t<\/div><\/figure>\n\t\t<\/div>\n<br \/>\n<\/center><\/p>\n<p><b>Quelques liens de r\u00e9f\u00e9rence sur le Mexique:<\/b><br \/>\n&#8211; <a href=\"http:\/\/gjoachim.club.fr\/index.htm\">Mexique Voyage<\/a>, un site tr\u00e8s complet et qui m&rsquo;a beaucoup aid\u00e9 \u00e0 la pr\u00e9paration de la visite de Mexico.<br \/>\n&#8211; <a href=\"http:\/\/www.mexique-fr.com\/visitermexico.php\">Mexique-fr<\/a>.<br \/>\n&#8211; <a href=\"http:\/\/www.routard.com\/guide\/code_dest\/mexique.htm\">Le Routard &#8211; Mexique<\/a><br \/>\n&#8211; <a href=\"http:\/\/www.diplomatie.gouv.fr\/fr\/conseils-aux-voyageurs_909\/pays_12191\/mexique_12292\/index.html\">Conseils aux voyagers sur diplomatie.gouv.fr<\/a><br \/>\n&#8211; <a href=\"www.moma.org\">Moma &#8211; Museum of Modern Art<\/a><br \/>\n&#8211; <a href=\"http:\/\/www.mna.inah.gob.mx\/\">Museo Nacional de Antropolog\u00eda<\/a><br \/>\n&#8211; Biographies des deux artistes phare de Mexico City: <a href=\"http:\/\/www.mexique-fr.com\/frida.php\">Frida Kahlo<\/a> et <a href=\"http:\/\/www.diegorivera.com\/index.php\">Diego Rivera<\/a>.<\/p>\n","protected":false},"excerpt":{"rendered":"<p>Lundi 19 d\u00e9cembre, d\u00e9part pour le Mexique. Le voyage all\u00e9 qui nous attend sera long et \u00e9puisant avec une halte \u00e0 Houston (sans probl\u00e8me). Les 11h de trajet passeront comme une lettre \u00e0 la poste mais l&rsquo;attente \u00e0 l&rsquo;immigration sera longue. M\u00eame si nous ne sommes qu&rsquo;en transit vers Mexico, il nous faudra passer par&#8230;<\/p>\n","protected":false},"author":1,"featured_media":0,"comment_status":"open","ping_status":"open","sticky":false,"template":"","format":"standard","meta":{"_jetpack_memberships_contains_paid_content":false,"footnotes":"","jetpack_publicize_message":"","jetpack_publicize_feature_enabled":true,"jetpack_social_post_already_shared":false,"jetpack_social_options":{"image_generator_settings":{"template":"highway","default_image_id":0,"font":"","enabled":false},"version":2}},"categories":[6,14],"tags":[],"class_list":["post-547","post","type-post","status-publish","format-standard","hentry","category-art","category-les-ameriques"],"jetpack_publicize_connections":[],"jetpack_featured_media_url":"","jetpack_sharing_enabled":true,"jetpack_likes_enabled":true,"_links":{"self":[{"href":"https:\/\/www.fgautron.com\/weblog\/wp-json\/wp\/v2\/posts\/547","targetHints":{"allow":["GET"]}}],"collection":[{"href":"https:\/\/www.fgautron.com\/weblog\/wp-json\/wp\/v2\/posts"}],"about":[{"href":"https:\/\/www.fgautron.com\/weblog\/wp-json\/wp\/v2\/types\/post"}],"author":[{"embeddable":true,"href":"https:\/\/www.fgautron.com\/weblog\/wp-json\/wp\/v2\/users\/1"}],"replies":[{"embeddable":true,"href":"https:\/\/www.fgautron.com\/weblog\/wp-json\/wp\/v2\/comments?post=547"}],"version-history":[{"count":8,"href":"https:\/\/www.fgautron.com\/weblog\/wp-json\/wp\/v2\/posts\/547\/revisions"}],"predecessor-version":[{"id":19956,"href":"https:\/\/www.fgautron.com\/weblog\/wp-json\/wp\/v2\/posts\/547\/revisions\/19956"}],"wp:attachment":[{"href":"https:\/\/www.fgautron.com\/weblog\/wp-json\/wp\/v2\/media?parent=547"}],"wp:term":[{"taxonomy":"category","embeddable":true,"href":"https:\/\/www.fgautron.com\/weblog\/wp-json\/wp\/v2\/categories?post=547"},{"taxonomy":"post_tag","embeddable":true,"href":"https:\/\/www.fgautron.com\/weblog\/wp-json\/wp\/v2\/tags?post=547"}],"curies":[{"name":"wp","href":"https:\/\/api.w.org\/{rel}","templated":true}]}}