{"id":563,"date":"2006-02-10T23:59:18","date_gmt":"2006-02-10T14:59:18","guid":{"rendered":"http:\/\/www.fgautron.com\/weblog\/archives\/2006\/02\/10\/interlude-champetre\/"},"modified":"2017-08-14T22:44:29","modified_gmt":"2017-08-14T13:44:29","slug":"interlude-champetre","status":"publish","type":"post","link":"https:\/\/www.fgautron.com\/weblog\/archives\/2006\/02\/10\/interlude-champetre\/","title":{"rendered":"Interlude Champ\u00eatre"},"content":{"rendered":"<p><img loading=\"lazy\" decoding=\"async\" data-attachment-id=\"19989\" data-permalink=\"https:\/\/www.fgautron.com\/weblog\/archives\/2006\/02\/10\/interlude-champetre\/crw_9656m\/\" data-orig-file=\"https:\/\/www.fgautron.com\/weblog\/wp-content\/\/CRW_9656m.jpg\" data-orig-size=\"600,901\" data-comments-opened=\"1\" data-image-meta=\"{&quot;aperture&quot;:&quot;0&quot;,&quot;credit&quot;:&quot;&quot;,&quot;camera&quot;:&quot;&quot;,&quot;caption&quot;:&quot;&quot;,&quot;created_timestamp&quot;:&quot;0&quot;,&quot;copyright&quot;:&quot;&quot;,&quot;focal_length&quot;:&quot;0&quot;,&quot;iso&quot;:&quot;0&quot;,&quot;shutter_speed&quot;:&quot;0&quot;,&quot;title&quot;:&quot;&quot;,&quot;orientation&quot;:&quot;1&quot;}\" data-image-title=\"CRW_9656m\" data-image-description=\"\" data-image-caption=\"\" data-large-file=\"https:\/\/www.fgautron.com\/weblog\/wp-content\/\/CRW_9656m.jpg\" src=\"https:\/\/www.fgautron.com\/weblog\/wp-content\/\/CRW_9656m.jpg\" alt=\"\" width=\"600\" height=\"901\" class=\"aligncenter size-full wp-image-19989\" srcset=\"https:\/\/www.fgautron.com\/weblog\/wp-content\/CRW_9656m.jpg 600w, https:\/\/www.fgautron.com\/weblog\/wp-content\/CRW_9656m-200x300.jpg 200w\" sizes=\"auto, (max-width: 600px) 100vw, 600px\" \/><\/p>\n<p><img loading=\"lazy\" decoding=\"async\" data-attachment-id=\"19990\" data-permalink=\"https:\/\/www.fgautron.com\/weblog\/archives\/2006\/02\/10\/interlude-champetre\/crw_9670m\/\" data-orig-file=\"https:\/\/www.fgautron.com\/weblog\/wp-content\/\/CRW_9670m.jpg\" data-orig-size=\"922,614\" data-comments-opened=\"1\" data-image-meta=\"{&quot;aperture&quot;:&quot;0&quot;,&quot;credit&quot;:&quot;&quot;,&quot;camera&quot;:&quot;&quot;,&quot;caption&quot;:&quot;&quot;,&quot;created_timestamp&quot;:&quot;0&quot;,&quot;copyright&quot;:&quot;&quot;,&quot;focal_length&quot;:&quot;0&quot;,&quot;iso&quot;:&quot;0&quot;,&quot;shutter_speed&quot;:&quot;0&quot;,&quot;title&quot;:&quot;&quot;,&quot;orientation&quot;:&quot;1&quot;}\" data-image-title=\"CRW_9670m\" data-image-description=\"\" data-image-caption=\"\" data-large-file=\"https:\/\/www.fgautron.com\/weblog\/wp-content\/\/CRW_9670m-700x466.jpg\" src=\"https:\/\/www.fgautron.com\/weblog\/wp-content\/\/CRW_9670m.jpg\" alt=\"\" width=\"922\" height=\"614\" class=\"aligncenter size-full wp-image-19990\" srcset=\"https:\/\/www.fgautron.com\/weblog\/wp-content\/CRW_9670m.jpg 922w, https:\/\/www.fgautron.com\/weblog\/wp-content\/CRW_9670m-300x200.jpg 300w, https:\/\/www.fgautron.com\/weblog\/wp-content\/CRW_9670m-700x466.jpg 700w, https:\/\/www.fgautron.com\/weblog\/wp-content\/CRW_9670m-800x533.jpg 800w\" sizes=\"auto, (max-width: 922px) 100vw, 922px\" \/><\/p>\n<p>Un peu de couleurs champ\u00eatres en 2 photos, pour changer du Noir et Blanc de ces derniers jours. Les photos datent d&rsquo;il y a quelques semaines d\u00e9j\u00e0, prises dans un parc pr\u00e8s de Ofuna.<\/p>\n<p>On me pr\u00e9vient que <a href=\"http:\/\/www.ellequebec.com\/ellequebec\/client\/fr\/accueil\/accueil.asp\">Elle Quebec<\/a> parlera un petit peu de Made In Tokyo avec une pr\u00e9sentation de quelques lignes dans la rubrique \u00ab\u00a0blogue\u00a0\u00bb du prochain num\u00e9ro du magazine (ndlr: \u00ab\u00a0blogue\u00a0\u00bb veut dire blog). Remerciements et bienvenue aux QuebecWa (le Canada est 5\u00e8me pays visiteur de ce site).<\/p>\n<p>Ca me rappelle l&rsquo;association <a href=\"http:\/\/quebecwa.nbj.co.jp\/\">QuebecWa<\/a> (L&rsquo;association des Qu\u00e9b\u00e9cois et des amis du Qu\u00e9bec au Japon), toujours active, que j&rsquo;ai cotoy\u00e9 quelque fois.<\/p>\n","protected":false},"excerpt":{"rendered":"<p>Un peu de couleurs champ\u00eatres en 2 photos, pour changer du Noir et Blanc de ces derniers jours. Les photos datent d&rsquo;il y a quelques semaines d\u00e9j\u00e0, prises dans un parc pr\u00e8s de Ofuna. On me pr\u00e9vient que Elle Quebec parlera un petit peu de Made In Tokyo avec une pr\u00e9sentation de quelques lignes dans&#8230;<\/p>\n","protected":false},"author":1,"featured_media":0,"comment_status":"open","ping_status":"open","sticky":false,"template":"","format":"standard","meta":{"_jetpack_memberships_contains_paid_content":false,"footnotes":"","jetpack_publicize_message":"","jetpack_publicize_feature_enabled":true,"jetpack_social_post_already_shared":false,"jetpack_social_options":{"image_generator_settings":{"template":"highway","default_image_id":0,"font":"","enabled":false},"version":2}},"categories":[18],"tags":[],"class_list":["post-563","post","type-post","status-publish","format-standard","hentry","category-kamakura-et-shonan"],"jetpack_publicize_connections":[],"jetpack_featured_media_url":"","jetpack_sharing_enabled":true,"jetpack_likes_enabled":true,"_links":{"self":[{"href":"https:\/\/www.fgautron.com\/weblog\/wp-json\/wp\/v2\/posts\/563","targetHints":{"allow":["GET"]}}],"collection":[{"href":"https:\/\/www.fgautron.com\/weblog\/wp-json\/wp\/v2\/posts"}],"about":[{"href":"https:\/\/www.fgautron.com\/weblog\/wp-json\/wp\/v2\/types\/post"}],"author":[{"embeddable":true,"href":"https:\/\/www.fgautron.com\/weblog\/wp-json\/wp\/v2\/users\/1"}],"replies":[{"embeddable":true,"href":"https:\/\/www.fgautron.com\/weblog\/wp-json\/wp\/v2\/comments?post=563"}],"version-history":[{"count":3,"href":"https:\/\/www.fgautron.com\/weblog\/wp-json\/wp\/v2\/posts\/563\/revisions"}],"predecessor-version":[{"id":19992,"href":"https:\/\/www.fgautron.com\/weblog\/wp-json\/wp\/v2\/posts\/563\/revisions\/19992"}],"wp:attachment":[{"href":"https:\/\/www.fgautron.com\/weblog\/wp-json\/wp\/v2\/media?parent=563"}],"wp:term":[{"taxonomy":"category","embeddable":true,"href":"https:\/\/www.fgautron.com\/weblog\/wp-json\/wp\/v2\/categories?post=563"},{"taxonomy":"post_tag","embeddable":true,"href":"https:\/\/www.fgautron.com\/weblog\/wp-json\/wp\/v2\/tags?post=563"}],"curies":[{"name":"wp","href":"https:\/\/api.w.org\/{rel}","templated":true}]}}