{"id":646,"date":"2006-07-23T23:48:54","date_gmt":"2006-07-23T14:48:54","guid":{"rendered":"http:\/\/www.fgautron.com\/weblog\/archives\/2006\/07\/23\/okamoto-et-jakuchu-et-des-visions-sur-rues\/"},"modified":"2017-08-15T23:05:47","modified_gmt":"2017-08-15T14:05:47","slug":"okamoto-et-jakuchu-et-des-visions-sur-rues","status":"publish","type":"post","link":"https:\/\/www.fgautron.com\/weblog\/archives\/2006\/07\/23\/okamoto-et-jakuchu-et-des-visions-sur-rues\/","title":{"rendered":"Okamoto et Jakuchu et Vision sur rues"},"content":{"rendered":"<p><img loading=\"lazy\" decoding=\"async\" data-attachment-id=\"20231\" data-permalink=\"https:\/\/www.fgautron.com\/weblog\/archives\/2006\/07\/23\/okamoto-et-jakuchu-et-des-visions-sur-rues\/crw_2637m\/\" data-orig-file=\"https:\/\/www.fgautron.com\/weblog\/wp-content\/\/CRW_2637m.jpg\" data-orig-size=\"922,614\" data-comments-opened=\"1\" data-image-meta=\"{&quot;aperture&quot;:&quot;0&quot;,&quot;credit&quot;:&quot;&quot;,&quot;camera&quot;:&quot;&quot;,&quot;caption&quot;:&quot;&quot;,&quot;created_timestamp&quot;:&quot;0&quot;,&quot;copyright&quot;:&quot;&quot;,&quot;focal_length&quot;:&quot;0&quot;,&quot;iso&quot;:&quot;0&quot;,&quot;shutter_speed&quot;:&quot;0&quot;,&quot;title&quot;:&quot;&quot;,&quot;orientation&quot;:&quot;1&quot;}\" data-image-title=\"CRW_2637m\" data-image-description=\"\" data-image-caption=\"\" data-large-file=\"https:\/\/www.fgautron.com\/weblog\/wp-content\/\/CRW_2637m-700x466.jpg\" src=\"https:\/\/www.fgautron.com\/weblog\/wp-content\/\/CRW_2637m.jpg\" alt=\"\" width=\"922\" height=\"614\" class=\"aligncenter size-full wp-image-20231\" srcset=\"https:\/\/www.fgautron.com\/weblog\/wp-content\/CRW_2637m.jpg 922w, https:\/\/www.fgautron.com\/weblog\/wp-content\/CRW_2637m-300x200.jpg 300w, https:\/\/www.fgautron.com\/weblog\/wp-content\/CRW_2637m-700x466.jpg 700w, https:\/\/www.fgautron.com\/weblog\/wp-content\/CRW_2637m-800x533.jpg 800w\" sizes=\"auto, (max-width: 922px) 100vw, 922px\" \/><\/p>\n<p>On commence ce billet par une composition. Il s&rsquo;agit d&rsquo;un m\u00e9lange de photos prises dans les arri\u00e8res quartiers de Ebisu et plus particuli\u00e8rement les rues, sombres la nuit, suivant les lignes de trains. Le personnage f\u00e9minin survolant la sc\u00e8ne provient des rues anim\u00e9es de Kichijoji, un samedi apr\u00e8s midi. Dans l&rsquo;esprit d&rsquo;une pr\u00e9c\u00e9dente composition nomm\u00e9e <a href=\"https:\/\/www.fgautron.com\/weblog\/archives\/2006\/05\/31\/toyosu-sta\/\">Toyosu sta<\/a>, j&rsquo;ai voulu donner cette impression d&rsquo;une vision, d&rsquo;un personnage irr\u00e9el.<\/p>\n<p><img loading=\"lazy\" decoding=\"async\" data-attachment-id=\"20233\" data-permalink=\"https:\/\/www.fgautron.com\/weblog\/archives\/2006\/07\/23\/okamoto-et-jakuchu-et-des-visions-sur-rues\/crw_2729m\/\" data-orig-file=\"https:\/\/www.fgautron.com\/weblog\/wp-content\/\/CRW_2729m.jpg\" data-orig-size=\"922,614\" data-comments-opened=\"1\" data-image-meta=\"{&quot;aperture&quot;:&quot;0&quot;,&quot;credit&quot;:&quot;&quot;,&quot;camera&quot;:&quot;&quot;,&quot;caption&quot;:&quot;&quot;,&quot;created_timestamp&quot;:&quot;0&quot;,&quot;copyright&quot;:&quot;&quot;,&quot;focal_length&quot;:&quot;0&quot;,&quot;iso&quot;:&quot;0&quot;,&quot;shutter_speed&quot;:&quot;0&quot;,&quot;title&quot;:&quot;&quot;,&quot;orientation&quot;:&quot;1&quot;}\" data-image-title=\"CRW_2729m\" data-image-description=\"\" data-image-caption=\"\" data-large-file=\"https:\/\/www.fgautron.com\/weblog\/wp-content\/\/CRW_2729m-700x466.jpg\" src=\"https:\/\/www.fgautron.com\/weblog\/wp-content\/\/CRW_2729m.jpg\" alt=\"\" width=\"922\" height=\"614\" class=\"aligncenter size-full wp-image-20233\" srcset=\"https:\/\/www.fgautron.com\/weblog\/wp-content\/CRW_2729m.jpg 922w, https:\/\/www.fgautron.com\/weblog\/wp-content\/CRW_2729m-300x200.jpg 300w, https:\/\/www.fgautron.com\/weblog\/wp-content\/CRW_2729m-700x466.jpg 700w, https:\/\/www.fgautron.com\/weblog\/wp-content\/CRW_2729m-800x533.jpg 800w\" sizes=\"auto, (max-width: 922px) 100vw, 922px\" \/><\/p>\n<p>Le 7 juillet de cette ann\u00e9e, Nippon TV pr\u00e9sentait en direct une grande \u00e9mission de plusieurs heures intitul\u00e9e \u00ab\u00a0Be Taro\u00a0\u00bb, consacr\u00e9e \u00e0 l&rsquo;artiste japonais renomm\u00e9 <a href=\"http:\/\/www.taromuseum.jp\/index.htm\">Taro Okamoto<\/a>. L&rsquo;\u00e9mission \u00e9tait en l&rsquo;honneur de la r\u00e9novation de la grande fresque murale <a href=\"http:\/\/www.ntv.co.jp\/asunoshinwa\/index.html\">\u00ab\u00a0Asu no Shinwa\u00a0\u00bb<\/a>, le Mythe de Demain cr\u00e9\u00e9e initialement en 1968-69 \u00e0 Mexico pour un grand hotel. La premi\u00e8re pr\u00e9sentation dans cet hotel \u00e9tait pr\u00e9vue pour les <a href=\"http:\/\/www.olympic.org\/uk\/games\/past\/index_uk.asp?OLGT=1&#038;OLGY=1968\">Jeux Olympiques de Mexico<\/a>, malheureusement l&rsquo;hotel a fait banqueroute et la grande fresque disparait dans la pampa mexicaine. Il y a de cela quelques ann\u00e9es, en 2003, mais apr\u00e8s la mort de Taro Okamoto (en 1996), la fresque est retrouv\u00e9e et import\u00e9e grace aux efforts de la compagne de Taro, <a href=\"http:\/\/www.1101.com\/asunoshinwa\/taro.html\">Toshiko<\/a> (compagne du ma\u00eetre qui a ensuite \u00e9t\u00e9 adopt\u00e9e pour devenir sa fille, dr\u00f4le d&rsquo;histoire&#8230;). Le travail de restoration commence, la fresque est en tr\u00e8s mauvais \u00e9tat. Elle est restaur\u00e9e pendant 1 an par <a href=\"http:\/\/www.style21.co.jp\/blue-rose\/link\/yarc\/profile.htm\">Emile Yoshimura<\/a> dans la pr\u00e9fecture de Ehime (Shikoku). Toshiko meurt malheureusement avant la <a href=\"http:\/\/www.1101.com\/asunoshinwa\/factory.html\">mise en place<\/a> de l&rsquo;exposition de l&rsquo;oeuvre restaur\u00e9e aux pieds des studios Nippon TV \u00e0 Shiodome.<\/p>\n<p><img loading=\"lazy\" decoding=\"async\" data-attachment-id=\"20234\" data-permalink=\"https:\/\/www.fgautron.com\/weblog\/archives\/2006\/07\/23\/okamoto-et-jakuchu-et-des-visions-sur-rues\/crw_2742m\/\" data-orig-file=\"https:\/\/www.fgautron.com\/weblog\/wp-content\/\/CRW_2742m.jpg\" data-orig-size=\"600,900\" data-comments-opened=\"1\" data-image-meta=\"{&quot;aperture&quot;:&quot;0&quot;,&quot;credit&quot;:&quot;&quot;,&quot;camera&quot;:&quot;&quot;,&quot;caption&quot;:&quot;&quot;,&quot;created_timestamp&quot;:&quot;0&quot;,&quot;copyright&quot;:&quot;&quot;,&quot;focal_length&quot;:&quot;0&quot;,&quot;iso&quot;:&quot;0&quot;,&quot;shutter_speed&quot;:&quot;0&quot;,&quot;title&quot;:&quot;&quot;,&quot;orientation&quot;:&quot;1&quot;}\" data-image-title=\"CRW_2742m\" data-image-description=\"\" data-image-caption=\"\" data-large-file=\"https:\/\/www.fgautron.com\/weblog\/wp-content\/\/CRW_2742m.jpg\" src=\"https:\/\/www.fgautron.com\/weblog\/wp-content\/\/CRW_2742m.jpg\" alt=\"\" width=\"600\" height=\"900\" class=\"aligncenter size-full wp-image-20234\" srcset=\"https:\/\/www.fgautron.com\/weblog\/wp-content\/CRW_2742m.jpg 600w, https:\/\/www.fgautron.com\/weblog\/wp-content\/CRW_2742m-200x300.jpg 200w\" sizes=\"auto, (max-width: 600px) 100vw, 600px\" \/><\/p>\n<p>Nous d\u00e9couvrons cette oeuvre gigantesque aujourd&rsquo;hui, c&rsquo;est impressionant. On sent beaucoup l&rsquo;influence m\u00e9xicaine, j&rsquo;aurais presque voulu voir cette fresque dans la ville de Mexico. Les fresques vues l&rsquo;<a href=\"https:\/\/www.fgautron.com\/weblog\/archives\/2006\/01\/06\/mexico-et-new-york-city\/\">ann\u00e9e derni\u00e8re<\/a> au Mexique de <a href=\"http:\/\/en.wikipedia.org\/wiki\/Diego_Rivera\">Diego Rivera<\/a> ou <a href=\"http:\/\/en.wikipedia.org\/wiki\/David_Alfaro_Siqueiros\">Siqueiros<\/a> traitent souvent de sujets historiques, c&rsquo;est le cas \u00e9galement de \u00ab\u00a0Asu no Shinwa\u00a0\u00bb qui repr\u00e9sente d&rsquo;une mani\u00e8re imag\u00e9e les explosions de bombes nucl\u00e9aires \u00e0 Nagasaki et Hiroshima. La cr\u00e9ature centrale est d\u00e9chir\u00e9e par les flammes.<\/p>\n<p>Avant de partir \u00e0 moto pour Ueno, prenons quelques pilules m\u00e9dicales <a href=\"http:\/\/phobos.apple.com\/WebObjects\/MZStore.woa\/wa\/viewAlbum?playlistId=129292503&#038;s=143462&#038;i=129292517\">Infra-Red [iTunes Japon]<\/a> (Placebo, sur le dernier <a href=\"http:\/\/www.placeboworld.co.uk\/discography\/index.html\">Meds<\/a>).<\/p>\n<p><img decoding=\"async\" class=\"aligncenter\" src=\"https:\/\/www.fgautron.com\/weblog\/wp-content\/jakuchu-expo-imgm.jpg\" alt=\"jakuchu\" \/><\/p>\n<p><img loading=\"lazy\" decoding=\"async\" data-attachment-id=\"20235\" data-permalink=\"https:\/\/www.fgautron.com\/weblog\/archives\/2006\/07\/23\/okamoto-et-jakuchu-et-des-visions-sur-rues\/crw_2766m\/\" data-orig-file=\"https:\/\/www.fgautron.com\/weblog\/wp-content\/\/CRW_2766m.jpg\" data-orig-size=\"600,899\" data-comments-opened=\"1\" data-image-meta=\"{&quot;aperture&quot;:&quot;0&quot;,&quot;credit&quot;:&quot;&quot;,&quot;camera&quot;:&quot;&quot;,&quot;caption&quot;:&quot;&quot;,&quot;created_timestamp&quot;:&quot;0&quot;,&quot;copyright&quot;:&quot;&quot;,&quot;focal_length&quot;:&quot;0&quot;,&quot;iso&quot;:&quot;0&quot;,&quot;shutter_speed&quot;:&quot;0&quot;,&quot;title&quot;:&quot;&quot;,&quot;orientation&quot;:&quot;1&quot;}\" data-image-title=\"CRW_2766m\" data-image-description=\"\" data-image-caption=\"\" data-large-file=\"https:\/\/www.fgautron.com\/weblog\/wp-content\/\/CRW_2766m.jpg\" src=\"https:\/\/www.fgautron.com\/weblog\/wp-content\/\/CRW_2766m.jpg\" alt=\"\" width=\"600\" height=\"899\" class=\"aligncenter size-full wp-image-20235\" srcset=\"https:\/\/www.fgautron.com\/weblog\/wp-content\/CRW_2766m.jpg 600w, https:\/\/www.fgautron.com\/weblog\/wp-content\/CRW_2766m-200x300.jpg 200w\" sizes=\"auto, (max-width: 600px) 100vw, 600px\" \/><\/p>\n<p>A Ueno, nous attend une fantastique exposition au <a href=\"http:\/\/www.tnm.jp\/en\/servlet\/Con?pageId=A01&#038;processId=02&#038;event_id=3119\">Tokyo National Museum<\/a>, <a href=\"http:\/\/www.jakuchu.jp\/index.html\">Jakuchu and The Age of Imgination<\/a>. L&rsquo;exposition regroupe les oeuvres de Ito Jakuchu (1716-1800) ainsi que d&rsquo;autres ma\u00eetres contemporains de la r\u00e9gion du Kansai (Nagasawa Rosetsu,Mori Sosen) ou d&rsquo;Edo (Sakai Hoitsu, Suzuki Kiitsu), de la <a href=\"http:\/\/www.shinenkan.com\/\">collection Joe and Etsuko Price<\/a>, renomm\u00e9e pour ses peintures de la <a href=\"http:\/\/en.wikipedia.org\/wiki\/Edo_period\">p\u00e9riode Edo<\/a>. On peut voir la plupart des oeuvres pr\u00e9sent\u00e9es sur le <a href=\"http:\/\/d.hatena.ne.jp\/jakuchu\/\">blog<\/a> de l&rsquo;exposition. Les moments forts \u00e0 mon avis sont les suivants: les <a href=\"http:\/\/f.hatena.ne.jp\/jakuchu\/20060620100843\">tigres<\/a> aux <a href=\"http:\/\/f.hatena.ne.jp\/jakuchu\/20060427094921\">yeux<\/a> exorbit\u00e9s et <a href=\"http:\/\/f.hatena.ne.jp\/jakuchu\/20060514084133\">fourbes<\/a> mais au <a href=\"http:\/\/f.hatena.ne.jp\/jakuchu\/20060501101617\">poil<\/a> vraiment <a href=\"http:\/\/f.hatena.ne.jp\/jakuchu\/20060502111830\">magnifique<\/a>, le <a href=\"http:\/\/f.hatena.ne.jp\/jakuchu\/20060511172337\">coq<\/a> en mouvement, la grande <a href=\"http:\/\/f.hatena.ne.jp\/jakuchu\/20060511101214\">mosaique sur paravent<\/a> de l&rsquo;\u00e9l\u00e9phant blanc, les paysages calmes <a href=\"http:\/\/f.hatena.ne.jp\/jakuchu\/20060630113053\">tout en blancheur<\/a> ou perturb\u00e9s par la <a href=\"http:\/\/f.hatena.ne.jp\/jakuchu\/20060627095340\">neige<\/a>&#8230;<\/p>\n<p>C&rsquo;est une superbe exposition qu&rsquo;il ne faut pas manquer, elle se termine le 27 Ao\u00fbt 2006.<\/p>\n<p><img loading=\"lazy\" decoding=\"async\" data-attachment-id=\"20236\" data-permalink=\"https:\/\/www.fgautron.com\/weblog\/archives\/2006\/07\/23\/okamoto-et-jakuchu-et-des-visions-sur-rues\/crw_2771m\/\" data-orig-file=\"https:\/\/www.fgautron.com\/weblog\/wp-content\/\/CRW_2771m.jpg\" data-orig-size=\"922,614\" data-comments-opened=\"1\" data-image-meta=\"{&quot;aperture&quot;:&quot;0&quot;,&quot;credit&quot;:&quot;&quot;,&quot;camera&quot;:&quot;&quot;,&quot;caption&quot;:&quot;&quot;,&quot;created_timestamp&quot;:&quot;0&quot;,&quot;copyright&quot;:&quot;&quot;,&quot;focal_length&quot;:&quot;0&quot;,&quot;iso&quot;:&quot;0&quot;,&quot;shutter_speed&quot;:&quot;0&quot;,&quot;title&quot;:&quot;&quot;,&quot;orientation&quot;:&quot;1&quot;}\" data-image-title=\"CRW_2771m\" data-image-description=\"\" data-image-caption=\"\" data-large-file=\"https:\/\/www.fgautron.com\/weblog\/wp-content\/\/CRW_2771m-700x466.jpg\" src=\"https:\/\/www.fgautron.com\/weblog\/wp-content\/\/CRW_2771m.jpg\" alt=\"\" width=\"922\" height=\"614\" class=\"aligncenter size-full wp-image-20236\" srcset=\"https:\/\/www.fgautron.com\/weblog\/wp-content\/CRW_2771m.jpg 922w, https:\/\/www.fgautron.com\/weblog\/wp-content\/CRW_2771m-300x200.jpg 300w, https:\/\/www.fgautron.com\/weblog\/wp-content\/CRW_2771m-700x466.jpg 700w, https:\/\/www.fgautron.com\/weblog\/wp-content\/CRW_2771m-800x533.jpg 800w\" sizes=\"auto, (max-width: 922px) 100vw, 922px\" \/><\/p>\n<p><img loading=\"lazy\" decoding=\"async\" data-attachment-id=\"20237\" data-permalink=\"https:\/\/www.fgautron.com\/weblog\/archives\/2006\/07\/23\/okamoto-et-jakuchu-et-des-visions-sur-rues\/crw_2773m\/\" data-orig-file=\"https:\/\/www.fgautron.com\/weblog\/wp-content\/\/CRW_2773m.jpg\" data-orig-size=\"922,614\" data-comments-opened=\"1\" data-image-meta=\"{&quot;aperture&quot;:&quot;0&quot;,&quot;credit&quot;:&quot;&quot;,&quot;camera&quot;:&quot;&quot;,&quot;caption&quot;:&quot;&quot;,&quot;created_timestamp&quot;:&quot;0&quot;,&quot;copyright&quot;:&quot;&quot;,&quot;focal_length&quot;:&quot;0&quot;,&quot;iso&quot;:&quot;0&quot;,&quot;shutter_speed&quot;:&quot;0&quot;,&quot;title&quot;:&quot;&quot;,&quot;orientation&quot;:&quot;1&quot;}\" data-image-title=\"CRW_2773m\" data-image-description=\"\" data-image-caption=\"\" data-large-file=\"https:\/\/www.fgautron.com\/weblog\/wp-content\/\/CRW_2773m-700x466.jpg\" src=\"https:\/\/www.fgautron.com\/weblog\/wp-content\/\/CRW_2773m.jpg\" alt=\"\" width=\"922\" height=\"614\" class=\"aligncenter size-full wp-image-20237\" srcset=\"https:\/\/www.fgautron.com\/weblog\/wp-content\/CRW_2773m.jpg 922w, https:\/\/www.fgautron.com\/weblog\/wp-content\/CRW_2773m-300x200.jpg 300w, https:\/\/www.fgautron.com\/weblog\/wp-content\/CRW_2773m-700x466.jpg 700w, https:\/\/www.fgautron.com\/weblog\/wp-content\/CRW_2773m-800x533.jpg 800w\" sizes=\"auto, (max-width: 922px) 100vw, 922px\" \/><\/p>\n<p>Pour terminer la journ\u00e9e avec des douceurs, on part \u00e0 moto acheter quelques wagashi chez Okanoesen, une vieille boutique du quartier de Yanaka, et on rentre tr\u00e8s vite car la pluie pointe encore son nez.<\/p>\n<p><i>(cr\u00e9dit image du Tigre de Jakuchu &#8211; <a href=\"http:\/\/www.jakuchu.jp\/index.html\">Jakuchu.jp<\/a>)<\/i><\/p>\n","protected":false},"excerpt":{"rendered":"<p>On commence ce billet par une composition. Il s&rsquo;agit d&rsquo;un m\u00e9lange de photos prises dans les arri\u00e8res quartiers de Ebisu et plus particuli\u00e8rement les rues, sombres la nuit, suivant les lignes de trains. Le personnage f\u00e9minin survolant la sc\u00e8ne provient des rues anim\u00e9es de Kichijoji, un samedi apr\u00e8s midi. Dans l&rsquo;esprit d&rsquo;une pr\u00e9c\u00e9dente composition nomm\u00e9e&#8230;<\/p>\n","protected":false},"author":1,"featured_media":0,"comment_status":"open","ping_status":"open","sticky":false,"template":"","format":"standard","meta":{"_jetpack_memberships_contains_paid_content":false,"footnotes":"","jetpack_publicize_message":"","jetpack_publicize_feature_enabled":true,"jetpack_social_post_already_shared":false,"jetpack_social_options":{"image_generator_settings":{"template":"highway","default_image_id":0,"font":"","enabled":false},"version":2}},"categories":[6,9,4,3],"tags":[],"class_list":["post-646","post","type-post","status-publish","format-standard","hentry","category-art","category-computer-graphics","category-musiques","category-tokyo"],"jetpack_publicize_connections":[],"jetpack_featured_media_url":"","jetpack_sharing_enabled":true,"jetpack_likes_enabled":true,"_links":{"self":[{"href":"https:\/\/www.fgautron.com\/weblog\/wp-json\/wp\/v2\/posts\/646","targetHints":{"allow":["GET"]}}],"collection":[{"href":"https:\/\/www.fgautron.com\/weblog\/wp-json\/wp\/v2\/posts"}],"about":[{"href":"https:\/\/www.fgautron.com\/weblog\/wp-json\/wp\/v2\/types\/post"}],"author":[{"embeddable":true,"href":"https:\/\/www.fgautron.com\/weblog\/wp-json\/wp\/v2\/users\/1"}],"replies":[{"embeddable":true,"href":"https:\/\/www.fgautron.com\/weblog\/wp-json\/wp\/v2\/comments?post=646"}],"version-history":[{"count":6,"href":"https:\/\/www.fgautron.com\/weblog\/wp-json\/wp\/v2\/posts\/646\/revisions"}],"predecessor-version":[{"id":20238,"href":"https:\/\/www.fgautron.com\/weblog\/wp-json\/wp\/v2\/posts\/646\/revisions\/20238"}],"wp:attachment":[{"href":"https:\/\/www.fgautron.com\/weblog\/wp-json\/wp\/v2\/media?parent=646"}],"wp:term":[{"taxonomy":"category","embeddable":true,"href":"https:\/\/www.fgautron.com\/weblog\/wp-json\/wp\/v2\/categories?post=646"},{"taxonomy":"post_tag","embeddable":true,"href":"https:\/\/www.fgautron.com\/weblog\/wp-json\/wp\/v2\/tags?post=646"}],"curies":[{"name":"wp","href":"https:\/\/api.w.org\/{rel}","templated":true}]}}