{"id":7948,"date":"2013-01-15T23:44:03","date_gmt":"2013-01-15T14:44:03","guid":{"rendered":"http:\/\/www.fgautron.com\/weblog\/?p=7948"},"modified":"2017-12-13T23:30:49","modified_gmt":"2017-12-13T14:30:49","slug":"neige-sur-tokyo","status":"publish","type":"post","link":"https:\/\/www.fgautron.com\/weblog\/archives\/2013\/01\/15\/neige-sur-tokyo\/","title":{"rendered":"neige sur tokyo"},"content":{"rendered":"<p><img loading=\"lazy\" decoding=\"async\" data-attachment-id=\"7949\" data-permalink=\"https:\/\/www.fgautron.com\/weblog\/archives\/2013\/01\/15\/neige-sur-tokyo\/img_8442m\/\" data-orig-file=\"https:\/\/www.fgautron.com\/weblog\/wp-content\/\/IMG_8442m.jpg\" data-orig-size=\"900,600\" data-comments-opened=\"1\" data-image-meta=\"{&quot;aperture&quot;:&quot;4.5&quot;,&quot;credit&quot;:&quot;&quot;,&quot;camera&quot;:&quot;Canon EOS 50D&quot;,&quot;caption&quot;:&quot;&quot;,&quot;created_timestamp&quot;:&quot;1358168144&quot;,&quot;copyright&quot;:&quot;&quot;,&quot;focal_length&quot;:&quot;20&quot;,&quot;iso&quot;:&quot;800&quot;,&quot;shutter_speed&quot;:&quot;0.0125&quot;,&quot;title&quot;:&quot;&quot;}\" data-image-title=\"neige tokyo kokusai forum\" data-image-description=\"\" data-image-caption=\"\" data-large-file=\"https:\/\/www.fgautron.com\/weblog\/wp-content\/\/IMG_8442m.jpg\" src=\"https:\/\/www.fgautron.com\/weblog\/wp-content\/\/IMG_8442m.jpg\" alt=\"\" title=\"neige tokyo kokusai forum\" width=\"900\" height=\"600\" class=\"aligncenter size-full wp-image-7949\" srcset=\"https:\/\/www.fgautron.com\/weblog\/wp-content\/IMG_8442m.jpg 900w, https:\/\/www.fgautron.com\/weblog\/wp-content\/IMG_8442m-300x200.jpg 300w\" sizes=\"auto, (max-width: 900px) 100vw, 900px\" \/><\/p>\n<p><img loading=\"lazy\" decoding=\"async\" data-attachment-id=\"7950\" data-permalink=\"https:\/\/www.fgautron.com\/weblog\/archives\/2013\/01\/15\/neige-sur-tokyo\/img_8458m\/\" data-orig-file=\"https:\/\/www.fgautron.com\/weblog\/wp-content\/\/IMG_8458m.jpg\" data-orig-size=\"900,600\" data-comments-opened=\"1\" data-image-meta=\"{&quot;aperture&quot;:&quot;4&quot;,&quot;credit&quot;:&quot;&quot;,&quot;camera&quot;:&quot;Canon EOS 50D&quot;,&quot;caption&quot;:&quot;&quot;,&quot;created_timestamp&quot;:&quot;1358168262&quot;,&quot;copyright&quot;:&quot;&quot;,&quot;focal_length&quot;:&quot;20&quot;,&quot;iso&quot;:&quot;800&quot;,&quot;shutter_speed&quot;:&quot;0.0166666666667&quot;,&quot;title&quot;:&quot;&quot;}\" data-image-title=\"neige tokyo kokusai forum\" data-image-description=\"\" data-image-caption=\"\" data-large-file=\"https:\/\/www.fgautron.com\/weblog\/wp-content\/\/IMG_8458m.jpg\" src=\"https:\/\/www.fgautron.com\/weblog\/wp-content\/\/IMG_8458m.jpg\" alt=\"\" title=\"neige tokyo kokusai forum\" width=\"900\" height=\"600\" class=\"aligncenter size-full wp-image-7950\" srcset=\"https:\/\/www.fgautron.com\/weblog\/wp-content\/IMG_8458m.jpg 900w, https:\/\/www.fgautron.com\/weblog\/wp-content\/IMG_8458m-300x200.jpg 300w\" sizes=\"auto, (max-width: 900px) 100vw, 900px\" \/><\/p>\n<p><img loading=\"lazy\" decoding=\"async\" data-attachment-id=\"7951\" data-permalink=\"https:\/\/www.fgautron.com\/weblog\/archives\/2013\/01\/15\/neige-sur-tokyo\/img_8475m\/\" data-orig-file=\"https:\/\/www.fgautron.com\/weblog\/wp-content\/\/IMG_8475m.jpg\" data-orig-size=\"900,600\" data-comments-opened=\"1\" data-image-meta=\"{&quot;aperture&quot;:&quot;3.5&quot;,&quot;credit&quot;:&quot;&quot;,&quot;camera&quot;:&quot;Canon EOS 50D&quot;,&quot;caption&quot;:&quot;&quot;,&quot;created_timestamp&quot;:&quot;1358173424&quot;,&quot;copyright&quot;:&quot;&quot;,&quot;focal_length&quot;:&quot;20&quot;,&quot;iso&quot;:&quot;320&quot;,&quot;shutter_speed&quot;:&quot;0.02&quot;,&quot;title&quot;:&quot;&quot;}\" data-image-title=\"neige tokyo kokusai forum\" data-image-description=\"\" data-image-caption=\"\" data-large-file=\"https:\/\/www.fgautron.com\/weblog\/wp-content\/\/IMG_8475m.jpg\" src=\"https:\/\/www.fgautron.com\/weblog\/wp-content\/\/IMG_8475m.jpg\" alt=\"\" title=\"neige tokyo kokusai forum\" width=\"900\" height=\"600\" class=\"aligncenter size-full wp-image-7951\" srcset=\"https:\/\/www.fgautron.com\/weblog\/wp-content\/IMG_8475m.jpg 900w, https:\/\/www.fgautron.com\/weblog\/wp-content\/IMG_8475m-300x200.jpg 300w\" sizes=\"auto, (max-width: 900px) 100vw, 900px\" \/><\/p>\n<p><img loading=\"lazy\" decoding=\"async\" data-attachment-id=\"7952\" data-permalink=\"https:\/\/www.fgautron.com\/weblog\/archives\/2013\/01\/15\/neige-sur-tokyo\/img_8477m\/\" data-orig-file=\"https:\/\/www.fgautron.com\/weblog\/wp-content\/\/IMG_8477m.jpg\" data-orig-size=\"900,600\" data-comments-opened=\"1\" data-image-meta=\"{&quot;aperture&quot;:&quot;3.5&quot;,&quot;credit&quot;:&quot;&quot;,&quot;camera&quot;:&quot;Canon EOS 50D&quot;,&quot;caption&quot;:&quot;&quot;,&quot;created_timestamp&quot;:&quot;1358173433&quot;,&quot;copyright&quot;:&quot;&quot;,&quot;focal_length&quot;:&quot;20&quot;,&quot;iso&quot;:&quot;320&quot;,&quot;shutter_speed&quot;:&quot;0.0166666666667&quot;,&quot;title&quot;:&quot;&quot;}\" data-image-title=\"neige tokyo kokusai forum\" data-image-description=\"\" data-image-caption=\"\" data-large-file=\"https:\/\/www.fgautron.com\/weblog\/wp-content\/\/IMG_8477m.jpg\" src=\"https:\/\/www.fgautron.com\/weblog\/wp-content\/\/IMG_8477m.jpg\" alt=\"\" title=\"neige tokyo kokusai forum\" width=\"900\" height=\"600\" class=\"aligncenter size-full wp-image-7952\" srcset=\"https:\/\/www.fgautron.com\/weblog\/wp-content\/IMG_8477m.jpg 900w, https:\/\/www.fgautron.com\/weblog\/wp-content\/IMG_8477m-300x200.jpg 300w\" sizes=\"auto, (max-width: 900px) 100vw, 900px\" \/><\/p>\n<p>Neige sur Tokyo le 14 janvier. Ici, au <a href=\"http:\/\/www.rvapc.com\/works\/1-tokyo-international-forum\">Tokyo Kokusai Forum<\/a> de l&rsquo;architecte <a href=\"http:\/\/www.rvapc.com\">Rafael Vi\u00f1oly<\/a> \u00e0 Yurakucho. Et ci-dessous, l&rsquo;int\u00e9rieur du Hall A.<\/p>\n<p><img loading=\"lazy\" decoding=\"async\" data-attachment-id=\"7957\" data-permalink=\"https:\/\/www.fgautron.com\/weblog\/archives\/2013\/01\/15\/neige-sur-tokyo\/img_8423m\/\" data-orig-file=\"https:\/\/www.fgautron.com\/weblog\/wp-content\/\/IMG_8423m.jpg\" data-orig-size=\"900,600\" data-comments-opened=\"1\" data-image-meta=\"{&quot;aperture&quot;:&quot;1.8&quot;,&quot;credit&quot;:&quot;&quot;,&quot;camera&quot;:&quot;Canon EOS 50D&quot;,&quot;caption&quot;:&quot;&quot;,&quot;created_timestamp&quot;:&quot;1358167454&quot;,&quot;copyright&quot;:&quot;&quot;,&quot;focal_length&quot;:&quot;20&quot;,&quot;iso&quot;:&quot;640&quot;,&quot;shutter_speed&quot;:&quot;0.0666666666667&quot;,&quot;title&quot;:&quot;&quot;}\" data-image-title=\"Tokyo International Forum\" data-image-description=\"\" data-image-caption=\"\" data-large-file=\"https:\/\/www.fgautron.com\/weblog\/wp-content\/\/IMG_8423m.jpg\" src=\"https:\/\/www.fgautron.com\/weblog\/wp-content\/\/IMG_8423m.jpg\" alt=\"\" title=\"Tokyo International Forum\" width=\"900\" height=\"600\" class=\"aligncenter size-full wp-image-7957\" srcset=\"https:\/\/www.fgautron.com\/weblog\/wp-content\/IMG_8423m.jpg 900w, https:\/\/www.fgautron.com\/weblog\/wp-content\/IMG_8423m-300x200.jpg 300w\" sizes=\"auto, (max-width: 900px) 100vw, 900px\" \/><\/p>\n<p>Nous assistions \u00e0 un concert de musique classique, un concert du Nouvel An, un petit peu en retard. J&rsquo;aime beaucoup cette courbe au dessus des spectateurs.<\/p>\n","protected":false},"excerpt":{"rendered":"<p>Neige sur Tokyo le 14 janvier. Ici, au Tokyo Kokusai Forum de l&rsquo;architecte Rafael Vi\u00f1oly \u00e0 Yurakucho. Et ci-dessous, l&rsquo;int\u00e9rieur du Hall A. Nous assistions \u00e0 un concert de musique classique, un concert du Nouvel An, un petit peu en retard. J&rsquo;aime beaucoup cette courbe au dessus des spectateurs.<\/p>\n","protected":false},"author":1,"featured_media":0,"comment_status":"open","ping_status":"open","sticky":false,"template":"","format":"standard","meta":{"_jetpack_memberships_contains_paid_content":false,"footnotes":"","jetpack_publicize_message":"","jetpack_publicize_feature_enabled":true,"jetpack_social_post_already_shared":false,"jetpack_social_options":{"image_generator_settings":{"template":"highway","default_image_id":0,"font":"","enabled":false},"version":2}},"categories":[17,3],"tags":[522,523],"class_list":["post-7948","post","type-post","status-publish","format-standard","hentry","category-architecture","category-tokyo","tag-tokyo-kokusai-forum","tag-yurakucho"],"jetpack_publicize_connections":[],"jetpack_featured_media_url":"","jetpack_sharing_enabled":true,"jetpack_likes_enabled":true,"_links":{"self":[{"href":"https:\/\/www.fgautron.com\/weblog\/wp-json\/wp\/v2\/posts\/7948","targetHints":{"allow":["GET"]}}],"collection":[{"href":"https:\/\/www.fgautron.com\/weblog\/wp-json\/wp\/v2\/posts"}],"about":[{"href":"https:\/\/www.fgautron.com\/weblog\/wp-json\/wp\/v2\/types\/post"}],"author":[{"embeddable":true,"href":"https:\/\/www.fgautron.com\/weblog\/wp-json\/wp\/v2\/users\/1"}],"replies":[{"embeddable":true,"href":"https:\/\/www.fgautron.com\/weblog\/wp-json\/wp\/v2\/comments?post=7948"}],"version-history":[{"count":11,"href":"https:\/\/www.fgautron.com\/weblog\/wp-json\/wp\/v2\/posts\/7948\/revisions"}],"predecessor-version":[{"id":22746,"href":"https:\/\/www.fgautron.com\/weblog\/wp-json\/wp\/v2\/posts\/7948\/revisions\/22746"}],"wp:attachment":[{"href":"https:\/\/www.fgautron.com\/weblog\/wp-json\/wp\/v2\/media?parent=7948"}],"wp:term":[{"taxonomy":"category","embeddable":true,"href":"https:\/\/www.fgautron.com\/weblog\/wp-json\/wp\/v2\/categories?post=7948"},{"taxonomy":"post_tag","embeddable":true,"href":"https:\/\/www.fgautron.com\/weblog\/wp-json\/wp\/v2\/tags?post=7948"}],"curies":[{"name":"wp","href":"https:\/\/api.w.org\/{rel}","templated":true}]}}