{"id":870,"date":"2007-02-18T22:18:07","date_gmt":"2007-02-18T13:18:07","guid":{"rendered":"http:\/\/www.fgautron.com\/weblog\/archives\/2007\/02\/18\/escalier-et-couleurs\/"},"modified":"2017-09-09T23:36:50","modified_gmt":"2017-09-09T14:36:50","slug":"escalier-et-couleurs","status":"publish","type":"post","link":"https:\/\/www.fgautron.com\/weblog\/archives\/2007\/02\/18\/escalier-et-couleurs\/","title":{"rendered":"escalier et couleurs"},"content":{"rendered":"<p><img loading=\"lazy\" decoding=\"async\" data-attachment-id=\"20817\" data-permalink=\"https:\/\/www.fgautron.com\/weblog\/archives\/2007\/02\/18\/escalier-et-couleurs\/crw_5924m\/\" data-orig-file=\"https:\/\/www.fgautron.com\/weblog\/wp-content\/\/CRW_5924m.jpg\" data-orig-size=\"600,900\" data-comments-opened=\"1\" data-image-meta=\"{&quot;aperture&quot;:&quot;0&quot;,&quot;credit&quot;:&quot;&quot;,&quot;camera&quot;:&quot;&quot;,&quot;caption&quot;:&quot;&quot;,&quot;created_timestamp&quot;:&quot;0&quot;,&quot;copyright&quot;:&quot;&quot;,&quot;focal_length&quot;:&quot;0&quot;,&quot;iso&quot;:&quot;0&quot;,&quot;shutter_speed&quot;:&quot;0&quot;,&quot;title&quot;:&quot;&quot;,&quot;orientation&quot;:&quot;1&quot;}\" data-image-title=\"CRW_5924m\" data-image-description=\"\" data-image-caption=\"\" data-large-file=\"https:\/\/www.fgautron.com\/weblog\/wp-content\/\/CRW_5924m.jpg\" src=\"https:\/\/www.fgautron.com\/weblog\/wp-content\/\/CRW_5924m.jpg\" alt=\"\" width=\"600\" height=\"900\" class=\"aligncenter size-full wp-image-20817\" srcset=\"https:\/\/www.fgautron.com\/weblog\/wp-content\/CRW_5924m.jpg 600w, https:\/\/www.fgautron.com\/weblog\/wp-content\/CRW_5924m-200x300.jpg 200w\" sizes=\"auto, (max-width: 600px) 100vw, 600px\" \/><\/p>\n<p><img loading=\"lazy\" decoding=\"async\" data-attachment-id=\"20818\" data-permalink=\"https:\/\/www.fgautron.com\/weblog\/archives\/2007\/02\/18\/escalier-et-couleurs\/crw_5966m\/\" data-orig-file=\"https:\/\/www.fgautron.com\/weblog\/wp-content\/\/CRW_5966m.jpg\" data-orig-size=\"600,900\" data-comments-opened=\"1\" data-image-meta=\"{&quot;aperture&quot;:&quot;0&quot;,&quot;credit&quot;:&quot;&quot;,&quot;camera&quot;:&quot;&quot;,&quot;caption&quot;:&quot;&quot;,&quot;created_timestamp&quot;:&quot;0&quot;,&quot;copyright&quot;:&quot;&quot;,&quot;focal_length&quot;:&quot;0&quot;,&quot;iso&quot;:&quot;0&quot;,&quot;shutter_speed&quot;:&quot;0&quot;,&quot;title&quot;:&quot;&quot;,&quot;orientation&quot;:&quot;1&quot;}\" data-image-title=\"CRW_5966m\" data-image-description=\"\" data-image-caption=\"\" data-large-file=\"https:\/\/www.fgautron.com\/weblog\/wp-content\/\/CRW_5966m.jpg\" src=\"https:\/\/www.fgautron.com\/weblog\/wp-content\/\/CRW_5966m.jpg\" alt=\"\" width=\"600\" height=\"900\" class=\"aligncenter size-full wp-image-20818\" srcset=\"https:\/\/www.fgautron.com\/weblog\/wp-content\/CRW_5966m.jpg 600w, https:\/\/www.fgautron.com\/weblog\/wp-content\/CRW_5966m-200x300.jpg 200w\" sizes=\"auto, (max-width: 600px) 100vw, 600px\" \/><\/p>\n<p>Des escaliers et des couleurs vives sur deux batiments vus \u00e0 Aoyama: un escalier en colima\u00e7on d&rsquo;abord dans le hall de l&rsquo;agence <a href=\"http:\/\/www.sendenkaigi.com\/\">Sendenkaigi<\/a> de ditribution de livres et magazines (notamment le livre annuel <a href=\"http:\/\/www.g-mark.org\/english\/archive\/books\/yb2005\/index.html\">Japan Design \u2013 Good Design Award<\/a>). Un peu plus loin dans les petites rues d&rsquo;Aoyama, je note cette autre intervention de couleurs vives sur une entr\u00e9e \u00e0 escalier. <\/p>\n<p>Ce billet et ces photos font suite \u00e0 une s\u00e9rie commenc\u00e9e avec des <a href=\"https:\/\/www.fgautron.com\/weblog\/archives\/2007\/02\/15\/a-day-in-tokyo\/\">escaliers<\/a> et des <a href=\"https:\/\/www.fgautron.com\/weblog\/archives\/2006\/12\/17\/animation-urbaine\/\">couleurs vives<\/a> tranchant sur le b\u00e9ton. Ces \u00e9l\u00e9ments et ce contraste attirent mon objectif en ce moment.<\/p>\n","protected":false},"excerpt":{"rendered":"<p>Des escaliers et des couleurs vives sur deux batiments vus \u00e0 Aoyama: un escalier en colima\u00e7on d&rsquo;abord dans le hall de l&rsquo;agence Sendenkaigi de ditribution de livres et magazines (notamment le livre annuel Japan Design \u2013 Good Design Award). Un peu plus loin dans les petites rues d&rsquo;Aoyama, je note cette autre intervention de couleurs&#8230;<\/p>\n","protected":false},"author":1,"featured_media":0,"comment_status":"open","ping_status":"open","sticky":false,"template":"","format":"standard","meta":{"_jetpack_memberships_contains_paid_content":false,"footnotes":"","jetpack_publicize_message":"","jetpack_publicize_feature_enabled":true,"jetpack_social_post_already_shared":false,"jetpack_social_options":{"image_generator_settings":{"template":"highway","default_image_id":0,"font":"","enabled":false},"version":2}},"categories":[17,3],"tags":[],"class_list":["post-870","post","type-post","status-publish","format-standard","hentry","category-architecture","category-tokyo"],"jetpack_publicize_connections":[],"jetpack_featured_media_url":"","jetpack_sharing_enabled":true,"jetpack_likes_enabled":true,"_links":{"self":[{"href":"https:\/\/www.fgautron.com\/weblog\/wp-json\/wp\/v2\/posts\/870","targetHints":{"allow":["GET"]}}],"collection":[{"href":"https:\/\/www.fgautron.com\/weblog\/wp-json\/wp\/v2\/posts"}],"about":[{"href":"https:\/\/www.fgautron.com\/weblog\/wp-json\/wp\/v2\/types\/post"}],"author":[{"embeddable":true,"href":"https:\/\/www.fgautron.com\/weblog\/wp-json\/wp\/v2\/users\/1"}],"replies":[{"embeddable":true,"href":"https:\/\/www.fgautron.com\/weblog\/wp-json\/wp\/v2\/comments?post=870"}],"version-history":[{"count":5,"href":"https:\/\/www.fgautron.com\/weblog\/wp-json\/wp\/v2\/posts\/870\/revisions"}],"predecessor-version":[{"id":20822,"href":"https:\/\/www.fgautron.com\/weblog\/wp-json\/wp\/v2\/posts\/870\/revisions\/20822"}],"wp:attachment":[{"href":"https:\/\/www.fgautron.com\/weblog\/wp-json\/wp\/v2\/media?parent=870"}],"wp:term":[{"taxonomy":"category","embeddable":true,"href":"https:\/\/www.fgautron.com\/weblog\/wp-json\/wp\/v2\/categories?post=870"},{"taxonomy":"post_tag","embeddable":true,"href":"https:\/\/www.fgautron.com\/weblog\/wp-json\/wp\/v2\/tags?post=870"}],"curies":[{"name":"wp","href":"https:\/\/api.w.org\/{rel}","templated":true}]}}