{"id":871,"date":"2007-02-19T21:43:35","date_gmt":"2007-02-19T12:43:35","guid":{"rendered":"http:\/\/www.fgautron.com\/weblog\/archives\/2007\/02\/19\/maki-et-toyo\/"},"modified":"2017-09-09T23:30:06","modified_gmt":"2017-09-09T14:30:06","slug":"maki-et-toyo","status":"publish","type":"post","link":"https:\/\/www.fgautron.com\/weblog\/archives\/2007\/02\/19\/maki-et-toyo\/","title":{"rendered":"Maki et Toyo"},"content":{"rendered":"<p><img loading=\"lazy\" decoding=\"async\" data-attachment-id=\"20813\" data-permalink=\"https:\/\/www.fgautron.com\/weblog\/archives\/2007\/02\/19\/maki-et-toyo\/crw_5967m\/\" data-orig-file=\"https:\/\/www.fgautron.com\/weblog\/wp-content\/\/CRW_5967m.jpg\" data-orig-size=\"922,614\" data-comments-opened=\"1\" data-image-meta=\"{&quot;aperture&quot;:&quot;0&quot;,&quot;credit&quot;:&quot;&quot;,&quot;camera&quot;:&quot;&quot;,&quot;caption&quot;:&quot;&quot;,&quot;created_timestamp&quot;:&quot;0&quot;,&quot;copyright&quot;:&quot;&quot;,&quot;focal_length&quot;:&quot;0&quot;,&quot;iso&quot;:&quot;0&quot;,&quot;shutter_speed&quot;:&quot;0&quot;,&quot;title&quot;:&quot;&quot;,&quot;orientation&quot;:&quot;1&quot;}\" data-image-title=\"CRW_5967m\" data-image-description=\"\" data-image-caption=\"\" data-large-file=\"https:\/\/www.fgautron.com\/weblog\/wp-content\/\/CRW_5967m-700x466.jpg\" src=\"https:\/\/www.fgautron.com\/weblog\/wp-content\/\/CRW_5967m.jpg\" alt=\"\" width=\"922\" height=\"614\" class=\"aligncenter size-full wp-image-20813\" srcset=\"https:\/\/www.fgautron.com\/weblog\/wp-content\/CRW_5967m.jpg 922w, https:\/\/www.fgautron.com\/weblog\/wp-content\/CRW_5967m-300x200.jpg 300w, https:\/\/www.fgautron.com\/weblog\/wp-content\/CRW_5967m-700x466.jpg 700w, https:\/\/www.fgautron.com\/weblog\/wp-content\/CRW_5967m-800x533.jpg 800w\" sizes=\"auto, (max-width: 922px) 100vw, 922px\" \/><\/p>\n<p>Je ne r\u00e9sisterais jamais \u00e0 l&rsquo;envie de prendre en photo la superbe cr\u00e9ation de <a href=\"http:\/\/en.wikipedia.org\/wiki\/Toyo_Ito\">Toyo ITO<\/a> pour <a href=\"http:\/\/www.tods.com\/\">TOD&rsquo;s<\/a> \u00e0 Omotesando, sans r\u00e9ussir \u00e0 \u00e9galer la <a href=\"https:\/\/www.fgautron.com\/weblog\/archives\/2005\/05\/30\/toyo-ito-et-harajuku\/\">premi\u00e8re photographie<\/a> que j&rsquo;avais fait il y a deux ans<\/a>. Les fa\u00e7ades \u00e0 la fois opaques et transparentes, en b\u00e9ton et verre teint\u00e9, sont crois\u00e9es par des repr\u00e9sentations de branches de <a href=\"http:\/\/en.wikipedia.org\/wiki\/Zelkova\">zelkova<\/a>, arbres bordant \u00e9galement l&rsquo;avenue d&rsquo;Omotesando. Ce th\u00eame a \u00e9t\u00e9 \u00e9galement utilis\u00e9 pour nommer la r\u00e9sidence au dessus de Omotosando Hills, <a href=\"http:\/\/www.moriliving.com\/residence\/zelkova\/en_service.html\">Omotesando Hills Zelkova Terrace<\/a>. On pourra se diriger vers <a href=\"http:\/\/www.arcspace.com\/architects\/ito\/tod\/tod.html\">Arcspace<\/a> pour plus de photos sur l&rsquo;int\u00e9rieur du building, vers <a href=\"http:\/\/www.designboom.com\/eng\/interview\/ito.html\">Design Boom<\/a> pour une petite interview et vers <a href=\"http:\/\/www.egodesign.ca\/fr\/article.php?article_id=66&#038;page=1\">EgoDesign.ca<\/a> pour un portrait de Toyo Ito.<\/p>\n<p><img loading=\"lazy\" decoding=\"async\" data-attachment-id=\"20814\" data-permalink=\"https:\/\/www.fgautron.com\/weblog\/archives\/2007\/02\/19\/maki-et-toyo\/crw_5940m\/\" data-orig-file=\"https:\/\/www.fgautron.com\/weblog\/wp-content\/\/CRW_5940m.jpg\" data-orig-size=\"600,900\" data-comments-opened=\"1\" data-image-meta=\"{&quot;aperture&quot;:&quot;0&quot;,&quot;credit&quot;:&quot;&quot;,&quot;camera&quot;:&quot;&quot;,&quot;caption&quot;:&quot;&quot;,&quot;created_timestamp&quot;:&quot;0&quot;,&quot;copyright&quot;:&quot;&quot;,&quot;focal_length&quot;:&quot;0&quot;,&quot;iso&quot;:&quot;0&quot;,&quot;shutter_speed&quot;:&quot;0&quot;,&quot;title&quot;:&quot;&quot;,&quot;orientation&quot;:&quot;1&quot;}\" data-image-title=\"CRW_5940m\" data-image-description=\"\" data-image-caption=\"\" data-large-file=\"https:\/\/www.fgautron.com\/weblog\/wp-content\/\/CRW_5940m.jpg\" src=\"https:\/\/www.fgautron.com\/weblog\/wp-content\/\/CRW_5940m.jpg\" alt=\"\" width=\"600\" height=\"900\" class=\"aligncenter size-full wp-image-20814\" srcset=\"https:\/\/www.fgautron.com\/weblog\/wp-content\/CRW_5940m.jpg 600w, https:\/\/www.fgautron.com\/weblog\/wp-content\/CRW_5940m-200x300.jpg 200w\" sizes=\"auto, (max-width: 600px) 100vw, 600px\" \/><\/p>\n<p><a href=\"http:\/\/www.spiral.co.jp\/\">Spiral<\/a> est un centre artistique urbain comprenant des espaces de galeries pour expositions d&rsquo;art ou de design, un caf\u00e9, un atrium ou encore un hall d&rsquo;assembl\u00e9e. Ce building de 9 \u00e9tages, \u00e0 la fa\u00e7ade complexe et h\u00e9t\u00e9rog\u00e8ne, a \u00e9t\u00e9 concu par <a href=\"http:\/\/www.maki-and-associates.co.jp\/e\/index.shtml\">Fumihiko Maki<\/a> et termin\u00e9 en 1985. Il poss\u00e8de une structure d&rsquo;acier et de b\u00e9ton r\u00e9enforc\u00e9. Je suis pass\u00e9 plusieurs fois devant le <a href=\"http:\/\/www.maki-and-associates.co.jp\/e\/project\/8.html\">Spiral<\/a>, \u00e0 l&rsquo;int\u00e9rieur (d&rsquo;ailleurs apercu une mini-exposition du chanteur photographe <a href=\"http:\/\/www.roppongihills.com\/jp\/events\/macg_fukuyama.html\">Masaharu Fukuyama<\/a> sur la rampe semi-circulaire) sans jamais le prendre en photo. Sur le site Internet de Maki, on peut faire le tour de ses <a href=\"http:\/\/www.maki-and-associates.co.jp\/e\/photo\/index.html\">r\u00e9alisations et projets<\/a> (notamment le <a href=\"http:\/\/www.maki-and-associates.co.jp\/e\/project\/50.html\">red\u00e9veloppement sur le site du World Trade Center<\/a> \u00e0 New York). Pour plus d&rsquo;information sur l&rsquo;architecte Fumihiko Maki, je vous conseille une biographie sur le site <a href=\"http:\/\/architect.architecture.sk\/fumihiko-maki-architect\/fumihiko-maki-architect.php\">Archiect.Architecture.sk<\/a>.<\/p>\n","protected":false},"excerpt":{"rendered":"<p>Je ne r\u00e9sisterais jamais \u00e0 l&rsquo;envie de prendre en photo la superbe cr\u00e9ation de Toyo ITO pour TOD&rsquo;s \u00e0 Omotesando, sans r\u00e9ussir \u00e0 \u00e9galer la premi\u00e8re photographie que j&rsquo;avais fait il y a deux ans. Les fa\u00e7ades \u00e0 la fois opaques et transparentes, en b\u00e9ton et verre teint\u00e9, sont crois\u00e9es par des repr\u00e9sentations de branches&#8230;<\/p>\n","protected":false},"author":1,"featured_media":0,"comment_status":"open","ping_status":"open","sticky":false,"template":"","format":"standard","meta":{"_jetpack_memberships_contains_paid_content":false,"footnotes":"","jetpack_publicize_message":"","jetpack_publicize_feature_enabled":true,"jetpack_social_post_already_shared":false,"jetpack_social_options":{"image_generator_settings":{"template":"highway","default_image_id":0,"font":"","enabled":false},"version":2}},"categories":[17,3],"tags":[],"class_list":["post-871","post","type-post","status-publish","format-standard","hentry","category-architecture","category-tokyo"],"jetpack_publicize_connections":[],"jetpack_featured_media_url":"","jetpack_sharing_enabled":true,"jetpack_likes_enabled":true,"_links":{"self":[{"href":"https:\/\/www.fgautron.com\/weblog\/wp-json\/wp\/v2\/posts\/871","targetHints":{"allow":["GET"]}}],"collection":[{"href":"https:\/\/www.fgautron.com\/weblog\/wp-json\/wp\/v2\/posts"}],"about":[{"href":"https:\/\/www.fgautron.com\/weblog\/wp-json\/wp\/v2\/types\/post"}],"author":[{"embeddable":true,"href":"https:\/\/www.fgautron.com\/weblog\/wp-json\/wp\/v2\/users\/1"}],"replies":[{"embeddable":true,"href":"https:\/\/www.fgautron.com\/weblog\/wp-json\/wp\/v2\/comments?post=871"}],"version-history":[{"count":3,"href":"https:\/\/www.fgautron.com\/weblog\/wp-json\/wp\/v2\/posts\/871\/revisions"}],"predecessor-version":[{"id":20816,"href":"https:\/\/www.fgautron.com\/weblog\/wp-json\/wp\/v2\/posts\/871\/revisions\/20816"}],"wp:attachment":[{"href":"https:\/\/www.fgautron.com\/weblog\/wp-json\/wp\/v2\/media?parent=871"}],"wp:term":[{"taxonomy":"category","embeddable":true,"href":"https:\/\/www.fgautron.com\/weblog\/wp-json\/wp\/v2\/categories?post=871"},{"taxonomy":"post_tag","embeddable":true,"href":"https:\/\/www.fgautron.com\/weblog\/wp-json\/wp\/v2\/tags?post=871"}],"curies":[{"name":"wp","href":"https:\/\/api.w.org\/{rel}","templated":true}]}}