{"id":9012,"date":"2013-07-03T23:43:04","date_gmt":"2013-07-03T14:43:04","guid":{"rendered":"http:\/\/www.fgautron.com\/weblog\/?p=9012"},"modified":"2017-10-22T08:38:25","modified_gmt":"2017-10-21T23:38:25","slug":"urbano-vegetal-26-sous-drone-ambient","status":"publish","type":"post","link":"https:\/\/www.fgautron.com\/weblog\/archives\/2013\/07\/03\/urbano-vegetal-26-sous-drone-ambient\/","title":{"rendered":"URBANO-V\u00c9G\u00c9TAL (26) sous Drone Ambient"},"content":{"rendered":"<p><img loading=\"lazy\" decoding=\"async\" data-attachment-id=\"9013\" data-permalink=\"https:\/\/www.fgautron.com\/weblog\/archives\/2013\/07\/03\/urbano-vegetal-26-sous-drone-ambient\/img_9528wm\/\" data-orig-file=\"https:\/\/www.fgautron.com\/weblog\/wp-content\/\/IMG_9528wm.jpg\" data-orig-size=\"900,2239\" data-comments-opened=\"1\" data-image-meta=\"{&quot;aperture&quot;:&quot;3.5&quot;,&quot;credit&quot;:&quot;&quot;,&quot;camera&quot;:&quot;Canon EOS 50D&quot;,&quot;caption&quot;:&quot;&quot;,&quot;created_timestamp&quot;:&quot;1371322903&quot;,&quot;copyright&quot;:&quot;&quot;,&quot;focal_length&quot;:&quot;40&quot;,&quot;iso&quot;:&quot;800&quot;,&quot;shutter_speed&quot;:&quot;0.01&quot;,&quot;title&quot;:&quot;&quot;}\" data-image-title=\"IMG_9528wm\" data-image-description=\"\" data-image-caption=\"\" data-large-file=\"https:\/\/www.fgautron.com\/weblog\/wp-content\/\/IMG_9528wm-411x1024.jpg\" src=\"https:\/\/www.fgautron.com\/weblog\/wp-content\/\/IMG_9528wm.jpg\" alt=\"IMG_9528wm\" width=\"900\" height=\"2239\" class=\"aligncenter size-full wp-image-9013\" srcset=\"https:\/\/www.fgautron.com\/weblog\/wp-content\/IMG_9528wm.jpg 900w, https:\/\/www.fgautron.com\/weblog\/wp-content\/IMG_9528wm-120x300.jpg 120w\" sizes=\"auto, (max-width: 900px) 100vw, 900px\" \/><\/p>\n<p>Ce n&rsquo;est peut \u00eatre pas tout \u00e0 fait le num\u00e9ro 26 de la s\u00e9rie urbano-v\u00e9g\u00e9tal que je montre ci-dessus, car certains in\u00e9dits se sont gliss\u00e9s dans mes photobooks notamment <a href=\"https:\/\/www.fgautron.com\/weblog\/in-shadows\/\">In Shadows<\/a>. C&rsquo;est une version \u00ab\u00a0sakura\u00a0\u00bb cette fois-ci sous une pluie qui les rendra encore plus \u00e9ph\u00e9m\u00e8res. Les cerisiers en fleur au Japon sont une belle histoire qui se termine toujours par vent et pluie. Comme c&rsquo;est le cas de temps en temps, les compositions sortent du d\u00e9cor de la ville, ici au dessus de Kita Kamakura, au dessus du grand temple Engakuji pour \u00eatre tr\u00e8s pr\u00e9cis.<\/p>\n<p>Je le mentionnais en commentaire du billet pr\u00e9c\u00e9dent, je d\u00e9couvre 2 morceaux Drone Ambient intitul\u00e9s <a href=\"https:\/\/soundcloud.com\/miasmah\/02-white-noise\">White Noise<\/a> de <a href=\"http:\/\/www.swqw.fr\/chroniques\/drone-ambiant\/svarte-greiner-black-tie.html\">Svarte Greiner<\/a> et <a href=\"https:\/\/soundcloud.com\/rural-colours\/chihei-hatakeyama-salvation\">Salvation<\/a> de <a href=\"http:\/\/www.swqw.fr\/chroniques\/drone-ambiant\/chihei-hatakeyama-the-bull-head-emperor.html\">Chihei Hatakeyama<\/a>. Comme je m&rsquo;y perds beaucoup dans le nom des genres muscicaux, je connaissais l&rsquo;Ambient, mais pas le <a href=\"http:\/\/fr.wikipedia.org\/wiki\/Drone_(musique)\">Drone Ambient<\/a>. Le drone en musique caract\u00e9rise un style musical faisant essentiellement usage de sons, notes maintenus ou r\u00e9p\u00e9t\u00e9s et est typiquement caract\u00e9ris\u00e9 par de longues plages musicales pr\u00e9sentant peu de variations harmoniques. Nous voil\u00e0 fix\u00e9. Je n&rsquo;avais jamais tir\u00e9 la corde musicale vers ce style l\u00e0, mais je me suis laiss\u00e9 guider par un commentaire du billet pr\u00e9c\u00e9dent me recommandant un bon site de musique \u00ab\u00a0silent weapons for quiet wars\u00a0\u00bb (j&rsquo;aime beaucoup le nom du site, un peu moins les notes de vulgarit\u00e9 non n\u00e9cessaires par ci par l\u00e0 dans les textes, bref). De fil en aiguille, je d\u00e9couvre le long morceau de 20 mins de Hatakeyama et il m&rsquo;accompagne, ainsi que celui de Svarte Greiner, pendant la cr\u00e9ation de la composition urbano-v\u00e9g\u00e9tal ci-dessus ainsi que le travail sur la s\u00e9rie de photographies ci-dessous. J&rsquo;aime consid\u00e9rer l&rsquo;influence musicale sur mon traitement photographique (c&rsquo;est mon sujet pr\u00e9f\u00e9r\u00e9). Les photographies sont volontairement trait\u00e9es sombres, comme ces deux morceaux de Drone Ambient, la fleur color\u00e9e \u00e0 la fin \u00e9tant la porte de sortie. Cette musique en longues nappes s&rsquo;entrela\u00e7ant est abstraite et particuli\u00e8re. Je ne pense pas que j&rsquo;aurais su appr\u00e9cier ce style musical il y a quelques ann\u00e9es, il faut franchir quelques \u00e9tapes avant de se plonger dans ce ruissellement de sons. Ce flot est une force insaisissable retenant toute l&rsquo;attention. On y surveille les changements subtils de sons, les apaisements et pr\u00e9cipitations.<\/p>\n<p><img loading=\"lazy\" decoding=\"async\" data-attachment-id=\"9036\" data-permalink=\"https:\/\/www.fgautron.com\/weblog\/archives\/2013\/07\/03\/urbano-vegetal-26-sous-drone-ambient\/img_9539\/\" data-orig-file=\"https:\/\/www.fgautron.com\/weblog\/wp-content\/\/IMG_9539.jpg\" data-orig-size=\"1024,683\" data-comments-opened=\"1\" data-image-meta=\"{&quot;aperture&quot;:&quot;9&quot;,&quot;credit&quot;:&quot;&quot;,&quot;camera&quot;:&quot;Canon EOS 50D&quot;,&quot;caption&quot;:&quot;&quot;,&quot;created_timestamp&quot;:&quot;1372598832&quot;,&quot;copyright&quot;:&quot;&quot;,&quot;focal_length&quot;:&quot;20&quot;,&quot;iso&quot;:&quot;320&quot;,&quot;shutter_speed&quot;:&quot;0.0025&quot;,&quot;title&quot;:&quot;&quot;}\" data-image-title=\"IMG_9539\" data-image-description=\"\" data-image-caption=\"\" data-large-file=\"https:\/\/www.fgautron.com\/weblog\/wp-content\/\/IMG_9539.jpg\" src=\"https:\/\/www.fgautron.com\/weblog\/wp-content\/\/IMG_9539.jpg\" alt=\"IMG_9539\" width=\"1024\" height=\"683\" class=\"aligncenter size-full wp-image-9036\" srcset=\"https:\/\/www.fgautron.com\/weblog\/wp-content\/IMG_9539.jpg 1024w, https:\/\/www.fgautron.com\/weblog\/wp-content\/IMG_9539-300x200.jpg 300w\" sizes=\"auto, (max-width: 1024px) 100vw, 1024px\" \/><\/p>\n<p><img loading=\"lazy\" decoding=\"async\" data-attachment-id=\"9038\" data-permalink=\"https:\/\/www.fgautron.com\/weblog\/archives\/2013\/07\/03\/urbano-vegetal-26-sous-drone-ambient\/img_9546\/\" data-orig-file=\"https:\/\/www.fgautron.com\/weblog\/wp-content\/\/IMG_9546.jpg\" data-orig-size=\"1024,683\" data-comments-opened=\"1\" data-image-meta=\"{&quot;aperture&quot;:&quot;9&quot;,&quot;credit&quot;:&quot;&quot;,&quot;camera&quot;:&quot;Canon EOS 50D&quot;,&quot;caption&quot;:&quot;&quot;,&quot;created_timestamp&quot;:&quot;1372599290&quot;,&quot;copyright&quot;:&quot;&quot;,&quot;focal_length&quot;:&quot;20&quot;,&quot;iso&quot;:&quot;320&quot;,&quot;shutter_speed&quot;:&quot;0.003125&quot;,&quot;title&quot;:&quot;&quot;}\" data-image-title=\"IMG_9546\" data-image-description=\"\" data-image-caption=\"\" data-large-file=\"https:\/\/www.fgautron.com\/weblog\/wp-content\/\/IMG_9546.jpg\" src=\"https:\/\/www.fgautron.com\/weblog\/wp-content\/\/IMG_9546.jpg\" alt=\"IMG_9546\" width=\"1024\" height=\"683\" class=\"aligncenter size-full wp-image-9038\" srcset=\"https:\/\/www.fgautron.com\/weblog\/wp-content\/IMG_9546.jpg 1024w, https:\/\/www.fgautron.com\/weblog\/wp-content\/IMG_9546-300x200.jpg 300w\" sizes=\"auto, (max-width: 1024px) 100vw, 1024px\" \/><\/p>\n<p><img loading=\"lazy\" decoding=\"async\" data-attachment-id=\"9039\" data-permalink=\"https:\/\/www.fgautron.com\/weblog\/archives\/2013\/07\/03\/urbano-vegetal-26-sous-drone-ambient\/img_9550\/\" data-orig-file=\"https:\/\/www.fgautron.com\/weblog\/wp-content\/\/IMG_9550.jpg\" data-orig-size=\"1024,683\" data-comments-opened=\"1\" data-image-meta=\"{&quot;aperture&quot;:&quot;10&quot;,&quot;credit&quot;:&quot;&quot;,&quot;camera&quot;:&quot;Canon EOS 50D&quot;,&quot;caption&quot;:&quot;&quot;,&quot;created_timestamp&quot;:&quot;1372599824&quot;,&quot;copyright&quot;:&quot;&quot;,&quot;focal_length&quot;:&quot;20&quot;,&quot;iso&quot;:&quot;320&quot;,&quot;shutter_speed&quot;:&quot;0.0025&quot;,&quot;title&quot;:&quot;&quot;}\" data-image-title=\"IMG_9550\" data-image-description=\"\" data-image-caption=\"\" data-large-file=\"https:\/\/www.fgautron.com\/weblog\/wp-content\/\/IMG_9550.jpg\" src=\"https:\/\/www.fgautron.com\/weblog\/wp-content\/\/IMG_9550.jpg\" alt=\"IMG_9550\" width=\"1024\" height=\"683\" class=\"aligncenter size-full wp-image-9039\" srcset=\"https:\/\/www.fgautron.com\/weblog\/wp-content\/IMG_9550.jpg 1024w, https:\/\/www.fgautron.com\/weblog\/wp-content\/IMG_9550-300x200.jpg 300w\" sizes=\"auto, (max-width: 1024px) 100vw, 1024px\" \/><\/p>\n<p><img loading=\"lazy\" decoding=\"async\" data-attachment-id=\"9040\" data-permalink=\"https:\/\/www.fgautron.com\/weblog\/archives\/2013\/07\/03\/urbano-vegetal-26-sous-drone-ambient\/img_9554\/\" data-orig-file=\"https:\/\/www.fgautron.com\/weblog\/wp-content\/\/IMG_9554.jpg\" data-orig-size=\"1024,683\" data-comments-opened=\"1\" data-image-meta=\"{&quot;aperture&quot;:&quot;10&quot;,&quot;credit&quot;:&quot;&quot;,&quot;camera&quot;:&quot;Canon EOS 50D&quot;,&quot;caption&quot;:&quot;&quot;,&quot;created_timestamp&quot;:&quot;1372600050&quot;,&quot;copyright&quot;:&quot;&quot;,&quot;focal_length&quot;:&quot;20&quot;,&quot;iso&quot;:&quot;320&quot;,&quot;shutter_speed&quot;:&quot;0.0025&quot;,&quot;title&quot;:&quot;&quot;}\" data-image-title=\"IMG_9554\" data-image-description=\"\" data-image-caption=\"\" data-large-file=\"https:\/\/www.fgautron.com\/weblog\/wp-content\/\/IMG_9554.jpg\" src=\"https:\/\/www.fgautron.com\/weblog\/wp-content\/\/IMG_9554.jpg\" alt=\"IMG_9554\" width=\"1024\" height=\"683\" class=\"aligncenter size-full wp-image-9040\" srcset=\"https:\/\/www.fgautron.com\/weblog\/wp-content\/IMG_9554.jpg 1024w, https:\/\/www.fgautron.com\/weblog\/wp-content\/IMG_9554-300x200.jpg 300w\" sizes=\"auto, (max-width: 1024px) 100vw, 1024px\" \/><\/p>\n<p><img loading=\"lazy\" decoding=\"async\" data-attachment-id=\"9041\" data-permalink=\"https:\/\/www.fgautron.com\/weblog\/archives\/2013\/07\/03\/urbano-vegetal-26-sous-drone-ambient\/img_9564\/\" data-orig-file=\"https:\/\/www.fgautron.com\/weblog\/wp-content\/\/IMG_9564.jpg\" data-orig-size=\"1024,683\" data-comments-opened=\"1\" data-image-meta=\"{&quot;aperture&quot;:&quot;10&quot;,&quot;credit&quot;:&quot;&quot;,&quot;camera&quot;:&quot;Canon EOS 50D&quot;,&quot;caption&quot;:&quot;&quot;,&quot;created_timestamp&quot;:&quot;1372601782&quot;,&quot;copyright&quot;:&quot;&quot;,&quot;focal_length&quot;:&quot;20&quot;,&quot;iso&quot;:&quot;320&quot;,&quot;shutter_speed&quot;:&quot;0.0025&quot;,&quot;title&quot;:&quot;&quot;}\" data-image-title=\"IMG_9564\" data-image-description=\"\" data-image-caption=\"\" data-large-file=\"https:\/\/www.fgautron.com\/weblog\/wp-content\/\/IMG_9564.jpg\" src=\"https:\/\/www.fgautron.com\/weblog\/wp-content\/\/IMG_9564.jpg\" alt=\"IMG_9564\" width=\"1024\" height=\"683\" class=\"aligncenter size-full wp-image-9041\" srcset=\"https:\/\/www.fgautron.com\/weblog\/wp-content\/IMG_9564.jpg 1024w, https:\/\/www.fgautron.com\/weblog\/wp-content\/IMG_9564-300x200.jpg 300w\" sizes=\"auto, (max-width: 1024px) 100vw, 1024px\" \/><\/p>\n<p>Je profite du beau temps dimanche pour prendre mon v\u00e9lo pour une promenade \u00e0 la recherche d&rsquo;architecture. En fait, je profite d&rsquo;une commande express de Mari et Zoa d&rsquo;achat de nourriture pour petit poisson (re\u00e7u de l&rsquo;\u00e9cole) pour faire des d\u00e9tours interminables jusqu&rsquo;\u00e0 Meguro \u00e0 la recherche d&rsquo;architecture remarquable. La p\u00eache (\u00e0 l&rsquo;architecture) ne sera pas tr\u00e8s bonne, car je n&rsquo;ai pas eu le plaisir de d\u00e9couvrir beaucoup de b\u00e2timents inconnus ou vus seulement sur les magazines d&rsquo;architecture. Je retrouve par hasard ou volontairement quelques constructions vus et montr\u00e9s sur ce blog auparavant. Je passe tr\u00e8s souvent \u00e0 Aoyama devant la maison particuli\u00e8re Wood\/berg par Kengo Kuma (2\u00e8me photographie). Je constate petit \u00e0 petit que la couleur des lamelles de bois en fa\u00e7ade se d\u00e9lave un peu et c&rsquo;est bien dommage. Pour rester sur la teinte verte des baies vitr\u00e9es, je passe aussi devant l&rsquo;immeuble Iceberg de l\u2019architecte anglais Benjamin Warner et l\u2019agence Creative Designers International (3\u00e8me photo). Je remonte ensuite vers le stade olympique de Kenzo Tange, mais prend la petite rue longeant l&rsquo;entr\u00e9e et le parking de la r\u00e9sidence Co-op Olympia (construit par Shimizu Corporation) \u00e0 Harajuku. <a href=\"http:\/\/japanpropertycentral.com\/2010\/11\/co-op-olympia\/\">Cette r\u00e9sidence<\/a> date de 1965, juste apr\u00e8s les Jeux Olympiques de 1964 dont elle tire son nom. La 5\u00e8me photo nous montre de l&rsquo;architecture brutaliste, celle de Hiroshi NAITO pour la Gallery TOM, construite en 1984 \u00e0 Shoto.<\/p>\n<p><img loading=\"lazy\" decoding=\"async\" data-attachment-id=\"9042\" data-permalink=\"https:\/\/www.fgautron.com\/weblog\/archives\/2013\/07\/03\/urbano-vegetal-26-sous-drone-ambient\/img_9570\/\" data-orig-file=\"https:\/\/www.fgautron.com\/weblog\/wp-content\/\/IMG_9570.jpg\" data-orig-size=\"1024,683\" data-comments-opened=\"1\" data-image-meta=\"{&quot;aperture&quot;:&quot;5.6&quot;,&quot;credit&quot;:&quot;&quot;,&quot;camera&quot;:&quot;Canon EOS 50D&quot;,&quot;caption&quot;:&quot;&quot;,&quot;created_timestamp&quot;:&quot;1372603695&quot;,&quot;copyright&quot;:&quot;&quot;,&quot;focal_length&quot;:&quot;20&quot;,&quot;iso&quot;:&quot;320&quot;,&quot;shutter_speed&quot;:&quot;0.008&quot;,&quot;title&quot;:&quot;&quot;}\" data-image-title=\"IMG_9570\" data-image-description=\"\" data-image-caption=\"\" data-large-file=\"https:\/\/www.fgautron.com\/weblog\/wp-content\/\/IMG_9570.jpg\" src=\"https:\/\/www.fgautron.com\/weblog\/wp-content\/\/IMG_9570.jpg\" alt=\"IMG_9570\" width=\"1024\" height=\"683\" class=\"aligncenter size-full wp-image-9042\" srcset=\"https:\/\/www.fgautron.com\/weblog\/wp-content\/IMG_9570.jpg 1024w, https:\/\/www.fgautron.com\/weblog\/wp-content\/IMG_9570-300x200.jpg 300w\" sizes=\"auto, (max-width: 1024px) 100vw, 1024px\" \/><\/p>\n<p>Ce billet fera sans cesse r\u00e9f\u00e9rence au billet pr\u00e9c\u00e9dent, car je souhaite maintenant faire deux remerciements. Merci \u00e0 Katatsumuri\/DaNIel, qui commente r\u00e9guli\u00e8rement ici, pour son billet faisant r\u00e9f\u00e9rence \u00e0 <a href=\"http:\/\/katatsumurileblog.wordpress.com\/2013\/06\/29\/made-in-tokyo-le-blog-a-ne-pas-rater\/\">Made in Tokyo comme un blog \u00e0 ne pas rater<\/a>. J&rsquo;aime beaucoup l&rsquo;interpr\u00e9tation qui est faite de Made in Tokyo qui refl\u00e8te bien mon inspiration. On m&rsquo;a dit plusieurs fois que je pr\u00e9sentais une vision de Tokyo diff\u00e9rente loin des blogs \u00ab\u00a0I love Japan\u00a0\u00bb. A vrai dire, je ne regarde plus beaucoup de blogs sur le Japon (\u00e0 tord tr\u00e8s certainement, mais par manque de temps et d&rsquo;envie), donc j&rsquo;ai un peu perdu de vue ces blogs \u00ab\u00a0d&rsquo;amoureux du Japon\u00a0\u00bb. Ma seule crainte est de devenir un blog touristique et vous pourrez constater que j&rsquo;ai mal tourn\u00e9 si je commence \u00e0 mettre des bandeaux publicitaires sur mon blog (J&rsquo;exag\u00e8re bien s\u00fbr). Mais je n&rsquo;aime pas tellement non plus proclamer que je propose une vue \u00ab\u00a0diff\u00e9rente\u00a0\u00bb de Tokyo. A vrai dire, j&rsquo;aime beaucoup l&#8217;emploi du mot po\u00e9tique de Katatsumuri.<\/p>\n<p>Je souhaite aussi remercier l&rsquo;\u00e9crivain et professeur \u00e0 l&rsquo;Universit\u00e9 Cho de Tokyo, <a href=\"http:\/\/fr.wikipedia.org\/wiki\/Micha\u00ebl_Ferrier\">Micha\u00ebl Ferrier<\/a> pour son email d&rsquo;encouragement et pour la r\u00e9f\u00e9rence en bibliographie \u00e0 Made in Tokyo sur un article qu&rsquo;il a publi\u00e9 dans les cahiers <a href=\"http:\/\/croisements-revue.org\/pos\/se-procurer-croisements\/\">Croisements<\/a> (Revue francophone de sciences humaines d&rsquo;Asie de l&rsquo;Est). Micha\u00ebl Ferrier y \u00e9crit sur \u00ab\u00a0Tokyo: ville r\u00e9elle, ville r\u00eav\u00e9e, ville r\u00e9v\u00e9l\u00e9e\u00a0\u00bb. J&rsquo;avais \u00e9galement couvert quelques \u00e9l\u00e9ments d&rsquo;utopie urbaine \u00e0 Tokyo dans un billet du blog intitul\u00e9 <a href=\"https:\/\/www.fgautron.com\/weblog\/archives\/2007\/09\/07\/visions-dun-tokyo-vertical\/\">Visions d&rsquo;un Tokyo vertical<\/a>. Il a publi\u00e9 aussi <a href=\"http:\/\/www.telerama.fr\/livres\/fukushima-recit-d-un-desastre-de-michael-ferrier,78535.php\">Fukushima, R\u00e9cit d&rsquo;un d\u00e9sastre<\/a> que je commence \u00e0 lire en ce moment.<\/p>\n","protected":false},"excerpt":{"rendered":"<p>Ce n&rsquo;est peut \u00eatre pas tout \u00e0 fait le num\u00e9ro 26 de la s\u00e9rie urbano-v\u00e9g\u00e9tal que je montre ci-dessus, car certains in\u00e9dits se sont gliss\u00e9s dans mes photobooks notamment In Shadows. C&rsquo;est une version \u00ab\u00a0sakura\u00a0\u00bb cette fois-ci sous une pluie qui les rendra encore plus \u00e9ph\u00e9m\u00e8res. Les cerisiers en fleur au Japon sont une belle&#8230;<\/p>\n","protected":false},"author":1,"featured_media":0,"comment_status":"open","ping_status":"open","sticky":false,"template":"","format":"standard","meta":{"_jetpack_memberships_contains_paid_content":false,"footnotes":"","jetpack_publicize_message":"","jetpack_publicize_feature_enabled":true,"jetpack_social_post_already_shared":false,"jetpack_social_options":{"image_generator_settings":{"template":"highway","default_image_id":0,"font":"","enabled":false},"version":2}},"categories":[17,9,4,3,26],"tags":[552,551,550,70],"class_list":["post-9012","post","type-post","status-publish","format-standard","hentry","category-architecture","category-computer-graphics","category-musiques","category-tokyo","category-urbano-vegetal","tag-chihei-hatakeyama","tag-silent-weapons-for-quiet-wars","tag-svarte-greiner","tag-urbano-vegetale"],"jetpack_publicize_connections":[],"jetpack_featured_media_url":"","jetpack_sharing_enabled":true,"jetpack_likes_enabled":true,"_links":{"self":[{"href":"https:\/\/www.fgautron.com\/weblog\/wp-json\/wp\/v2\/posts\/9012","targetHints":{"allow":["GET"]}}],"collection":[{"href":"https:\/\/www.fgautron.com\/weblog\/wp-json\/wp\/v2\/posts"}],"about":[{"href":"https:\/\/www.fgautron.com\/weblog\/wp-json\/wp\/v2\/types\/post"}],"author":[{"embeddable":true,"href":"https:\/\/www.fgautron.com\/weblog\/wp-json\/wp\/v2\/users\/1"}],"replies":[{"embeddable":true,"href":"https:\/\/www.fgautron.com\/weblog\/wp-json\/wp\/v2\/comments?post=9012"}],"version-history":[{"count":55,"href":"https:\/\/www.fgautron.com\/weblog\/wp-json\/wp\/v2\/posts\/9012\/revisions"}],"predecessor-version":[{"id":22367,"href":"https:\/\/www.fgautron.com\/weblog\/wp-json\/wp\/v2\/posts\/9012\/revisions\/22367"}],"wp:attachment":[{"href":"https:\/\/www.fgautron.com\/weblog\/wp-json\/wp\/v2\/media?parent=9012"}],"wp:term":[{"taxonomy":"category","embeddable":true,"href":"https:\/\/www.fgautron.com\/weblog\/wp-json\/wp\/v2\/categories?post=9012"},{"taxonomy":"post_tag","embeddable":true,"href":"https:\/\/www.fgautron.com\/weblog\/wp-json\/wp\/v2\/tags?post=9012"}],"curies":[{"name":"wp","href":"https:\/\/api.w.org\/{rel}","templated":true}]}}